{"id":40556,"date":"2023-06-14T11:16:05","date_gmt":"2023-06-14T11:16:05","guid":{"rendered":"https:\/\/motorpor.pt\/quais-sao-os-melhores-carros-eletricos-em-portugal\/"},"modified":"2023-06-23T09:24:08","modified_gmt":"2023-06-23T09:24:08","slug":"quais-sao-os-melhores-carros-eletricos-em-portugal","status":"publish","type":"post","link":"https:\/\/motorpor.pt\/fr\/quais-sao-os-melhores-carros-eletricos-em-portugal\/","title":{"rendered":"Quelles sont les meilleures voitures \u00e9lectriques au Portugal ?"},"content":{"rendered":"<h2><b><span data-contrast=\"auto\">Os melhores carros el\u00e9tricos em Portugal<\/span><\/b><span data-ccp-props=\"{}\">\u00a0<\/span><\/h2>\n<p><span data-contrast=\"auto\">Os <\/span><a href=\"https:\/\/motorpor.pt\/fr\/eletricos\/\"><b><span data-contrast=\"auto\">carros el\u00e9tricos<\/span><\/b><\/a><span data-contrast=\"auto\"> t\u00eam ganhado terreno e popularidade em Portugal devido \u00e0s suas enormes <\/span><b><span data-contrast=\"auto\">vantagens <\/span><\/b><span data-contrast=\"auto\">em termos de sustentabilidade, efici\u00eancia energ\u00e9tica, e claro, tamb\u00e9m por parte dos <\/span><b><span data-contrast=\"auto\">incentivos<\/span><\/b><span data-contrast=\"auto\"> no momento da sua aquisi\u00e7\u00e3o, podendo analisar mais acerca dos Incentivos fiscais na aquisi\u00e7\u00e3o de carros el\u00e9tricos no nosso<\/span> <a href=\"https:\/\/motorpor.pt\/fr\/incentivos-ficais-na-aquisicao-de-carros-eletricos-2023\/\"><b><span data-contrast=\"auto\">artigo anterior<\/span><\/b><\/a><span data-contrast=\"auto\">. Al\u00e9m disso, a crescente infraestrutura de carregamento em Portugal torna mais f\u00e1cil e conveniente a utiliza\u00e7\u00e3o de carros el\u00e9tricos.<\/span><span data-ccp-props=\"{}\">\u00a0<\/span><\/p>\n<p><span data-contrast=\"auto\">A oferta \u00e9 <\/span><b><span data-contrast=\"auto\">imensa <\/span><\/b><span data-contrast=\"auto\">e j\u00e1 est\u00e1 presente em todos os segmentos de v\u00e1rias marcas, mas existem alguns modelos que se destacam pela sua <\/span><b><span data-contrast=\"auto\">performance<\/span><\/b><span data-contrast=\"auto\"> e <\/span><b><span data-contrast=\"auto\">autonomia<\/span><\/b><span data-contrast=\"auto\"> que acabam por corresponder melhor a certas necessidades mais espec\u00edficas.<\/span><span data-ccp-props=\"{}\">\u00a0<\/span><\/p>\n<h2><b><span data-contrast=\"auto\">Carros el\u00e9tricos acess\u00edveis<\/span><\/b><span data-ccp-props=\"{}\">\u00a0<\/span><\/h2>\n<p><span data-contrast=\"auto\">Se no in\u00edcio da eletrifica\u00e7\u00e3o do autom\u00f3vel os custos de aquisi\u00e7\u00e3o de um carro <\/span><b><span data-contrast=\"auto\">100% el\u00e9trico<\/span><\/b><span data-contrast=\"auto\"> ficavam longe do alcance de muitos, hoje em dia j\u00e1 podemos falar de carros el\u00e9tricos acess\u00edveis, tais como o<\/span> <a href=\"https:\/\/motorpor.pt\/fr\/carros\/dacia-spring\/\"><b><span data-contrast=\"auto\">Dacia Spring<\/span><\/b><\/a><span data-contrast=\"auto\">, um SUV 100% el\u00e9trico moderno e funcional com um estilo urbano que nos oferece uma autonomia de at\u00e9 305 km em ciclo urbano WLTP, ou at\u00e9 o novo <\/span><b><span data-contrast=\"auto\">Citro\u00ebn Ami<\/span><\/b><span data-contrast=\"auto\">, designado um quadriciclo 100% el\u00e9trico que pode ser conduzido a partir dos 16 anos, mas que gra\u00e7as \u00e0 sua agilidade nos centros urbanos, a sua procura vai muito al\u00e9m do seu suposto \u201cp\u00fablico jovem\u201d.<\/span><\/p>\n<h2><b><span data-contrast=\"auto\">Melhores carros el\u00e9tricos para Uber<\/span><\/b><\/h2>\n<p><span data-contrast=\"auto\">J\u00e1 para quem procura uma solu\u00e7\u00e3o el\u00e9trica para um servi\u00e7o de transportes, o <\/span><a href=\"https:\/\/motorpor.pt\/fr\/carros\/renault-zoe-2\/\"><b><span data-contrast=\"auto\">Renault Zoe<\/span><\/b><\/a><span data-contrast=\"auto\"> e <\/span><a href=\"https:\/\/motorpor.pt\/fr\/carros\/citroen-e-c4-x\/\"><b><span data-contrast=\"auto\">Citro\u00ebn \u00eb-C4 X<\/span><\/b><\/a> <span data-contrast=\"auto\">pode ser uma boa op\u00e7\u00e3o, gra\u00e7as ao seu <\/span><b><span data-contrast=\"auto\">pre\u00e7o competitivo <\/span><\/b><span data-contrast=\"auto\">dentro do segmento, presen\u00e7a no mercado com hist\u00f3rico de fiabilidade, a possibilidade de optar entre diferentes tamanhos de bateria consoante as necessidades de autonomia e ao apresentarem ainda um programa de manuten\u00e7\u00e3o bastante simplificado.\u00a0<\/span><\/p>\n<h2><b><span data-contrast=\"auto\">Melhores carros el\u00e9tricos citadinos<\/span><\/b><span data-ccp-props=\"{}\">\u00a0<\/span><\/h2>\n<p><span data-contrast=\"auto\">O <\/span><a href=\"https:\/\/motorpor.pt\/fr\/carros\/peugeot-e-208\/\"><b><span data-contrast=\"auto\">Peugeot e-208<\/span><\/b><\/a> <span data-contrast=\"auto\">\u00e9 o citadino que nos surge em mente quando falamos no segmento dos carros citadinos <\/span><b><span data-contrast=\"auto\">100% <\/span><\/b><span data-contrast=\"auto\">el\u00e9tricos. Com um estilo <\/span><b><span data-contrast=\"auto\">jovem<\/span><\/b><span data-contrast=\"auto\"> e <\/span><b><span data-contrast=\"auto\">desportivo<\/span><\/b><span data-contrast=\"auto\">, at\u00e9 362 quil\u00f3metros de autonomia (ciclo WLPT), equipado com o inovador i-Cockpit e um sistema de infotainment totalmente virado para os f\u00e3s da tecnologia, este \u00e9 sem d\u00favida um dos el\u00e9tricos mais irreverentes do mercado e isso tamb\u00e9m se reflete no seu sucesso de vendas. Caso procure um <\/span><b><span data-contrast=\"auto\">SUV <\/span><\/b><span data-contrast=\"auto\">ou mais espa\u00e7o a bordo, o <\/span><a href=\"https:\/\/motorpor.pt\/fr\/carros\/peugeot-e-2008\/\"><b><span data-contrast=\"auto\">Peugeot e-2008<\/span><\/b><\/a> <span data-contrast=\"auto\">tamb\u00e9m pode ser uma fant\u00e1stica op\u00e7\u00e3o.<\/span><span data-ccp-props=\"{}\">\u00a0<\/span><\/p>\n<h2><b><span data-contrast=\"auto\">Melhores carros el\u00e9tricos para empresas<\/span><\/b><span data-ccp-props=\"{}\">\u00a0<\/span><\/h2>\n<p><span data-contrast=\"auto\">Fatores como os <\/span><b><span data-contrast=\"auto\">incentivos fiscais<\/span><\/b><span data-contrast=\"auto\">, isen\u00e7\u00e3o de <\/span><b><span data-contrast=\"auto\">impostos<\/span><\/b><span data-contrast=\"auto\"> e outros benef\u00edcios (<\/span><a href=\"https:\/\/motorpor.pt\/fr\/incentivos-ficais-na-aquisicao-de-carros-eletricos-2023\/\"><span data-contrast=\"auto\">saiba quais<\/span><\/a><span data-contrast=\"auto\">)<\/span><span data-contrast=\"auto\"> t\u00eam encorajado a ado\u00e7\u00e3o de autom\u00f3veis <\/span><a href=\"https:\/\/motorpor.pt\/fr\/eletricos\/\"><b><span data-contrast=\"auto\">el\u00e9tricos<\/span><\/b><\/a><span data-contrast=\"auto\"> por parte das empresas portuguesas, mas n\u00e3o \u00e9 tudo, muitas destas empresas que j\u00e1 optaram por eletrificar a sua frota est\u00e3o tamb\u00e9m satisfeitas com o <\/span><b><span data-contrast=\"auto\">reduzir <\/span><\/b><span data-contrast=\"auto\">da sua<\/span><b><span data-contrast=\"auto\"> fatura <\/span><\/b><span data-contrast=\"auto\">em<\/span><b><span data-contrast=\"auto\"> desloca\u00e7\u00f5es e manuten\u00e7\u00e3o <\/span><\/b><span data-contrast=\"auto\">m\u00eas ap\u00f3s m\u00eas<\/span><span data-contrast=\"auto\">.\u00a0<\/span><span data-ccp-props=\"{}\">\u00a0<\/span><\/p>\n<p><span data-contrast=\"auto\">Como pode ver, atualmente j\u00e1 existem op\u00e7\u00f5es <\/span><b><span data-contrast=\"auto\">100% el\u00e9tricas<\/span><\/b><span data-contrast=\"auto\"> para todos os gostos, necessidades que, ao mesmo tempo que s\u00e3o amigos do ambiente, tamb\u00e9m s\u00e3o amigos da sua carteira. Portanto, escolha j\u00e1 o seu carro 100% el\u00e9trico <\/span><a href=\"https:\/\/motorpor.pt\/fr\/eletricos\/\"><b><span data-contrast=\"auto\">aqui<\/span><\/b><\/a><b><span data-contrast=\"auto\">.<\/span><\/b><span data-ccp-props=\"{}\">\u00a0<\/span><\/p>","protected":false},"excerpt":{"rendered":"<p>Os melhores carros el\u00e9tricos em Portugal\u00a0 Os carros el\u00e9tricos t\u00eam ganhado terreno e popularidade em Portugal devido \u00e0s suas enormes vantagens em termos de sustentabilidade, efici\u00eancia energ\u00e9tica, e claro, tamb\u00e9m por parte dos incentivos no momento da sua aquisi\u00e7\u00e3o, podendo analisar mais acerca dos Incentivos fiscais na aquisi\u00e7\u00e3o de carros el\u00e9tricos no nosso artigo anterior. [&hellip;]<\/p>\n","protected":false},"author":85,"featured_media":40555,"comment_status":"closed","ping_status":"open","sticky":false,"template":"","format":"standard","meta":{"_acf_changed":false,"footnotes":""},"categories":[2593,2592],"tags":[],"class_list":["post-40556","post","type-post","status-publish","format-standard","has-post-thumbnail","hentry","category-dicas","category-noticias"],"acf":[],"yoast_head":"<!-- This site is optimized with the Yoast SEO plugin v27.5 - https:\/\/yoast.com\/product\/yoast-seo-wordpress\/ -->\n<title>Quais s\u00e3o os melhores carros el\u00e9tricos em Portugal? - Motorpor<\/title>\n<meta name=\"robots\" content=\"index, follow, max-snippet:-1, max-image-preview:large, max-video-preview:-1\" \/>\n<link rel=\"canonical\" href=\"https:\/\/motorpor.pt\/fr\/quais-sao-os-melhores-carros-eletricos-em-portugal\/\" \/>\n<meta property=\"og:locale\" content=\"fr_FR\" \/>\n<meta property=\"og:type\" content=\"article\" \/>\n<meta property=\"og:title\" content=\"Quais s\u00e3o os melhores carros el\u00e9tricos em Portugal? - Motorpor\" \/>\n<meta property=\"og:description\" content=\"Os melhores carros el\u00e9tricos em Portugal\u00a0 Os carros el\u00e9tricos t\u00eam ganhado terreno e popularidade em Portugal devido \u00e0s suas enormes vantagens em termos de sustentabilidade, efici\u00eancia energ\u00e9tica, e claro, tamb\u00e9m por parte dos incentivos no momento da sua aquisi\u00e7\u00e3o, podendo analisar mais acerca dos Incentivos fiscais na aquisi\u00e7\u00e3o de carros el\u00e9tricos no nosso artigo anterior. [&hellip;]\" \/>\n<meta property=\"og:url\" content=\"https:\/\/motorpor.pt\/fr\/quais-sao-os-melhores-carros-eletricos-em-portugal\/\" \/>\n<meta property=\"og:site_name\" content=\"Motorpor\" \/>\n<meta property=\"article:published_time\" content=\"2023-06-14T11:16:05+00:00\" \/>\n<meta property=\"article:modified_time\" content=\"2023-06-23T09:24:08+00:00\" \/>\n<meta property=\"og:image\" content=\"https:\/\/motorpor.pt\/wp-content\/uploads\/2023\/06\/pexels_kindel_media_9800006.jpg\" \/>\n\t<meta property=\"og:image:width\" content=\"1440\" \/>\n\t<meta property=\"og:image:height\" content=\"1080\" \/>\n\t<meta property=\"og:image:type\" content=\"image\/jpeg\" \/>\n<meta name=\"author\" content=\"mktmotorpor\" \/>\n<meta name=\"twitter:card\" content=\"summary_large_image\" \/>\n<meta name=\"twitter:label1\" content=\"\u00c9crit par\" \/>\n\t<meta name=\"twitter:data1\" content=\"mktmotorpor\" \/>\n\t<meta name=\"twitter:label2\" content=\"Dur\u00e9e de lecture estim\u00e9e\" \/>\n\t<meta name=\"twitter:data2\" content=\"3 minutes\" \/>\n<script type=\"application\/ld+json\" class=\"yoast-schema-graph\">{\"@context\":\"https:\\\/\\\/schema.org\",\"@graph\":[{\"@type\":\"Article\",\"@id\":\"https:\\\/\\\/motorpor.pt\\\/quais-sao-os-melhores-carros-eletricos-em-portugal\\\/#article\",\"isPartOf\":{\"@id\":\"https:\\\/\\\/motorpor.pt\\\/quais-sao-os-melhores-carros-eletricos-em-portugal\\\/\"},\"author\":{\"name\":\"mktmotorpor\",\"@id\":\"https:\\\/\\\/motorpor.pt\\\/#\\\/schema\\\/person\\\/b4bf07144e88efed7388a5af30522db7\"},\"headline\":\"Quais s\u00e3o os melhores carros el\u00e9tricos em Portugal?\",\"datePublished\":\"2023-06-14T11:16:05+00:00\",\"dateModified\":\"2023-06-23T09:24:08+00:00\",\"mainEntityOfPage\":{\"@id\":\"https:\\\/\\\/motorpor.pt\\\/quais-sao-os-melhores-carros-eletricos-em-portugal\\\/\"},\"wordCount\":544,\"publisher\":{\"@id\":\"https:\\\/\\\/motorpor.pt\\\/#organization\"},\"image\":{\"@id\":\"https:\\\/\\\/motorpor.pt\\\/quais-sao-os-melhores-carros-eletricos-em-portugal\\\/#primaryimage\"},\"thumbnailUrl\":\"https:\\\/\\\/motorpor.pt\\\/wp-content\\\/uploads\\\/2023\\\/06\\\/pexels_kindel_media_9800006.jpg\",\"articleSection\":[\"Dicas\",\"Not\u00edcias\"],\"inLanguage\":\"fr-FR\"},{\"@type\":\"WebPage\",\"@id\":\"https:\\\/\\\/motorpor.pt\\\/quais-sao-os-melhores-carros-eletricos-em-portugal\\\/\",\"url\":\"https:\\\/\\\/motorpor.pt\\\/quais-sao-os-melhores-carros-eletricos-em-portugal\\\/\",\"name\":\"Quais s\u00e3o os melhores carros el\u00e9tricos em Portugal? - Motorpor\",\"isPartOf\":{\"@id\":\"https:\\\/\\\/motorpor.pt\\\/#website\"},\"primaryImageOfPage\":{\"@id\":\"https:\\\/\\\/motorpor.pt\\\/quais-sao-os-melhores-carros-eletricos-em-portugal\\\/#primaryimage\"},\"image\":{\"@id\":\"https:\\\/\\\/motorpor.pt\\\/quais-sao-os-melhores-carros-eletricos-em-portugal\\\/#primaryimage\"},\"thumbnailUrl\":\"https:\\\/\\\/motorpor.pt\\\/wp-content\\\/uploads\\\/2023\\\/06\\\/pexels_kindel_media_9800006.jpg\",\"datePublished\":\"2023-06-14T11:16:05+00:00\",\"dateModified\":\"2023-06-23T09:24:08+00:00\",\"breadcrumb\":{\"@id\":\"https:\\\/\\\/motorpor.pt\\\/quais-sao-os-melhores-carros-eletricos-em-portugal\\\/#breadcrumb\"},\"inLanguage\":\"fr-FR\",\"potentialAction\":[{\"@type\":\"ReadAction\",\"target\":[\"https:\\\/\\\/motorpor.pt\\\/quais-sao-os-melhores-carros-eletricos-em-portugal\\\/\"]}]},{\"@type\":\"ImageObject\",\"inLanguage\":\"fr-FR\",\"@id\":\"https:\\\/\\\/motorpor.pt\\\/quais-sao-os-melhores-carros-eletricos-em-portugal\\\/#primaryimage\",\"url\":\"https:\\\/\\\/motorpor.pt\\\/wp-content\\\/uploads\\\/2023\\\/06\\\/pexels_kindel_media_9800006.jpg\",\"contentUrl\":\"https:\\\/\\\/motorpor.pt\\\/wp-content\\\/uploads\\\/2023\\\/06\\\/pexels_kindel_media_9800006.jpg\",\"width\":1440,\"height\":1080},{\"@type\":\"BreadcrumbList\",\"@id\":\"https:\\\/\\\/motorpor.pt\\\/quais-sao-os-melhores-carros-eletricos-em-portugal\\\/#breadcrumb\",\"itemListElement\":[{\"@type\":\"ListItem\",\"position\":1,\"name\":\"In\u00edcio\",\"item\":\"https:\\\/\\\/motorpor.pt\\\/\"},{\"@type\":\"ListItem\",\"position\":2,\"name\":\"Quais s\u00e3o os melhores carros el\u00e9tricos em Portugal?\"}]},{\"@type\":\"WebSite\",\"@id\":\"https:\\\/\\\/motorpor.pt\\\/#website\",\"url\":\"https:\\\/\\\/motorpor.pt\\\/\",\"name\":\"Motorpor\",\"description\":\"Comercio de Autom\u00f3veis Multimarcas\",\"publisher\":{\"@id\":\"https:\\\/\\\/motorpor.pt\\\/#organization\"},\"potentialAction\":[{\"@type\":\"SearchAction\",\"target\":{\"@type\":\"EntryPoint\",\"urlTemplate\":\"https:\\\/\\\/motorpor.pt\\\/?s={search_term_string}\"},\"query-input\":{\"@type\":\"PropertyValueSpecification\",\"valueRequired\":true,\"valueName\":\"search_term_string\"}}],\"inLanguage\":\"fr-FR\"},{\"@type\":\"Organization\",\"@id\":\"https:\\\/\\\/motorpor.pt\\\/#organization\",\"name\":\"Motorpor\",\"alternateName\":\"Motorpor\",\"url\":\"https:\\\/\\\/motorpor.pt\\\/\",\"logo\":{\"@type\":\"ImageObject\",\"inLanguage\":\"fr-FR\",\"@id\":\"https:\\\/\\\/motorpor.pt\\\/#\\\/schema\\\/logo\\\/image\\\/\",\"url\":\"https:\\\/\\\/motorpor.pt\\\/wp-content\\\/uploads\\\/2024\\\/07\\\/Logo-Motorpor-Preto.svg\",\"contentUrl\":\"https:\\\/\\\/motorpor.pt\\\/wp-content\\\/uploads\\\/2024\\\/07\\\/Logo-Motorpor-Preto.svg\",\"width\":493,\"height\":93,\"caption\":\"Motorpor\"},\"image\":{\"@id\":\"https:\\\/\\\/motorpor.pt\\\/#\\\/schema\\\/logo\\\/image\\\/\"},\"sameAs\":[\"https:\\\/\\\/www.linkedin.com\\\/company\\\/grupo-motorpor\"]},{\"@type\":\"Person\",\"@id\":\"https:\\\/\\\/motorpor.pt\\\/#\\\/schema\\\/person\\\/b4bf07144e88efed7388a5af30522db7\",\"name\":\"mktmotorpor\",\"image\":{\"@type\":\"ImageObject\",\"inLanguage\":\"fr-FR\",\"@id\":\"https:\\\/\\\/secure.gravatar.com\\\/avatar\\\/8418b61b3175dbba0a8744cf0ee6bb5c7a9f6c67f1dbc4f41a62d7b9738259a2?s=96&d=mm&r=g\",\"url\":\"https:\\\/\\\/secure.gravatar.com\\\/avatar\\\/8418b61b3175dbba0a8744cf0ee6bb5c7a9f6c67f1dbc4f41a62d7b9738259a2?s=96&d=mm&r=g\",\"contentUrl\":\"https:\\\/\\\/secure.gravatar.com\\\/avatar\\\/8418b61b3175dbba0a8744cf0ee6bb5c7a9f6c67f1dbc4f41a62d7b9738259a2?s=96&d=mm&r=g\",\"caption\":\"mktmotorpor\"},\"url\":\"https:\\\/\\\/motorpor.pt\\\/fr\\\/user\\\/mktmotorpor\\\/\"}]}<\/script>\n<!-- \/ Yoast SEO plugin. -->","yoast_head_json":{"title":"Quais s\u00e3o os melhores carros el\u00e9tricos em Portugal? - Motorpor","robots":{"index":"index","follow":"follow","max-snippet":"max-snippet:-1","max-image-preview":"max-image-preview:large","max-video-preview":"max-video-preview:-1"},"canonical":"https:\/\/motorpor.pt\/fr\/quais-sao-os-melhores-carros-eletricos-em-portugal\/","og_locale":"fr_FR","og_type":"article","og_title":"Quais s\u00e3o os melhores carros el\u00e9tricos em Portugal? - Motorpor","og_description":"Os melhores carros el\u00e9tricos em Portugal\u00a0 Os carros el\u00e9tricos t\u00eam ganhado terreno e popularidade em Portugal devido \u00e0s suas enormes vantagens em termos de sustentabilidade, efici\u00eancia energ\u00e9tica, e claro, tamb\u00e9m por parte dos incentivos no momento da sua aquisi\u00e7\u00e3o, podendo analisar mais acerca dos Incentivos fiscais na aquisi\u00e7\u00e3o de carros el\u00e9tricos no nosso artigo anterior. [&hellip;]","og_url":"https:\/\/motorpor.pt\/fr\/quais-sao-os-melhores-carros-eletricos-em-portugal\/","og_site_name":"Motorpor","article_published_time":"2023-06-14T11:16:05+00:00","article_modified_time":"2023-06-23T09:24:08+00:00","og_image":[{"width":1440,"height":1080,"url":"https:\/\/motorpor.pt\/wp-content\/uploads\/2023\/06\/pexels_kindel_media_9800006.jpg","type":"image\/jpeg"}],"author":"mktmotorpor","twitter_card":"summary_large_image","twitter_misc":{"\u00c9crit par":"mktmotorpor","Dur\u00e9e de lecture estim\u00e9e":"3 minutes"},"schema":{"@context":"https:\/\/schema.org","@graph":[{"@type":"Article","@id":"https:\/\/motorpor.pt\/quais-sao-os-melhores-carros-eletricos-em-portugal\/#article","isPartOf":{"@id":"https:\/\/motorpor.pt\/quais-sao-os-melhores-carros-eletricos-em-portugal\/"},"author":{"name":"mktmotorpor","@id":"https:\/\/motorpor.pt\/#\/schema\/person\/b4bf07144e88efed7388a5af30522db7"},"headline":"Quais s\u00e3o os melhores carros el\u00e9tricos em Portugal?","datePublished":"2023-06-14T11:16:05+00:00","dateModified":"2023-06-23T09:24:08+00:00","mainEntityOfPage":{"@id":"https:\/\/motorpor.pt\/quais-sao-os-melhores-carros-eletricos-em-portugal\/"},"wordCount":544,"publisher":{"@id":"https:\/\/motorpor.pt\/#organization"},"image":{"@id":"https:\/\/motorpor.pt\/quais-sao-os-melhores-carros-eletricos-em-portugal\/#primaryimage"},"thumbnailUrl":"https:\/\/motorpor.pt\/wp-content\/uploads\/2023\/06\/pexels_kindel_media_9800006.jpg","articleSection":["Dicas","Not\u00edcias"],"inLanguage":"fr-FR"},{"@type":"WebPage","@id":"https:\/\/motorpor.pt\/quais-sao-os-melhores-carros-eletricos-em-portugal\/","url":"https:\/\/motorpor.pt\/quais-sao-os-melhores-carros-eletricos-em-portugal\/","name":"Quais s\u00e3o os melhores carros el\u00e9tricos em Portugal? - Motorpor","isPartOf":{"@id":"https:\/\/motorpor.pt\/#website"},"primaryImageOfPage":{"@id":"https:\/\/motorpor.pt\/quais-sao-os-melhores-carros-eletricos-em-portugal\/#primaryimage"},"image":{"@id":"https:\/\/motorpor.pt\/quais-sao-os-melhores-carros-eletricos-em-portugal\/#primaryimage"},"thumbnailUrl":"https:\/\/motorpor.pt\/wp-content\/uploads\/2023\/06\/pexels_kindel_media_9800006.jpg","datePublished":"2023-06-14T11:16:05+00:00","dateModified":"2023-06-23T09:24:08+00:00","breadcrumb":{"@id":"https:\/\/motorpor.pt\/quais-sao-os-melhores-carros-eletricos-em-portugal\/#breadcrumb"},"inLanguage":"fr-FR","potentialAction":[{"@type":"ReadAction","target":["https:\/\/motorpor.pt\/quais-sao-os-melhores-carros-eletricos-em-portugal\/"]}]},{"@type":"ImageObject","inLanguage":"fr-FR","@id":"https:\/\/motorpor.pt\/quais-sao-os-melhores-carros-eletricos-em-portugal\/#primaryimage","url":"https:\/\/motorpor.pt\/wp-content\/uploads\/2023\/06\/pexels_kindel_media_9800006.jpg","contentUrl":"https:\/\/motorpor.pt\/wp-content\/uploads\/2023\/06\/pexels_kindel_media_9800006.jpg","width":1440,"height":1080},{"@type":"BreadcrumbList","@id":"https:\/\/motorpor.pt\/quais-sao-os-melhores-carros-eletricos-em-portugal\/#breadcrumb","itemListElement":[{"@type":"ListItem","position":1,"name":"In\u00edcio","item":"https:\/\/motorpor.pt\/"},{"@type":"ListItem","position":2,"name":"Quais s\u00e3o os melhores carros el\u00e9tricos em Portugal?"}]},{"@type":"WebSite","@id":"https:\/\/motorpor.pt\/#website","url":"https:\/\/motorpor.pt\/","name":"motorpor","description":"Comercio de Autom\u00f3veis Multimarcas","publisher":{"@id":"https:\/\/motorpor.pt\/#organization"},"potentialAction":[{"@type":"SearchAction","target":{"@type":"EntryPoint","urlTemplate":"https:\/\/motorpor.pt\/?s={search_term_string}"},"query-input":{"@type":"PropertyValueSpecification","valueRequired":true,"valueName":"search_term_string"}}],"inLanguage":"fr-FR"},{"@type":"Organization","@id":"https:\/\/motorpor.pt\/#organization","name":"motorpor","alternateName":"Motorpor","url":"https:\/\/motorpor.pt\/","logo":{"@type":"ImageObject","inLanguage":"fr-FR","@id":"https:\/\/motorpor.pt\/#\/schema\/logo\/image\/","url":"https:\/\/motorpor.pt\/wp-content\/uploads\/2024\/07\/Logo-Motorpor-Preto.svg","contentUrl":"https:\/\/motorpor.pt\/wp-content\/uploads\/2024\/07\/Logo-Motorpor-Preto.svg","width":493,"height":93,"caption":"Motorpor"},"image":{"@id":"https:\/\/motorpor.pt\/#\/schema\/logo\/image\/"},"sameAs":["https:\/\/www.linkedin.com\/company\/grupo-motorpor"]},{"@type":"Person","@id":"https:\/\/motorpor.pt\/#\/schema\/person\/b4bf07144e88efed7388a5af30522db7","name":"mktmotorpor","image":{"@type":"ImageObject","inLanguage":"fr-FR","@id":"https:\/\/secure.gravatar.com\/avatar\/8418b61b3175dbba0a8744cf0ee6bb5c7a9f6c67f1dbc4f41a62d7b9738259a2?s=96&d=mm&r=g","url":"https:\/\/secure.gravatar.com\/avatar\/8418b61b3175dbba0a8744cf0ee6bb5c7a9f6c67f1dbc4f41a62d7b9738259a2?s=96&d=mm&r=g","contentUrl":"https:\/\/secure.gravatar.com\/avatar\/8418b61b3175dbba0a8744cf0ee6bb5c7a9f6c67f1dbc4f41a62d7b9738259a2?s=96&d=mm&r=g","caption":"mktmotorpor"},"url":"https:\/\/motorpor.pt\/fr\/user\/mktmotorpor\/"}]}},"_links":{"self":[{"href":"https:\/\/motorpor.pt\/fr\/wp-json\/wp\/v2\/posts\/40556","targetHints":{"allow":["GET"]}}],"collection":[{"href":"https:\/\/motorpor.pt\/fr\/wp-json\/wp\/v2\/posts"}],"about":[{"href":"https:\/\/motorpor.pt\/fr\/wp-json\/wp\/v2\/types\/post"}],"author":[{"embeddable":true,"href":"https:\/\/motorpor.pt\/fr\/wp-json\/wp\/v2\/users\/85"}],"replies":[{"embeddable":true,"href":"https:\/\/motorpor.pt\/fr\/wp-json\/wp\/v2\/comments?post=40556"}],"version-history":[{"count":1,"href":"https:\/\/motorpor.pt\/fr\/wp-json\/wp\/v2\/posts\/40556\/revisions"}],"predecessor-version":[{"id":41109,"href":"https:\/\/motorpor.pt\/fr\/wp-json\/wp\/v2\/posts\/40556\/revisions\/41109"}],"wp:featuredmedia":[{"embeddable":true,"href":"https:\/\/motorpor.pt\/fr\/wp-json\/wp\/v2\/media\/40555"}],"wp:attachment":[{"href":"https:\/\/motorpor.pt\/fr\/wp-json\/wp\/v2\/media?parent=40556"}],"wp:term":[{"taxonomy":"category","embeddable":true,"href":"https:\/\/motorpor.pt\/fr\/wp-json\/wp\/v2\/categories?post=40556"},{"taxonomy":"post_tag","embeddable":true,"href":"https:\/\/motorpor.pt\/fr\/wp-json\/wp\/v2\/tags?post=40556"}],"curies":[{"name":"wp","href":"https:\/\/api.w.org\/{rel}","templated":true}]}}