{"id":409573,"date":"2026-01-16T16:47:40","date_gmt":"2026-01-16T15:47:40","guid":{"rendered":"https:\/\/motorpor.pt\/fiat-topolino-eletrico-desde-10-066-e\/"},"modified":"2026-01-17T10:55:45","modified_gmt":"2026-01-17T09:55:45","slug":"fiat-topolino-eletrico-desde-10-066-e","status":"publish","type":"post","link":"https:\/\/motorpor.pt\/fr\/fiat-topolino-eletrico-desde-10-066-e\/","title":{"rendered":"Fiat Topolino El\u00e9trico \u2013 desde 10.066 \u20ac"},"content":{"rendered":"<p>A liberdade tem quatro rodas.E leva-o exatamente para onde quiser.<br \/>\n\u00a0<br \/>\n<strong>Topolino El\u00e9trico \u2013 desde 10.066 \u20ac (pre\u00e7o chave-na-m\u00e3o)<\/strong><br \/>\n\u00a0<br \/>\nMais seguro e est\u00e1vel do que um ve\u00edculo de duas rodas, o Topolino destaca-se pelas 4 rodas, raio de viragem reduzido e uma condu\u00e7\u00e3o incrivelmente simples \u2014 ideal para a cidade, manobras r\u00e1pidas e estacionamento sem esfor\u00e7o.<br \/>\n\u00a0<br \/>\nCom um charme \u00fanico que encanta \u00e0 primeira vista, \u00e9 tamb\u00e9m uma solu\u00e7\u00e3o pr\u00e1tica e acess\u00edvel: pode ser conduzido a partir dos 16 anos, gra\u00e7as \u00e0 sua homologa\u00e7\u00e3o como quadriciclo.<br \/>\n\u00a0<br \/>\n<strong>Porqu\u00ea escolher o Topolino?<\/strong><\/p>\n<ul>\n\u00a0<\/p>\n<li>Carregamento f\u00e1cil em tomada dom\u00e9stica<\/li>\n<li>100% de carga em menos de 4 horas<\/li>\n<li>Condu\u00e7\u00e3o simples e intuitiva<\/li>\n<li>Autonomia at\u00e9 75 km*<\/li>\n<li>Mobilidade el\u00e9trica, eficiente e sustent\u00e1vel<\/li>\n<li>Liberdade urbana sem complica\u00e7\u00f5es<\/li>\n<\/ul>\n<p>\u00a0<br \/>\nO novo Topolino \u00e9 mais do que mobilidade: \u00e9 independ\u00eancia, estilo e liberdade em movimento.<br \/>\n\u00a0<br \/>\n<small>*Informa\u00e7\u00f5es sobre o consumo espec\u00edfico de combust\u00edvel\/energia e as emiss\u00f5es espec\u00edficas de CO2 dos ve\u00edculos novos de passageiros constam do Guia de Economia de Combust\u00edvel, que pode ser obtido, gratuitamente, em todos os pontos de venda e no IMT &#8211; Instituto da Mobilidade e dos Transportes Terrestres, IP, bem como no site da Internet desta entidade.<\/small><\/p>","protected":false},"excerpt":{"rendered":"<p>A liberdade tem quatro rodas.E leva-o exatamente para onde quiser. \u00a0 Topolino El\u00e9trico \u2013 desde 10.066 \u20ac (pre\u00e7o chave-na-m\u00e3o) \u00a0 Mais seguro e est\u00e1vel do que um ve\u00edculo de duas rodas, o Topolino destaca-se pelas 4 rodas, raio de viragem reduzido e uma condu\u00e7\u00e3o incrivelmente simples \u2014 ideal para a cidade, manobras r\u00e1pidas e estacionamento [&hellip;]<\/p>\n","protected":false},"author":85,"featured_media":409799,"comment_status":"closed","ping_status":"open","sticky":false,"template":"","format":"standard","meta":{"_acf_changed":false,"footnotes":""},"categories":[2495,2996,2584],"tags":[],"class_list":["post-409573","post","type-post","status-publish","format-standard","has-post-thumbnail","hentry","category-campanhas","category-fiat","category-novos"],"acf":[],"yoast_head":"<!-- This site is optimized with the Yoast SEO plugin v27.5 - https:\/\/yoast.com\/product\/yoast-seo-wordpress\/ -->\n<title>Fiat Topolino El\u00e9trico \u2013 desde 10.066 \u20ac - Motorpor<\/title>\n<meta name=\"robots\" content=\"index, follow, max-snippet:-1, max-image-preview:large, max-video-preview:-1\" \/>\n<link rel=\"canonical\" href=\"https:\/\/motorpor.pt\/fr\/fiat-topolino-eletrico-desde-10-066-e\/\" \/>\n<meta property=\"og:locale\" content=\"fr_FR\" \/>\n<meta property=\"og:type\" content=\"article\" \/>\n<meta property=\"og:title\" content=\"Fiat Topolino El\u00e9trico \u2013 desde 10.066 \u20ac - Motorpor\" \/>\n<meta property=\"og:description\" content=\"A liberdade tem quatro rodas.E leva-o exatamente para onde quiser. \u00a0 Topolino El\u00e9trico \u2013 desde 10.066 \u20ac (pre\u00e7o chave-na-m\u00e3o) \u00a0 Mais seguro e est\u00e1vel do que um ve\u00edculo de duas rodas, o Topolino destaca-se pelas 4 rodas, raio de viragem reduzido e uma condu\u00e7\u00e3o incrivelmente simples \u2014 ideal para a cidade, manobras r\u00e1pidas e estacionamento [&hellip;]\" \/>\n<meta property=\"og:url\" content=\"https:\/\/motorpor.pt\/fr\/fiat-topolino-eletrico-desde-10-066-e\/\" \/>\n<meta property=\"og:site_name\" content=\"Motorpor\" \/>\n<meta property=\"article:published_time\" content=\"2026-01-16T15:47:40+00:00\" \/>\n<meta property=\"article:modified_time\" content=\"2026-01-17T09:55:45+00:00\" \/>\n<meta property=\"og:image\" content=\"https:\/\/motorpor.pt\/wp-content\/uploads\/2026\/01\/MOTORPOR-Imagem-Noticia-Fiat-Topolino-1a.png\" \/>\n\t<meta property=\"og:image:width\" content=\"764\" \/>\n\t<meta property=\"og:image:height\" content=\"414\" \/>\n\t<meta property=\"og:image:type\" content=\"image\/png\" \/>\n<meta name=\"author\" content=\"mktmotorpor\" \/>\n<meta name=\"twitter:card\" content=\"summary_large_image\" \/>\n<meta name=\"twitter:label1\" content=\"\u00c9crit par\" \/>\n\t<meta name=\"twitter:data1\" content=\"mktmotorpor\" \/>\n\t<meta name=\"twitter:label2\" content=\"Dur\u00e9e de lecture estim\u00e9e\" \/>\n\t<meta name=\"twitter:data2\" content=\"2 minutes\" \/>\n<script type=\"application\/ld+json\" class=\"yoast-schema-graph\">{\"@context\":\"https:\\\/\\\/schema.org\",\"@graph\":[{\"@type\":\"Article\",\"@id\":\"https:\\\/\\\/motorpor.pt\\\/fiat-topolino-eletrico-desde-10-066-e\\\/#article\",\"isPartOf\":{\"@id\":\"https:\\\/\\\/motorpor.pt\\\/fiat-topolino-eletrico-desde-10-066-e\\\/\"},\"author\":{\"name\":\"mktmotorpor\",\"@id\":\"https:\\\/\\\/motorpor.pt\\\/#\\\/schema\\\/person\\\/b4bf07144e88efed7388a5af30522db7\"},\"headline\":\"Fiat Topolino El\u00e9trico \u2013 desde 10.066 \u20ac\",\"datePublished\":\"2026-01-16T15:47:40+00:00\",\"dateModified\":\"2026-01-17T09:55:45+00:00\",\"mainEntityOfPage\":{\"@id\":\"https:\\\/\\\/motorpor.pt\\\/fiat-topolino-eletrico-desde-10-066-e\\\/\"},\"wordCount\":211,\"publisher\":{\"@id\":\"https:\\\/\\\/motorpor.pt\\\/#organization\"},\"image\":{\"@id\":\"https:\\\/\\\/motorpor.pt\\\/fiat-topolino-eletrico-desde-10-066-e\\\/#primaryimage\"},\"thumbnailUrl\":\"https:\\\/\\\/motorpor.pt\\\/wp-content\\\/uploads\\\/2026\\\/01\\\/MOTORPOR-Imagem-Noticia-Fiat-Topolino-1a.png\",\"articleSection\":[\"Campanhas\",\"Fiat\",\"Novos\"],\"inLanguage\":\"fr-FR\"},{\"@type\":\"WebPage\",\"@id\":\"https:\\\/\\\/motorpor.pt\\\/fiat-topolino-eletrico-desde-10-066-e\\\/\",\"url\":\"https:\\\/\\\/motorpor.pt\\\/fiat-topolino-eletrico-desde-10-066-e\\\/\",\"name\":\"Fiat Topolino El\u00e9trico \u2013 desde 10.066 \u20ac - Motorpor\",\"isPartOf\":{\"@id\":\"https:\\\/\\\/motorpor.pt\\\/#website\"},\"primaryImageOfPage\":{\"@id\":\"https:\\\/\\\/motorpor.pt\\\/fiat-topolino-eletrico-desde-10-066-e\\\/#primaryimage\"},\"image\":{\"@id\":\"https:\\\/\\\/motorpor.pt\\\/fiat-topolino-eletrico-desde-10-066-e\\\/#primaryimage\"},\"thumbnailUrl\":\"https:\\\/\\\/motorpor.pt\\\/wp-content\\\/uploads\\\/2026\\\/01\\\/MOTORPOR-Imagem-Noticia-Fiat-Topolino-1a.png\",\"datePublished\":\"2026-01-16T15:47:40+00:00\",\"dateModified\":\"2026-01-17T09:55:45+00:00\",\"breadcrumb\":{\"@id\":\"https:\\\/\\\/motorpor.pt\\\/fiat-topolino-eletrico-desde-10-066-e\\\/#breadcrumb\"},\"inLanguage\":\"fr-FR\",\"potentialAction\":[{\"@type\":\"ReadAction\",\"target\":[\"https:\\\/\\\/motorpor.pt\\\/fiat-topolino-eletrico-desde-10-066-e\\\/\"]}]},{\"@type\":\"ImageObject\",\"inLanguage\":\"fr-FR\",\"@id\":\"https:\\\/\\\/motorpor.pt\\\/fiat-topolino-eletrico-desde-10-066-e\\\/#primaryimage\",\"url\":\"https:\\\/\\\/motorpor.pt\\\/wp-content\\\/uploads\\\/2026\\\/01\\\/MOTORPOR-Imagem-Noticia-Fiat-Topolino-1a.png\",\"contentUrl\":\"https:\\\/\\\/motorpor.pt\\\/wp-content\\\/uploads\\\/2026\\\/01\\\/MOTORPOR-Imagem-Noticia-Fiat-Topolino-1a.png\",\"width\":764,\"height\":414},{\"@type\":\"BreadcrumbList\",\"@id\":\"https:\\\/\\\/motorpor.pt\\\/fiat-topolino-eletrico-desde-10-066-e\\\/#breadcrumb\",\"itemListElement\":[{\"@type\":\"ListItem\",\"position\":1,\"name\":\"In\u00edcio\",\"item\":\"https:\\\/\\\/motorpor.pt\\\/\"},{\"@type\":\"ListItem\",\"position\":2,\"name\":\"Fiat Topolino El\u00e9trico \u2013 desde 10.066 \u20ac\"}]},{\"@type\":\"WebSite\",\"@id\":\"https:\\\/\\\/motorpor.pt\\\/#website\",\"url\":\"https:\\\/\\\/motorpor.pt\\\/\",\"name\":\"Motorpor\",\"description\":\"Comercio de Autom\u00f3veis Multimarcas\",\"publisher\":{\"@id\":\"https:\\\/\\\/motorpor.pt\\\/#organization\"},\"potentialAction\":[{\"@type\":\"SearchAction\",\"target\":{\"@type\":\"EntryPoint\",\"urlTemplate\":\"https:\\\/\\\/motorpor.pt\\\/?s={search_term_string}\"},\"query-input\":{\"@type\":\"PropertyValueSpecification\",\"valueRequired\":true,\"valueName\":\"search_term_string\"}}],\"inLanguage\":\"fr-FR\"},{\"@type\":\"Organization\",\"@id\":\"https:\\\/\\\/motorpor.pt\\\/#organization\",\"name\":\"Motorpor\",\"alternateName\":\"Motorpor\",\"url\":\"https:\\\/\\\/motorpor.pt\\\/\",\"logo\":{\"@type\":\"ImageObject\",\"inLanguage\":\"fr-FR\",\"@id\":\"https:\\\/\\\/motorpor.pt\\\/#\\\/schema\\\/logo\\\/image\\\/\",\"url\":\"https:\\\/\\\/motorpor.pt\\\/wp-content\\\/uploads\\\/2024\\\/07\\\/Logo-Motorpor-Preto.svg\",\"contentUrl\":\"https:\\\/\\\/motorpor.pt\\\/wp-content\\\/uploads\\\/2024\\\/07\\\/Logo-Motorpor-Preto.svg\",\"width\":493,\"height\":93,\"caption\":\"Motorpor\"},\"image\":{\"@id\":\"https:\\\/\\\/motorpor.pt\\\/#\\\/schema\\\/logo\\\/image\\\/\"},\"sameAs\":[\"https:\\\/\\\/www.linkedin.com\\\/company\\\/grupo-motorpor\"]},{\"@type\":\"Person\",\"@id\":\"https:\\\/\\\/motorpor.pt\\\/#\\\/schema\\\/person\\\/b4bf07144e88efed7388a5af30522db7\",\"name\":\"mktmotorpor\",\"image\":{\"@type\":\"ImageObject\",\"inLanguage\":\"fr-FR\",\"@id\":\"https:\\\/\\\/secure.gravatar.com\\\/avatar\\\/8418b61b3175dbba0a8744cf0ee6bb5c7a9f6c67f1dbc4f41a62d7b9738259a2?s=96&d=mm&r=g\",\"url\":\"https:\\\/\\\/secure.gravatar.com\\\/avatar\\\/8418b61b3175dbba0a8744cf0ee6bb5c7a9f6c67f1dbc4f41a62d7b9738259a2?s=96&d=mm&r=g\",\"contentUrl\":\"https:\\\/\\\/secure.gravatar.com\\\/avatar\\\/8418b61b3175dbba0a8744cf0ee6bb5c7a9f6c67f1dbc4f41a62d7b9738259a2?s=96&d=mm&r=g\",\"caption\":\"mktmotorpor\"},\"url\":\"https:\\\/\\\/motorpor.pt\\\/fr\\\/user\\\/mktmotorpor\\\/\"}]}<\/script>\n<!-- \/ Yoast SEO plugin. -->","yoast_head_json":{"title":"Fiat Topolino El\u00e9trico \u2013 desde 10.066 \u20ac - Motorpor","robots":{"index":"index","follow":"follow","max-snippet":"max-snippet:-1","max-image-preview":"max-image-preview:large","max-video-preview":"max-video-preview:-1"},"canonical":"https:\/\/motorpor.pt\/fr\/fiat-topolino-eletrico-desde-10-066-e\/","og_locale":"fr_FR","og_type":"article","og_title":"Fiat Topolino El\u00e9trico \u2013 desde 10.066 \u20ac - Motorpor","og_description":"A liberdade tem quatro rodas.E leva-o exatamente para onde quiser. \u00a0 Topolino El\u00e9trico \u2013 desde 10.066 \u20ac (pre\u00e7o chave-na-m\u00e3o) \u00a0 Mais seguro e est\u00e1vel do que um ve\u00edculo de duas rodas, o Topolino destaca-se pelas 4 rodas, raio de viragem reduzido e uma condu\u00e7\u00e3o incrivelmente simples \u2014 ideal para a cidade, manobras r\u00e1pidas e estacionamento [&hellip;]","og_url":"https:\/\/motorpor.pt\/fr\/fiat-topolino-eletrico-desde-10-066-e\/","og_site_name":"Motorpor","article_published_time":"2026-01-16T15:47:40+00:00","article_modified_time":"2026-01-17T09:55:45+00:00","og_image":[{"width":764,"height":414,"url":"https:\/\/motorpor.pt\/wp-content\/uploads\/2026\/01\/MOTORPOR-Imagem-Noticia-Fiat-Topolino-1a.png","type":"image\/png"}],"author":"mktmotorpor","twitter_card":"summary_large_image","twitter_misc":{"\u00c9crit par":"mktmotorpor","Dur\u00e9e de lecture estim\u00e9e":"2 minutes"},"schema":{"@context":"https:\/\/schema.org","@graph":[{"@type":"Article","@id":"https:\/\/motorpor.pt\/fiat-topolino-eletrico-desde-10-066-e\/#article","isPartOf":{"@id":"https:\/\/motorpor.pt\/fiat-topolino-eletrico-desde-10-066-e\/"},"author":{"name":"mktmotorpor","@id":"https:\/\/motorpor.pt\/#\/schema\/person\/b4bf07144e88efed7388a5af30522db7"},"headline":"Fiat Topolino El\u00e9trico \u2013 desde 10.066 \u20ac","datePublished":"2026-01-16T15:47:40+00:00","dateModified":"2026-01-17T09:55:45+00:00","mainEntityOfPage":{"@id":"https:\/\/motorpor.pt\/fiat-topolino-eletrico-desde-10-066-e\/"},"wordCount":211,"publisher":{"@id":"https:\/\/motorpor.pt\/#organization"},"image":{"@id":"https:\/\/motorpor.pt\/fiat-topolino-eletrico-desde-10-066-e\/#primaryimage"},"thumbnailUrl":"https:\/\/motorpor.pt\/wp-content\/uploads\/2026\/01\/MOTORPOR-Imagem-Noticia-Fiat-Topolino-1a.png","articleSection":["Campanhas","Fiat","Novos"],"inLanguage":"fr-FR"},{"@type":"WebPage","@id":"https:\/\/motorpor.pt\/fiat-topolino-eletrico-desde-10-066-e\/","url":"https:\/\/motorpor.pt\/fiat-topolino-eletrico-desde-10-066-e\/","name":"Fiat Topolino El\u00e9trico \u2013 desde 10.066 \u20ac - Motorpor","isPartOf":{"@id":"https:\/\/motorpor.pt\/#website"},"primaryImageOfPage":{"@id":"https:\/\/motorpor.pt\/fiat-topolino-eletrico-desde-10-066-e\/#primaryimage"},"image":{"@id":"https:\/\/motorpor.pt\/fiat-topolino-eletrico-desde-10-066-e\/#primaryimage"},"thumbnailUrl":"https:\/\/motorpor.pt\/wp-content\/uploads\/2026\/01\/MOTORPOR-Imagem-Noticia-Fiat-Topolino-1a.png","datePublished":"2026-01-16T15:47:40+00:00","dateModified":"2026-01-17T09:55:45+00:00","breadcrumb":{"@id":"https:\/\/motorpor.pt\/fiat-topolino-eletrico-desde-10-066-e\/#breadcrumb"},"inLanguage":"fr-FR","potentialAction":[{"@type":"ReadAction","target":["https:\/\/motorpor.pt\/fiat-topolino-eletrico-desde-10-066-e\/"]}]},{"@type":"ImageObject","inLanguage":"fr-FR","@id":"https:\/\/motorpor.pt\/fiat-topolino-eletrico-desde-10-066-e\/#primaryimage","url":"https:\/\/motorpor.pt\/wp-content\/uploads\/2026\/01\/MOTORPOR-Imagem-Noticia-Fiat-Topolino-1a.png","contentUrl":"https:\/\/motorpor.pt\/wp-content\/uploads\/2026\/01\/MOTORPOR-Imagem-Noticia-Fiat-Topolino-1a.png","width":764,"height":414},{"@type":"BreadcrumbList","@id":"https:\/\/motorpor.pt\/fiat-topolino-eletrico-desde-10-066-e\/#breadcrumb","itemListElement":[{"@type":"ListItem","position":1,"name":"In\u00edcio","item":"https:\/\/motorpor.pt\/"},{"@type":"ListItem","position":2,"name":"Fiat Topolino El\u00e9trico \u2013 desde 10.066 \u20ac"}]},{"@type":"WebSite","@id":"https:\/\/motorpor.pt\/#website","url":"https:\/\/motorpor.pt\/","name":"motorpor","description":"Comercio de Autom\u00f3veis Multimarcas","publisher":{"@id":"https:\/\/motorpor.pt\/#organization"},"potentialAction":[{"@type":"SearchAction","target":{"@type":"EntryPoint","urlTemplate":"https:\/\/motorpor.pt\/?s={search_term_string}"},"query-input":{"@type":"PropertyValueSpecification","valueRequired":true,"valueName":"search_term_string"}}],"inLanguage":"fr-FR"},{"@type":"Organization","@id":"https:\/\/motorpor.pt\/#organization","name":"motorpor","alternateName":"Motorpor","url":"https:\/\/motorpor.pt\/","logo":{"@type":"ImageObject","inLanguage":"fr-FR","@id":"https:\/\/motorpor.pt\/#\/schema\/logo\/image\/","url":"https:\/\/motorpor.pt\/wp-content\/uploads\/2024\/07\/Logo-Motorpor-Preto.svg","contentUrl":"https:\/\/motorpor.pt\/wp-content\/uploads\/2024\/07\/Logo-Motorpor-Preto.svg","width":493,"height":93,"caption":"Motorpor"},"image":{"@id":"https:\/\/motorpor.pt\/#\/schema\/logo\/image\/"},"sameAs":["https:\/\/www.linkedin.com\/company\/grupo-motorpor"]},{"@type":"Person","@id":"https:\/\/motorpor.pt\/#\/schema\/person\/b4bf07144e88efed7388a5af30522db7","name":"mktmotorpor","image":{"@type":"ImageObject","inLanguage":"fr-FR","@id":"https:\/\/secure.gravatar.com\/avatar\/8418b61b3175dbba0a8744cf0ee6bb5c7a9f6c67f1dbc4f41a62d7b9738259a2?s=96&d=mm&r=g","url":"https:\/\/secure.gravatar.com\/avatar\/8418b61b3175dbba0a8744cf0ee6bb5c7a9f6c67f1dbc4f41a62d7b9738259a2?s=96&d=mm&r=g","contentUrl":"https:\/\/secure.gravatar.com\/avatar\/8418b61b3175dbba0a8744cf0ee6bb5c7a9f6c67f1dbc4f41a62d7b9738259a2?s=96&d=mm&r=g","caption":"mktmotorpor"},"url":"https:\/\/motorpor.pt\/fr\/user\/mktmotorpor\/"}]}},"_links":{"self":[{"href":"https:\/\/motorpor.pt\/fr\/wp-json\/wp\/v2\/posts\/409573","targetHints":{"allow":["GET"]}}],"collection":[{"href":"https:\/\/motorpor.pt\/fr\/wp-json\/wp\/v2\/posts"}],"about":[{"href":"https:\/\/motorpor.pt\/fr\/wp-json\/wp\/v2\/types\/post"}],"author":[{"embeddable":true,"href":"https:\/\/motorpor.pt\/fr\/wp-json\/wp\/v2\/users\/85"}],"replies":[{"embeddable":true,"href":"https:\/\/motorpor.pt\/fr\/wp-json\/wp\/v2\/comments?post=409573"}],"version-history":[{"count":1,"href":"https:\/\/motorpor.pt\/fr\/wp-json\/wp\/v2\/posts\/409573\/revisions"}],"predecessor-version":[{"id":409574,"href":"https:\/\/motorpor.pt\/fr\/wp-json\/wp\/v2\/posts\/409573\/revisions\/409574"}],"wp:featuredmedia":[{"embeddable":true,"href":"https:\/\/motorpor.pt\/fr\/wp-json\/wp\/v2\/media\/409799"}],"wp:attachment":[{"href":"https:\/\/motorpor.pt\/fr\/wp-json\/wp\/v2\/media?parent=409573"}],"wp:term":[{"taxonomy":"category","embeddable":true,"href":"https:\/\/motorpor.pt\/fr\/wp-json\/wp\/v2\/categories?post=409573"},{"taxonomy":"post_tag","embeddable":true,"href":"https:\/\/motorpor.pt\/fr\/wp-json\/wp\/v2\/tags?post=409573"}],"curies":[{"name":"wp","href":"https:\/\/api.w.org\/{rel}","templated":true}]}}