{"id":41108,"date":"2023-06-26T12:11:43","date_gmt":"2023-06-26T12:11:43","guid":{"rendered":"https:\/\/motorpor.pt\/?p=41108"},"modified":"2023-06-26T16:41:04","modified_gmt":"2023-06-26T16:41:04","slug":"rebranding-valorauto-a-era-da-mobilidade-renovada-chegou","status":"publish","type":"post","link":"https:\/\/motorpor.pt\/fr\/rebranding-valorauto-a-era-da-mobilidade-renovada-chegou\/","title":{"rendered":"Rebranding Valorauto- A Era da Mobilidade Renovada chegou!"},"content":{"rendered":"<p><span data-contrast=\"none\">Anunciamos com entusiasmo a nossa nova marca, <\/span><b><span data-contrast=\"none\">Motorpor Usados, <\/span><\/b><span data-contrast=\"none\">que sucede \u00e0<\/span><span data-contrast=\"none\">\u00a0Valorauto e d\u00e1 in\u00edcio \u00e0 nova era da mobilidade renovada. Esta transi\u00e7\u00e3o ir\u00e1 refletir a nossa nova miss\u00e3o e prop\u00f3sito. <\/span><\/p>\n<h2><b><span data-contrast=\"none\">A Mudan\u00e7a<\/span><\/b><\/h2>\n<p><span data-contrast=\"none\">Ao longo dos anos, a<\/span><b><span data-contrast=\"none\"> Valorauto <\/span><\/b><span data-contrast=\"none\">afirmou-se como uma marca respeitada no mercado e fiel aos seus clientes.<\/span><\/p>\n<p><span class=\"ui-provider aec b c d e f g h i j k l m n o p q r s t u v w x y z ab ac ae af ag ah ai aj ak\" dir=\"ltr\">A Motorpor \u00e9 um grupo com muita experi\u00eancia no setor autom\u00f3vel. Atualmente det\u00e9m v\u00e1rias empresas, entre elas a Motorpor Usados, a Multiauto, a Motorex e a International Car II, contando com mais de 200 colaboradores e representando v\u00e1rias marcas.<\/span><\/p>\n<p><span data-contrast=\"none\">Sentimos necessidade de evoluir e contribuir para um futuro mais <\/span><b><span data-contrast=\"none\">sustent\u00e1vel<\/span><\/b><span data-contrast=\"none\"> e<\/span> <span data-contrast=\"none\">consciente \u00e0 semelhan\u00e7a do nosso Grupo. Apostando fortemente na <\/span><b><span data-contrast=\"none\">mobilidade renovada <\/span><\/b><span data-contrast=\"none\">com ve\u00edculos a pre\u00e7os competitivos e adaptados<\/span><span data-contrast=\"none\"> a cada um.<\/span><\/p>\n<h2><b><span data-contrast=\"none\">Motorpor Usados: Uma Nova Identidade<\/span><\/b><\/h2>\n<p><span data-contrast=\"none\">A <\/span><span data-contrast=\"none\">mudan\u00e7a para Motorpor Usados representa um <\/span><b><span data-contrast=\"none\">novo cap\u00edtulo<\/span><\/b><span data-contrast=\"none\"> na nossa hist\u00f3ria. Com este nome, pretendemos transmitir o nosso empenho em fornecer ve\u00edculos <\/span><b><span data-contrast=\"none\">usados<\/span><\/b><span data-contrast=\"none\"> de <\/span><b><span data-contrast=\"none\">qualidade e rigorosamente inspecionados <\/span><\/b><span data-contrast=\"none\">p<\/span><span data-contrast=\"none\">ara garantir a <\/span><b><span data-contrast=\"none\">seguran\u00e7a<\/span><\/b><span data-contrast=\"none\"> e <\/span><b><span data-contrast=\"none\">tranquilidade<\/span><\/b><span data-contrast=\"none\"> dos nossos clientes.<\/span><\/p>\n<p><span data-contrast=\"none\">Ao mesmo tempo, temos como objetivo promover solu\u00e7\u00f5es de mobilidade mais <\/span><b><span data-contrast=\"none\">sustent\u00e1veis<\/span><\/b><span data-contrast=\"none\">, liderando a transi\u00e7\u00e3o para um<\/span><b><span data-contrast=\"none\"> futuro<\/span><\/b><span data-contrast=\"none\"> com menor emiss\u00e3o de carbono e maior <\/span><b><span data-contrast=\"none\">efici\u00eancia energ\u00e9tica<\/span><\/b><span data-contrast=\"none\">.<\/span><\/p>\n<h2><b><span data-contrast=\"none\">Estrat\u00e9gias para a Mobilidade Renovada<\/span><\/b><\/h2>\n<p><span data-contrast=\"none\">A nossa\u00a0<\/span><b><span data-contrast=\"none\">miss\u00e3o<\/span><\/b><span data-contrast=\"none\"> \u00e9 impulsionar a <\/span><b><span data-contrast=\"none\">ado\u00e7\u00e3o da mobilidade renovada <\/span><\/b><span data-contrast=\"none\">atrav\u00e9s de estrat\u00e9gias abrangentes e parcerias estrat\u00e9gicas. Como afirmado pelo nosso CEO, Manuel Coutinho: &#8220;Acreditamos que a transi\u00e7\u00e3o para a mobilidade renovada \u00e9 essencial para um futuro mais sustent\u00e1vel, e estamos comprometidos em liderar essa mudan\u00e7a no mercado de carros usados&#8221;. \u00a0<\/span><span data-contrast=\"none\">Expandindo a nossa oferta de ve\u00edculos el\u00e9tricos usados e tornando-os mais acess\u00edveis para todos.<\/span><\/p>\n<h2><b><span data-contrast=\"none\">A nossa prioridade \u00e9 satisfa\u00e7\u00e3o do cliente<\/span><\/b><\/h2>\n<p><span data-contrast=\"none\">O<\/span><b><span data-contrast=\"none\"> cliente <\/span><\/b><span data-contrast=\"none\">est\u00e1 no centro de tudo o que fazemos, sendo a nossa prioridade\u00a0garantir a sua <\/span><b><span data-contrast=\"none\">satisfa\u00e7\u00e3o <\/span><\/b><span data-contrast=\"none\">e superar as suas expectativas em todos os aspetos.<\/span><\/p>\n<p><span data-contrast=\"none\">Assim, \u201cmantemos o nosso foco no cliente\u00a0e nas suas necessidades, formando uma <\/span><b><span data-contrast=\"none\">verdadeira parceria<\/span><\/b><span data-contrast=\"none\"> que queremos que v\u00e1 al\u00e9m da venda de autom\u00f3veis\u201d &#8211; CEO Manuel Coutinho.<\/span><\/p>\n<p><span data-contrast=\"none\">Acreditamos que a chave para o sucesso \u00e9 ouvir atentamente, agir com transpar\u00eancia e colocar o cliente em primeiro lugar. <\/span><\/p>\n<h2><b><span data-contrast=\"none\">Compromisso com a Qualidade<\/span><\/b><\/h2>\n<p><span data-contrast=\"none\">A nossa equipa est\u00e1 empenhada em garantir uma<\/span><b><span data-contrast=\"none\"> transi\u00e7\u00e3o suave<\/span><\/b><span data-contrast=\"none\"> para os nossos clientes e parceiros, continuando a oferecer o mesmo <\/span><b><span data-contrast=\"none\">atendimento personalizado<\/span><\/b><span data-contrast=\"none\">, a<\/span><b><span data-contrast=\"none\"> qualidade<\/span><\/b><span data-contrast=\"none\"> dos ve\u00edculos e o<\/span><b><span data-contrast=\"none\"> profissionalismo<\/span><\/b><span data-contrast=\"none\">. <\/span><\/p>\n<p><span data-contrast=\"none\">Contamos com a vossa confian\u00e7a enquanto embarcamos nesta <\/span><b><span data-contrast=\"none\">jornada de transforma\u00e7\u00e3o <\/span><\/b><span data-contrast=\"none\">rumo ao\u00a0<\/span><b><span data-contrast=\"none\">futuro da era da mobilidade renovada.<\/span><\/b><\/p>\n<p>\u00a0<\/p>\n<p>\u00a0<\/p>\n<p>\u00a0<\/p>\n<p>\u00a0<\/p>","protected":false},"excerpt":{"rendered":"<p>Anunciamos com entusiasmo a nossa nova marca, Motorpor Usados, que sucede \u00e0\u00a0Valorauto e d\u00e1 in\u00edcio \u00e0 nova era da mobilidade renovada. Esta transi\u00e7\u00e3o ir\u00e1 refletir a nossa nova miss\u00e3o e prop\u00f3sito. A Mudan\u00e7a Ao longo dos anos, a Valorauto afirmou-se como uma marca respeitada no mercado e fiel aos seus clientes. A Motorpor \u00e9 um [&hellip;]<\/p>\n","protected":false},"author":85,"featured_media":41372,"comment_status":"closed","ping_status":"open","sticky":false,"template":"","format":"standard","meta":{"_acf_changed":false,"footnotes":""},"categories":[2595,2592],"tags":[],"class_list":["post-41108","post","type-post","status-publish","format-standard","has-post-thumbnail","hentry","category-atualidade","category-noticias"],"acf":[],"yoast_head":"<!-- This site is optimized with the Yoast SEO plugin v27.5 - https:\/\/yoast.com\/product\/yoast-seo-wordpress\/ -->\n<title>Rebranding Valorauto- A Era da Mobilidade Renovada chegou! - Motorpor<\/title>\n<meta name=\"robots\" content=\"index, follow, max-snippet:-1, max-image-preview:large, max-video-preview:-1\" \/>\n<link rel=\"canonical\" href=\"https:\/\/motorpor.pt\/fr\/rebranding-valorauto-a-era-da-mobilidade-renovada-chegou\/\" \/>\n<meta property=\"og:locale\" content=\"fr_FR\" \/>\n<meta property=\"og:type\" content=\"article\" \/>\n<meta property=\"og:title\" content=\"Rebranding Valorauto- A Era da Mobilidade Renovada chegou! - Motorpor\" \/>\n<meta property=\"og:description\" content=\"Anunciamos com entusiasmo a nossa nova marca, Motorpor Usados, que sucede \u00e0\u00a0Valorauto e d\u00e1 in\u00edcio \u00e0 nova era da mobilidade renovada. Esta transi\u00e7\u00e3o ir\u00e1 refletir a nossa nova miss\u00e3o e prop\u00f3sito. A Mudan\u00e7a Ao longo dos anos, a Valorauto afirmou-se como uma marca respeitada no mercado e fiel aos seus clientes. A Motorpor \u00e9 um [&hellip;]\" \/>\n<meta property=\"og:url\" content=\"https:\/\/motorpor.pt\/fr\/rebranding-valorauto-a-era-da-mobilidade-renovada-chegou\/\" \/>\n<meta property=\"og:site_name\" content=\"Motorpor\" \/>\n<meta property=\"article:published_time\" content=\"2023-06-26T12:11:43+00:00\" \/>\n<meta property=\"article:modified_time\" content=\"2023-06-26T16:41:04+00:00\" \/>\n<meta property=\"og:image\" content=\"https:\/\/motorpor.pt\/wp-content\/uploads\/2023\/06\/blog.jpg\" \/>\n\t<meta property=\"og:image:width\" content=\"750\" \/>\n\t<meta property=\"og:image:height\" content=\"360\" \/>\n\t<meta property=\"og:image:type\" content=\"image\/jpeg\" \/>\n<meta name=\"author\" content=\"mktmotorpor\" \/>\n<meta name=\"twitter:card\" content=\"summary_large_image\" \/>\n<meta name=\"twitter:label1\" content=\"\u00c9crit par\" \/>\n\t<meta name=\"twitter:data1\" content=\"mktmotorpor\" \/>\n\t<meta name=\"twitter:label2\" content=\"Dur\u00e9e de lecture estim\u00e9e\" \/>\n\t<meta name=\"twitter:data2\" content=\"2 minutes\" \/>\n<script type=\"application\/ld+json\" class=\"yoast-schema-graph\">{\"@context\":\"https:\\\/\\\/schema.org\",\"@graph\":[{\"@type\":\"Article\",\"@id\":\"https:\\\/\\\/motorpor.pt\\\/rebranding-valorauto-a-era-da-mobilidade-renovada-chegou\\\/#article\",\"isPartOf\":{\"@id\":\"https:\\\/\\\/motorpor.pt\\\/rebranding-valorauto-a-era-da-mobilidade-renovada-chegou\\\/\"},\"author\":{\"name\":\"mktmotorpor\",\"@id\":\"https:\\\/\\\/motorpor.pt\\\/#\\\/schema\\\/person\\\/b4bf07144e88efed7388a5af30522db7\"},\"headline\":\"Rebranding Valorauto- A Era da Mobilidade Renovada chegou!\",\"datePublished\":\"2023-06-26T12:11:43+00:00\",\"dateModified\":\"2023-06-26T16:41:04+00:00\",\"mainEntityOfPage\":{\"@id\":\"https:\\\/\\\/motorpor.pt\\\/rebranding-valorauto-a-era-da-mobilidade-renovada-chegou\\\/\"},\"wordCount\":445,\"publisher\":{\"@id\":\"https:\\\/\\\/motorpor.pt\\\/#organization\"},\"image\":{\"@id\":\"https:\\\/\\\/motorpor.pt\\\/rebranding-valorauto-a-era-da-mobilidade-renovada-chegou\\\/#primaryimage\"},\"thumbnailUrl\":\"https:\\\/\\\/motorpor.pt\\\/wp-content\\\/uploads\\\/2023\\\/06\\\/blog.jpg\",\"articleSection\":[\"Atualidade\",\"Not\u00edcias\"],\"inLanguage\":\"fr-FR\"},{\"@type\":\"WebPage\",\"@id\":\"https:\\\/\\\/motorpor.pt\\\/rebranding-valorauto-a-era-da-mobilidade-renovada-chegou\\\/\",\"url\":\"https:\\\/\\\/motorpor.pt\\\/rebranding-valorauto-a-era-da-mobilidade-renovada-chegou\\\/\",\"name\":\"Rebranding Valorauto- A Era da Mobilidade Renovada chegou! - Motorpor\",\"isPartOf\":{\"@id\":\"https:\\\/\\\/motorpor.pt\\\/#website\"},\"primaryImageOfPage\":{\"@id\":\"https:\\\/\\\/motorpor.pt\\\/rebranding-valorauto-a-era-da-mobilidade-renovada-chegou\\\/#primaryimage\"},\"image\":{\"@id\":\"https:\\\/\\\/motorpor.pt\\\/rebranding-valorauto-a-era-da-mobilidade-renovada-chegou\\\/#primaryimage\"},\"thumbnailUrl\":\"https:\\\/\\\/motorpor.pt\\\/wp-content\\\/uploads\\\/2023\\\/06\\\/blog.jpg\",\"datePublished\":\"2023-06-26T12:11:43+00:00\",\"dateModified\":\"2023-06-26T16:41:04+00:00\",\"breadcrumb\":{\"@id\":\"https:\\\/\\\/motorpor.pt\\\/rebranding-valorauto-a-era-da-mobilidade-renovada-chegou\\\/#breadcrumb\"},\"inLanguage\":\"fr-FR\",\"potentialAction\":[{\"@type\":\"ReadAction\",\"target\":[\"https:\\\/\\\/motorpor.pt\\\/rebranding-valorauto-a-era-da-mobilidade-renovada-chegou\\\/\"]}]},{\"@type\":\"ImageObject\",\"inLanguage\":\"fr-FR\",\"@id\":\"https:\\\/\\\/motorpor.pt\\\/rebranding-valorauto-a-era-da-mobilidade-renovada-chegou\\\/#primaryimage\",\"url\":\"https:\\\/\\\/motorpor.pt\\\/wp-content\\\/uploads\\\/2023\\\/06\\\/blog.jpg\",\"contentUrl\":\"https:\\\/\\\/motorpor.pt\\\/wp-content\\\/uploads\\\/2023\\\/06\\\/blog.jpg\",\"width\":750,\"height\":360},{\"@type\":\"BreadcrumbList\",\"@id\":\"https:\\\/\\\/motorpor.pt\\\/rebranding-valorauto-a-era-da-mobilidade-renovada-chegou\\\/#breadcrumb\",\"itemListElement\":[{\"@type\":\"ListItem\",\"position\":1,\"name\":\"In\u00edcio\",\"item\":\"https:\\\/\\\/motorpor.pt\\\/\"},{\"@type\":\"ListItem\",\"position\":2,\"name\":\"Rebranding Valorauto- A Era da Mobilidade Renovada chegou!\"}]},{\"@type\":\"WebSite\",\"@id\":\"https:\\\/\\\/motorpor.pt\\\/#website\",\"url\":\"https:\\\/\\\/motorpor.pt\\\/\",\"name\":\"Motorpor\",\"description\":\"Comercio de Autom\u00f3veis Multimarcas\",\"publisher\":{\"@id\":\"https:\\\/\\\/motorpor.pt\\\/#organization\"},\"potentialAction\":[{\"@type\":\"SearchAction\",\"target\":{\"@type\":\"EntryPoint\",\"urlTemplate\":\"https:\\\/\\\/motorpor.pt\\\/?s={search_term_string}\"},\"query-input\":{\"@type\":\"PropertyValueSpecification\",\"valueRequired\":true,\"valueName\":\"search_term_string\"}}],\"inLanguage\":\"fr-FR\"},{\"@type\":\"Organization\",\"@id\":\"https:\\\/\\\/motorpor.pt\\\/#organization\",\"name\":\"Motorpor\",\"alternateName\":\"Motorpor\",\"url\":\"https:\\\/\\\/motorpor.pt\\\/\",\"logo\":{\"@type\":\"ImageObject\",\"inLanguage\":\"fr-FR\",\"@id\":\"https:\\\/\\\/motorpor.pt\\\/#\\\/schema\\\/logo\\\/image\\\/\",\"url\":\"https:\\\/\\\/motorpor.pt\\\/wp-content\\\/uploads\\\/2024\\\/07\\\/Logo-Motorpor-Preto.svg\",\"contentUrl\":\"https:\\\/\\\/motorpor.pt\\\/wp-content\\\/uploads\\\/2024\\\/07\\\/Logo-Motorpor-Preto.svg\",\"width\":493,\"height\":93,\"caption\":\"Motorpor\"},\"image\":{\"@id\":\"https:\\\/\\\/motorpor.pt\\\/#\\\/schema\\\/logo\\\/image\\\/\"},\"sameAs\":[\"https:\\\/\\\/www.linkedin.com\\\/company\\\/grupo-motorpor\"]},{\"@type\":\"Person\",\"@id\":\"https:\\\/\\\/motorpor.pt\\\/#\\\/schema\\\/person\\\/b4bf07144e88efed7388a5af30522db7\",\"name\":\"mktmotorpor\",\"image\":{\"@type\":\"ImageObject\",\"inLanguage\":\"fr-FR\",\"@id\":\"https:\\\/\\\/secure.gravatar.com\\\/avatar\\\/8418b61b3175dbba0a8744cf0ee6bb5c7a9f6c67f1dbc4f41a62d7b9738259a2?s=96&d=mm&r=g\",\"url\":\"https:\\\/\\\/secure.gravatar.com\\\/avatar\\\/8418b61b3175dbba0a8744cf0ee6bb5c7a9f6c67f1dbc4f41a62d7b9738259a2?s=96&d=mm&r=g\",\"contentUrl\":\"https:\\\/\\\/secure.gravatar.com\\\/avatar\\\/8418b61b3175dbba0a8744cf0ee6bb5c7a9f6c67f1dbc4f41a62d7b9738259a2?s=96&d=mm&r=g\",\"caption\":\"mktmotorpor\"},\"url\":\"https:\\\/\\\/motorpor.pt\\\/fr\\\/user\\\/mktmotorpor\\\/\"}]}<\/script>\n<!-- \/ Yoast SEO plugin. -->","yoast_head_json":{"title":"Rebranding Valorauto- A Era da Mobilidade Renovada chegou! - Motorpor","robots":{"index":"index","follow":"follow","max-snippet":"max-snippet:-1","max-image-preview":"max-image-preview:large","max-video-preview":"max-video-preview:-1"},"canonical":"https:\/\/motorpor.pt\/fr\/rebranding-valorauto-a-era-da-mobilidade-renovada-chegou\/","og_locale":"fr_FR","og_type":"article","og_title":"Rebranding Valorauto- A Era da Mobilidade Renovada chegou! - Motorpor","og_description":"Anunciamos com entusiasmo a nossa nova marca, Motorpor Usados, que sucede \u00e0\u00a0Valorauto e d\u00e1 in\u00edcio \u00e0 nova era da mobilidade renovada. Esta transi\u00e7\u00e3o ir\u00e1 refletir a nossa nova miss\u00e3o e prop\u00f3sito. A Mudan\u00e7a Ao longo dos anos, a Valorauto afirmou-se como uma marca respeitada no mercado e fiel aos seus clientes. A Motorpor \u00e9 um [&hellip;]","og_url":"https:\/\/motorpor.pt\/fr\/rebranding-valorauto-a-era-da-mobilidade-renovada-chegou\/","og_site_name":"Motorpor","article_published_time":"2023-06-26T12:11:43+00:00","article_modified_time":"2023-06-26T16:41:04+00:00","og_image":[{"width":750,"height":360,"url":"https:\/\/motorpor.pt\/wp-content\/uploads\/2023\/06\/blog.jpg","type":"image\/jpeg"}],"author":"mktmotorpor","twitter_card":"summary_large_image","twitter_misc":{"\u00c9crit par":"mktmotorpor","Dur\u00e9e de lecture estim\u00e9e":"2 minutes"},"schema":{"@context":"https:\/\/schema.org","@graph":[{"@type":"Article","@id":"https:\/\/motorpor.pt\/rebranding-valorauto-a-era-da-mobilidade-renovada-chegou\/#article","isPartOf":{"@id":"https:\/\/motorpor.pt\/rebranding-valorauto-a-era-da-mobilidade-renovada-chegou\/"},"author":{"name":"mktmotorpor","@id":"https:\/\/motorpor.pt\/#\/schema\/person\/b4bf07144e88efed7388a5af30522db7"},"headline":"Rebranding Valorauto- A Era da Mobilidade Renovada chegou!","datePublished":"2023-06-26T12:11:43+00:00","dateModified":"2023-06-26T16:41:04+00:00","mainEntityOfPage":{"@id":"https:\/\/motorpor.pt\/rebranding-valorauto-a-era-da-mobilidade-renovada-chegou\/"},"wordCount":445,"publisher":{"@id":"https:\/\/motorpor.pt\/#organization"},"image":{"@id":"https:\/\/motorpor.pt\/rebranding-valorauto-a-era-da-mobilidade-renovada-chegou\/#primaryimage"},"thumbnailUrl":"https:\/\/motorpor.pt\/wp-content\/uploads\/2023\/06\/blog.jpg","articleSection":["Atualidade","Not\u00edcias"],"inLanguage":"fr-FR"},{"@type":"WebPage","@id":"https:\/\/motorpor.pt\/rebranding-valorauto-a-era-da-mobilidade-renovada-chegou\/","url":"https:\/\/motorpor.pt\/rebranding-valorauto-a-era-da-mobilidade-renovada-chegou\/","name":"Rebranding Valorauto- A Era da Mobilidade Renovada chegou! - Motorpor","isPartOf":{"@id":"https:\/\/motorpor.pt\/#website"},"primaryImageOfPage":{"@id":"https:\/\/motorpor.pt\/rebranding-valorauto-a-era-da-mobilidade-renovada-chegou\/#primaryimage"},"image":{"@id":"https:\/\/motorpor.pt\/rebranding-valorauto-a-era-da-mobilidade-renovada-chegou\/#primaryimage"},"thumbnailUrl":"https:\/\/motorpor.pt\/wp-content\/uploads\/2023\/06\/blog.jpg","datePublished":"2023-06-26T12:11:43+00:00","dateModified":"2023-06-26T16:41:04+00:00","breadcrumb":{"@id":"https:\/\/motorpor.pt\/rebranding-valorauto-a-era-da-mobilidade-renovada-chegou\/#breadcrumb"},"inLanguage":"fr-FR","potentialAction":[{"@type":"ReadAction","target":["https:\/\/motorpor.pt\/rebranding-valorauto-a-era-da-mobilidade-renovada-chegou\/"]}]},{"@type":"ImageObject","inLanguage":"fr-FR","@id":"https:\/\/motorpor.pt\/rebranding-valorauto-a-era-da-mobilidade-renovada-chegou\/#primaryimage","url":"https:\/\/motorpor.pt\/wp-content\/uploads\/2023\/06\/blog.jpg","contentUrl":"https:\/\/motorpor.pt\/wp-content\/uploads\/2023\/06\/blog.jpg","width":750,"height":360},{"@type":"BreadcrumbList","@id":"https:\/\/motorpor.pt\/rebranding-valorauto-a-era-da-mobilidade-renovada-chegou\/#breadcrumb","itemListElement":[{"@type":"ListItem","position":1,"name":"In\u00edcio","item":"https:\/\/motorpor.pt\/"},{"@type":"ListItem","position":2,"name":"Rebranding Valorauto- A Era da Mobilidade Renovada chegou!"}]},{"@type":"WebSite","@id":"https:\/\/motorpor.pt\/#website","url":"https:\/\/motorpor.pt\/","name":"motorpor","description":"Comercio de Autom\u00f3veis Multimarcas","publisher":{"@id":"https:\/\/motorpor.pt\/#organization"},"potentialAction":[{"@type":"SearchAction","target":{"@type":"EntryPoint","urlTemplate":"https:\/\/motorpor.pt\/?s={search_term_string}"},"query-input":{"@type":"PropertyValueSpecification","valueRequired":true,"valueName":"search_term_string"}}],"inLanguage":"fr-FR"},{"@type":"Organization","@id":"https:\/\/motorpor.pt\/#organization","name":"motorpor","alternateName":"Motorpor","url":"https:\/\/motorpor.pt\/","logo":{"@type":"ImageObject","inLanguage":"fr-FR","@id":"https:\/\/motorpor.pt\/#\/schema\/logo\/image\/","url":"https:\/\/motorpor.pt\/wp-content\/uploads\/2024\/07\/Logo-Motorpor-Preto.svg","contentUrl":"https:\/\/motorpor.pt\/wp-content\/uploads\/2024\/07\/Logo-Motorpor-Preto.svg","width":493,"height":93,"caption":"Motorpor"},"image":{"@id":"https:\/\/motorpor.pt\/#\/schema\/logo\/image\/"},"sameAs":["https:\/\/www.linkedin.com\/company\/grupo-motorpor"]},{"@type":"Person","@id":"https:\/\/motorpor.pt\/#\/schema\/person\/b4bf07144e88efed7388a5af30522db7","name":"mktmotorpor","image":{"@type":"ImageObject","inLanguage":"fr-FR","@id":"https:\/\/secure.gravatar.com\/avatar\/8418b61b3175dbba0a8744cf0ee6bb5c7a9f6c67f1dbc4f41a62d7b9738259a2?s=96&d=mm&r=g","url":"https:\/\/secure.gravatar.com\/avatar\/8418b61b3175dbba0a8744cf0ee6bb5c7a9f6c67f1dbc4f41a62d7b9738259a2?s=96&d=mm&r=g","contentUrl":"https:\/\/secure.gravatar.com\/avatar\/8418b61b3175dbba0a8744cf0ee6bb5c7a9f6c67f1dbc4f41a62d7b9738259a2?s=96&d=mm&r=g","caption":"mktmotorpor"},"url":"https:\/\/motorpor.pt\/fr\/user\/mktmotorpor\/"}]}},"_links":{"self":[{"href":"https:\/\/motorpor.pt\/fr\/wp-json\/wp\/v2\/posts\/41108","targetHints":{"allow":["GET"]}}],"collection":[{"href":"https:\/\/motorpor.pt\/fr\/wp-json\/wp\/v2\/posts"}],"about":[{"href":"https:\/\/motorpor.pt\/fr\/wp-json\/wp\/v2\/types\/post"}],"author":[{"embeddable":true,"href":"https:\/\/motorpor.pt\/fr\/wp-json\/wp\/v2\/users\/85"}],"replies":[{"embeddable":true,"href":"https:\/\/motorpor.pt\/fr\/wp-json\/wp\/v2\/comments?post=41108"}],"version-history":[{"count":3,"href":"https:\/\/motorpor.pt\/fr\/wp-json\/wp\/v2\/posts\/41108\/revisions"}],"predecessor-version":[{"id":41373,"href":"https:\/\/motorpor.pt\/fr\/wp-json\/wp\/v2\/posts\/41108\/revisions\/41373"}],"wp:featuredmedia":[{"embeddable":true,"href":"https:\/\/motorpor.pt\/fr\/wp-json\/wp\/v2\/media\/41372"}],"wp:attachment":[{"href":"https:\/\/motorpor.pt\/fr\/wp-json\/wp\/v2\/media?parent=41108"}],"wp:term":[{"taxonomy":"category","embeddable":true,"href":"https:\/\/motorpor.pt\/fr\/wp-json\/wp\/v2\/categories?post=41108"},{"taxonomy":"post_tag","embeddable":true,"href":"https:\/\/motorpor.pt\/fr\/wp-json\/wp\/v2\/tags?post=41108"}],"curies":[{"name":"wp","href":"https:\/\/api.w.org\/{rel}","templated":true}]}}