{"id":41510,"date":"2023-06-30T09:23:58","date_gmt":"2023-06-30T09:23:58","guid":{"rendered":"https:\/\/motorpor.pt\/novo-peugeot-408\/"},"modified":"2023-06-30T11:09:43","modified_gmt":"2023-06-30T11:09:43","slug":"novo-peugeot-408","status":"publish","type":"post","link":"https:\/\/motorpor.pt\/fr\/novo-peugeot-408\/","title":{"rendered":"Novo Peugeot 408"},"content":{"rendered":"<h2>Novo Peugeot 408: Sofisticado e elegante<\/h2>\n<p>Inesperado sob todos os \u00e2ngulos, o novo <a href=\"https:\/\/motorpor.pt\/fr\/carros\/peugeot-408\/\">Peugeot 408<\/a> \u00e9 um familiar que promete conquistar o cora\u00e7\u00e3o dos apaixonados pelo mundo autom\u00f3vel gra\u00e7as ao seu design inovador, postura felina, conforto topo de gama e tecnologia de excel\u00eancia.<\/p>\n<p>\u00a0<\/p>\n<h2>Design impressionante no exterior do Peugeot 408.<\/h2>\n<p>O <strong><a href=\"https:\/\/motorpor.pt\/fr\/carros\/peugeot-408\/\">Peugeot 408<\/a><\/strong> caracteriza-se pela sua postura <strong>moderna e din\u00e2mica<\/strong> em estrada, com<strong> linhas<\/strong> <strong>elegantes<\/strong>, maior eleva\u00e7\u00e3o ao solo e detalhes cuidadosamente trabalhados. A dianteira apresenta um longo capot que termina com a grelha na cor da carro\u00e7aria, assinatura luminosa com as famosas \u201cpresas\u201d e o novo emblema Peugeot, enquanto na traseira do tejadilho surgem as \u201corelhas de gato\u201d para uma maior orienta\u00e7\u00e3o do fluxo ar exterior e aerodinamismo otimizado.<\/p>\n<p>\u00a0<\/p>\n<h2>Tecnologia inovadora com a \u00faltima gera\u00e7\u00e3o do i-Cockpit\u00ae<\/h2>\n<p>A posi\u00e7\u00e3o de condu\u00e7\u00e3o do <strong>Peugeot i-Cockpit\u00ae<\/strong> no <a href=\"https:\/\/motorpor.pt\/fr\/carros\/peugeot-408\/\">Peugeot 408<\/a> apresenta-se agora na sua \u00faltima gera\u00e7\u00e3o. Com<strong> volante compacto<\/strong>, comandos integrados, <strong>paine<\/strong>l de instrumentos digital <strong>3D<\/strong> e um touchscreen central que funciona em conjunto com o inovador sistema <strong>i-Toggles<\/strong>, totalmente configur\u00e1vel e que permite um acesso r\u00e1pido e intuitivo \u00e0s fun\u00e7\u00f5es essenciais do seu dia-a-dia. Pode ainda contar com opcionais como o sistema de <strong>som premium Hi-Fi da Focal<\/strong>, ilumina\u00e7\u00e3o ambiente do habit\u00e1culo em LED, bancos com<strong> massagens<\/strong> e aquecidos, e ainda outras mordomias como <strong>Apple CarPlay <\/strong>e <strong>Android Auto<\/strong> sem fios.<\/p>\n<p>\u00a0<\/p>\n<h2>Seguran\u00e7a e ajudas \u00e0 condu\u00e7\u00e3o<\/h2>\n<p>A seguran\u00e7a tem um papel essencial no seu conforto e tranquilidade ao volante, e como tal, o <a href=\"https:\/\/motorpor.pt\/fr\/carros\/peugeot-408\/\">Peugeot 408<\/a> disp\u00f5e de tecnologias ativas e passivas como <strong>vigil\u00e2ncia de \u00e2ngulo morto<\/strong>, <strong>travagem autom\u00e1tica<\/strong> de emerg\u00eancia, <strong>condu\u00e7\u00e3o semiauton\u00f3noma<\/strong>, <strong>vis\u00e3o noturna<\/strong> e atualiza\u00e7\u00f5es \u201cOver the Air\u201d.<\/p>\n<p>Para concluir, a sua<strong> liberdade<\/strong> de escolha.<\/p>\n<p>\u00a0<\/p>\n<p>Encontre desempenho e efici\u00eancia nas vers\u00f5es a gasolina com o motor <strong>PureTech<\/strong> ou opte pelas vantagens da eletrifica\u00e7\u00e3o nas <strong>vers\u00f5es hibr\u00eddas Plug-in,<\/strong> tais como a travagem regenerativa, os diferentes modos de condu\u00e7\u00e3o e a autonomia 100% el\u00e9trica mais que suficiente para o seu dia-a-dia. Melhor que isto, s\u00f3 mesmo os pre\u00e7os fant\u00e1sticos que a Motorpor tem para si.<\/p>","protected":false},"excerpt":{"rendered":"<p>Novo Peugeot 408: Sofisticado e elegante Inesperado sob todos os \u00e2ngulos, o novo Peugeot 408 \u00e9 um familiar que promete conquistar o cora\u00e7\u00e3o dos apaixonados pelo mundo autom\u00f3vel gra\u00e7as ao seu design inovador, postura felina, conforto topo de gama e tecnologia de excel\u00eancia. \u00a0 Design impressionante no exterior do Peugeot 408. O Peugeot 408 caracteriza-se [&hellip;]<\/p>\n","protected":false},"author":85,"featured_media":41509,"comment_status":"closed","ping_status":"open","sticky":false,"template":"","format":"standard","meta":{"_acf_changed":false,"footnotes":""},"categories":[2595,2592],"tags":[],"class_list":["post-41510","post","type-post","status-publish","format-standard","has-post-thumbnail","hentry","category-atualidade","category-noticias"],"acf":[],"yoast_head":"<!-- This site is optimized with the Yoast SEO plugin v27.5 - https:\/\/yoast.com\/product\/yoast-seo-wordpress\/ -->\n<title>Novo Peugeot 408 - Motorpor<\/title>\n<meta name=\"robots\" content=\"index, follow, max-snippet:-1, max-image-preview:large, max-video-preview:-1\" \/>\n<link rel=\"canonical\" href=\"https:\/\/motorpor.pt\/fr\/novo-peugeot-408\/\" \/>\n<meta property=\"og:locale\" content=\"fr_FR\" \/>\n<meta property=\"og:type\" content=\"article\" \/>\n<meta property=\"og:title\" content=\"Novo Peugeot 408 - Motorpor\" \/>\n<meta property=\"og:description\" content=\"Novo Peugeot 408: Sofisticado e elegante Inesperado sob todos os \u00e2ngulos, o novo Peugeot 408 \u00e9 um familiar que promete conquistar o cora\u00e7\u00e3o dos apaixonados pelo mundo autom\u00f3vel gra\u00e7as ao seu design inovador, postura felina, conforto topo de gama e tecnologia de excel\u00eancia. \u00a0 Design impressionante no exterior do Peugeot 408. O Peugeot 408 caracteriza-se [&hellip;]\" \/>\n<meta property=\"og:url\" content=\"https:\/\/motorpor.pt\/fr\/novo-peugeot-408\/\" \/>\n<meta property=\"og:site_name\" content=\"Motorpor\" \/>\n<meta property=\"article:published_time\" content=\"2023-06-30T09:23:58+00:00\" \/>\n<meta property=\"article:modified_time\" content=\"2023-06-30T11:09:43+00:00\" \/>\n<meta property=\"og:image\" content=\"https:\/\/motorpor.pt\/wp-content\/uploads\/2023\/06\/Capturarpeugeot.JPG\" \/>\n\t<meta property=\"og:image:width\" content=\"929\" \/>\n\t<meta property=\"og:image:height\" content=\"691\" \/>\n\t<meta property=\"og:image:type\" content=\"image\/jpeg\" \/>\n<meta name=\"author\" content=\"mktmotorpor\" \/>\n<meta name=\"twitter:card\" content=\"summary_large_image\" \/>\n<meta name=\"twitter:label1\" content=\"\u00c9crit par\" \/>\n\t<meta name=\"twitter:data1\" content=\"mktmotorpor\" \/>\n\t<meta name=\"twitter:label2\" content=\"Dur\u00e9e de lecture estim\u00e9e\" \/>\n\t<meta name=\"twitter:data2\" content=\"2 minutes\" \/>\n<script type=\"application\/ld+json\" class=\"yoast-schema-graph\">{\"@context\":\"https:\\\/\\\/schema.org\",\"@graph\":[{\"@type\":\"Article\",\"@id\":\"https:\\\/\\\/motorpor.pt\\\/novo-peugeot-408\\\/#article\",\"isPartOf\":{\"@id\":\"https:\\\/\\\/motorpor.pt\\\/novo-peugeot-408\\\/\"},\"author\":{\"name\":\"mktmotorpor\",\"@id\":\"https:\\\/\\\/motorpor.pt\\\/#\\\/schema\\\/person\\\/b4bf07144e88efed7388a5af30522db7\"},\"headline\":\"Novo Peugeot 408\",\"datePublished\":\"2023-06-30T09:23:58+00:00\",\"dateModified\":\"2023-06-30T11:09:43+00:00\",\"mainEntityOfPage\":{\"@id\":\"https:\\\/\\\/motorpor.pt\\\/novo-peugeot-408\\\/\"},\"wordCount\":363,\"publisher\":{\"@id\":\"https:\\\/\\\/motorpor.pt\\\/#organization\"},\"image\":{\"@id\":\"https:\\\/\\\/motorpor.pt\\\/novo-peugeot-408\\\/#primaryimage\"},\"thumbnailUrl\":\"https:\\\/\\\/motorpor.pt\\\/wp-content\\\/uploads\\\/2023\\\/06\\\/Capturarpeugeot.JPG\",\"articleSection\":[\"Atualidade\",\"Not\u00edcias\"],\"inLanguage\":\"fr-FR\"},{\"@type\":\"WebPage\",\"@id\":\"https:\\\/\\\/motorpor.pt\\\/novo-peugeot-408\\\/\",\"url\":\"https:\\\/\\\/motorpor.pt\\\/novo-peugeot-408\\\/\",\"name\":\"Novo Peugeot 408 - Motorpor\",\"isPartOf\":{\"@id\":\"https:\\\/\\\/motorpor.pt\\\/#website\"},\"primaryImageOfPage\":{\"@id\":\"https:\\\/\\\/motorpor.pt\\\/novo-peugeot-408\\\/#primaryimage\"},\"image\":{\"@id\":\"https:\\\/\\\/motorpor.pt\\\/novo-peugeot-408\\\/#primaryimage\"},\"thumbnailUrl\":\"https:\\\/\\\/motorpor.pt\\\/wp-content\\\/uploads\\\/2023\\\/06\\\/Capturarpeugeot.JPG\",\"datePublished\":\"2023-06-30T09:23:58+00:00\",\"dateModified\":\"2023-06-30T11:09:43+00:00\",\"breadcrumb\":{\"@id\":\"https:\\\/\\\/motorpor.pt\\\/novo-peugeot-408\\\/#breadcrumb\"},\"inLanguage\":\"fr-FR\",\"potentialAction\":[{\"@type\":\"ReadAction\",\"target\":[\"https:\\\/\\\/motorpor.pt\\\/novo-peugeot-408\\\/\"]}]},{\"@type\":\"ImageObject\",\"inLanguage\":\"fr-FR\",\"@id\":\"https:\\\/\\\/motorpor.pt\\\/novo-peugeot-408\\\/#primaryimage\",\"url\":\"https:\\\/\\\/motorpor.pt\\\/wp-content\\\/uploads\\\/2023\\\/06\\\/Capturarpeugeot.JPG\",\"contentUrl\":\"https:\\\/\\\/motorpor.pt\\\/wp-content\\\/uploads\\\/2023\\\/06\\\/Capturarpeugeot.JPG\",\"width\":929,\"height\":691},{\"@type\":\"BreadcrumbList\",\"@id\":\"https:\\\/\\\/motorpor.pt\\\/novo-peugeot-408\\\/#breadcrumb\",\"itemListElement\":[{\"@type\":\"ListItem\",\"position\":1,\"name\":\"In\u00edcio\",\"item\":\"https:\\\/\\\/motorpor.pt\\\/\"},{\"@type\":\"ListItem\",\"position\":2,\"name\":\"Novo Peugeot 408\"}]},{\"@type\":\"WebSite\",\"@id\":\"https:\\\/\\\/motorpor.pt\\\/#website\",\"url\":\"https:\\\/\\\/motorpor.pt\\\/\",\"name\":\"Motorpor\",\"description\":\"Comercio de Autom\u00f3veis Multimarcas\",\"publisher\":{\"@id\":\"https:\\\/\\\/motorpor.pt\\\/#organization\"},\"potentialAction\":[{\"@type\":\"SearchAction\",\"target\":{\"@type\":\"EntryPoint\",\"urlTemplate\":\"https:\\\/\\\/motorpor.pt\\\/?s={search_term_string}\"},\"query-input\":{\"@type\":\"PropertyValueSpecification\",\"valueRequired\":true,\"valueName\":\"search_term_string\"}}],\"inLanguage\":\"fr-FR\"},{\"@type\":\"Organization\",\"@id\":\"https:\\\/\\\/motorpor.pt\\\/#organization\",\"name\":\"Motorpor\",\"alternateName\":\"Motorpor\",\"url\":\"https:\\\/\\\/motorpor.pt\\\/\",\"logo\":{\"@type\":\"ImageObject\",\"inLanguage\":\"fr-FR\",\"@id\":\"https:\\\/\\\/motorpor.pt\\\/#\\\/schema\\\/logo\\\/image\\\/\",\"url\":\"https:\\\/\\\/motorpor.pt\\\/wp-content\\\/uploads\\\/2024\\\/07\\\/Logo-Motorpor-Preto.svg\",\"contentUrl\":\"https:\\\/\\\/motorpor.pt\\\/wp-content\\\/uploads\\\/2024\\\/07\\\/Logo-Motorpor-Preto.svg\",\"width\":493,\"height\":93,\"caption\":\"Motorpor\"},\"image\":{\"@id\":\"https:\\\/\\\/motorpor.pt\\\/#\\\/schema\\\/logo\\\/image\\\/\"},\"sameAs\":[\"https:\\\/\\\/www.linkedin.com\\\/company\\\/grupo-motorpor\"]},{\"@type\":\"Person\",\"@id\":\"https:\\\/\\\/motorpor.pt\\\/#\\\/schema\\\/person\\\/b4bf07144e88efed7388a5af30522db7\",\"name\":\"mktmotorpor\",\"image\":{\"@type\":\"ImageObject\",\"inLanguage\":\"fr-FR\",\"@id\":\"https:\\\/\\\/secure.gravatar.com\\\/avatar\\\/8418b61b3175dbba0a8744cf0ee6bb5c7a9f6c67f1dbc4f41a62d7b9738259a2?s=96&d=mm&r=g\",\"url\":\"https:\\\/\\\/secure.gravatar.com\\\/avatar\\\/8418b61b3175dbba0a8744cf0ee6bb5c7a9f6c67f1dbc4f41a62d7b9738259a2?s=96&d=mm&r=g\",\"contentUrl\":\"https:\\\/\\\/secure.gravatar.com\\\/avatar\\\/8418b61b3175dbba0a8744cf0ee6bb5c7a9f6c67f1dbc4f41a62d7b9738259a2?s=96&d=mm&r=g\",\"caption\":\"mktmotorpor\"},\"url\":\"https:\\\/\\\/motorpor.pt\\\/fr\\\/user\\\/mktmotorpor\\\/\"}]}<\/script>\n<!-- \/ Yoast SEO plugin. -->","yoast_head_json":{"title":"Novo Peugeot 408 - Motorpor","robots":{"index":"index","follow":"follow","max-snippet":"max-snippet:-1","max-image-preview":"max-image-preview:large","max-video-preview":"max-video-preview:-1"},"canonical":"https:\/\/motorpor.pt\/fr\/novo-peugeot-408\/","og_locale":"fr_FR","og_type":"article","og_title":"Novo Peugeot 408 - Motorpor","og_description":"Novo Peugeot 408: Sofisticado e elegante Inesperado sob todos os \u00e2ngulos, o novo Peugeot 408 \u00e9 um familiar que promete conquistar o cora\u00e7\u00e3o dos apaixonados pelo mundo autom\u00f3vel gra\u00e7as ao seu design inovador, postura felina, conforto topo de gama e tecnologia de excel\u00eancia. \u00a0 Design impressionante no exterior do Peugeot 408. O Peugeot 408 caracteriza-se [&hellip;]","og_url":"https:\/\/motorpor.pt\/fr\/novo-peugeot-408\/","og_site_name":"Motorpor","article_published_time":"2023-06-30T09:23:58+00:00","article_modified_time":"2023-06-30T11:09:43+00:00","og_image":[{"width":929,"height":691,"url":"https:\/\/motorpor.pt\/wp-content\/uploads\/2023\/06\/Capturarpeugeot.JPG","type":"image\/jpeg"}],"author":"mktmotorpor","twitter_card":"summary_large_image","twitter_misc":{"\u00c9crit par":"mktmotorpor","Dur\u00e9e de lecture estim\u00e9e":"2 minutes"},"schema":{"@context":"https:\/\/schema.org","@graph":[{"@type":"Article","@id":"https:\/\/motorpor.pt\/novo-peugeot-408\/#article","isPartOf":{"@id":"https:\/\/motorpor.pt\/novo-peugeot-408\/"},"author":{"name":"mktmotorpor","@id":"https:\/\/motorpor.pt\/#\/schema\/person\/b4bf07144e88efed7388a5af30522db7"},"headline":"Novo Peugeot 408","datePublished":"2023-06-30T09:23:58+00:00","dateModified":"2023-06-30T11:09:43+00:00","mainEntityOfPage":{"@id":"https:\/\/motorpor.pt\/novo-peugeot-408\/"},"wordCount":363,"publisher":{"@id":"https:\/\/motorpor.pt\/#organization"},"image":{"@id":"https:\/\/motorpor.pt\/novo-peugeot-408\/#primaryimage"},"thumbnailUrl":"https:\/\/motorpor.pt\/wp-content\/uploads\/2023\/06\/Capturarpeugeot.JPG","articleSection":["Atualidade","Not\u00edcias"],"inLanguage":"fr-FR"},{"@type":"WebPage","@id":"https:\/\/motorpor.pt\/novo-peugeot-408\/","url":"https:\/\/motorpor.pt\/novo-peugeot-408\/","name":"Novo Peugeot 408 - Motorpor","isPartOf":{"@id":"https:\/\/motorpor.pt\/#website"},"primaryImageOfPage":{"@id":"https:\/\/motorpor.pt\/novo-peugeot-408\/#primaryimage"},"image":{"@id":"https:\/\/motorpor.pt\/novo-peugeot-408\/#primaryimage"},"thumbnailUrl":"https:\/\/motorpor.pt\/wp-content\/uploads\/2023\/06\/Capturarpeugeot.JPG","datePublished":"2023-06-30T09:23:58+00:00","dateModified":"2023-06-30T11:09:43+00:00","breadcrumb":{"@id":"https:\/\/motorpor.pt\/novo-peugeot-408\/#breadcrumb"},"inLanguage":"fr-FR","potentialAction":[{"@type":"ReadAction","target":["https:\/\/motorpor.pt\/novo-peugeot-408\/"]}]},{"@type":"ImageObject","inLanguage":"fr-FR","@id":"https:\/\/motorpor.pt\/novo-peugeot-408\/#primaryimage","url":"https:\/\/motorpor.pt\/wp-content\/uploads\/2023\/06\/Capturarpeugeot.JPG","contentUrl":"https:\/\/motorpor.pt\/wp-content\/uploads\/2023\/06\/Capturarpeugeot.JPG","width":929,"height":691},{"@type":"BreadcrumbList","@id":"https:\/\/motorpor.pt\/novo-peugeot-408\/#breadcrumb","itemListElement":[{"@type":"ListItem","position":1,"name":"In\u00edcio","item":"https:\/\/motorpor.pt\/"},{"@type":"ListItem","position":2,"name":"Novo Peugeot 408"}]},{"@type":"WebSite","@id":"https:\/\/motorpor.pt\/#website","url":"https:\/\/motorpor.pt\/","name":"motorpor","description":"Comercio de Autom\u00f3veis Multimarcas","publisher":{"@id":"https:\/\/motorpor.pt\/#organization"},"potentialAction":[{"@type":"SearchAction","target":{"@type":"EntryPoint","urlTemplate":"https:\/\/motorpor.pt\/?s={search_term_string}"},"query-input":{"@type":"PropertyValueSpecification","valueRequired":true,"valueName":"search_term_string"}}],"inLanguage":"fr-FR"},{"@type":"Organization","@id":"https:\/\/motorpor.pt\/#organization","name":"motorpor","alternateName":"Motorpor","url":"https:\/\/motorpor.pt\/","logo":{"@type":"ImageObject","inLanguage":"fr-FR","@id":"https:\/\/motorpor.pt\/#\/schema\/logo\/image\/","url":"https:\/\/motorpor.pt\/wp-content\/uploads\/2024\/07\/Logo-Motorpor-Preto.svg","contentUrl":"https:\/\/motorpor.pt\/wp-content\/uploads\/2024\/07\/Logo-Motorpor-Preto.svg","width":493,"height":93,"caption":"Motorpor"},"image":{"@id":"https:\/\/motorpor.pt\/#\/schema\/logo\/image\/"},"sameAs":["https:\/\/www.linkedin.com\/company\/grupo-motorpor"]},{"@type":"Person","@id":"https:\/\/motorpor.pt\/#\/schema\/person\/b4bf07144e88efed7388a5af30522db7","name":"mktmotorpor","image":{"@type":"ImageObject","inLanguage":"fr-FR","@id":"https:\/\/secure.gravatar.com\/avatar\/8418b61b3175dbba0a8744cf0ee6bb5c7a9f6c67f1dbc4f41a62d7b9738259a2?s=96&d=mm&r=g","url":"https:\/\/secure.gravatar.com\/avatar\/8418b61b3175dbba0a8744cf0ee6bb5c7a9f6c67f1dbc4f41a62d7b9738259a2?s=96&d=mm&r=g","contentUrl":"https:\/\/secure.gravatar.com\/avatar\/8418b61b3175dbba0a8744cf0ee6bb5c7a9f6c67f1dbc4f41a62d7b9738259a2?s=96&d=mm&r=g","caption":"mktmotorpor"},"url":"https:\/\/motorpor.pt\/fr\/user\/mktmotorpor\/"}]}},"_links":{"self":[{"href":"https:\/\/motorpor.pt\/fr\/wp-json\/wp\/v2\/posts\/41510","targetHints":{"allow":["GET"]}}],"collection":[{"href":"https:\/\/motorpor.pt\/fr\/wp-json\/wp\/v2\/posts"}],"about":[{"href":"https:\/\/motorpor.pt\/fr\/wp-json\/wp\/v2\/types\/post"}],"author":[{"embeddable":true,"href":"https:\/\/motorpor.pt\/fr\/wp-json\/wp\/v2\/users\/85"}],"replies":[{"embeddable":true,"href":"https:\/\/motorpor.pt\/fr\/wp-json\/wp\/v2\/comments?post=41510"}],"version-history":[{"count":1,"href":"https:\/\/motorpor.pt\/fr\/wp-json\/wp\/v2\/posts\/41510\/revisions"}],"predecessor-version":[{"id":41511,"href":"https:\/\/motorpor.pt\/fr\/wp-json\/wp\/v2\/posts\/41510\/revisions\/41511"}],"wp:featuredmedia":[{"embeddable":true,"href":"https:\/\/motorpor.pt\/fr\/wp-json\/wp\/v2\/media\/41509"}],"wp:attachment":[{"href":"https:\/\/motorpor.pt\/fr\/wp-json\/wp\/v2\/media?parent=41510"}],"wp:term":[{"taxonomy":"category","embeddable":true,"href":"https:\/\/motorpor.pt\/fr\/wp-json\/wp\/v2\/categories?post=41510"},{"taxonomy":"post_tag","embeddable":true,"href":"https:\/\/motorpor.pt\/fr\/wp-json\/wp\/v2\/tags?post=41510"}],"curies":[{"name":"wp","href":"https:\/\/api.w.org\/{rel}","templated":true}]}}