{"id":419000,"date":"2026-01-23T11:12:27","date_gmt":"2026-01-23T10:12:27","guid":{"rendered":"https:\/\/motorpor.pt\/o-leao-chegou\/"},"modified":"2026-01-27T00:26:51","modified_gmt":"2026-01-26T23:26:51","slug":"o-leao-chegou","status":"publish","type":"post","link":"https:\/\/motorpor.pt\/fr\/o-leao-chegou\/","title":{"rendered":"O Le\u00e3o Chegou"},"content":{"rendered":"<p><strong>Conhe\u00e7a o novo 308 ao vivo, em exclusivo na MOTORPOR num evento especial.<\/strong><\/p>\n<p>De 29 a 31 de janeiro, as nossas instala\u00e7\u00f5es est\u00e3o de portas abertas para si. Esta \u00e9 a oportunidade ideal para conhecer ao vivo e conduzir o novo PEUGEOT 308, um modelo que alia design arrojado, tecnologia de \u00faltima gera\u00e7\u00e3o e uma experi\u00eancia de condu\u00e7\u00e3o envolvente.<\/p>\n<p><strong>Durante estes tr\u00eas dias, poder\u00e1:<\/strong><br \/>\n\u00b7 Conhecer todos os detalhes do novo PEUGEOT 308;<br \/>\n\u00b7 Fazer o seu Test Drive com acompanhamento especializado;<br \/>\n. Esclarecer d\u00favidas sobre vers\u00f5es, equipamentos e solu\u00e7\u00f5es de financiamento;<br \/>\n\u00b7 Viver a experi\u00eancia PEUGEOT num ambiente pr\u00f3ximo e personalizado.<\/p>\n<p>A participa\u00e7\u00e3o \u00e9 gratuita, mas sujeita a marca\u00e7\u00e3o pr\u00e9via e disponibilidade.<\/p>\n<p>O evento ir\u00e1 decorrer nas nossas instala\u00e7\u00f5es de \u00c9vora, Beja, Sines e Faro.<\/p>\n<p>Garanta j\u00e1 a sua vaga e escolha o local mais conveniente no formul\u00e1rio nesta p\u00e1gina, e entraremos em contacto.<\/p>","protected":false},"excerpt":{"rendered":"<p>Conhe\u00e7a o novo 308 ao vivo, em exclusivo na MOTORPOR num evento especial. De 29 a 31 de janeiro, as nossas instala\u00e7\u00f5es est\u00e3o de portas abertas para si. Esta \u00e9 a oportunidade ideal para conhecer ao vivo e conduzir o novo PEUGEOT 308, um modelo que alia design arrojado, tecnologia de \u00faltima gera\u00e7\u00e3o e uma [&hellip;]<\/p>\n","protected":false},"author":85,"featured_media":419323,"comment_status":"closed","ping_status":"open","sticky":false,"template":"","format":"standard","meta":{"_acf_changed":false,"footnotes":""},"categories":[2592,3094],"tags":[],"class_list":["post-419000","post","type-post","status-publish","format-standard","has-post-thumbnail","hentry","category-noticias","category-noticias-peugeot"],"acf":[],"yoast_head":"<!-- This site is optimized with the Yoast SEO plugin v27.5 - https:\/\/yoast.com\/product\/yoast-seo-wordpress\/ -->\n<title>O Le\u00e3o Chegou - Motorpor<\/title>\n<meta name=\"robots\" content=\"index, follow, max-snippet:-1, max-image-preview:large, max-video-preview:-1\" \/>\n<link rel=\"canonical\" href=\"https:\/\/motorpor.pt\/fr\/o-leao-chegou\/\" \/>\n<meta property=\"og:locale\" content=\"fr_FR\" \/>\n<meta property=\"og:type\" content=\"article\" \/>\n<meta property=\"og:title\" content=\"O Le\u00e3o Chegou - Motorpor\" \/>\n<meta property=\"og:description\" content=\"Conhe\u00e7a o novo 308 ao vivo, em exclusivo na MOTORPOR num evento especial. De 29 a 31 de janeiro, as nossas instala\u00e7\u00f5es est\u00e3o de portas abertas para si. Esta \u00e9 a oportunidade ideal para conhecer ao vivo e conduzir o novo PEUGEOT 308, um modelo que alia design arrojado, tecnologia de \u00faltima gera\u00e7\u00e3o e uma [&hellip;]\" \/>\n<meta property=\"og:url\" content=\"https:\/\/motorpor.pt\/fr\/o-leao-chegou\/\" \/>\n<meta property=\"og:site_name\" content=\"Motorpor\" \/>\n<meta property=\"article:published_time\" content=\"2026-01-23T10:12:27+00:00\" \/>\n<meta property=\"article:modified_time\" content=\"2026-01-26T23:26:51+00:00\" \/>\n<meta property=\"og:image\" content=\"https:\/\/motorpor.pt\/wp-content\/uploads\/2026\/01\/MOTORPOR-Peugeot-Lancamento-308-noticia-1-a.png\" \/>\n\t<meta property=\"og:image:width\" content=\"763\" \/>\n\t<meta property=\"og:image:height\" content=\"413\" \/>\n\t<meta property=\"og:image:type\" content=\"image\/png\" \/>\n<meta name=\"author\" content=\"mktmotorpor\" \/>\n<meta name=\"twitter:card\" content=\"summary_large_image\" \/>\n<meta name=\"twitter:label1\" content=\"\u00c9crit par\" \/>\n\t<meta name=\"twitter:data1\" content=\"mktmotorpor\" \/>\n\t<meta name=\"twitter:label2\" content=\"Dur\u00e9e de lecture estim\u00e9e\" \/>\n\t<meta name=\"twitter:data2\" content=\"1 minute\" \/>\n<script type=\"application\/ld+json\" class=\"yoast-schema-graph\">{\"@context\":\"https:\\\/\\\/schema.org\",\"@graph\":[{\"@type\":\"Article\",\"@id\":\"https:\\\/\\\/motorpor.pt\\\/o-leao-chegou\\\/#article\",\"isPartOf\":{\"@id\":\"https:\\\/\\\/motorpor.pt\\\/o-leao-chegou\\\/\"},\"author\":{\"name\":\"mktmotorpor\",\"@id\":\"https:\\\/\\\/motorpor.pt\\\/#\\\/schema\\\/person\\\/b4bf07144e88efed7388a5af30522db7\"},\"headline\":\"O Le\u00e3o Chegou\",\"datePublished\":\"2026-01-23T10:12:27+00:00\",\"dateModified\":\"2026-01-26T23:26:51+00:00\",\"mainEntityOfPage\":{\"@id\":\"https:\\\/\\\/motorpor.pt\\\/o-leao-chegou\\\/\"},\"wordCount\":156,\"publisher\":{\"@id\":\"https:\\\/\\\/motorpor.pt\\\/#organization\"},\"image\":{\"@id\":\"https:\\\/\\\/motorpor.pt\\\/o-leao-chegou\\\/#primaryimage\"},\"thumbnailUrl\":\"https:\\\/\\\/motorpor.pt\\\/wp-content\\\/uploads\\\/2026\\\/01\\\/MOTORPOR-Peugeot-Lancamento-308-noticia-1-a.png\",\"articleSection\":[\"Not\u00edcias\",\"Not\u00edcias Peugeot\"],\"inLanguage\":\"fr-FR\"},{\"@type\":\"WebPage\",\"@id\":\"https:\\\/\\\/motorpor.pt\\\/o-leao-chegou\\\/\",\"url\":\"https:\\\/\\\/motorpor.pt\\\/o-leao-chegou\\\/\",\"name\":\"O Le\u00e3o Chegou - Motorpor\",\"isPartOf\":{\"@id\":\"https:\\\/\\\/motorpor.pt\\\/#website\"},\"primaryImageOfPage\":{\"@id\":\"https:\\\/\\\/motorpor.pt\\\/o-leao-chegou\\\/#primaryimage\"},\"image\":{\"@id\":\"https:\\\/\\\/motorpor.pt\\\/o-leao-chegou\\\/#primaryimage\"},\"thumbnailUrl\":\"https:\\\/\\\/motorpor.pt\\\/wp-content\\\/uploads\\\/2026\\\/01\\\/MOTORPOR-Peugeot-Lancamento-308-noticia-1-a.png\",\"datePublished\":\"2026-01-23T10:12:27+00:00\",\"dateModified\":\"2026-01-26T23:26:51+00:00\",\"breadcrumb\":{\"@id\":\"https:\\\/\\\/motorpor.pt\\\/o-leao-chegou\\\/#breadcrumb\"},\"inLanguage\":\"fr-FR\",\"potentialAction\":[{\"@type\":\"ReadAction\",\"target\":[\"https:\\\/\\\/motorpor.pt\\\/o-leao-chegou\\\/\"]}]},{\"@type\":\"ImageObject\",\"inLanguage\":\"fr-FR\",\"@id\":\"https:\\\/\\\/motorpor.pt\\\/o-leao-chegou\\\/#primaryimage\",\"url\":\"https:\\\/\\\/motorpor.pt\\\/wp-content\\\/uploads\\\/2026\\\/01\\\/MOTORPOR-Peugeot-Lancamento-308-noticia-1-a.png\",\"contentUrl\":\"https:\\\/\\\/motorpor.pt\\\/wp-content\\\/uploads\\\/2026\\\/01\\\/MOTORPOR-Peugeot-Lancamento-308-noticia-1-a.png\",\"width\":763,\"height\":413},{\"@type\":\"BreadcrumbList\",\"@id\":\"https:\\\/\\\/motorpor.pt\\\/o-leao-chegou\\\/#breadcrumb\",\"itemListElement\":[{\"@type\":\"ListItem\",\"position\":1,\"name\":\"In\u00edcio\",\"item\":\"https:\\\/\\\/motorpor.pt\\\/\"},{\"@type\":\"ListItem\",\"position\":2,\"name\":\"O Le\u00e3o Chegou\"}]},{\"@type\":\"WebSite\",\"@id\":\"https:\\\/\\\/motorpor.pt\\\/#website\",\"url\":\"https:\\\/\\\/motorpor.pt\\\/\",\"name\":\"Motorpor\",\"description\":\"Comercio de Autom\u00f3veis Multimarcas\",\"publisher\":{\"@id\":\"https:\\\/\\\/motorpor.pt\\\/#organization\"},\"potentialAction\":[{\"@type\":\"SearchAction\",\"target\":{\"@type\":\"EntryPoint\",\"urlTemplate\":\"https:\\\/\\\/motorpor.pt\\\/?s={search_term_string}\"},\"query-input\":{\"@type\":\"PropertyValueSpecification\",\"valueRequired\":true,\"valueName\":\"search_term_string\"}}],\"inLanguage\":\"fr-FR\"},{\"@type\":\"Organization\",\"@id\":\"https:\\\/\\\/motorpor.pt\\\/#organization\",\"name\":\"Motorpor\",\"alternateName\":\"Motorpor\",\"url\":\"https:\\\/\\\/motorpor.pt\\\/\",\"logo\":{\"@type\":\"ImageObject\",\"inLanguage\":\"fr-FR\",\"@id\":\"https:\\\/\\\/motorpor.pt\\\/#\\\/schema\\\/logo\\\/image\\\/\",\"url\":\"https:\\\/\\\/motorpor.pt\\\/wp-content\\\/uploads\\\/2024\\\/07\\\/Logo-Motorpor-Preto.svg\",\"contentUrl\":\"https:\\\/\\\/motorpor.pt\\\/wp-content\\\/uploads\\\/2024\\\/07\\\/Logo-Motorpor-Preto.svg\",\"width\":493,\"height\":93,\"caption\":\"Motorpor\"},\"image\":{\"@id\":\"https:\\\/\\\/motorpor.pt\\\/#\\\/schema\\\/logo\\\/image\\\/\"},\"sameAs\":[\"https:\\\/\\\/www.linkedin.com\\\/company\\\/grupo-motorpor\"]},{\"@type\":\"Person\",\"@id\":\"https:\\\/\\\/motorpor.pt\\\/#\\\/schema\\\/person\\\/b4bf07144e88efed7388a5af30522db7\",\"name\":\"mktmotorpor\",\"image\":{\"@type\":\"ImageObject\",\"inLanguage\":\"fr-FR\",\"@id\":\"https:\\\/\\\/secure.gravatar.com\\\/avatar\\\/8418b61b3175dbba0a8744cf0ee6bb5c7a9f6c67f1dbc4f41a62d7b9738259a2?s=96&d=mm&r=g\",\"url\":\"https:\\\/\\\/secure.gravatar.com\\\/avatar\\\/8418b61b3175dbba0a8744cf0ee6bb5c7a9f6c67f1dbc4f41a62d7b9738259a2?s=96&d=mm&r=g\",\"contentUrl\":\"https:\\\/\\\/secure.gravatar.com\\\/avatar\\\/8418b61b3175dbba0a8744cf0ee6bb5c7a9f6c67f1dbc4f41a62d7b9738259a2?s=96&d=mm&r=g\",\"caption\":\"mktmotorpor\"},\"url\":\"https:\\\/\\\/motorpor.pt\\\/fr\\\/user\\\/mktmotorpor\\\/\"}]}<\/script>\n<!-- \/ Yoast SEO plugin. -->","yoast_head_json":{"title":"O Le\u00e3o Chegou - Motorpor","robots":{"index":"index","follow":"follow","max-snippet":"max-snippet:-1","max-image-preview":"max-image-preview:large","max-video-preview":"max-video-preview:-1"},"canonical":"https:\/\/motorpor.pt\/fr\/o-leao-chegou\/","og_locale":"fr_FR","og_type":"article","og_title":"O Le\u00e3o Chegou - Motorpor","og_description":"Conhe\u00e7a o novo 308 ao vivo, em exclusivo na MOTORPOR num evento especial. De 29 a 31 de janeiro, as nossas instala\u00e7\u00f5es est\u00e3o de portas abertas para si. Esta \u00e9 a oportunidade ideal para conhecer ao vivo e conduzir o novo PEUGEOT 308, um modelo que alia design arrojado, tecnologia de \u00faltima gera\u00e7\u00e3o e uma [&hellip;]","og_url":"https:\/\/motorpor.pt\/fr\/o-leao-chegou\/","og_site_name":"Motorpor","article_published_time":"2026-01-23T10:12:27+00:00","article_modified_time":"2026-01-26T23:26:51+00:00","og_image":[{"width":763,"height":413,"url":"https:\/\/motorpor.pt\/wp-content\/uploads\/2026\/01\/MOTORPOR-Peugeot-Lancamento-308-noticia-1-a.png","type":"image\/png"}],"author":"mktmotorpor","twitter_card":"summary_large_image","twitter_misc":{"\u00c9crit par":"mktmotorpor","Dur\u00e9e de lecture estim\u00e9e":"1 minute"},"schema":{"@context":"https:\/\/schema.org","@graph":[{"@type":"Article","@id":"https:\/\/motorpor.pt\/o-leao-chegou\/#article","isPartOf":{"@id":"https:\/\/motorpor.pt\/o-leao-chegou\/"},"author":{"name":"mktmotorpor","@id":"https:\/\/motorpor.pt\/#\/schema\/person\/b4bf07144e88efed7388a5af30522db7"},"headline":"O Le\u00e3o Chegou","datePublished":"2026-01-23T10:12:27+00:00","dateModified":"2026-01-26T23:26:51+00:00","mainEntityOfPage":{"@id":"https:\/\/motorpor.pt\/o-leao-chegou\/"},"wordCount":156,"publisher":{"@id":"https:\/\/motorpor.pt\/#organization"},"image":{"@id":"https:\/\/motorpor.pt\/o-leao-chegou\/#primaryimage"},"thumbnailUrl":"https:\/\/motorpor.pt\/wp-content\/uploads\/2026\/01\/MOTORPOR-Peugeot-Lancamento-308-noticia-1-a.png","articleSection":["Not\u00edcias","Not\u00edcias Peugeot"],"inLanguage":"fr-FR"},{"@type":"WebPage","@id":"https:\/\/motorpor.pt\/o-leao-chegou\/","url":"https:\/\/motorpor.pt\/o-leao-chegou\/","name":"O Le\u00e3o Chegou - Motorpor","isPartOf":{"@id":"https:\/\/motorpor.pt\/#website"},"primaryImageOfPage":{"@id":"https:\/\/motorpor.pt\/o-leao-chegou\/#primaryimage"},"image":{"@id":"https:\/\/motorpor.pt\/o-leao-chegou\/#primaryimage"},"thumbnailUrl":"https:\/\/motorpor.pt\/wp-content\/uploads\/2026\/01\/MOTORPOR-Peugeot-Lancamento-308-noticia-1-a.png","datePublished":"2026-01-23T10:12:27+00:00","dateModified":"2026-01-26T23:26:51+00:00","breadcrumb":{"@id":"https:\/\/motorpor.pt\/o-leao-chegou\/#breadcrumb"},"inLanguage":"fr-FR","potentialAction":[{"@type":"ReadAction","target":["https:\/\/motorpor.pt\/o-leao-chegou\/"]}]},{"@type":"ImageObject","inLanguage":"fr-FR","@id":"https:\/\/motorpor.pt\/o-leao-chegou\/#primaryimage","url":"https:\/\/motorpor.pt\/wp-content\/uploads\/2026\/01\/MOTORPOR-Peugeot-Lancamento-308-noticia-1-a.png","contentUrl":"https:\/\/motorpor.pt\/wp-content\/uploads\/2026\/01\/MOTORPOR-Peugeot-Lancamento-308-noticia-1-a.png","width":763,"height":413},{"@type":"BreadcrumbList","@id":"https:\/\/motorpor.pt\/o-leao-chegou\/#breadcrumb","itemListElement":[{"@type":"ListItem","position":1,"name":"In\u00edcio","item":"https:\/\/motorpor.pt\/"},{"@type":"ListItem","position":2,"name":"O Le\u00e3o Chegou"}]},{"@type":"WebSite","@id":"https:\/\/motorpor.pt\/#website","url":"https:\/\/motorpor.pt\/","name":"motorpor","description":"Comercio de Autom\u00f3veis Multimarcas","publisher":{"@id":"https:\/\/motorpor.pt\/#organization"},"potentialAction":[{"@type":"SearchAction","target":{"@type":"EntryPoint","urlTemplate":"https:\/\/motorpor.pt\/?s={search_term_string}"},"query-input":{"@type":"PropertyValueSpecification","valueRequired":true,"valueName":"search_term_string"}}],"inLanguage":"fr-FR"},{"@type":"Organization","@id":"https:\/\/motorpor.pt\/#organization","name":"motorpor","alternateName":"Motorpor","url":"https:\/\/motorpor.pt\/","logo":{"@type":"ImageObject","inLanguage":"fr-FR","@id":"https:\/\/motorpor.pt\/#\/schema\/logo\/image\/","url":"https:\/\/motorpor.pt\/wp-content\/uploads\/2024\/07\/Logo-Motorpor-Preto.svg","contentUrl":"https:\/\/motorpor.pt\/wp-content\/uploads\/2024\/07\/Logo-Motorpor-Preto.svg","width":493,"height":93,"caption":"Motorpor"},"image":{"@id":"https:\/\/motorpor.pt\/#\/schema\/logo\/image\/"},"sameAs":["https:\/\/www.linkedin.com\/company\/grupo-motorpor"]},{"@type":"Person","@id":"https:\/\/motorpor.pt\/#\/schema\/person\/b4bf07144e88efed7388a5af30522db7","name":"mktmotorpor","image":{"@type":"ImageObject","inLanguage":"fr-FR","@id":"https:\/\/secure.gravatar.com\/avatar\/8418b61b3175dbba0a8744cf0ee6bb5c7a9f6c67f1dbc4f41a62d7b9738259a2?s=96&d=mm&r=g","url":"https:\/\/secure.gravatar.com\/avatar\/8418b61b3175dbba0a8744cf0ee6bb5c7a9f6c67f1dbc4f41a62d7b9738259a2?s=96&d=mm&r=g","contentUrl":"https:\/\/secure.gravatar.com\/avatar\/8418b61b3175dbba0a8744cf0ee6bb5c7a9f6c67f1dbc4f41a62d7b9738259a2?s=96&d=mm&r=g","caption":"mktmotorpor"},"url":"https:\/\/motorpor.pt\/fr\/user\/mktmotorpor\/"}]}},"_links":{"self":[{"href":"https:\/\/motorpor.pt\/fr\/wp-json\/wp\/v2\/posts\/419000","targetHints":{"allow":["GET"]}}],"collection":[{"href":"https:\/\/motorpor.pt\/fr\/wp-json\/wp\/v2\/posts"}],"about":[{"href":"https:\/\/motorpor.pt\/fr\/wp-json\/wp\/v2\/types\/post"}],"author":[{"embeddable":true,"href":"https:\/\/motorpor.pt\/fr\/wp-json\/wp\/v2\/users\/85"}],"replies":[{"embeddable":true,"href":"https:\/\/motorpor.pt\/fr\/wp-json\/wp\/v2\/comments?post=419000"}],"version-history":[{"count":3,"href":"https:\/\/motorpor.pt\/fr\/wp-json\/wp\/v2\/posts\/419000\/revisions"}],"predecessor-version":[{"id":419006,"href":"https:\/\/motorpor.pt\/fr\/wp-json\/wp\/v2\/posts\/419000\/revisions\/419006"}],"wp:featuredmedia":[{"embeddable":true,"href":"https:\/\/motorpor.pt\/fr\/wp-json\/wp\/v2\/media\/419323"}],"wp:attachment":[{"href":"https:\/\/motorpor.pt\/fr\/wp-json\/wp\/v2\/media?parent=419000"}],"wp:term":[{"taxonomy":"category","embeddable":true,"href":"https:\/\/motorpor.pt\/fr\/wp-json\/wp\/v2\/categories?post=419000"},{"taxonomy":"post_tag","embeddable":true,"href":"https:\/\/motorpor.pt\/fr\/wp-json\/wp\/v2\/tags?post=419000"}],"curies":[{"name":"wp","href":"https:\/\/api.w.org\/{rel}","templated":true}]}}