{"id":427497,"date":"2026-01-29T13:46:45","date_gmt":"2026-01-29T12:46:45","guid":{"rendered":"https:\/\/motorpor.pt\/novo-mitsubishi-grandis-o-suv-hibrido-pensado-para-toda-a-familia\/"},"modified":"2026-01-29T17:18:28","modified_gmt":"2026-01-29T16:18:28","slug":"novo-mitsubishi-grandis-o-suv-hibrido-pensado-para-toda-a-familia","status":"publish","type":"post","link":"https:\/\/motorpor.pt\/fr\/novo-mitsubishi-grandis-o-suv-hibrido-pensado-para-toda-a-familia\/","title":{"rendered":"Novo Mitsubishi Grandis: o SUV h\u00edbrido pensado para toda a fam\u00edlia"},"content":{"rendered":"<p><strong>Novo Mitsubishi Grandis: o SUV h\u00edbrido pensado para toda a fam\u00edlia<\/strong><br \/>\n\u00a0<br \/>\nO Mitsubishi Grandis est\u00e1 de volta com uma nova identidade e uma miss\u00e3o clara: responder \u00e0s exig\u00eancias da mobilidade moderna. Agora reinventado como SUV h\u00edbrido familiar, o novo Grandis combina efici\u00eancia, espa\u00e7o e tecnologia avan\u00e7ada, mantendo o ADN robusto e fi\u00e1vel que distingue a Mitsubishi.<br \/>\n\u00a0<br \/>\nO novo Mitsubishi Grandis destaca-se por um design contempor\u00e2neo e expressivo, inspirado na mais recente linguagem est\u00e9tica da marca. A frente com assinatura Dynamic Shield, as \u00f3ticas LED e as propor\u00e7\u00f5es equilibradas conferem-lhe uma presen\u00e7a forte e confiante em estrada.<br \/>\n\u00a0<br \/>\nCada detalhe foi pensado para aliar est\u00e9tica e funcionalidade, resultando num SUV que se adapta tanto ao ambiente urbano como a viagens de longa dist\u00e2ncia.<br \/>\n\u00a0<br \/>\nO interior do Mitsubishi Grandis foi concebido para oferecer m\u00e1ximo conforto e flexibilidade. O habit\u00e1culo espa\u00e7oso acomoda confortavelmente todos os ocupantes, enquanto a bagageira generosa e os bancos traseiros rebat\u00edveis garantem uma elevada capacidade de carga.<br \/>\n\u00a0<br \/>\nAo n\u00edvel da tecnologia, o novo Grandis est\u00e1 equipado com um conjunto de sistemas avan\u00e7ados de assist\u00eancia ao condutor: travagem autom\u00e1tica de emerg\u00eancia, assistente de manuten\u00e7\u00e3o de faixa, cruise control adaptativo e sistema de monitoriza\u00e7\u00e3o do \u00e2ngulo morto.<br \/>\n\u00a0<br \/>\nVenha j\u00e1 testar este novo SUV e perceba o porqu\u00ea de ser a viatura ideal para a sua fam\u00edlia!<br \/>\n\u00a0<br \/>\n<strong>Desde 31.990\u20ac e com 8 anos de garantia*.<\/strong><\/p>\n<p>*Garantia at\u00e9 8 anos ou 160.000km, conforme o que ocorra primeiro. Na realiza\u00e7\u00e3o da manuten\u00e7\u00e3o programada na rede autorizada Mitsubishi, \u00e0 Garantia de f\u00e1brica Mitsubishi de 5 anos\/100.000km somar\u00e1 uma cobertura adicional de 12 meses\/20.000km, renov\u00e1vel por igual per\u00edodo a cada manuten\u00e7\u00e3o programada da viatura num Reparador Autorizado, at\u00e9 um total de 3 anos\/60.000km. Condi\u00e7\u00f5es sob consulta.<\/p>","protected":false},"excerpt":{"rendered":"<p>Novo Mitsubishi Grandis: o SUV h\u00edbrido pensado para toda a fam\u00edlia \u00a0 O Mitsubishi Grandis est\u00e1 de volta com uma nova identidade e uma miss\u00e3o clara: responder \u00e0s exig\u00eancias da mobilidade moderna. Agora reinventado como SUV h\u00edbrido familiar, o novo Grandis combina efici\u00eancia, espa\u00e7o e tecnologia avan\u00e7ada, mantendo o ADN robusto e fi\u00e1vel que distingue [&hellip;]<\/p>\n","protected":false},"author":85,"featured_media":427509,"comment_status":"closed","ping_status":"open","sticky":false,"template":"","format":"standard","meta":{"_acf_changed":false,"footnotes":""},"categories":[2495,3165],"tags":[],"class_list":["post-427497","post","type-post","status-publish","format-standard","has-post-thumbnail","hentry","category-campanhas","category-mitsubishi"],"acf":[],"yoast_head":"<!-- This site is optimized with the Yoast SEO plugin v27.5 - https:\/\/yoast.com\/product\/yoast-seo-wordpress\/ -->\n<title>Novo Mitsubishi Grandis: o SUV h\u00edbrido pensado para toda a fam\u00edlia - Motorpor<\/title>\n<meta name=\"robots\" content=\"index, follow, max-snippet:-1, max-image-preview:large, max-video-preview:-1\" \/>\n<link rel=\"canonical\" href=\"https:\/\/motorpor.pt\/fr\/novo-mitsubishi-grandis-o-suv-hibrido-pensado-para-toda-a-familia\/\" \/>\n<meta property=\"og:locale\" content=\"fr_FR\" \/>\n<meta property=\"og:type\" content=\"article\" \/>\n<meta property=\"og:title\" content=\"Novo Mitsubishi Grandis: o SUV h\u00edbrido pensado para toda a fam\u00edlia - Motorpor\" \/>\n<meta property=\"og:description\" content=\"Novo Mitsubishi Grandis: o SUV h\u00edbrido pensado para toda a fam\u00edlia \u00a0 O Mitsubishi Grandis est\u00e1 de volta com uma nova identidade e uma miss\u00e3o clara: responder \u00e0s exig\u00eancias da mobilidade moderna. Agora reinventado como SUV h\u00edbrido familiar, o novo Grandis combina efici\u00eancia, espa\u00e7o e tecnologia avan\u00e7ada, mantendo o ADN robusto e fi\u00e1vel que distingue [&hellip;]\" \/>\n<meta property=\"og:url\" content=\"https:\/\/motorpor.pt\/fr\/novo-mitsubishi-grandis-o-suv-hibrido-pensado-para-toda-a-familia\/\" \/>\n<meta property=\"og:site_name\" content=\"Motorpor\" \/>\n<meta property=\"article:published_time\" content=\"2026-01-29T12:46:45+00:00\" \/>\n<meta property=\"article:modified_time\" content=\"2026-01-29T16:18:28+00:00\" \/>\n<meta property=\"og:image\" content=\"https:\/\/motorpor.pt\/wp-content\/uploads\/2026\/01\/Grandis-1.png\" \/>\n\t<meta property=\"og:image:width\" content=\"767\" \/>\n\t<meta property=\"og:image:height\" content=\"427\" \/>\n\t<meta property=\"og:image:type\" content=\"image\/png\" \/>\n<meta name=\"author\" content=\"mktmotorpor\" \/>\n<meta name=\"twitter:card\" content=\"summary_large_image\" \/>\n<meta name=\"twitter:label1\" content=\"\u00c9crit par\" \/>\n\t<meta name=\"twitter:data1\" content=\"mktmotorpor\" \/>\n\t<meta name=\"twitter:label2\" content=\"Dur\u00e9e de lecture estim\u00e9e\" \/>\n\t<meta name=\"twitter:data2\" content=\"2 minutes\" \/>\n<script type=\"application\/ld+json\" class=\"yoast-schema-graph\">{\"@context\":\"https:\\\/\\\/schema.org\",\"@graph\":[{\"@type\":\"Article\",\"@id\":\"https:\\\/\\\/motorpor.pt\\\/novo-mitsubishi-grandis-o-suv-hibrido-pensado-para-toda-a-familia\\\/#article\",\"isPartOf\":{\"@id\":\"https:\\\/\\\/motorpor.pt\\\/novo-mitsubishi-grandis-o-suv-hibrido-pensado-para-toda-a-familia\\\/\"},\"author\":{\"name\":\"mktmotorpor\",\"@id\":\"https:\\\/\\\/motorpor.pt\\\/#\\\/schema\\\/person\\\/b4bf07144e88efed7388a5af30522db7\"},\"headline\":\"Novo Mitsubishi Grandis: o SUV h\u00edbrido pensado para toda a fam\u00edlia\",\"datePublished\":\"2026-01-29T12:46:45+00:00\",\"dateModified\":\"2026-01-29T16:18:28+00:00\",\"mainEntityOfPage\":{\"@id\":\"https:\\\/\\\/motorpor.pt\\\/novo-mitsubishi-grandis-o-suv-hibrido-pensado-para-toda-a-familia\\\/\"},\"wordCount\":322,\"publisher\":{\"@id\":\"https:\\\/\\\/motorpor.pt\\\/#organization\"},\"image\":{\"@id\":\"https:\\\/\\\/motorpor.pt\\\/novo-mitsubishi-grandis-o-suv-hibrido-pensado-para-toda-a-familia\\\/#primaryimage\"},\"thumbnailUrl\":\"https:\\\/\\\/motorpor.pt\\\/wp-content\\\/uploads\\\/2026\\\/01\\\/Grandis-1.png\",\"articleSection\":[\"Campanhas\",\"Mitsubishi\"],\"inLanguage\":\"fr-FR\"},{\"@type\":\"WebPage\",\"@id\":\"https:\\\/\\\/motorpor.pt\\\/novo-mitsubishi-grandis-o-suv-hibrido-pensado-para-toda-a-familia\\\/\",\"url\":\"https:\\\/\\\/motorpor.pt\\\/novo-mitsubishi-grandis-o-suv-hibrido-pensado-para-toda-a-familia\\\/\",\"name\":\"Novo Mitsubishi Grandis: o SUV h\u00edbrido pensado para toda a fam\u00edlia - Motorpor\",\"isPartOf\":{\"@id\":\"https:\\\/\\\/motorpor.pt\\\/#website\"},\"primaryImageOfPage\":{\"@id\":\"https:\\\/\\\/motorpor.pt\\\/novo-mitsubishi-grandis-o-suv-hibrido-pensado-para-toda-a-familia\\\/#primaryimage\"},\"image\":{\"@id\":\"https:\\\/\\\/motorpor.pt\\\/novo-mitsubishi-grandis-o-suv-hibrido-pensado-para-toda-a-familia\\\/#primaryimage\"},\"thumbnailUrl\":\"https:\\\/\\\/motorpor.pt\\\/wp-content\\\/uploads\\\/2026\\\/01\\\/Grandis-1.png\",\"datePublished\":\"2026-01-29T12:46:45+00:00\",\"dateModified\":\"2026-01-29T16:18:28+00:00\",\"breadcrumb\":{\"@id\":\"https:\\\/\\\/motorpor.pt\\\/novo-mitsubishi-grandis-o-suv-hibrido-pensado-para-toda-a-familia\\\/#breadcrumb\"},\"inLanguage\":\"fr-FR\",\"potentialAction\":[{\"@type\":\"ReadAction\",\"target\":[\"https:\\\/\\\/motorpor.pt\\\/novo-mitsubishi-grandis-o-suv-hibrido-pensado-para-toda-a-familia\\\/\"]}]},{\"@type\":\"ImageObject\",\"inLanguage\":\"fr-FR\",\"@id\":\"https:\\\/\\\/motorpor.pt\\\/novo-mitsubishi-grandis-o-suv-hibrido-pensado-para-toda-a-familia\\\/#primaryimage\",\"url\":\"https:\\\/\\\/motorpor.pt\\\/wp-content\\\/uploads\\\/2026\\\/01\\\/Grandis-1.png\",\"contentUrl\":\"https:\\\/\\\/motorpor.pt\\\/wp-content\\\/uploads\\\/2026\\\/01\\\/Grandis-1.png\",\"width\":767,\"height\":427},{\"@type\":\"BreadcrumbList\",\"@id\":\"https:\\\/\\\/motorpor.pt\\\/novo-mitsubishi-grandis-o-suv-hibrido-pensado-para-toda-a-familia\\\/#breadcrumb\",\"itemListElement\":[{\"@type\":\"ListItem\",\"position\":1,\"name\":\"In\u00edcio\",\"item\":\"https:\\\/\\\/motorpor.pt\\\/\"},{\"@type\":\"ListItem\",\"position\":2,\"name\":\"Novo Mitsubishi Grandis: o SUV h\u00edbrido pensado para toda a fam\u00edlia\"}]},{\"@type\":\"WebSite\",\"@id\":\"https:\\\/\\\/motorpor.pt\\\/#website\",\"url\":\"https:\\\/\\\/motorpor.pt\\\/\",\"name\":\"Motorpor\",\"description\":\"Comercio de Autom\u00f3veis Multimarcas\",\"publisher\":{\"@id\":\"https:\\\/\\\/motorpor.pt\\\/#organization\"},\"potentialAction\":[{\"@type\":\"SearchAction\",\"target\":{\"@type\":\"EntryPoint\",\"urlTemplate\":\"https:\\\/\\\/motorpor.pt\\\/?s={search_term_string}\"},\"query-input\":{\"@type\":\"PropertyValueSpecification\",\"valueRequired\":true,\"valueName\":\"search_term_string\"}}],\"inLanguage\":\"fr-FR\"},{\"@type\":\"Organization\",\"@id\":\"https:\\\/\\\/motorpor.pt\\\/#organization\",\"name\":\"Motorpor\",\"alternateName\":\"Motorpor\",\"url\":\"https:\\\/\\\/motorpor.pt\\\/\",\"logo\":{\"@type\":\"ImageObject\",\"inLanguage\":\"fr-FR\",\"@id\":\"https:\\\/\\\/motorpor.pt\\\/#\\\/schema\\\/logo\\\/image\\\/\",\"url\":\"https:\\\/\\\/motorpor.pt\\\/wp-content\\\/uploads\\\/2024\\\/07\\\/Logo-Motorpor-Preto.svg\",\"contentUrl\":\"https:\\\/\\\/motorpor.pt\\\/wp-content\\\/uploads\\\/2024\\\/07\\\/Logo-Motorpor-Preto.svg\",\"width\":493,\"height\":93,\"caption\":\"Motorpor\"},\"image\":{\"@id\":\"https:\\\/\\\/motorpor.pt\\\/#\\\/schema\\\/logo\\\/image\\\/\"},\"sameAs\":[\"https:\\\/\\\/www.linkedin.com\\\/company\\\/grupo-motorpor\"]},{\"@type\":\"Person\",\"@id\":\"https:\\\/\\\/motorpor.pt\\\/#\\\/schema\\\/person\\\/b4bf07144e88efed7388a5af30522db7\",\"name\":\"mktmotorpor\",\"image\":{\"@type\":\"ImageObject\",\"inLanguage\":\"fr-FR\",\"@id\":\"https:\\\/\\\/secure.gravatar.com\\\/avatar\\\/8418b61b3175dbba0a8744cf0ee6bb5c7a9f6c67f1dbc4f41a62d7b9738259a2?s=96&d=mm&r=g\",\"url\":\"https:\\\/\\\/secure.gravatar.com\\\/avatar\\\/8418b61b3175dbba0a8744cf0ee6bb5c7a9f6c67f1dbc4f41a62d7b9738259a2?s=96&d=mm&r=g\",\"contentUrl\":\"https:\\\/\\\/secure.gravatar.com\\\/avatar\\\/8418b61b3175dbba0a8744cf0ee6bb5c7a9f6c67f1dbc4f41a62d7b9738259a2?s=96&d=mm&r=g\",\"caption\":\"mktmotorpor\"},\"url\":\"https:\\\/\\\/motorpor.pt\\\/fr\\\/user\\\/mktmotorpor\\\/\"}]}<\/script>\n<!-- \/ Yoast SEO plugin. -->","yoast_head_json":{"title":"Novo Mitsubishi Grandis: o SUV h\u00edbrido pensado para toda a fam\u00edlia - Motorpor","robots":{"index":"index","follow":"follow","max-snippet":"max-snippet:-1","max-image-preview":"max-image-preview:large","max-video-preview":"max-video-preview:-1"},"canonical":"https:\/\/motorpor.pt\/fr\/novo-mitsubishi-grandis-o-suv-hibrido-pensado-para-toda-a-familia\/","og_locale":"fr_FR","og_type":"article","og_title":"Novo Mitsubishi Grandis: o SUV h\u00edbrido pensado para toda a fam\u00edlia - Motorpor","og_description":"Novo Mitsubishi Grandis: o SUV h\u00edbrido pensado para toda a fam\u00edlia \u00a0 O Mitsubishi Grandis est\u00e1 de volta com uma nova identidade e uma miss\u00e3o clara: responder \u00e0s exig\u00eancias da mobilidade moderna. Agora reinventado como SUV h\u00edbrido familiar, o novo Grandis combina efici\u00eancia, espa\u00e7o e tecnologia avan\u00e7ada, mantendo o ADN robusto e fi\u00e1vel que distingue [&hellip;]","og_url":"https:\/\/motorpor.pt\/fr\/novo-mitsubishi-grandis-o-suv-hibrido-pensado-para-toda-a-familia\/","og_site_name":"Motorpor","article_published_time":"2026-01-29T12:46:45+00:00","article_modified_time":"2026-01-29T16:18:28+00:00","og_image":[{"width":767,"height":427,"url":"https:\/\/motorpor.pt\/wp-content\/uploads\/2026\/01\/Grandis-1.png","type":"image\/png"}],"author":"mktmotorpor","twitter_card":"summary_large_image","twitter_misc":{"\u00c9crit par":"mktmotorpor","Dur\u00e9e de lecture estim\u00e9e":"2 minutes"},"schema":{"@context":"https:\/\/schema.org","@graph":[{"@type":"Article","@id":"https:\/\/motorpor.pt\/novo-mitsubishi-grandis-o-suv-hibrido-pensado-para-toda-a-familia\/#article","isPartOf":{"@id":"https:\/\/motorpor.pt\/novo-mitsubishi-grandis-o-suv-hibrido-pensado-para-toda-a-familia\/"},"author":{"name":"mktmotorpor","@id":"https:\/\/motorpor.pt\/#\/schema\/person\/b4bf07144e88efed7388a5af30522db7"},"headline":"Novo Mitsubishi Grandis: o SUV h\u00edbrido pensado para toda a fam\u00edlia","datePublished":"2026-01-29T12:46:45+00:00","dateModified":"2026-01-29T16:18:28+00:00","mainEntityOfPage":{"@id":"https:\/\/motorpor.pt\/novo-mitsubishi-grandis-o-suv-hibrido-pensado-para-toda-a-familia\/"},"wordCount":322,"publisher":{"@id":"https:\/\/motorpor.pt\/#organization"},"image":{"@id":"https:\/\/motorpor.pt\/novo-mitsubishi-grandis-o-suv-hibrido-pensado-para-toda-a-familia\/#primaryimage"},"thumbnailUrl":"https:\/\/motorpor.pt\/wp-content\/uploads\/2026\/01\/Grandis-1.png","articleSection":["Campanhas","Mitsubishi"],"inLanguage":"fr-FR"},{"@type":"WebPage","@id":"https:\/\/motorpor.pt\/novo-mitsubishi-grandis-o-suv-hibrido-pensado-para-toda-a-familia\/","url":"https:\/\/motorpor.pt\/novo-mitsubishi-grandis-o-suv-hibrido-pensado-para-toda-a-familia\/","name":"Novo Mitsubishi Grandis: o SUV h\u00edbrido pensado para toda a fam\u00edlia - Motorpor","isPartOf":{"@id":"https:\/\/motorpor.pt\/#website"},"primaryImageOfPage":{"@id":"https:\/\/motorpor.pt\/novo-mitsubishi-grandis-o-suv-hibrido-pensado-para-toda-a-familia\/#primaryimage"},"image":{"@id":"https:\/\/motorpor.pt\/novo-mitsubishi-grandis-o-suv-hibrido-pensado-para-toda-a-familia\/#primaryimage"},"thumbnailUrl":"https:\/\/motorpor.pt\/wp-content\/uploads\/2026\/01\/Grandis-1.png","datePublished":"2026-01-29T12:46:45+00:00","dateModified":"2026-01-29T16:18:28+00:00","breadcrumb":{"@id":"https:\/\/motorpor.pt\/novo-mitsubishi-grandis-o-suv-hibrido-pensado-para-toda-a-familia\/#breadcrumb"},"inLanguage":"fr-FR","potentialAction":[{"@type":"ReadAction","target":["https:\/\/motorpor.pt\/novo-mitsubishi-grandis-o-suv-hibrido-pensado-para-toda-a-familia\/"]}]},{"@type":"ImageObject","inLanguage":"fr-FR","@id":"https:\/\/motorpor.pt\/novo-mitsubishi-grandis-o-suv-hibrido-pensado-para-toda-a-familia\/#primaryimage","url":"https:\/\/motorpor.pt\/wp-content\/uploads\/2026\/01\/Grandis-1.png","contentUrl":"https:\/\/motorpor.pt\/wp-content\/uploads\/2026\/01\/Grandis-1.png","width":767,"height":427},{"@type":"BreadcrumbList","@id":"https:\/\/motorpor.pt\/novo-mitsubishi-grandis-o-suv-hibrido-pensado-para-toda-a-familia\/#breadcrumb","itemListElement":[{"@type":"ListItem","position":1,"name":"In\u00edcio","item":"https:\/\/motorpor.pt\/"},{"@type":"ListItem","position":2,"name":"Novo Mitsubishi Grandis: o SUV h\u00edbrido pensado para toda a fam\u00edlia"}]},{"@type":"WebSite","@id":"https:\/\/motorpor.pt\/#website","url":"https:\/\/motorpor.pt\/","name":"motorpor","description":"Comercio de Autom\u00f3veis Multimarcas","publisher":{"@id":"https:\/\/motorpor.pt\/#organization"},"potentialAction":[{"@type":"SearchAction","target":{"@type":"EntryPoint","urlTemplate":"https:\/\/motorpor.pt\/?s={search_term_string}"},"query-input":{"@type":"PropertyValueSpecification","valueRequired":true,"valueName":"search_term_string"}}],"inLanguage":"fr-FR"},{"@type":"Organization","@id":"https:\/\/motorpor.pt\/#organization","name":"motorpor","alternateName":"Motorpor","url":"https:\/\/motorpor.pt\/","logo":{"@type":"ImageObject","inLanguage":"fr-FR","@id":"https:\/\/motorpor.pt\/#\/schema\/logo\/image\/","url":"https:\/\/motorpor.pt\/wp-content\/uploads\/2024\/07\/Logo-Motorpor-Preto.svg","contentUrl":"https:\/\/motorpor.pt\/wp-content\/uploads\/2024\/07\/Logo-Motorpor-Preto.svg","width":493,"height":93,"caption":"Motorpor"},"image":{"@id":"https:\/\/motorpor.pt\/#\/schema\/logo\/image\/"},"sameAs":["https:\/\/www.linkedin.com\/company\/grupo-motorpor"]},{"@type":"Person","@id":"https:\/\/motorpor.pt\/#\/schema\/person\/b4bf07144e88efed7388a5af30522db7","name":"mktmotorpor","image":{"@type":"ImageObject","inLanguage":"fr-FR","@id":"https:\/\/secure.gravatar.com\/avatar\/8418b61b3175dbba0a8744cf0ee6bb5c7a9f6c67f1dbc4f41a62d7b9738259a2?s=96&d=mm&r=g","url":"https:\/\/secure.gravatar.com\/avatar\/8418b61b3175dbba0a8744cf0ee6bb5c7a9f6c67f1dbc4f41a62d7b9738259a2?s=96&d=mm&r=g","contentUrl":"https:\/\/secure.gravatar.com\/avatar\/8418b61b3175dbba0a8744cf0ee6bb5c7a9f6c67f1dbc4f41a62d7b9738259a2?s=96&d=mm&r=g","caption":"mktmotorpor"},"url":"https:\/\/motorpor.pt\/fr\/user\/mktmotorpor\/"}]}},"_links":{"self":[{"href":"https:\/\/motorpor.pt\/fr\/wp-json\/wp\/v2\/posts\/427497","targetHints":{"allow":["GET"]}}],"collection":[{"href":"https:\/\/motorpor.pt\/fr\/wp-json\/wp\/v2\/posts"}],"about":[{"href":"https:\/\/motorpor.pt\/fr\/wp-json\/wp\/v2\/types\/post"}],"author":[{"embeddable":true,"href":"https:\/\/motorpor.pt\/fr\/wp-json\/wp\/v2\/users\/85"}],"replies":[{"embeddable":true,"href":"https:\/\/motorpor.pt\/fr\/wp-json\/wp\/v2\/comments?post=427497"}],"version-history":[{"count":1,"href":"https:\/\/motorpor.pt\/fr\/wp-json\/wp\/v2\/posts\/427497\/revisions"}],"predecessor-version":[{"id":427498,"href":"https:\/\/motorpor.pt\/fr\/wp-json\/wp\/v2\/posts\/427497\/revisions\/427498"}],"wp:featuredmedia":[{"embeddable":true,"href":"https:\/\/motorpor.pt\/fr\/wp-json\/wp\/v2\/media\/427509"}],"wp:attachment":[{"href":"https:\/\/motorpor.pt\/fr\/wp-json\/wp\/v2\/media?parent=427497"}],"wp:term":[{"taxonomy":"category","embeddable":true,"href":"https:\/\/motorpor.pt\/fr\/wp-json\/wp\/v2\/categories?post=427497"},{"taxonomy":"post_tag","embeddable":true,"href":"https:\/\/motorpor.pt\/fr\/wp-json\/wp\/v2\/tags?post=427497"}],"curies":[{"name":"wp","href":"https:\/\/api.w.org\/{rel}","templated":true}]}}