{"id":503221,"date":"2026-03-04T10:33:50","date_gmt":"2026-03-04T09:33:50","guid":{"rendered":"https:\/\/motorpor.pt\/motorpor-dacia-days-11-a-14-de-marco\/"},"modified":"2026-03-04T20:42:28","modified_gmt":"2026-03-04T19:42:28","slug":"motorpor-dacia-days-11-a-14-de-marco","status":"publish","type":"post","link":"https:\/\/motorpor.pt\/fr\/motorpor-dacia-days-11-a-14-de-marco\/","title":{"rendered":"Motorpor Dacia Days | 11 a 14 de mar\u00e7o"},"content":{"rendered":"<h2><strong>Prepare-se para uma oportunidade \u00fanica: Dacia Days, de 11 a 14 de mar\u00e7o. Vantagens exclusivas em toda a gama Dacia.<\/strong><\/h2>\n<ul>\n<li>\n<h3>+50 viaturas novas e de servi\u00e7o, incluindo modelos el\u00e9tricos, com condi\u00e7\u00f5es especiais.<\/h3>\n<\/li>\n<\/ul>\n<h3><strong>Local:<\/strong>\u00a0Motorpor Renault (Set\u00fabal, \u00c9vora, Beja e Sines)<br \/>\n<strong>Data:<\/strong> 11 a 14 de mar\u00e7o<\/h3>\n<h3 data-start=\"597\" data-end=\"664\">Marque j\u00e1 a sua presen\u00e7a e aproveite esta oportunidade \u00fanica!<\/h3>\n<h3>Esperamos por si!<\/h3>","protected":false},"excerpt":{"rendered":"<p>Prepare-se para uma oportunidade \u00fanica: Dacia Days, de 11 a 14 de mar\u00e7o. Vantagens exclusivas em toda a gama Dacia. +50 viaturas novas e de servi\u00e7o, incluindo modelos el\u00e9tricos, com condi\u00e7\u00f5es especiais. Local:\u00a0Motorpor Renault (Set\u00fabal, \u00c9vora, Beja e Sines) Data: 11 a 14 de mar\u00e7o Marque j\u00e1 a sua presen\u00e7a e aproveite esta oportunidade \u00fanica! [&hellip;]<\/p>\n","protected":false},"author":85,"featured_media":503231,"comment_status":"closed","ping_status":"open","sticky":false,"template":"","format":"standard","meta":{"_acf_changed":false,"footnotes":""},"categories":[2495,2496,2584],"tags":[],"class_list":["post-503221","post","type-post","status-publish","format-standard","has-post-thumbnail","hentry","category-campanhas","category-dacia","category-novos"],"acf":[],"yoast_head":"<!-- This site is optimized with the Yoast SEO plugin v27.5 - https:\/\/yoast.com\/product\/yoast-seo-wordpress\/ -->\n<title>Motorpor Dacia Days | 11 a 14 de mar\u00e7o - Motorpor<\/title>\n<meta name=\"robots\" content=\"index, follow, max-snippet:-1, max-image-preview:large, max-video-preview:-1\" \/>\n<link rel=\"canonical\" href=\"https:\/\/motorpor.pt\/fr\/motorpor-dacia-days-11-a-14-de-marco\/\" \/>\n<meta property=\"og:locale\" content=\"fr_FR\" \/>\n<meta property=\"og:type\" content=\"article\" \/>\n<meta property=\"og:title\" content=\"Motorpor Dacia Days | 11 a 14 de mar\u00e7o - Motorpor\" \/>\n<meta property=\"og:description\" content=\"Prepare-se para uma oportunidade \u00fanica: Dacia Days, de 11 a 14 de mar\u00e7o. Vantagens exclusivas em toda a gama Dacia. +50 viaturas novas e de servi\u00e7o, incluindo modelos el\u00e9tricos, com condi\u00e7\u00f5es especiais. Local:\u00a0Motorpor Renault (Set\u00fabal, \u00c9vora, Beja e Sines) Data: 11 a 14 de mar\u00e7o Marque j\u00e1 a sua presen\u00e7a e aproveite esta oportunidade \u00fanica! [&hellip;]\" \/>\n<meta property=\"og:url\" content=\"https:\/\/motorpor.pt\/fr\/motorpor-dacia-days-11-a-14-de-marco\/\" \/>\n<meta property=\"og:site_name\" content=\"Motorpor\" \/>\n<meta property=\"article:published_time\" content=\"2026-03-04T09:33:50+00:00\" \/>\n<meta property=\"article:modified_time\" content=\"2026-03-04T19:42:28+00:00\" \/>\n<meta property=\"og:image\" content=\"https:\/\/motorpor.pt\/wp-content\/uploads\/2026\/03\/Dacia-Days-2026-764x414-1.png\" \/>\n\t<meta property=\"og:image:width\" content=\"763\" \/>\n\t<meta property=\"og:image:height\" content=\"413\" \/>\n\t<meta property=\"og:image:type\" content=\"image\/png\" \/>\n<meta name=\"author\" content=\"mktmotorpor\" \/>\n<meta name=\"twitter:card\" content=\"summary_large_image\" \/>\n<meta name=\"twitter:label1\" content=\"\u00c9crit par\" \/>\n\t<meta name=\"twitter:data1\" content=\"mktmotorpor\" \/>\n\t<meta name=\"twitter:label2\" content=\"Dur\u00e9e de lecture estim\u00e9e\" \/>\n\t<meta name=\"twitter:data2\" content=\"1 minute\" \/>\n<script type=\"application\/ld+json\" class=\"yoast-schema-graph\">{\"@context\":\"https:\\\/\\\/schema.org\",\"@graph\":[{\"@type\":\"Article\",\"@id\":\"https:\\\/\\\/motorpor.pt\\\/motorpor-dacia-days-11-a-14-de-marco\\\/#article\",\"isPartOf\":{\"@id\":\"https:\\\/\\\/motorpor.pt\\\/motorpor-dacia-days-11-a-14-de-marco\\\/\"},\"author\":{\"name\":\"mktmotorpor\",\"@id\":\"https:\\\/\\\/motorpor.pt\\\/#\\\/schema\\\/person\\\/b4bf07144e88efed7388a5af30522db7\"},\"headline\":\"Motorpor Dacia Days | 11 a 14 de mar\u00e7o\",\"datePublished\":\"2026-03-04T09:33:50+00:00\",\"dateModified\":\"2026-03-04T19:42:28+00:00\",\"mainEntityOfPage\":{\"@id\":\"https:\\\/\\\/motorpor.pt\\\/motorpor-dacia-days-11-a-14-de-marco\\\/\"},\"wordCount\":68,\"publisher\":{\"@id\":\"https:\\\/\\\/motorpor.pt\\\/#organization\"},\"image\":{\"@id\":\"https:\\\/\\\/motorpor.pt\\\/motorpor-dacia-days-11-a-14-de-marco\\\/#primaryimage\"},\"thumbnailUrl\":\"https:\\\/\\\/motorpor.pt\\\/wp-content\\\/uploads\\\/2026\\\/03\\\/Dacia-Days-2026-764x414-1.png\",\"articleSection\":[\"Campanhas\",\"Dacia\",\"Novos\"],\"inLanguage\":\"fr-FR\"},{\"@type\":\"WebPage\",\"@id\":\"https:\\\/\\\/motorpor.pt\\\/motorpor-dacia-days-11-a-14-de-marco\\\/\",\"url\":\"https:\\\/\\\/motorpor.pt\\\/motorpor-dacia-days-11-a-14-de-marco\\\/\",\"name\":\"Motorpor Dacia Days | 11 a 14 de mar\u00e7o - Motorpor\",\"isPartOf\":{\"@id\":\"https:\\\/\\\/motorpor.pt\\\/#website\"},\"primaryImageOfPage\":{\"@id\":\"https:\\\/\\\/motorpor.pt\\\/motorpor-dacia-days-11-a-14-de-marco\\\/#primaryimage\"},\"image\":{\"@id\":\"https:\\\/\\\/motorpor.pt\\\/motorpor-dacia-days-11-a-14-de-marco\\\/#primaryimage\"},\"thumbnailUrl\":\"https:\\\/\\\/motorpor.pt\\\/wp-content\\\/uploads\\\/2026\\\/03\\\/Dacia-Days-2026-764x414-1.png\",\"datePublished\":\"2026-03-04T09:33:50+00:00\",\"dateModified\":\"2026-03-04T19:42:28+00:00\",\"breadcrumb\":{\"@id\":\"https:\\\/\\\/motorpor.pt\\\/motorpor-dacia-days-11-a-14-de-marco\\\/#breadcrumb\"},\"inLanguage\":\"fr-FR\",\"potentialAction\":[{\"@type\":\"ReadAction\",\"target\":[\"https:\\\/\\\/motorpor.pt\\\/motorpor-dacia-days-11-a-14-de-marco\\\/\"]}]},{\"@type\":\"ImageObject\",\"inLanguage\":\"fr-FR\",\"@id\":\"https:\\\/\\\/motorpor.pt\\\/motorpor-dacia-days-11-a-14-de-marco\\\/#primaryimage\",\"url\":\"https:\\\/\\\/motorpor.pt\\\/wp-content\\\/uploads\\\/2026\\\/03\\\/Dacia-Days-2026-764x414-1.png\",\"contentUrl\":\"https:\\\/\\\/motorpor.pt\\\/wp-content\\\/uploads\\\/2026\\\/03\\\/Dacia-Days-2026-764x414-1.png\",\"width\":763,\"height\":413},{\"@type\":\"BreadcrumbList\",\"@id\":\"https:\\\/\\\/motorpor.pt\\\/motorpor-dacia-days-11-a-14-de-marco\\\/#breadcrumb\",\"itemListElement\":[{\"@type\":\"ListItem\",\"position\":1,\"name\":\"In\u00edcio\",\"item\":\"https:\\\/\\\/motorpor.pt\\\/\"},{\"@type\":\"ListItem\",\"position\":2,\"name\":\"Motorpor Dacia Days | 11 a 14 de mar\u00e7o\"}]},{\"@type\":\"WebSite\",\"@id\":\"https:\\\/\\\/motorpor.pt\\\/#website\",\"url\":\"https:\\\/\\\/motorpor.pt\\\/\",\"name\":\"Motorpor\",\"description\":\"Comercio de Autom\u00f3veis Multimarcas\",\"publisher\":{\"@id\":\"https:\\\/\\\/motorpor.pt\\\/#organization\"},\"potentialAction\":[{\"@type\":\"SearchAction\",\"target\":{\"@type\":\"EntryPoint\",\"urlTemplate\":\"https:\\\/\\\/motorpor.pt\\\/?s={search_term_string}\"},\"query-input\":{\"@type\":\"PropertyValueSpecification\",\"valueRequired\":true,\"valueName\":\"search_term_string\"}}],\"inLanguage\":\"fr-FR\"},{\"@type\":\"Organization\",\"@id\":\"https:\\\/\\\/motorpor.pt\\\/#organization\",\"name\":\"Motorpor\",\"alternateName\":\"Motorpor\",\"url\":\"https:\\\/\\\/motorpor.pt\\\/\",\"logo\":{\"@type\":\"ImageObject\",\"inLanguage\":\"fr-FR\",\"@id\":\"https:\\\/\\\/motorpor.pt\\\/#\\\/schema\\\/logo\\\/image\\\/\",\"url\":\"https:\\\/\\\/motorpor.pt\\\/wp-content\\\/uploads\\\/2024\\\/07\\\/Logo-Motorpor-Preto.svg\",\"contentUrl\":\"https:\\\/\\\/motorpor.pt\\\/wp-content\\\/uploads\\\/2024\\\/07\\\/Logo-Motorpor-Preto.svg\",\"width\":493,\"height\":93,\"caption\":\"Motorpor\"},\"image\":{\"@id\":\"https:\\\/\\\/motorpor.pt\\\/#\\\/schema\\\/logo\\\/image\\\/\"},\"sameAs\":[\"https:\\\/\\\/www.linkedin.com\\\/company\\\/grupo-motorpor\"]},{\"@type\":\"Person\",\"@id\":\"https:\\\/\\\/motorpor.pt\\\/#\\\/schema\\\/person\\\/b4bf07144e88efed7388a5af30522db7\",\"name\":\"mktmotorpor\",\"image\":{\"@type\":\"ImageObject\",\"inLanguage\":\"fr-FR\",\"@id\":\"https:\\\/\\\/secure.gravatar.com\\\/avatar\\\/8418b61b3175dbba0a8744cf0ee6bb5c7a9f6c67f1dbc4f41a62d7b9738259a2?s=96&d=mm&r=g\",\"url\":\"https:\\\/\\\/secure.gravatar.com\\\/avatar\\\/8418b61b3175dbba0a8744cf0ee6bb5c7a9f6c67f1dbc4f41a62d7b9738259a2?s=96&d=mm&r=g\",\"contentUrl\":\"https:\\\/\\\/secure.gravatar.com\\\/avatar\\\/8418b61b3175dbba0a8744cf0ee6bb5c7a9f6c67f1dbc4f41a62d7b9738259a2?s=96&d=mm&r=g\",\"caption\":\"mktmotorpor\"},\"url\":\"https:\\\/\\\/motorpor.pt\\\/fr\\\/user\\\/mktmotorpor\\\/\"}]}<\/script>\n<!-- \/ Yoast SEO plugin. -->","yoast_head_json":{"title":"Motorpor Dacia Days | 11 a 14 de mar\u00e7o - Motorpor","robots":{"index":"index","follow":"follow","max-snippet":"max-snippet:-1","max-image-preview":"max-image-preview:large","max-video-preview":"max-video-preview:-1"},"canonical":"https:\/\/motorpor.pt\/fr\/motorpor-dacia-days-11-a-14-de-marco\/","og_locale":"fr_FR","og_type":"article","og_title":"Motorpor Dacia Days | 11 a 14 de mar\u00e7o - Motorpor","og_description":"Prepare-se para uma oportunidade \u00fanica: Dacia Days, de 11 a 14 de mar\u00e7o. Vantagens exclusivas em toda a gama Dacia. +50 viaturas novas e de servi\u00e7o, incluindo modelos el\u00e9tricos, com condi\u00e7\u00f5es especiais. Local:\u00a0Motorpor Renault (Set\u00fabal, \u00c9vora, Beja e Sines) Data: 11 a 14 de mar\u00e7o Marque j\u00e1 a sua presen\u00e7a e aproveite esta oportunidade \u00fanica! [&hellip;]","og_url":"https:\/\/motorpor.pt\/fr\/motorpor-dacia-days-11-a-14-de-marco\/","og_site_name":"Motorpor","article_published_time":"2026-03-04T09:33:50+00:00","article_modified_time":"2026-03-04T19:42:28+00:00","og_image":[{"width":763,"height":413,"url":"https:\/\/motorpor.pt\/wp-content\/uploads\/2026\/03\/Dacia-Days-2026-764x414-1.png","type":"image\/png"}],"author":"mktmotorpor","twitter_card":"summary_large_image","twitter_misc":{"\u00c9crit par":"mktmotorpor","Dur\u00e9e de lecture estim\u00e9e":"1 minute"},"schema":{"@context":"https:\/\/schema.org","@graph":[{"@type":"Article","@id":"https:\/\/motorpor.pt\/motorpor-dacia-days-11-a-14-de-marco\/#article","isPartOf":{"@id":"https:\/\/motorpor.pt\/motorpor-dacia-days-11-a-14-de-marco\/"},"author":{"name":"mktmotorpor","@id":"https:\/\/motorpor.pt\/#\/schema\/person\/b4bf07144e88efed7388a5af30522db7"},"headline":"Motorpor Dacia Days | 11 a 14 de mar\u00e7o","datePublished":"2026-03-04T09:33:50+00:00","dateModified":"2026-03-04T19:42:28+00:00","mainEntityOfPage":{"@id":"https:\/\/motorpor.pt\/motorpor-dacia-days-11-a-14-de-marco\/"},"wordCount":68,"publisher":{"@id":"https:\/\/motorpor.pt\/#organization"},"image":{"@id":"https:\/\/motorpor.pt\/motorpor-dacia-days-11-a-14-de-marco\/#primaryimage"},"thumbnailUrl":"https:\/\/motorpor.pt\/wp-content\/uploads\/2026\/03\/Dacia-Days-2026-764x414-1.png","articleSection":["Campanhas","Dacia","Novos"],"inLanguage":"fr-FR"},{"@type":"WebPage","@id":"https:\/\/motorpor.pt\/motorpor-dacia-days-11-a-14-de-marco\/","url":"https:\/\/motorpor.pt\/motorpor-dacia-days-11-a-14-de-marco\/","name":"Motorpor Dacia Days | 11 a 14 de mar\u00e7o - Motorpor","isPartOf":{"@id":"https:\/\/motorpor.pt\/#website"},"primaryImageOfPage":{"@id":"https:\/\/motorpor.pt\/motorpor-dacia-days-11-a-14-de-marco\/#primaryimage"},"image":{"@id":"https:\/\/motorpor.pt\/motorpor-dacia-days-11-a-14-de-marco\/#primaryimage"},"thumbnailUrl":"https:\/\/motorpor.pt\/wp-content\/uploads\/2026\/03\/Dacia-Days-2026-764x414-1.png","datePublished":"2026-03-04T09:33:50+00:00","dateModified":"2026-03-04T19:42:28+00:00","breadcrumb":{"@id":"https:\/\/motorpor.pt\/motorpor-dacia-days-11-a-14-de-marco\/#breadcrumb"},"inLanguage":"fr-FR","potentialAction":[{"@type":"ReadAction","target":["https:\/\/motorpor.pt\/motorpor-dacia-days-11-a-14-de-marco\/"]}]},{"@type":"ImageObject","inLanguage":"fr-FR","@id":"https:\/\/motorpor.pt\/motorpor-dacia-days-11-a-14-de-marco\/#primaryimage","url":"https:\/\/motorpor.pt\/wp-content\/uploads\/2026\/03\/Dacia-Days-2026-764x414-1.png","contentUrl":"https:\/\/motorpor.pt\/wp-content\/uploads\/2026\/03\/Dacia-Days-2026-764x414-1.png","width":763,"height":413},{"@type":"BreadcrumbList","@id":"https:\/\/motorpor.pt\/motorpor-dacia-days-11-a-14-de-marco\/#breadcrumb","itemListElement":[{"@type":"ListItem","position":1,"name":"In\u00edcio","item":"https:\/\/motorpor.pt\/"},{"@type":"ListItem","position":2,"name":"Motorpor Dacia Days | 11 a 14 de mar\u00e7o"}]},{"@type":"WebSite","@id":"https:\/\/motorpor.pt\/#website","url":"https:\/\/motorpor.pt\/","name":"motorpor","description":"Comercio de Autom\u00f3veis Multimarcas","publisher":{"@id":"https:\/\/motorpor.pt\/#organization"},"potentialAction":[{"@type":"SearchAction","target":{"@type":"EntryPoint","urlTemplate":"https:\/\/motorpor.pt\/?s={search_term_string}"},"query-input":{"@type":"PropertyValueSpecification","valueRequired":true,"valueName":"search_term_string"}}],"inLanguage":"fr-FR"},{"@type":"Organization","@id":"https:\/\/motorpor.pt\/#organization","name":"motorpor","alternateName":"Motorpor","url":"https:\/\/motorpor.pt\/","logo":{"@type":"ImageObject","inLanguage":"fr-FR","@id":"https:\/\/motorpor.pt\/#\/schema\/logo\/image\/","url":"https:\/\/motorpor.pt\/wp-content\/uploads\/2024\/07\/Logo-Motorpor-Preto.svg","contentUrl":"https:\/\/motorpor.pt\/wp-content\/uploads\/2024\/07\/Logo-Motorpor-Preto.svg","width":493,"height":93,"caption":"Motorpor"},"image":{"@id":"https:\/\/motorpor.pt\/#\/schema\/logo\/image\/"},"sameAs":["https:\/\/www.linkedin.com\/company\/grupo-motorpor"]},{"@type":"Person","@id":"https:\/\/motorpor.pt\/#\/schema\/person\/b4bf07144e88efed7388a5af30522db7","name":"mktmotorpor","image":{"@type":"ImageObject","inLanguage":"fr-FR","@id":"https:\/\/secure.gravatar.com\/avatar\/8418b61b3175dbba0a8744cf0ee6bb5c7a9f6c67f1dbc4f41a62d7b9738259a2?s=96&d=mm&r=g","url":"https:\/\/secure.gravatar.com\/avatar\/8418b61b3175dbba0a8744cf0ee6bb5c7a9f6c67f1dbc4f41a62d7b9738259a2?s=96&d=mm&r=g","contentUrl":"https:\/\/secure.gravatar.com\/avatar\/8418b61b3175dbba0a8744cf0ee6bb5c7a9f6c67f1dbc4f41a62d7b9738259a2?s=96&d=mm&r=g","caption":"mktmotorpor"},"url":"https:\/\/motorpor.pt\/fr\/user\/mktmotorpor\/"}]}},"_links":{"self":[{"href":"https:\/\/motorpor.pt\/fr\/wp-json\/wp\/v2\/posts\/503221","targetHints":{"allow":["GET"]}}],"collection":[{"href":"https:\/\/motorpor.pt\/fr\/wp-json\/wp\/v2\/posts"}],"about":[{"href":"https:\/\/motorpor.pt\/fr\/wp-json\/wp\/v2\/types\/post"}],"author":[{"embeddable":true,"href":"https:\/\/motorpor.pt\/fr\/wp-json\/wp\/v2\/users\/85"}],"replies":[{"embeddable":true,"href":"https:\/\/motorpor.pt\/fr\/wp-json\/wp\/v2\/comments?post=503221"}],"version-history":[{"count":3,"href":"https:\/\/motorpor.pt\/fr\/wp-json\/wp\/v2\/posts\/503221\/revisions"}],"predecessor-version":[{"id":503230,"href":"https:\/\/motorpor.pt\/fr\/wp-json\/wp\/v2\/posts\/503221\/revisions\/503230"}],"wp:featuredmedia":[{"embeddable":true,"href":"https:\/\/motorpor.pt\/fr\/wp-json\/wp\/v2\/media\/503231"}],"wp:attachment":[{"href":"https:\/\/motorpor.pt\/fr\/wp-json\/wp\/v2\/media?parent=503221"}],"wp:term":[{"taxonomy":"category","embeddable":true,"href":"https:\/\/motorpor.pt\/fr\/wp-json\/wp\/v2\/categories?post=503221"},{"taxonomy":"post_tag","embeddable":true,"href":"https:\/\/motorpor.pt\/fr\/wp-json\/wp\/v2\/tags?post=503221"}],"curies":[{"name":"wp","href":"https:\/\/api.w.org\/{rel}","templated":true}]}}