{"id":605831,"date":"2026-04-29T14:14:22","date_gmt":"2026-04-29T13:14:22","guid":{"rendered":"https:\/\/motorpor.pt\/motorpor-car-days-forum-montijo\/"},"modified":"2026-04-29T19:17:42","modified_gmt":"2026-04-29T18:17:42","slug":"motorpor-car-days-forum-montijo","status":"publish","type":"post","link":"https:\/\/motorpor.pt\/fr\/motorpor-car-days-forum-montijo\/","title":{"rendered":"MOTORPOR CAR DAYS \u2013 F\u00f3rum Montijo"},"content":{"rendered":"<p>O <strong>Motorpor Car Days<\/strong> est\u00e1 de volta para mais uma edi\u00e7\u00e3o com condi\u00e7\u00f5es inacredit\u00e1veis. <strong>De 15 a 24 de maio<\/strong> vamos estar no parque de estacionamento do <strong>F\u00f3rum Montijo <\/strong>para uma feira com 100 viaturas escolhidas a pensar em si!<br \/>\n\u00a0<br \/>\nEste ser\u00e1 um evento a n\u00e3o perder para quem procura adquirir viaturas novas, de servi\u00e7o ou usadas certificadas ao melhor pre\u00e7o do mercado.<br \/>\n\u00a0<br \/>\n<strong>Durante os 10 dias de Campanha vai poder beneficiar de: <\/strong><\/p>\n<p>&#8211; Oferta de 200\u20ac em combust\u00edvel ou eletricidade na compra de viatura;<br \/>\n&#8211; Cerca de 100 viaturas novas, de servi\u00e7o e usadas certificadas ao melhor pre\u00e7o do mercado;<br \/>\n&#8211; Garantia at\u00e9 36 meses em usados;<br \/>\n&#8211; Avalia\u00e7\u00e3o da retoma na hora.<br \/>\n\u00a0<br \/>\nAinda tem d\u00favidas? Este \u00e9 o momento certo para decidir!<br \/>\n\u00a0<br \/>\n<strong>Aproveite as condi\u00e7\u00f5es especiais at\u00e9 porque de 15 a 24 de maio todos os caminhos v\u00e3o dar ao F\u00f3rum Montijo! <\/strong><\/p>","protected":false},"excerpt":{"rendered":"<p>O Motorpor Car Days est\u00e1 de volta para mais uma edi\u00e7\u00e3o com condi\u00e7\u00f5es inacredit\u00e1veis. De 15 a 24 de maio vamos estar no parque de estacionamento do F\u00f3rum Montijo para uma feira com 100 viaturas escolhidas a pensar em si! \u00a0 Este ser\u00e1 um evento a n\u00e3o perder para quem procura adquirir viaturas novas, de [&hellip;]<\/p>\n","protected":false},"author":85,"featured_media":605849,"comment_status":"closed","ping_status":"open","sticky":false,"template":"","format":"standard","meta":{"_acf_changed":false,"footnotes":""},"categories":[2495,2592,2584,2585],"tags":[],"class_list":["post-605831","post","type-post","status-publish","format-standard","has-post-thumbnail","hentry","category-campanhas","category-noticias","category-novos","category-usados"],"acf":[],"yoast_head":"<!-- This site is optimized with the Yoast SEO plugin v27.5 - https:\/\/yoast.com\/product\/yoast-seo-wordpress\/ -->\n<title>MOTORPOR CAR DAYS \u2013 F\u00f3rum Montijo - Motorpor<\/title>\n<meta name=\"robots\" content=\"index, follow, max-snippet:-1, max-image-preview:large, max-video-preview:-1\" \/>\n<link rel=\"canonical\" href=\"https:\/\/motorpor.pt\/fr\/motorpor-car-days-forum-montijo\/\" \/>\n<meta property=\"og:locale\" content=\"fr_FR\" \/>\n<meta property=\"og:type\" content=\"article\" \/>\n<meta property=\"og:title\" content=\"MOTORPOR CAR DAYS \u2013 F\u00f3rum Montijo - Motorpor\" \/>\n<meta property=\"og:description\" content=\"O Motorpor Car Days est\u00e1 de volta para mais uma edi\u00e7\u00e3o com condi\u00e7\u00f5es inacredit\u00e1veis. De 15 a 24 de maio vamos estar no parque de estacionamento do F\u00f3rum Montijo para uma feira com 100 viaturas escolhidas a pensar em si! \u00a0 Este ser\u00e1 um evento a n\u00e3o perder para quem procura adquirir viaturas novas, de [&hellip;]\" \/>\n<meta property=\"og:url\" content=\"https:\/\/motorpor.pt\/fr\/motorpor-car-days-forum-montijo\/\" \/>\n<meta property=\"og:site_name\" content=\"Motorpor\" \/>\n<meta property=\"article:published_time\" content=\"2026-04-29T13:14:22+00:00\" \/>\n<meta property=\"article:modified_time\" content=\"2026-04-29T18:17:42+00:00\" \/>\n<meta property=\"og:image\" content=\"https:\/\/motorpor.pt\/wp-content\/uploads\/2026\/04\/imagem-noticia-764-x-414-2.jpg\" \/>\n\t<meta property=\"og:image:width\" content=\"800\" \/>\n\t<meta property=\"og:image:height\" content=\"434\" \/>\n\t<meta property=\"og:image:type\" content=\"image\/jpeg\" \/>\n<meta name=\"author\" content=\"mktmotorpor\" \/>\n<meta name=\"twitter:card\" content=\"summary_large_image\" \/>\n<meta name=\"twitter:label1\" content=\"\u00c9crit par\" \/>\n\t<meta name=\"twitter:data1\" content=\"mktmotorpor\" \/>\n\t<meta name=\"twitter:label2\" content=\"Dur\u00e9e de lecture estim\u00e9e\" \/>\n\t<meta name=\"twitter:data2\" content=\"1 minute\" \/>\n<script type=\"application\/ld+json\" class=\"yoast-schema-graph\">{\"@context\":\"https:\\\/\\\/schema.org\",\"@graph\":[{\"@type\":\"Article\",\"@id\":\"https:\\\/\\\/motorpor.pt\\\/motorpor-car-days-forum-montijo\\\/#article\",\"isPartOf\":{\"@id\":\"https:\\\/\\\/motorpor.pt\\\/motorpor-car-days-forum-montijo\\\/\"},\"author\":{\"name\":\"mktmotorpor\",\"@id\":\"https:\\\/\\\/motorpor.pt\\\/#\\\/schema\\\/person\\\/b4bf07144e88efed7388a5af30522db7\"},\"headline\":\"MOTORPOR CAR DAYS \u2013 F\u00f3rum Montijo\",\"datePublished\":\"2026-04-29T13:14:22+00:00\",\"dateModified\":\"2026-04-29T18:17:42+00:00\",\"mainEntityOfPage\":{\"@id\":\"https:\\\/\\\/motorpor.pt\\\/motorpor-car-days-forum-montijo\\\/\"},\"wordCount\":155,\"publisher\":{\"@id\":\"https:\\\/\\\/motorpor.pt\\\/#organization\"},\"image\":{\"@id\":\"https:\\\/\\\/motorpor.pt\\\/motorpor-car-days-forum-montijo\\\/#primaryimage\"},\"thumbnailUrl\":\"https:\\\/\\\/motorpor.pt\\\/wp-content\\\/uploads\\\/2026\\\/04\\\/imagem-noticia-764-x-414-2.jpg\",\"articleSection\":[\"Campanhas\",\"Not\u00edcias\",\"Novos\",\"Usados\"],\"inLanguage\":\"fr-FR\"},{\"@type\":\"WebPage\",\"@id\":\"https:\\\/\\\/motorpor.pt\\\/motorpor-car-days-forum-montijo\\\/\",\"url\":\"https:\\\/\\\/motorpor.pt\\\/motorpor-car-days-forum-montijo\\\/\",\"name\":\"MOTORPOR CAR DAYS \u2013 F\u00f3rum Montijo - Motorpor\",\"isPartOf\":{\"@id\":\"https:\\\/\\\/motorpor.pt\\\/#website\"},\"primaryImageOfPage\":{\"@id\":\"https:\\\/\\\/motorpor.pt\\\/motorpor-car-days-forum-montijo\\\/#primaryimage\"},\"image\":{\"@id\":\"https:\\\/\\\/motorpor.pt\\\/motorpor-car-days-forum-montijo\\\/#primaryimage\"},\"thumbnailUrl\":\"https:\\\/\\\/motorpor.pt\\\/wp-content\\\/uploads\\\/2026\\\/04\\\/imagem-noticia-764-x-414-2.jpg\",\"datePublished\":\"2026-04-29T13:14:22+00:00\",\"dateModified\":\"2026-04-29T18:17:42+00:00\",\"breadcrumb\":{\"@id\":\"https:\\\/\\\/motorpor.pt\\\/motorpor-car-days-forum-montijo\\\/#breadcrumb\"},\"inLanguage\":\"fr-FR\",\"potentialAction\":[{\"@type\":\"ReadAction\",\"target\":[\"https:\\\/\\\/motorpor.pt\\\/motorpor-car-days-forum-montijo\\\/\"]}]},{\"@type\":\"ImageObject\",\"inLanguage\":\"fr-FR\",\"@id\":\"https:\\\/\\\/motorpor.pt\\\/motorpor-car-days-forum-montijo\\\/#primaryimage\",\"url\":\"https:\\\/\\\/motorpor.pt\\\/wp-content\\\/uploads\\\/2026\\\/04\\\/imagem-noticia-764-x-414-2.jpg\",\"contentUrl\":\"https:\\\/\\\/motorpor.pt\\\/wp-content\\\/uploads\\\/2026\\\/04\\\/imagem-noticia-764-x-414-2.jpg\",\"width\":800,\"height\":434},{\"@type\":\"BreadcrumbList\",\"@id\":\"https:\\\/\\\/motorpor.pt\\\/motorpor-car-days-forum-montijo\\\/#breadcrumb\",\"itemListElement\":[{\"@type\":\"ListItem\",\"position\":1,\"name\":\"In\u00edcio\",\"item\":\"https:\\\/\\\/motorpor.pt\\\/\"},{\"@type\":\"ListItem\",\"position\":2,\"name\":\"MOTORPOR CAR DAYS \u2013 F\u00f3rum Montijo\"}]},{\"@type\":\"WebSite\",\"@id\":\"https:\\\/\\\/motorpor.pt\\\/#website\",\"url\":\"https:\\\/\\\/motorpor.pt\\\/\",\"name\":\"Motorpor\",\"description\":\"Comercio de Autom\u00f3veis Multimarcas\",\"publisher\":{\"@id\":\"https:\\\/\\\/motorpor.pt\\\/#organization\"},\"potentialAction\":[{\"@type\":\"SearchAction\",\"target\":{\"@type\":\"EntryPoint\",\"urlTemplate\":\"https:\\\/\\\/motorpor.pt\\\/?s={search_term_string}\"},\"query-input\":{\"@type\":\"PropertyValueSpecification\",\"valueRequired\":true,\"valueName\":\"search_term_string\"}}],\"inLanguage\":\"fr-FR\"},{\"@type\":\"Organization\",\"@id\":\"https:\\\/\\\/motorpor.pt\\\/#organization\",\"name\":\"Motorpor\",\"alternateName\":\"Motorpor\",\"url\":\"https:\\\/\\\/motorpor.pt\\\/\",\"logo\":{\"@type\":\"ImageObject\",\"inLanguage\":\"fr-FR\",\"@id\":\"https:\\\/\\\/motorpor.pt\\\/#\\\/schema\\\/logo\\\/image\\\/\",\"url\":\"https:\\\/\\\/motorpor.pt\\\/wp-content\\\/uploads\\\/2024\\\/07\\\/Logo-Motorpor-Preto.svg\",\"contentUrl\":\"https:\\\/\\\/motorpor.pt\\\/wp-content\\\/uploads\\\/2024\\\/07\\\/Logo-Motorpor-Preto.svg\",\"width\":493,\"height\":93,\"caption\":\"Motorpor\"},\"image\":{\"@id\":\"https:\\\/\\\/motorpor.pt\\\/#\\\/schema\\\/logo\\\/image\\\/\"},\"sameAs\":[\"https:\\\/\\\/www.linkedin.com\\\/company\\\/grupo-motorpor\"]},{\"@type\":\"Person\",\"@id\":\"https:\\\/\\\/motorpor.pt\\\/#\\\/schema\\\/person\\\/b4bf07144e88efed7388a5af30522db7\",\"name\":\"mktmotorpor\",\"image\":{\"@type\":\"ImageObject\",\"inLanguage\":\"fr-FR\",\"@id\":\"https:\\\/\\\/secure.gravatar.com\\\/avatar\\\/8418b61b3175dbba0a8744cf0ee6bb5c7a9f6c67f1dbc4f41a62d7b9738259a2?s=96&d=mm&r=g\",\"url\":\"https:\\\/\\\/secure.gravatar.com\\\/avatar\\\/8418b61b3175dbba0a8744cf0ee6bb5c7a9f6c67f1dbc4f41a62d7b9738259a2?s=96&d=mm&r=g\",\"contentUrl\":\"https:\\\/\\\/secure.gravatar.com\\\/avatar\\\/8418b61b3175dbba0a8744cf0ee6bb5c7a9f6c67f1dbc4f41a62d7b9738259a2?s=96&d=mm&r=g\",\"caption\":\"mktmotorpor\"},\"url\":\"https:\\\/\\\/motorpor.pt\\\/fr\\\/user\\\/mktmotorpor\\\/\"}]}<\/script>\n<!-- \/ Yoast SEO plugin. -->","yoast_head_json":{"title":"MOTORPOR CAR DAYS \u2013 F\u00f3rum Montijo - Motorpor","robots":{"index":"index","follow":"follow","max-snippet":"max-snippet:-1","max-image-preview":"max-image-preview:large","max-video-preview":"max-video-preview:-1"},"canonical":"https:\/\/motorpor.pt\/fr\/motorpor-car-days-forum-montijo\/","og_locale":"fr_FR","og_type":"article","og_title":"MOTORPOR CAR DAYS \u2013 F\u00f3rum Montijo - Motorpor","og_description":"O Motorpor Car Days est\u00e1 de volta para mais uma edi\u00e7\u00e3o com condi\u00e7\u00f5es inacredit\u00e1veis. De 15 a 24 de maio vamos estar no parque de estacionamento do F\u00f3rum Montijo para uma feira com 100 viaturas escolhidas a pensar em si! \u00a0 Este ser\u00e1 um evento a n\u00e3o perder para quem procura adquirir viaturas novas, de [&hellip;]","og_url":"https:\/\/motorpor.pt\/fr\/motorpor-car-days-forum-montijo\/","og_site_name":"Motorpor","article_published_time":"2026-04-29T13:14:22+00:00","article_modified_time":"2026-04-29T18:17:42+00:00","og_image":[{"width":800,"height":434,"url":"https:\/\/motorpor.pt\/wp-content\/uploads\/2026\/04\/imagem-noticia-764-x-414-2.jpg","type":"image\/jpeg"}],"author":"mktmotorpor","twitter_card":"summary_large_image","twitter_misc":{"\u00c9crit par":"mktmotorpor","Dur\u00e9e de lecture estim\u00e9e":"1 minute"},"schema":{"@context":"https:\/\/schema.org","@graph":[{"@type":"Article","@id":"https:\/\/motorpor.pt\/motorpor-car-days-forum-montijo\/#article","isPartOf":{"@id":"https:\/\/motorpor.pt\/motorpor-car-days-forum-montijo\/"},"author":{"name":"mktmotorpor","@id":"https:\/\/motorpor.pt\/#\/schema\/person\/b4bf07144e88efed7388a5af30522db7"},"headline":"MOTORPOR CAR DAYS \u2013 F\u00f3rum Montijo","datePublished":"2026-04-29T13:14:22+00:00","dateModified":"2026-04-29T18:17:42+00:00","mainEntityOfPage":{"@id":"https:\/\/motorpor.pt\/motorpor-car-days-forum-montijo\/"},"wordCount":155,"publisher":{"@id":"https:\/\/motorpor.pt\/#organization"},"image":{"@id":"https:\/\/motorpor.pt\/motorpor-car-days-forum-montijo\/#primaryimage"},"thumbnailUrl":"https:\/\/motorpor.pt\/wp-content\/uploads\/2026\/04\/imagem-noticia-764-x-414-2.jpg","articleSection":["Campanhas","Not\u00edcias","Novos","Usados"],"inLanguage":"fr-FR"},{"@type":"WebPage","@id":"https:\/\/motorpor.pt\/motorpor-car-days-forum-montijo\/","url":"https:\/\/motorpor.pt\/motorpor-car-days-forum-montijo\/","name":"MOTORPOR CAR DAYS \u2013 F\u00f3rum Montijo - Motorpor","isPartOf":{"@id":"https:\/\/motorpor.pt\/#website"},"primaryImageOfPage":{"@id":"https:\/\/motorpor.pt\/motorpor-car-days-forum-montijo\/#primaryimage"},"image":{"@id":"https:\/\/motorpor.pt\/motorpor-car-days-forum-montijo\/#primaryimage"},"thumbnailUrl":"https:\/\/motorpor.pt\/wp-content\/uploads\/2026\/04\/imagem-noticia-764-x-414-2.jpg","datePublished":"2026-04-29T13:14:22+00:00","dateModified":"2026-04-29T18:17:42+00:00","breadcrumb":{"@id":"https:\/\/motorpor.pt\/motorpor-car-days-forum-montijo\/#breadcrumb"},"inLanguage":"fr-FR","potentialAction":[{"@type":"ReadAction","target":["https:\/\/motorpor.pt\/motorpor-car-days-forum-montijo\/"]}]},{"@type":"ImageObject","inLanguage":"fr-FR","@id":"https:\/\/motorpor.pt\/motorpor-car-days-forum-montijo\/#primaryimage","url":"https:\/\/motorpor.pt\/wp-content\/uploads\/2026\/04\/imagem-noticia-764-x-414-2.jpg","contentUrl":"https:\/\/motorpor.pt\/wp-content\/uploads\/2026\/04\/imagem-noticia-764-x-414-2.jpg","width":800,"height":434},{"@type":"BreadcrumbList","@id":"https:\/\/motorpor.pt\/motorpor-car-days-forum-montijo\/#breadcrumb","itemListElement":[{"@type":"ListItem","position":1,"name":"In\u00edcio","item":"https:\/\/motorpor.pt\/"},{"@type":"ListItem","position":2,"name":"MOTORPOR CAR DAYS \u2013 F\u00f3rum Montijo"}]},{"@type":"WebSite","@id":"https:\/\/motorpor.pt\/#website","url":"https:\/\/motorpor.pt\/","name":"motorpor","description":"Comercio de Autom\u00f3veis Multimarcas","publisher":{"@id":"https:\/\/motorpor.pt\/#organization"},"potentialAction":[{"@type":"SearchAction","target":{"@type":"EntryPoint","urlTemplate":"https:\/\/motorpor.pt\/?s={search_term_string}"},"query-input":{"@type":"PropertyValueSpecification","valueRequired":true,"valueName":"search_term_string"}}],"inLanguage":"fr-FR"},{"@type":"Organization","@id":"https:\/\/motorpor.pt\/#organization","name":"motorpor","alternateName":"Motorpor","url":"https:\/\/motorpor.pt\/","logo":{"@type":"ImageObject","inLanguage":"fr-FR","@id":"https:\/\/motorpor.pt\/#\/schema\/logo\/image\/","url":"https:\/\/motorpor.pt\/wp-content\/uploads\/2024\/07\/Logo-Motorpor-Preto.svg","contentUrl":"https:\/\/motorpor.pt\/wp-content\/uploads\/2024\/07\/Logo-Motorpor-Preto.svg","width":493,"height":93,"caption":"Motorpor"},"image":{"@id":"https:\/\/motorpor.pt\/#\/schema\/logo\/image\/"},"sameAs":["https:\/\/www.linkedin.com\/company\/grupo-motorpor"]},{"@type":"Person","@id":"https:\/\/motorpor.pt\/#\/schema\/person\/b4bf07144e88efed7388a5af30522db7","name":"mktmotorpor","image":{"@type":"ImageObject","inLanguage":"fr-FR","@id":"https:\/\/secure.gravatar.com\/avatar\/8418b61b3175dbba0a8744cf0ee6bb5c7a9f6c67f1dbc4f41a62d7b9738259a2?s=96&d=mm&r=g","url":"https:\/\/secure.gravatar.com\/avatar\/8418b61b3175dbba0a8744cf0ee6bb5c7a9f6c67f1dbc4f41a62d7b9738259a2?s=96&d=mm&r=g","contentUrl":"https:\/\/secure.gravatar.com\/avatar\/8418b61b3175dbba0a8744cf0ee6bb5c7a9f6c67f1dbc4f41a62d7b9738259a2?s=96&d=mm&r=g","caption":"mktmotorpor"},"url":"https:\/\/motorpor.pt\/fr\/user\/mktmotorpor\/"}]}},"_links":{"self":[{"href":"https:\/\/motorpor.pt\/fr\/wp-json\/wp\/v2\/posts\/605831","targetHints":{"allow":["GET"]}}],"collection":[{"href":"https:\/\/motorpor.pt\/fr\/wp-json\/wp\/v2\/posts"}],"about":[{"href":"https:\/\/motorpor.pt\/fr\/wp-json\/wp\/v2\/types\/post"}],"author":[{"embeddable":true,"href":"https:\/\/motorpor.pt\/fr\/wp-json\/wp\/v2\/users\/85"}],"replies":[{"embeddable":true,"href":"https:\/\/motorpor.pt\/fr\/wp-json\/wp\/v2\/comments?post=605831"}],"version-history":[{"count":1,"href":"https:\/\/motorpor.pt\/fr\/wp-json\/wp\/v2\/posts\/605831\/revisions"}],"predecessor-version":[{"id":605832,"href":"https:\/\/motorpor.pt\/fr\/wp-json\/wp\/v2\/posts\/605831\/revisions\/605832"}],"wp:featuredmedia":[{"embeddable":true,"href":"https:\/\/motorpor.pt\/fr\/wp-json\/wp\/v2\/media\/605849"}],"wp:attachment":[{"href":"https:\/\/motorpor.pt\/fr\/wp-json\/wp\/v2\/media?parent=605831"}],"wp:term":[{"taxonomy":"category","embeddable":true,"href":"https:\/\/motorpor.pt\/fr\/wp-json\/wp\/v2\/categories?post=605831"},{"taxonomy":"post_tag","embeddable":true,"href":"https:\/\/motorpor.pt\/fr\/wp-json\/wp\/v2\/tags?post=605831"}],"curies":[{"name":"wp","href":"https:\/\/api.w.org\/{rel}","templated":true}]}}