{"id":64037,"date":"2023-10-18T08:33:27","date_gmt":"2023-10-18T08:33:27","guid":{"rendered":"https:\/\/motorpor.pt\/novo-citroen-e-c3-a-revolucao-da-mobilidade-eletrica\/"},"modified":"2023-10-18T08:45:59","modified_gmt":"2023-10-18T08:45:59","slug":"novo-citroen-e-c3-a-revolucao-da-mobilidade-eletrica","status":"publish","type":"post","link":"https:\/\/motorpor.pt\/fr\/novo-citroen-e-c3-a-revolucao-da-mobilidade-eletrica\/","title":{"rendered":"Novo Citro\u00ebn \u00eb-C3: A Revolu\u00e7\u00e3o da Mobilidade El\u00e9trica"},"content":{"rendered":"<p><span data-contrast=\"none\">O <strong>Citro\u00ebn \u00eb-C3<\/strong> chegou para redefinir a experi\u00eancia de carros el\u00e9tricos.<\/span><\/p>\n<p>\u00a0<\/p>\n<h2><b><span data-contrast=\"none\">100% El\u00e9trico e Orgulhosamente Europeu<\/span><\/b><\/h2>\n<p>\u00a0<\/p>\n<p><span data-contrast=\"none\">O <strong>Citro\u00ebn \u00eb-C3<\/strong> \u00e9 fabricado na Europa, garantindo a qualidade e a sustentabilidade. Al\u00e9m disso, \u00e9 um ve\u00edculo el\u00e9trico acess\u00edvel a todos os consumidores, tornando a mobilidade el\u00e9trica mais inclusiva do que nunca.<\/span><\/p>\n<p>\u00a0<\/p>\n<p><img fetchpriority=\"high\" decoding=\"async\" class=\"alignnone size-medium wp-image-64033\" src=\"https:\/\/motorpor.pt\/wp-content\/uploads\/2023\/10\/eC3_gallery_2880_1620_01-300x169.jpg\" alt=\"\" width=\"300\" height=\"169\" \/><\/p>\n<p>\u00a0<\/p>\n<h2><b><span data-contrast=\"none\">Conforto de Refer\u00eancia<\/span><\/b><\/h2>\n<p>\u00a0<\/p>\n<p><span data-contrast=\"none\">Um dos destaques do <strong>Citro\u00ebn \u00eb-C3<\/strong> \u00e9 o seu conforto excecional. Pela primeira vez em carros compactos, o<strong> \u00eb-C3<\/strong> apresenta suspens\u00f5es progressivas <strong>Citro\u00ebn Advanced Comfort\u00ae<\/strong>, proporcionando uma condu\u00e7\u00e3o suave e sem vibra\u00e7\u00f5es. <\/span><br \/>\n<span data-contrast=\"none\">Os bancos <strong>Citro\u00ebn Advanced Comfort<\/strong> oferecem suavidade e apoio incompar\u00e1veis, garantindo uma viagem agrad\u00e1vel. A tranquilidade continua com uma condu\u00e7\u00e3o silenciosa e livre de emiss\u00f5es.<\/span><\/p>\n<p>\u00a0<\/p>\n<p><img decoding=\"async\" class=\"alignnone size-medium wp-image-64036\" src=\"https:\/\/motorpor.pt\/wp-content\/uploads\/2023\/10\/eC3_Showroom_USP_COMFORT_2880_1620-300x169.webp\" alt=\"\" width=\"300\" height=\"169\" srcset=\"https:\/\/motorpor.pt\/wp-content\/uploads\/2023\/10\/eC3_Showroom_USP_COMFORT_2880_1620-300x169.webp 300w, https:\/\/motorpor.pt\/wp-content\/uploads\/2023\/10\/eC3_Showroom_USP_COMFORT_2880_1620-1024x576.webp 1024w, https:\/\/motorpor.pt\/wp-content\/uploads\/2023\/10\/eC3_Showroom_USP_COMFORT_2880_1620-768x432.webp 768w, https:\/\/motorpor.pt\/wp-content\/uploads\/2023\/10\/eC3_Showroom_USP_COMFORT_2880_1620-1536x864.webp 1536w, https:\/\/motorpor.pt\/wp-content\/uploads\/2023\/10\/eC3_Showroom_USP_COMFORT_2880_1620-2048x1152.webp 2048w, https:\/\/motorpor.pt\/wp-content\/uploads\/2023\/10\/eC3_Showroom_USP_COMFORT_2880_1620-18x10.webp 18w, https:\/\/motorpor.pt\/wp-content\/uploads\/2023\/10\/eC3_Showroom_USP_COMFORT_2880_1620-167x93.webp 167w, https:\/\/motorpor.pt\/wp-content\/uploads\/2023\/10\/eC3_Showroom_USP_COMFORT_2880_1620-165x93.webp 165w\" sizes=\"(max-width: 300px) 100vw, 300px\" \/><\/p>\n<p>\u00a0<\/p>\n<h2><b><span data-contrast=\"none\">Simplicidade El\u00e9trica<\/span><\/b><\/h2>\n<p>\u00a0<\/p>\n<p><span data-contrast=\"none\">Com uma bateria de 44 kWh, o <strong>Citro\u00ebn \u00eb-C3<\/strong> oferece uma autonomia impressionante de at\u00e9 <strong>320 km<\/strong>, tornando-o adequado para todas as suas necessidades di\u00e1rias.<\/span><\/p>\n<p><span data-contrast=\"none\">Carregar a bateria tamb\u00e9m \u00e9 r\u00e1pido e eficiente, levando apenas 26 minutos para atingir de 20% a 80% da capacidade.\u00a0<\/span><\/p>\n<p>\u00a0<\/p>\n<p><img decoding=\"async\" class=\"alignnone size-medium wp-image-64035\" src=\"https:\/\/motorpor.pt\/wp-content\/uploads\/2023\/10\/eC3_Showroom_USP_ELEC_2880_1620-300x169.jpg\" alt=\"\" width=\"300\" height=\"169\" srcset=\"https:\/\/motorpor.pt\/wp-content\/uploads\/2023\/10\/eC3_Showroom_USP_ELEC_2880_1620-300x169.jpg 300w, https:\/\/motorpor.pt\/wp-content\/uploads\/2023\/10\/eC3_Showroom_USP_ELEC_2880_1620-1024x576.jpg 1024w, https:\/\/motorpor.pt\/wp-content\/uploads\/2023\/10\/eC3_Showroom_USP_ELEC_2880_1620-768x432.jpg 768w, https:\/\/motorpor.pt\/wp-content\/uploads\/2023\/10\/eC3_Showroom_USP_ELEC_2880_1620-1536x864.jpg 1536w, https:\/\/motorpor.pt\/wp-content\/uploads\/2023\/10\/eC3_Showroom_USP_ELEC_2880_1620-2048x1152.jpg 2048w, https:\/\/motorpor.pt\/wp-content\/uploads\/2023\/10\/eC3_Showroom_USP_ELEC_2880_1620-18x10.jpg 18w, https:\/\/motorpor.pt\/wp-content\/uploads\/2023\/10\/eC3_Showroom_USP_ELEC_2880_1620-167x93.jpg 167w, https:\/\/motorpor.pt\/wp-content\/uploads\/2023\/10\/eC3_Showroom_USP_ELEC_2880_1620-165x93.jpg 165w\" sizes=\"(max-width: 300px) 100vw, 300px\" \/><\/p>\n<p>\u00a0<\/p>\n<h2><b><span data-contrast=\"none\">Totalmente Equipado<\/span><\/b><\/h2>\n<p>\u00a0<\/p>\n<p><span data-contrast=\"none\">O <strong>Citro\u00ebn \u00eb-C3<\/strong> n\u00e3o economiza em recursos de infoentretenimento. Com um ecr\u00e3 t\u00e1til central de 10,25&#8243;, oferece acesso a uma variedade de funcionalidades. Al\u00e9m disso, a conectividade Wi-Fi permite a liga\u00e7\u00e3o e espelhamento de smartphones com Apple Carplay e Android Auto. O novo volante tamb\u00e9m integra v\u00e1rios controlos, proporcionando uma experi\u00eancia de condu\u00e7\u00e3o moderna e sofisticada.<\/span><\/p>\n<p>\u00a0<\/p>\n<p><img loading=\"lazy\" decoding=\"async\" class=\"alignnone size-medium wp-image-64034\" src=\"https:\/\/motorpor.pt\/wp-content\/uploads\/2023\/10\/eC3_Showroom_USP_EQP_2880_1620-300x169.jpg\" alt=\"\" width=\"300\" height=\"169\" srcset=\"https:\/\/motorpor.pt\/wp-content\/uploads\/2023\/10\/eC3_Showroom_USP_EQP_2880_1620-300x169.jpg 300w, https:\/\/motorpor.pt\/wp-content\/uploads\/2023\/10\/eC3_Showroom_USP_EQP_2880_1620-1024x576.jpg 1024w, https:\/\/motorpor.pt\/wp-content\/uploads\/2023\/10\/eC3_Showroom_USP_EQP_2880_1620-768x432.jpg 768w, https:\/\/motorpor.pt\/wp-content\/uploads\/2023\/10\/eC3_Showroom_USP_EQP_2880_1620-1536x864.jpg 1536w, https:\/\/motorpor.pt\/wp-content\/uploads\/2023\/10\/eC3_Showroom_USP_EQP_2880_1620-2048x1152.jpg 2048w, https:\/\/motorpor.pt\/wp-content\/uploads\/2023\/10\/eC3_Showroom_USP_EQP_2880_1620-18x10.jpg 18w, https:\/\/motorpor.pt\/wp-content\/uploads\/2023\/10\/eC3_Showroom_USP_EQP_2880_1620-167x93.jpg 167w, https:\/\/motorpor.pt\/wp-content\/uploads\/2023\/10\/eC3_Showroom_USP_EQP_2880_1620-165x93.jpg 165w\" sizes=\"(max-width: 300px) 100vw, 300px\" \/><\/p>\n<p>\u00a0<\/p>\n<p><span data-contrast=\"none\">O Citro\u00ebn \u00eb-C3 \u00e9 mais do que um carro el\u00e9trico pois demonstra o compromisso da Citro\u00ebn em criar ve\u00edculos el\u00e9tricos acess\u00edveis com uma condu\u00e7\u00e3o emocionante.\u00a0<\/span><\/p>\n<p>\u00a0<\/p>\n<h3><strong>Pr\u00e9-encomende j\u00e1 o seu!\u00a0<\/strong><\/h3>","protected":false},"excerpt":{"rendered":"<p>O Citro\u00ebn \u00eb-C3 chegou para redefinir a experi\u00eancia de carros el\u00e9tricos. \u00a0 100% El\u00e9trico e Orgulhosamente Europeu \u00a0 O Citro\u00ebn \u00eb-C3 \u00e9 fabricado na Europa, garantindo a qualidade e a sustentabilidade. Al\u00e9m disso, \u00e9 um ve\u00edculo el\u00e9trico acess\u00edvel a todos os consumidores, tornando a mobilidade el\u00e9trica mais inclusiva do que nunca. \u00a0 \u00a0 Conforto de [&hellip;]<\/p>\n","protected":false},"author":85,"featured_media":64033,"comment_status":"closed","ping_status":"open","sticky":false,"template":"","format":"standard","meta":{"_acf_changed":false,"footnotes":""},"categories":[2595,2559,2592],"tags":[],"class_list":["post-64037","post","type-post","status-publish","format-standard","has-post-thumbnail","hentry","category-atualidade","category-citroen","category-noticias"],"acf":[],"yoast_head":"<!-- This site is optimized with the Yoast SEO plugin v27.5 - https:\/\/yoast.com\/product\/yoast-seo-wordpress\/ -->\n<title>Novo Citro\u00ebn \u00eb-C3: A Revolu\u00e7\u00e3o da Mobilidade El\u00e9trica - Motorpor<\/title>\n<meta name=\"robots\" content=\"index, follow, max-snippet:-1, max-image-preview:large, max-video-preview:-1\" \/>\n<link rel=\"canonical\" href=\"https:\/\/motorpor.pt\/fr\/novo-citroen-e-c3-a-revolucao-da-mobilidade-eletrica\/\" \/>\n<meta property=\"og:locale\" content=\"fr_FR\" \/>\n<meta property=\"og:type\" content=\"article\" \/>\n<meta property=\"og:title\" content=\"Novo Citro\u00ebn \u00eb-C3: A Revolu\u00e7\u00e3o da Mobilidade El\u00e9trica - Motorpor\" \/>\n<meta property=\"og:description\" content=\"O Citro\u00ebn \u00eb-C3 chegou para redefinir a experi\u00eancia de carros el\u00e9tricos. \u00a0 100% El\u00e9trico e Orgulhosamente Europeu \u00a0 O Citro\u00ebn \u00eb-C3 \u00e9 fabricado na Europa, garantindo a qualidade e a sustentabilidade. Al\u00e9m disso, \u00e9 um ve\u00edculo el\u00e9trico acess\u00edvel a todos os consumidores, tornando a mobilidade el\u00e9trica mais inclusiva do que nunca. \u00a0 \u00a0 Conforto de [&hellip;]\" \/>\n<meta property=\"og:url\" content=\"https:\/\/motorpor.pt\/fr\/novo-citroen-e-c3-a-revolucao-da-mobilidade-eletrica\/\" \/>\n<meta property=\"og:site_name\" content=\"Motorpor\" \/>\n<meta property=\"article:published_time\" content=\"2023-10-18T08:33:27+00:00\" \/>\n<meta property=\"article:modified_time\" content=\"2023-10-18T08:45:59+00:00\" \/>\n<meta property=\"og:image\" content=\"https:\/\/motorpor.pt\/wp-content\/uploads\/2023\/10\/eC3_gallery_2880_1620_01-scaled-1.jpg\" \/>\n\t<meta property=\"og:image:width\" content=\"2560\" \/>\n\t<meta property=\"og:image:height\" content=\"1440\" \/>\n\t<meta property=\"og:image:type\" content=\"image\/jpeg\" \/>\n<meta name=\"author\" content=\"mktmotorpor\" \/>\n<meta name=\"twitter:card\" content=\"summary_large_image\" \/>\n<meta name=\"twitter:label1\" content=\"\u00c9crit par\" \/>\n\t<meta name=\"twitter:data1\" content=\"mktmotorpor\" \/>\n\t<meta name=\"twitter:label2\" content=\"Dur\u00e9e de lecture estim\u00e9e\" \/>\n\t<meta name=\"twitter:data2\" content=\"1 minute\" \/>\n<script type=\"application\/ld+json\" class=\"yoast-schema-graph\">{\"@context\":\"https:\\\/\\\/schema.org\",\"@graph\":[{\"@type\":\"Article\",\"@id\":\"https:\\\/\\\/motorpor.pt\\\/novo-citroen-e-c3-a-revolucao-da-mobilidade-eletrica\\\/#article\",\"isPartOf\":{\"@id\":\"https:\\\/\\\/motorpor.pt\\\/novo-citroen-e-c3-a-revolucao-da-mobilidade-eletrica\\\/\"},\"author\":{\"name\":\"mktmotorpor\",\"@id\":\"https:\\\/\\\/motorpor.pt\\\/#\\\/schema\\\/person\\\/b4bf07144e88efed7388a5af30522db7\"},\"headline\":\"Novo Citro\u00ebn \u00eb-C3: A Revolu\u00e7\u00e3o da Mobilidade El\u00e9trica\",\"datePublished\":\"2023-10-18T08:33:27+00:00\",\"dateModified\":\"2023-10-18T08:45:59+00:00\",\"mainEntityOfPage\":{\"@id\":\"https:\\\/\\\/motorpor.pt\\\/novo-citroen-e-c3-a-revolucao-da-mobilidade-eletrica\\\/\"},\"wordCount\":285,\"publisher\":{\"@id\":\"https:\\\/\\\/motorpor.pt\\\/#organization\"},\"image\":{\"@id\":\"https:\\\/\\\/motorpor.pt\\\/novo-citroen-e-c3-a-revolucao-da-mobilidade-eletrica\\\/#primaryimage\"},\"thumbnailUrl\":\"https:\\\/\\\/motorpor.pt\\\/wp-content\\\/uploads\\\/2023\\\/10\\\/eC3_gallery_2880_1620_01-scaled-1.jpg\",\"articleSection\":[\"Atualidade\",\"Citro\u00ebn\",\"Not\u00edcias\"],\"inLanguage\":\"fr-FR\"},{\"@type\":\"WebPage\",\"@id\":\"https:\\\/\\\/motorpor.pt\\\/novo-citroen-e-c3-a-revolucao-da-mobilidade-eletrica\\\/\",\"url\":\"https:\\\/\\\/motorpor.pt\\\/novo-citroen-e-c3-a-revolucao-da-mobilidade-eletrica\\\/\",\"name\":\"Novo Citro\u00ebn \u00eb-C3: A Revolu\u00e7\u00e3o da Mobilidade El\u00e9trica - Motorpor\",\"isPartOf\":{\"@id\":\"https:\\\/\\\/motorpor.pt\\\/#website\"},\"primaryImageOfPage\":{\"@id\":\"https:\\\/\\\/motorpor.pt\\\/novo-citroen-e-c3-a-revolucao-da-mobilidade-eletrica\\\/#primaryimage\"},\"image\":{\"@id\":\"https:\\\/\\\/motorpor.pt\\\/novo-citroen-e-c3-a-revolucao-da-mobilidade-eletrica\\\/#primaryimage\"},\"thumbnailUrl\":\"https:\\\/\\\/motorpor.pt\\\/wp-content\\\/uploads\\\/2023\\\/10\\\/eC3_gallery_2880_1620_01-scaled-1.jpg\",\"datePublished\":\"2023-10-18T08:33:27+00:00\",\"dateModified\":\"2023-10-18T08:45:59+00:00\",\"breadcrumb\":{\"@id\":\"https:\\\/\\\/motorpor.pt\\\/novo-citroen-e-c3-a-revolucao-da-mobilidade-eletrica\\\/#breadcrumb\"},\"inLanguage\":\"fr-FR\",\"potentialAction\":[{\"@type\":\"ReadAction\",\"target\":[\"https:\\\/\\\/motorpor.pt\\\/novo-citroen-e-c3-a-revolucao-da-mobilidade-eletrica\\\/\"]}]},{\"@type\":\"ImageObject\",\"inLanguage\":\"fr-FR\",\"@id\":\"https:\\\/\\\/motorpor.pt\\\/novo-citroen-e-c3-a-revolucao-da-mobilidade-eletrica\\\/#primaryimage\",\"url\":\"https:\\\/\\\/motorpor.pt\\\/wp-content\\\/uploads\\\/2023\\\/10\\\/eC3_gallery_2880_1620_01-scaled-1.jpg\",\"contentUrl\":\"https:\\\/\\\/motorpor.pt\\\/wp-content\\\/uploads\\\/2023\\\/10\\\/eC3_gallery_2880_1620_01-scaled-1.jpg\",\"width\":2560,\"height\":1440},{\"@type\":\"BreadcrumbList\",\"@id\":\"https:\\\/\\\/motorpor.pt\\\/novo-citroen-e-c3-a-revolucao-da-mobilidade-eletrica\\\/#breadcrumb\",\"itemListElement\":[{\"@type\":\"ListItem\",\"position\":1,\"name\":\"In\u00edcio\",\"item\":\"https:\\\/\\\/motorpor.pt\\\/\"},{\"@type\":\"ListItem\",\"position\":2,\"name\":\"Novo Citro\u00ebn \u00eb-C3: A Revolu\u00e7\u00e3o da Mobilidade El\u00e9trica\"}]},{\"@type\":\"WebSite\",\"@id\":\"https:\\\/\\\/motorpor.pt\\\/#website\",\"url\":\"https:\\\/\\\/motorpor.pt\\\/\",\"name\":\"Motorpor\",\"description\":\"Comercio de Autom\u00f3veis Multimarcas\",\"publisher\":{\"@id\":\"https:\\\/\\\/motorpor.pt\\\/#organization\"},\"potentialAction\":[{\"@type\":\"SearchAction\",\"target\":{\"@type\":\"EntryPoint\",\"urlTemplate\":\"https:\\\/\\\/motorpor.pt\\\/?s={search_term_string}\"},\"query-input\":{\"@type\":\"PropertyValueSpecification\",\"valueRequired\":true,\"valueName\":\"search_term_string\"}}],\"inLanguage\":\"fr-FR\"},{\"@type\":\"Organization\",\"@id\":\"https:\\\/\\\/motorpor.pt\\\/#organization\",\"name\":\"Motorpor\",\"alternateName\":\"Motorpor\",\"url\":\"https:\\\/\\\/motorpor.pt\\\/\",\"logo\":{\"@type\":\"ImageObject\",\"inLanguage\":\"fr-FR\",\"@id\":\"https:\\\/\\\/motorpor.pt\\\/#\\\/schema\\\/logo\\\/image\\\/\",\"url\":\"https:\\\/\\\/motorpor.pt\\\/wp-content\\\/uploads\\\/2024\\\/07\\\/Logo-Motorpor-Preto.svg\",\"contentUrl\":\"https:\\\/\\\/motorpor.pt\\\/wp-content\\\/uploads\\\/2024\\\/07\\\/Logo-Motorpor-Preto.svg\",\"width\":493,\"height\":93,\"caption\":\"Motorpor\"},\"image\":{\"@id\":\"https:\\\/\\\/motorpor.pt\\\/#\\\/schema\\\/logo\\\/image\\\/\"},\"sameAs\":[\"https:\\\/\\\/www.linkedin.com\\\/company\\\/grupo-motorpor\"]},{\"@type\":\"Person\",\"@id\":\"https:\\\/\\\/motorpor.pt\\\/#\\\/schema\\\/person\\\/b4bf07144e88efed7388a5af30522db7\",\"name\":\"mktmotorpor\",\"image\":{\"@type\":\"ImageObject\",\"inLanguage\":\"fr-FR\",\"@id\":\"https:\\\/\\\/secure.gravatar.com\\\/avatar\\\/8418b61b3175dbba0a8744cf0ee6bb5c7a9f6c67f1dbc4f41a62d7b9738259a2?s=96&d=mm&r=g\",\"url\":\"https:\\\/\\\/secure.gravatar.com\\\/avatar\\\/8418b61b3175dbba0a8744cf0ee6bb5c7a9f6c67f1dbc4f41a62d7b9738259a2?s=96&d=mm&r=g\",\"contentUrl\":\"https:\\\/\\\/secure.gravatar.com\\\/avatar\\\/8418b61b3175dbba0a8744cf0ee6bb5c7a9f6c67f1dbc4f41a62d7b9738259a2?s=96&d=mm&r=g\",\"caption\":\"mktmotorpor\"},\"url\":\"https:\\\/\\\/motorpor.pt\\\/fr\\\/user\\\/mktmotorpor\\\/\"}]}<\/script>\n<!-- \/ Yoast SEO plugin. -->","yoast_head_json":{"title":"Novo Citro\u00ebn \u00eb-C3: A Revolu\u00e7\u00e3o da Mobilidade El\u00e9trica - Motorpor","robots":{"index":"index","follow":"follow","max-snippet":"max-snippet:-1","max-image-preview":"max-image-preview:large","max-video-preview":"max-video-preview:-1"},"canonical":"https:\/\/motorpor.pt\/fr\/novo-citroen-e-c3-a-revolucao-da-mobilidade-eletrica\/","og_locale":"fr_FR","og_type":"article","og_title":"Novo Citro\u00ebn \u00eb-C3: A Revolu\u00e7\u00e3o da Mobilidade El\u00e9trica - Motorpor","og_description":"O Citro\u00ebn \u00eb-C3 chegou para redefinir a experi\u00eancia de carros el\u00e9tricos. \u00a0 100% El\u00e9trico e Orgulhosamente Europeu \u00a0 O Citro\u00ebn \u00eb-C3 \u00e9 fabricado na Europa, garantindo a qualidade e a sustentabilidade. Al\u00e9m disso, \u00e9 um ve\u00edculo el\u00e9trico acess\u00edvel a todos os consumidores, tornando a mobilidade el\u00e9trica mais inclusiva do que nunca. \u00a0 \u00a0 Conforto de [&hellip;]","og_url":"https:\/\/motorpor.pt\/fr\/novo-citroen-e-c3-a-revolucao-da-mobilidade-eletrica\/","og_site_name":"Motorpor","article_published_time":"2023-10-18T08:33:27+00:00","article_modified_time":"2023-10-18T08:45:59+00:00","og_image":[{"width":2560,"height":1440,"url":"https:\/\/motorpor.pt\/wp-content\/uploads\/2023\/10\/eC3_gallery_2880_1620_01-scaled-1.jpg","type":"image\/jpeg"}],"author":"mktmotorpor","twitter_card":"summary_large_image","twitter_misc":{"\u00c9crit par":"mktmotorpor","Dur\u00e9e de lecture estim\u00e9e":"1 minute"},"schema":{"@context":"https:\/\/schema.org","@graph":[{"@type":"Article","@id":"https:\/\/motorpor.pt\/novo-citroen-e-c3-a-revolucao-da-mobilidade-eletrica\/#article","isPartOf":{"@id":"https:\/\/motorpor.pt\/novo-citroen-e-c3-a-revolucao-da-mobilidade-eletrica\/"},"author":{"name":"mktmotorpor","@id":"https:\/\/motorpor.pt\/#\/schema\/person\/b4bf07144e88efed7388a5af30522db7"},"headline":"Novo Citro\u00ebn \u00eb-C3: A Revolu\u00e7\u00e3o da Mobilidade El\u00e9trica","datePublished":"2023-10-18T08:33:27+00:00","dateModified":"2023-10-18T08:45:59+00:00","mainEntityOfPage":{"@id":"https:\/\/motorpor.pt\/novo-citroen-e-c3-a-revolucao-da-mobilidade-eletrica\/"},"wordCount":285,"publisher":{"@id":"https:\/\/motorpor.pt\/#organization"},"image":{"@id":"https:\/\/motorpor.pt\/novo-citroen-e-c3-a-revolucao-da-mobilidade-eletrica\/#primaryimage"},"thumbnailUrl":"https:\/\/motorpor.pt\/wp-content\/uploads\/2023\/10\/eC3_gallery_2880_1620_01-scaled-1.jpg","articleSection":["Atualidade","Citro\u00ebn","Not\u00edcias"],"inLanguage":"fr-FR"},{"@type":"WebPage","@id":"https:\/\/motorpor.pt\/novo-citroen-e-c3-a-revolucao-da-mobilidade-eletrica\/","url":"https:\/\/motorpor.pt\/novo-citroen-e-c3-a-revolucao-da-mobilidade-eletrica\/","name":"Novo Citro\u00ebn \u00eb-C3: A Revolu\u00e7\u00e3o da Mobilidade El\u00e9trica - Motorpor","isPartOf":{"@id":"https:\/\/motorpor.pt\/#website"},"primaryImageOfPage":{"@id":"https:\/\/motorpor.pt\/novo-citroen-e-c3-a-revolucao-da-mobilidade-eletrica\/#primaryimage"},"image":{"@id":"https:\/\/motorpor.pt\/novo-citroen-e-c3-a-revolucao-da-mobilidade-eletrica\/#primaryimage"},"thumbnailUrl":"https:\/\/motorpor.pt\/wp-content\/uploads\/2023\/10\/eC3_gallery_2880_1620_01-scaled-1.jpg","datePublished":"2023-10-18T08:33:27+00:00","dateModified":"2023-10-18T08:45:59+00:00","breadcrumb":{"@id":"https:\/\/motorpor.pt\/novo-citroen-e-c3-a-revolucao-da-mobilidade-eletrica\/#breadcrumb"},"inLanguage":"fr-FR","potentialAction":[{"@type":"ReadAction","target":["https:\/\/motorpor.pt\/novo-citroen-e-c3-a-revolucao-da-mobilidade-eletrica\/"]}]},{"@type":"ImageObject","inLanguage":"fr-FR","@id":"https:\/\/motorpor.pt\/novo-citroen-e-c3-a-revolucao-da-mobilidade-eletrica\/#primaryimage","url":"https:\/\/motorpor.pt\/wp-content\/uploads\/2023\/10\/eC3_gallery_2880_1620_01-scaled-1.jpg","contentUrl":"https:\/\/motorpor.pt\/wp-content\/uploads\/2023\/10\/eC3_gallery_2880_1620_01-scaled-1.jpg","width":2560,"height":1440},{"@type":"BreadcrumbList","@id":"https:\/\/motorpor.pt\/novo-citroen-e-c3-a-revolucao-da-mobilidade-eletrica\/#breadcrumb","itemListElement":[{"@type":"ListItem","position":1,"name":"In\u00edcio","item":"https:\/\/motorpor.pt\/"},{"@type":"ListItem","position":2,"name":"Novo Citro\u00ebn \u00eb-C3: A Revolu\u00e7\u00e3o da Mobilidade El\u00e9trica"}]},{"@type":"WebSite","@id":"https:\/\/motorpor.pt\/#website","url":"https:\/\/motorpor.pt\/","name":"motorpor","description":"Comercio de Autom\u00f3veis Multimarcas","publisher":{"@id":"https:\/\/motorpor.pt\/#organization"},"potentialAction":[{"@type":"SearchAction","target":{"@type":"EntryPoint","urlTemplate":"https:\/\/motorpor.pt\/?s={search_term_string}"},"query-input":{"@type":"PropertyValueSpecification","valueRequired":true,"valueName":"search_term_string"}}],"inLanguage":"fr-FR"},{"@type":"Organization","@id":"https:\/\/motorpor.pt\/#organization","name":"motorpor","alternateName":"Motorpor","url":"https:\/\/motorpor.pt\/","logo":{"@type":"ImageObject","inLanguage":"fr-FR","@id":"https:\/\/motorpor.pt\/#\/schema\/logo\/image\/","url":"https:\/\/motorpor.pt\/wp-content\/uploads\/2024\/07\/Logo-Motorpor-Preto.svg","contentUrl":"https:\/\/motorpor.pt\/wp-content\/uploads\/2024\/07\/Logo-Motorpor-Preto.svg","width":493,"height":93,"caption":"Motorpor"},"image":{"@id":"https:\/\/motorpor.pt\/#\/schema\/logo\/image\/"},"sameAs":["https:\/\/www.linkedin.com\/company\/grupo-motorpor"]},{"@type":"Person","@id":"https:\/\/motorpor.pt\/#\/schema\/person\/b4bf07144e88efed7388a5af30522db7","name":"mktmotorpor","image":{"@type":"ImageObject","inLanguage":"fr-FR","@id":"https:\/\/secure.gravatar.com\/avatar\/8418b61b3175dbba0a8744cf0ee6bb5c7a9f6c67f1dbc4f41a62d7b9738259a2?s=96&d=mm&r=g","url":"https:\/\/secure.gravatar.com\/avatar\/8418b61b3175dbba0a8744cf0ee6bb5c7a9f6c67f1dbc4f41a62d7b9738259a2?s=96&d=mm&r=g","contentUrl":"https:\/\/secure.gravatar.com\/avatar\/8418b61b3175dbba0a8744cf0ee6bb5c7a9f6c67f1dbc4f41a62d7b9738259a2?s=96&d=mm&r=g","caption":"mktmotorpor"},"url":"https:\/\/motorpor.pt\/fr\/user\/mktmotorpor\/"}]}},"_links":{"self":[{"href":"https:\/\/motorpor.pt\/fr\/wp-json\/wp\/v2\/posts\/64037","targetHints":{"allow":["GET"]}}],"collection":[{"href":"https:\/\/motorpor.pt\/fr\/wp-json\/wp\/v2\/posts"}],"about":[{"href":"https:\/\/motorpor.pt\/fr\/wp-json\/wp\/v2\/types\/post"}],"author":[{"embeddable":true,"href":"https:\/\/motorpor.pt\/fr\/wp-json\/wp\/v2\/users\/85"}],"replies":[{"embeddable":true,"href":"https:\/\/motorpor.pt\/fr\/wp-json\/wp\/v2\/comments?post=64037"}],"version-history":[{"count":1,"href":"https:\/\/motorpor.pt\/fr\/wp-json\/wp\/v2\/posts\/64037\/revisions"}],"predecessor-version":[{"id":64038,"href":"https:\/\/motorpor.pt\/fr\/wp-json\/wp\/v2\/posts\/64037\/revisions\/64038"}],"wp:featuredmedia":[{"embeddable":true,"href":"https:\/\/motorpor.pt\/fr\/wp-json\/wp\/v2\/media\/64033"}],"wp:attachment":[{"href":"https:\/\/motorpor.pt\/fr\/wp-json\/wp\/v2\/media?parent=64037"}],"wp:term":[{"taxonomy":"category","embeddable":true,"href":"https:\/\/motorpor.pt\/fr\/wp-json\/wp\/v2\/categories?post=64037"},{"taxonomy":"post_tag","embeddable":true,"href":"https:\/\/motorpor.pt\/fr\/wp-json\/wp\/v2\/tags?post=64037"}],"curies":[{"name":"wp","href":"https:\/\/api.w.org\/{rel}","templated":true}]}}