{"id":75186,"date":"2024-01-05T00:00:00","date_gmt":"2024-01-15T12:48:43","guid":{"rendered":"https:\/\/motorpor.pt\/?p=75186"},"modified":"2024-07-17T15:46:29","modified_gmt":"2024-07-17T14:46:29","slug":"citroen-e-c3-vence-o-premio-ecobest-2024","status":"publish","type":"post","link":"https:\/\/motorpor.pt\/fr\/citroen-e-c3-vence-o-premio-ecobest-2024\/","title":{"rendered":"Citro\u00ebn \u00cb-C3 vence o Pr\u00e9mio EcoBest 2024"},"content":{"rendered":"<h5>\u00cb-C3 considerado o ve\u00edculo el\u00e9trico mais relevante para 2024.<\/h5>\n<p>\u00a0<\/p>\n<p>O pr\u00e9mio que distingue os ve\u00edculos que se destacam em termos de ecologia, efici\u00eancia energ\u00e9tica e redu\u00e7\u00e3o do impacto ambiental foi entregue ao novo <a href=\"https:\/\/motorpor.pt\/fr\/novos\/citroen\/\">Citro\u00ebn<\/a> \u00cb-C3, sendo este, reconhecido pelo j\u00fari Autobest, o autom\u00f3vel el\u00e9trico mais relevante neste novo ano.<\/p>\n<p>\u00a0<\/p>\n<p><img fetchpriority=\"high\" decoding=\"async\" class=\"alignnone size-full wp-image-75059\" src=\"https:\/\/motorpor.pt\/wp-content\/uploads\/2024\/01\/Novo-e-C3-4-1-scaled.jpg\" alt=\"\" width=\"2560\" height=\"1920\" srcset=\"https:\/\/motorpor.pt\/wp-content\/uploads\/2024\/01\/Novo-e-C3-4-1-scaled.jpg 2560w, https:\/\/motorpor.pt\/wp-content\/uploads\/2024\/01\/Novo-e-C3-4-1-300x225.jpg 300w, https:\/\/motorpor.pt\/wp-content\/uploads\/2024\/01\/Novo-e-C3-4-1-1024x768.jpg 1024w, https:\/\/motorpor.pt\/wp-content\/uploads\/2024\/01\/Novo-e-C3-4-1-768x576.jpg 768w, https:\/\/motorpor.pt\/wp-content\/uploads\/2024\/01\/Novo-e-C3-4-1-1536x1152.jpg 1536w, https:\/\/motorpor.pt\/wp-content\/uploads\/2024\/01\/Novo-e-C3-4-1-2048x1536.jpg 2048w, https:\/\/motorpor.pt\/wp-content\/uploads\/2024\/01\/Novo-e-C3-4-1-16x12.jpg 16w, https:\/\/motorpor.pt\/wp-content\/uploads\/2024\/01\/Novo-e-C3-4-1-165x124.jpg 165w\" sizes=\"(max-width: 2560px) 100vw, 2560px\" \/><\/p>\n<p>\u00a0<\/p>\n<p>Al\u00e9m de ser um ve\u00edculo revolucion\u00e1rio, o novo \u00cb-C3, fabricado na Europa, distingue-se pela sua facilidade de utiliza\u00e7\u00e3o, versatilidade, estilo atraente, equipamento adequado e a promessa de oferecer uma experi\u00eancia confort\u00e1vel.<\/p>\n<p>No \u00cb-C3 o bem-estar \u00e9 elevado a um novo patamar com a cria\u00e7\u00e3o de um habit\u00e1culo &#8220;C-Zen Lounge&#8221;, com vers\u00f5es revistas dos bancos Citro\u00ebn Advanced Comfort\u00ae amplamente acolchoados e um painel de instrumentos organizado e estratificado. As suspens\u00f5es Citro\u00ebn Advanced Comfort acrescentam o apreciado efeito tapete voador caracter\u00edstico da Citro\u00ebn.<\/p>\n<p>\u00a0<\/p>\n<p><img decoding=\"async\" class=\"size-full wp-image-75185\" src=\"https:\/\/motorpor.pt\/wp-content\/uploads\/2024\/01\/Novo-e-C3-3-scaled.jpg\" alt=\"\" width=\"2560\" height=\"1501\" srcset=\"https:\/\/motorpor.pt\/wp-content\/uploads\/2024\/01\/Novo-e-C3-3-scaled.jpg 2560w, https:\/\/motorpor.pt\/wp-content\/uploads\/2024\/01\/Novo-e-C3-3-300x176.jpg 300w, https:\/\/motorpor.pt\/wp-content\/uploads\/2024\/01\/Novo-e-C3-3-1024x601.jpg 1024w, https:\/\/motorpor.pt\/wp-content\/uploads\/2024\/01\/Novo-e-C3-3-768x450.jpg 768w, https:\/\/motorpor.pt\/wp-content\/uploads\/2024\/01\/Novo-e-C3-3-1536x901.jpg 1536w, https:\/\/motorpor.pt\/wp-content\/uploads\/2024\/01\/Novo-e-C3-3-2048x1201.jpg 2048w, https:\/\/motorpor.pt\/wp-content\/uploads\/2024\/01\/Novo-e-C3-3-18x12.jpg 18w, https:\/\/motorpor.pt\/wp-content\/uploads\/2024\/01\/Novo-e-C3-3-165x97.jpg 165w\" sizes=\"(max-width: 2560px) 100vw, 2560px\" \/><\/p>\n<p>\u00a0<\/p>\n<p>O reconhecimento da Ecobest refor\u00e7a o compromisso da Citro\u00ebn em ultrapassar os limites da mobilidade, bem como responder aos desafios de acessibilidade das formas mais inovadoras. Este \u00e9 um autom\u00f3vel que al\u00e9m de cumprir as normas ambientes fornece uma experi\u00eancia de mobilidade \u00fanica.<\/p>","protected":false},"excerpt":{"rendered":"<p>\u00cb-C3 considerado o ve\u00edculo el\u00e9trico mais relevante para 2024. \u00a0 O pr\u00e9mio que distingue os ve\u00edculos que se destacam em termos de ecologia, efici\u00eancia energ\u00e9tica e redu\u00e7\u00e3o do impacto ambiental foi entregue ao novo Citro\u00ebn \u00cb-C3, sendo este, reconhecido pelo j\u00fari Autobest, o autom\u00f3vel el\u00e9trico mais relevante neste novo ano. \u00a0 \u00a0 Al\u00e9m de ser [&hellip;]<\/p>\n","protected":false},"author":85,"featured_media":75060,"comment_status":"closed","ping_status":"open","sticky":false,"template":"","format":"standard","meta":{"_acf_changed":false,"footnotes":""},"categories":[2595,3087],"tags":[],"class_list":["post-75186","post","type-post","status-publish","format-standard","has-post-thumbnail","hentry","category-atualidade","category-noticias-citroen"],"acf":[],"yoast_head":"<!-- This site is optimized with the Yoast SEO plugin v27.5 - https:\/\/yoast.com\/product\/yoast-seo-wordpress\/ -->\n<title>Citro\u00ebn \u00cb-C3 vence o Pr\u00e9mio EcoBest 2024 - Motorpor<\/title>\n<meta name=\"robots\" content=\"index, follow, max-snippet:-1, max-image-preview:large, max-video-preview:-1\" \/>\n<link rel=\"canonical\" href=\"https:\/\/motorpor.pt\/fr\/citroen-e-c3-vence-o-premio-ecobest-2024\/\" \/>\n<meta property=\"og:locale\" content=\"fr_FR\" \/>\n<meta property=\"og:type\" content=\"article\" \/>\n<meta property=\"og:title\" content=\"Citro\u00ebn \u00cb-C3 vence o Pr\u00e9mio EcoBest 2024 - Motorpor\" \/>\n<meta property=\"og:description\" content=\"\u00cb-C3 considerado o ve\u00edculo el\u00e9trico mais relevante para 2024. \u00a0 O pr\u00e9mio que distingue os ve\u00edculos que se destacam em termos de ecologia, efici\u00eancia energ\u00e9tica e redu\u00e7\u00e3o do impacto ambiental foi entregue ao novo Citro\u00ebn \u00cb-C3, sendo este, reconhecido pelo j\u00fari Autobest, o autom\u00f3vel el\u00e9trico mais relevante neste novo ano. \u00a0 \u00a0 Al\u00e9m de ser [&hellip;]\" \/>\n<meta property=\"og:url\" content=\"https:\/\/motorpor.pt\/fr\/citroen-e-c3-vence-o-premio-ecobest-2024\/\" \/>\n<meta property=\"og:site_name\" content=\"Motorpor\" \/>\n<meta property=\"article:published_time\" content=\"2024-01-15T12:48:43+00:00\" \/>\n<meta property=\"article:modified_time\" content=\"2024-07-17T14:46:29+00:00\" \/>\n<meta property=\"og:image\" content=\"https:\/\/motorpor.pt\/wp-content\/uploads\/2024\/01\/Novo-e-C3-2-1-scaled-1.jpg\" \/>\n\t<meta property=\"og:image:width\" content=\"2560\" \/>\n\t<meta property=\"og:image:height\" content=\"1280\" \/>\n\t<meta property=\"og:image:type\" content=\"image\/jpeg\" \/>\n<meta name=\"author\" content=\"mktmotorpor\" \/>\n<meta name=\"twitter:card\" content=\"summary_large_image\" \/>\n<meta name=\"twitter:label1\" content=\"\u00c9crit par\" \/>\n\t<meta name=\"twitter:data1\" content=\"mktmotorpor\" \/>\n\t<meta name=\"twitter:label2\" content=\"Dur\u00e9e de lecture estim\u00e9e\" \/>\n\t<meta name=\"twitter:data2\" content=\"1 minute\" \/>\n<script type=\"application\/ld+json\" class=\"yoast-schema-graph\">{\"@context\":\"https:\\\/\\\/schema.org\",\"@graph\":[{\"@type\":\"Article\",\"@id\":\"https:\\\/\\\/motorpor.pt\\\/citroen-e-c3-vence-o-premio-ecobest-2024\\\/#article\",\"isPartOf\":{\"@id\":\"https:\\\/\\\/motorpor.pt\\\/citroen-e-c3-vence-o-premio-ecobest-2024\\\/\"},\"author\":{\"name\":\"mktmotorpor\",\"@id\":\"https:\\\/\\\/motorpor.pt\\\/#\\\/schema\\\/person\\\/b4bf07144e88efed7388a5af30522db7\"},\"headline\":\"Citro\u00ebn \u00cb-C3 vence o Pr\u00e9mio EcoBest 2024\",\"datePublished\":\"2024-01-15T12:48:43+00:00\",\"dateModified\":\"2024-07-17T14:46:29+00:00\",\"mainEntityOfPage\":{\"@id\":\"https:\\\/\\\/motorpor.pt\\\/citroen-e-c3-vence-o-premio-ecobest-2024\\\/\"},\"wordCount\":208,\"publisher\":{\"@id\":\"https:\\\/\\\/motorpor.pt\\\/#organization\"},\"image\":{\"@id\":\"https:\\\/\\\/motorpor.pt\\\/citroen-e-c3-vence-o-premio-ecobest-2024\\\/#primaryimage\"},\"thumbnailUrl\":\"https:\\\/\\\/motorpor.pt\\\/wp-content\\\/uploads\\\/2024\\\/01\\\/Novo-e-C3-2-1-scaled-1.jpg\",\"articleSection\":[\"Atualidade\",\"Not\u00edcias Citro\u00ebn\"],\"inLanguage\":\"fr-FR\"},{\"@type\":\"WebPage\",\"@id\":\"https:\\\/\\\/motorpor.pt\\\/citroen-e-c3-vence-o-premio-ecobest-2024\\\/\",\"url\":\"https:\\\/\\\/motorpor.pt\\\/citroen-e-c3-vence-o-premio-ecobest-2024\\\/\",\"name\":\"Citro\u00ebn \u00cb-C3 vence o Pr\u00e9mio EcoBest 2024 - Motorpor\",\"isPartOf\":{\"@id\":\"https:\\\/\\\/motorpor.pt\\\/#website\"},\"primaryImageOfPage\":{\"@id\":\"https:\\\/\\\/motorpor.pt\\\/citroen-e-c3-vence-o-premio-ecobest-2024\\\/#primaryimage\"},\"image\":{\"@id\":\"https:\\\/\\\/motorpor.pt\\\/citroen-e-c3-vence-o-premio-ecobest-2024\\\/#primaryimage\"},\"thumbnailUrl\":\"https:\\\/\\\/motorpor.pt\\\/wp-content\\\/uploads\\\/2024\\\/01\\\/Novo-e-C3-2-1-scaled-1.jpg\",\"datePublished\":\"2024-01-15T12:48:43+00:00\",\"dateModified\":\"2024-07-17T14:46:29+00:00\",\"breadcrumb\":{\"@id\":\"https:\\\/\\\/motorpor.pt\\\/citroen-e-c3-vence-o-premio-ecobest-2024\\\/#breadcrumb\"},\"inLanguage\":\"fr-FR\",\"potentialAction\":[{\"@type\":\"ReadAction\",\"target\":[\"https:\\\/\\\/motorpor.pt\\\/citroen-e-c3-vence-o-premio-ecobest-2024\\\/\"]}]},{\"@type\":\"ImageObject\",\"inLanguage\":\"fr-FR\",\"@id\":\"https:\\\/\\\/motorpor.pt\\\/citroen-e-c3-vence-o-premio-ecobest-2024\\\/#primaryimage\",\"url\":\"https:\\\/\\\/motorpor.pt\\\/wp-content\\\/uploads\\\/2024\\\/01\\\/Novo-e-C3-2-1-scaled-1.jpg\",\"contentUrl\":\"https:\\\/\\\/motorpor.pt\\\/wp-content\\\/uploads\\\/2024\\\/01\\\/Novo-e-C3-2-1-scaled-1.jpg\",\"width\":2560,\"height\":1280},{\"@type\":\"BreadcrumbList\",\"@id\":\"https:\\\/\\\/motorpor.pt\\\/citroen-e-c3-vence-o-premio-ecobest-2024\\\/#breadcrumb\",\"itemListElement\":[{\"@type\":\"ListItem\",\"position\":1,\"name\":\"In\u00edcio\",\"item\":\"https:\\\/\\\/motorpor.pt\\\/\"},{\"@type\":\"ListItem\",\"position\":2,\"name\":\"Citro\u00ebn \u00cb-C3 vence o Pr\u00e9mio EcoBest 2024\"}]},{\"@type\":\"WebSite\",\"@id\":\"https:\\\/\\\/motorpor.pt\\\/#website\",\"url\":\"https:\\\/\\\/motorpor.pt\\\/\",\"name\":\"Motorpor\",\"description\":\"Comercio de Autom\u00f3veis Multimarcas\",\"publisher\":{\"@id\":\"https:\\\/\\\/motorpor.pt\\\/#organization\"},\"potentialAction\":[{\"@type\":\"SearchAction\",\"target\":{\"@type\":\"EntryPoint\",\"urlTemplate\":\"https:\\\/\\\/motorpor.pt\\\/?s={search_term_string}\"},\"query-input\":{\"@type\":\"PropertyValueSpecification\",\"valueRequired\":true,\"valueName\":\"search_term_string\"}}],\"inLanguage\":\"fr-FR\"},{\"@type\":\"Organization\",\"@id\":\"https:\\\/\\\/motorpor.pt\\\/#organization\",\"name\":\"Motorpor\",\"alternateName\":\"Motorpor\",\"url\":\"https:\\\/\\\/motorpor.pt\\\/\",\"logo\":{\"@type\":\"ImageObject\",\"inLanguage\":\"fr-FR\",\"@id\":\"https:\\\/\\\/motorpor.pt\\\/#\\\/schema\\\/logo\\\/image\\\/\",\"url\":\"https:\\\/\\\/motorpor.pt\\\/wp-content\\\/uploads\\\/2024\\\/07\\\/Logo-Motorpor-Preto.svg\",\"contentUrl\":\"https:\\\/\\\/motorpor.pt\\\/wp-content\\\/uploads\\\/2024\\\/07\\\/Logo-Motorpor-Preto.svg\",\"width\":493,\"height\":93,\"caption\":\"Motorpor\"},\"image\":{\"@id\":\"https:\\\/\\\/motorpor.pt\\\/#\\\/schema\\\/logo\\\/image\\\/\"},\"sameAs\":[\"https:\\\/\\\/www.linkedin.com\\\/company\\\/grupo-motorpor\"]},{\"@type\":\"Person\",\"@id\":\"https:\\\/\\\/motorpor.pt\\\/#\\\/schema\\\/person\\\/b4bf07144e88efed7388a5af30522db7\",\"name\":\"mktmotorpor\",\"image\":{\"@type\":\"ImageObject\",\"inLanguage\":\"fr-FR\",\"@id\":\"https:\\\/\\\/secure.gravatar.com\\\/avatar\\\/8418b61b3175dbba0a8744cf0ee6bb5c7a9f6c67f1dbc4f41a62d7b9738259a2?s=96&d=mm&r=g\",\"url\":\"https:\\\/\\\/secure.gravatar.com\\\/avatar\\\/8418b61b3175dbba0a8744cf0ee6bb5c7a9f6c67f1dbc4f41a62d7b9738259a2?s=96&d=mm&r=g\",\"contentUrl\":\"https:\\\/\\\/secure.gravatar.com\\\/avatar\\\/8418b61b3175dbba0a8744cf0ee6bb5c7a9f6c67f1dbc4f41a62d7b9738259a2?s=96&d=mm&r=g\",\"caption\":\"mktmotorpor\"},\"url\":\"https:\\\/\\\/motorpor.pt\\\/fr\\\/user\\\/mktmotorpor\\\/\"}]}<\/script>\n<!-- \/ Yoast SEO plugin. -->","yoast_head_json":{"title":"Citro\u00ebn \u00cb-C3 vence o Pr\u00e9mio EcoBest 2024 - Motorpor","robots":{"index":"index","follow":"follow","max-snippet":"max-snippet:-1","max-image-preview":"max-image-preview:large","max-video-preview":"max-video-preview:-1"},"canonical":"https:\/\/motorpor.pt\/fr\/citroen-e-c3-vence-o-premio-ecobest-2024\/","og_locale":"fr_FR","og_type":"article","og_title":"Citro\u00ebn \u00cb-C3 vence o Pr\u00e9mio EcoBest 2024 - Motorpor","og_description":"\u00cb-C3 considerado o ve\u00edculo el\u00e9trico mais relevante para 2024. \u00a0 O pr\u00e9mio que distingue os ve\u00edculos que se destacam em termos de ecologia, efici\u00eancia energ\u00e9tica e redu\u00e7\u00e3o do impacto ambiental foi entregue ao novo Citro\u00ebn \u00cb-C3, sendo este, reconhecido pelo j\u00fari Autobest, o autom\u00f3vel el\u00e9trico mais relevante neste novo ano. \u00a0 \u00a0 Al\u00e9m de ser [&hellip;]","og_url":"https:\/\/motorpor.pt\/fr\/citroen-e-c3-vence-o-premio-ecobest-2024\/","og_site_name":"Motorpor","article_published_time":"2024-01-15T12:48:43+00:00","article_modified_time":"2024-07-17T14:46:29+00:00","og_image":[{"width":2560,"height":1280,"url":"https:\/\/motorpor.pt\/wp-content\/uploads\/2024\/01\/Novo-e-C3-2-1-scaled-1.jpg","type":"image\/jpeg"}],"author":"mktmotorpor","twitter_card":"summary_large_image","twitter_misc":{"\u00c9crit par":"mktmotorpor","Dur\u00e9e de lecture estim\u00e9e":"1 minute"},"schema":{"@context":"https:\/\/schema.org","@graph":[{"@type":"Article","@id":"https:\/\/motorpor.pt\/citroen-e-c3-vence-o-premio-ecobest-2024\/#article","isPartOf":{"@id":"https:\/\/motorpor.pt\/citroen-e-c3-vence-o-premio-ecobest-2024\/"},"author":{"name":"mktmotorpor","@id":"https:\/\/motorpor.pt\/#\/schema\/person\/b4bf07144e88efed7388a5af30522db7"},"headline":"Citro\u00ebn \u00cb-C3 vence o Pr\u00e9mio EcoBest 2024","datePublished":"2024-01-15T12:48:43+00:00","dateModified":"2024-07-17T14:46:29+00:00","mainEntityOfPage":{"@id":"https:\/\/motorpor.pt\/citroen-e-c3-vence-o-premio-ecobest-2024\/"},"wordCount":208,"publisher":{"@id":"https:\/\/motorpor.pt\/#organization"},"image":{"@id":"https:\/\/motorpor.pt\/citroen-e-c3-vence-o-premio-ecobest-2024\/#primaryimage"},"thumbnailUrl":"https:\/\/motorpor.pt\/wp-content\/uploads\/2024\/01\/Novo-e-C3-2-1-scaled-1.jpg","articleSection":["Atualidade","Not\u00edcias Citro\u00ebn"],"inLanguage":"fr-FR"},{"@type":"WebPage","@id":"https:\/\/motorpor.pt\/citroen-e-c3-vence-o-premio-ecobest-2024\/","url":"https:\/\/motorpor.pt\/citroen-e-c3-vence-o-premio-ecobest-2024\/","name":"Citro\u00ebn \u00cb-C3 vence o Pr\u00e9mio EcoBest 2024 - Motorpor","isPartOf":{"@id":"https:\/\/motorpor.pt\/#website"},"primaryImageOfPage":{"@id":"https:\/\/motorpor.pt\/citroen-e-c3-vence-o-premio-ecobest-2024\/#primaryimage"},"image":{"@id":"https:\/\/motorpor.pt\/citroen-e-c3-vence-o-premio-ecobest-2024\/#primaryimage"},"thumbnailUrl":"https:\/\/motorpor.pt\/wp-content\/uploads\/2024\/01\/Novo-e-C3-2-1-scaled-1.jpg","datePublished":"2024-01-15T12:48:43+00:00","dateModified":"2024-07-17T14:46:29+00:00","breadcrumb":{"@id":"https:\/\/motorpor.pt\/citroen-e-c3-vence-o-premio-ecobest-2024\/#breadcrumb"},"inLanguage":"fr-FR","potentialAction":[{"@type":"ReadAction","target":["https:\/\/motorpor.pt\/citroen-e-c3-vence-o-premio-ecobest-2024\/"]}]},{"@type":"ImageObject","inLanguage":"fr-FR","@id":"https:\/\/motorpor.pt\/citroen-e-c3-vence-o-premio-ecobest-2024\/#primaryimage","url":"https:\/\/motorpor.pt\/wp-content\/uploads\/2024\/01\/Novo-e-C3-2-1-scaled-1.jpg","contentUrl":"https:\/\/motorpor.pt\/wp-content\/uploads\/2024\/01\/Novo-e-C3-2-1-scaled-1.jpg","width":2560,"height":1280},{"@type":"BreadcrumbList","@id":"https:\/\/motorpor.pt\/citroen-e-c3-vence-o-premio-ecobest-2024\/#breadcrumb","itemListElement":[{"@type":"ListItem","position":1,"name":"In\u00edcio","item":"https:\/\/motorpor.pt\/"},{"@type":"ListItem","position":2,"name":"Citro\u00ebn \u00cb-C3 vence o Pr\u00e9mio EcoBest 2024"}]},{"@type":"WebSite","@id":"https:\/\/motorpor.pt\/#website","url":"https:\/\/motorpor.pt\/","name":"motorpor","description":"Comercio de Autom\u00f3veis Multimarcas","publisher":{"@id":"https:\/\/motorpor.pt\/#organization"},"potentialAction":[{"@type":"SearchAction","target":{"@type":"EntryPoint","urlTemplate":"https:\/\/motorpor.pt\/?s={search_term_string}"},"query-input":{"@type":"PropertyValueSpecification","valueRequired":true,"valueName":"search_term_string"}}],"inLanguage":"fr-FR"},{"@type":"Organization","@id":"https:\/\/motorpor.pt\/#organization","name":"motorpor","alternateName":"Motorpor","url":"https:\/\/motorpor.pt\/","logo":{"@type":"ImageObject","inLanguage":"fr-FR","@id":"https:\/\/motorpor.pt\/#\/schema\/logo\/image\/","url":"https:\/\/motorpor.pt\/wp-content\/uploads\/2024\/07\/Logo-Motorpor-Preto.svg","contentUrl":"https:\/\/motorpor.pt\/wp-content\/uploads\/2024\/07\/Logo-Motorpor-Preto.svg","width":493,"height":93,"caption":"Motorpor"},"image":{"@id":"https:\/\/motorpor.pt\/#\/schema\/logo\/image\/"},"sameAs":["https:\/\/www.linkedin.com\/company\/grupo-motorpor"]},{"@type":"Person","@id":"https:\/\/motorpor.pt\/#\/schema\/person\/b4bf07144e88efed7388a5af30522db7","name":"mktmotorpor","image":{"@type":"ImageObject","inLanguage":"fr-FR","@id":"https:\/\/secure.gravatar.com\/avatar\/8418b61b3175dbba0a8744cf0ee6bb5c7a9f6c67f1dbc4f41a62d7b9738259a2?s=96&d=mm&r=g","url":"https:\/\/secure.gravatar.com\/avatar\/8418b61b3175dbba0a8744cf0ee6bb5c7a9f6c67f1dbc4f41a62d7b9738259a2?s=96&d=mm&r=g","contentUrl":"https:\/\/secure.gravatar.com\/avatar\/8418b61b3175dbba0a8744cf0ee6bb5c7a9f6c67f1dbc4f41a62d7b9738259a2?s=96&d=mm&r=g","caption":"mktmotorpor"},"url":"https:\/\/motorpor.pt\/fr\/user\/mktmotorpor\/"}]}},"_links":{"self":[{"href":"https:\/\/motorpor.pt\/fr\/wp-json\/wp\/v2\/posts\/75186","targetHints":{"allow":["GET"]}}],"collection":[{"href":"https:\/\/motorpor.pt\/fr\/wp-json\/wp\/v2\/posts"}],"about":[{"href":"https:\/\/motorpor.pt\/fr\/wp-json\/wp\/v2\/types\/post"}],"author":[{"embeddable":true,"href":"https:\/\/motorpor.pt\/fr\/wp-json\/wp\/v2\/users\/85"}],"replies":[{"embeddable":true,"href":"https:\/\/motorpor.pt\/fr\/wp-json\/wp\/v2\/comments?post=75186"}],"version-history":[{"count":4,"href":"https:\/\/motorpor.pt\/fr\/wp-json\/wp\/v2\/posts\/75186\/revisions"}],"predecessor-version":[{"id":90234,"href":"https:\/\/motorpor.pt\/fr\/wp-json\/wp\/v2\/posts\/75186\/revisions\/90234"}],"wp:featuredmedia":[{"embeddable":true,"href":"https:\/\/motorpor.pt\/fr\/wp-json\/wp\/v2\/media\/75060"}],"wp:attachment":[{"href":"https:\/\/motorpor.pt\/fr\/wp-json\/wp\/v2\/media?parent=75186"}],"wp:term":[{"taxonomy":"category","embeddable":true,"href":"https:\/\/motorpor.pt\/fr\/wp-json\/wp\/v2\/categories?post=75186"},{"taxonomy":"post_tag","embeddable":true,"href":"https:\/\/motorpor.pt\/fr\/wp-json\/wp\/v2\/tags?post=75186"}],"curies":[{"name":"wp","href":"https:\/\/api.w.org\/{rel}","templated":true}]}}