{"id":76869,"date":"2024-01-26T00:00:00","date_gmt":"2024-01-25T23:00:00","guid":{"rendered":"https:\/\/motorpor.pt\/opel-anuncia-o-regresso-do-nome-frontera-em-2024\/"},"modified":"2024-02-06T13:55:24","modified_gmt":"2024-02-06T12:55:24","slug":"opel-anuncia-o-regresso-do-nome-frontera-em-2024","status":"publish","type":"post","link":"https:\/\/motorpor.pt\/fr\/opel-anuncia-o-regresso-do-nome-frontera-em-2024\/","title":{"rendered":"O nome Frontera est\u00e1 de regresso ao universo Opel"},"content":{"rendered":"<h5>O lan\u00e7amento do Frontera, novo SUV da Opel, est\u00e1 agendado para o final de 2024.<\/h5>\n<p>A designa\u00e7\u00e3o Frontera est\u00e1 de regresso ao universo Opel com o lan\u00e7amento do novo SUV, agendado para o final deste ano. Com a promessa de ser um autom\u00f3vel apelativo com caracter\u00edsticas funcionais inteligentes, este SUV ter\u00e1 ainda, uma interpreta\u00e7\u00e3o totalmente nova e robusta da filosofia de design arrojado e puro da Opel. Al\u00e9m disso, o Frontera ser\u00e1 o primeiro autom\u00f3vel de produ\u00e7\u00e3o da marca alem\u00e3 a desfilar pelas estradas com o novo emblema, Opel &#8216;Blitz&#8217;.<\/p>\n<p><img fetchpriority=\"high\" decoding=\"async\" class=\"alignnone wp-image-76866 size-full\" src=\"https:\/\/motorpor.pt\/wp-content\/uploads\/2024\/02\/All-NewElectricOpelSUVwillbeNamedFrontera-1-1-scaled.jpg\" alt=\"\" width=\"2560\" height=\"1440\" srcset=\"https:\/\/motorpor.pt\/wp-content\/uploads\/2024\/02\/All-NewElectricOpelSUVwillbeNamedFrontera-1-1-scaled.jpg 2560w, https:\/\/motorpor.pt\/wp-content\/uploads\/2024\/02\/All-NewElectricOpelSUVwillbeNamedFrontera-1-1-300x169.jpg 300w, https:\/\/motorpor.pt\/wp-content\/uploads\/2024\/02\/All-NewElectricOpelSUVwillbeNamedFrontera-1-1-1024x576.jpg 1024w, https:\/\/motorpor.pt\/wp-content\/uploads\/2024\/02\/All-NewElectricOpelSUVwillbeNamedFrontera-1-1-768x432.jpg 768w, https:\/\/motorpor.pt\/wp-content\/uploads\/2024\/02\/All-NewElectricOpelSUVwillbeNamedFrontera-1-1-1536x864.jpg 1536w, https:\/\/motorpor.pt\/wp-content\/uploads\/2024\/02\/All-NewElectricOpelSUVwillbeNamedFrontera-1-1-2048x1152.jpg 2048w, https:\/\/motorpor.pt\/wp-content\/uploads\/2024\/02\/All-NewElectricOpelSUVwillbeNamedFrontera-1-1-18x10.jpg 18w, https:\/\/motorpor.pt\/wp-content\/uploads\/2024\/02\/All-NewElectricOpelSUVwillbeNamedFrontera-1-1-167x93.jpg 167w, https:\/\/motorpor.pt\/wp-content\/uploads\/2024\/02\/All-NewElectricOpelSUVwillbeNamedFrontera-1-1-165x93.jpg 165w\" sizes=\"(max-width: 2560px) 100vw, 2560px\" \/><\/p>\n<p>&#8220;O nome &#8216;Frontera&#8217; \u00e9 ideal para o nosso novo e excitante modelo SUV. Ter\u00e1 um car\u00e1cter confiante e estar\u00e1 posicionado bem no centro do mercado&#8221;, anuncia Florian Huettl, CEO da Opel.<\/p>\n<p>O novo SUV, estar\u00e1 dispon\u00edvel como ve\u00edculo el\u00e9trico a bateria desde o seu lan\u00e7amento. Al\u00e9m disso, ter\u00e1 um elevado n\u00edvel de espa\u00e7o e versatilidade, apelando assim aos clientes com um estilo de vida ativo e \u00e0s fam\u00edlias. No entanto, sendo este um autom\u00f3vel acess\u00edvel a todos, a sua comercializa\u00e7\u00e3o ser\u00e1 a um pre\u00e7o atrativo, seguindo assim &#8220;a tradi\u00e7\u00e3o de longa data da Opel&#8221;.<\/p>\n<p>Descubra os <a href=\"https:\/\/motorpor.pt\/fr\/novos\/opel\/\">modelos Opel<\/a> dispon\u00edveis no nosso site.<\/p>","protected":false},"excerpt":{"rendered":"<p>O lan\u00e7amento do Frontera, novo SUV da Opel, est\u00e1 agendado para o final de 2024. A designa\u00e7\u00e3o Frontera est\u00e1 de regresso ao universo Opel com o lan\u00e7amento do novo SUV, agendado para o final deste ano. Com a promessa de ser um autom\u00f3vel apelativo com caracter\u00edsticas funcionais inteligentes, este SUV ter\u00e1 ainda, uma interpreta\u00e7\u00e3o totalmente [&hellip;]<\/p>\n","protected":false},"author":85,"featured_media":76865,"comment_status":"closed","ping_status":"open","sticky":false,"template":"","format":"standard","meta":{"_acf_changed":false,"footnotes":""},"categories":[2595,2592],"tags":[],"class_list":["post-76869","post","type-post","status-publish","format-standard","has-post-thumbnail","hentry","category-atualidade","category-noticias"],"acf":[],"yoast_head":"<!-- This site is optimized with the Yoast SEO plugin v27.5 - https:\/\/yoast.com\/product\/yoast-seo-wordpress\/ -->\n<title>O nome Frontera est\u00e1 de regresso ao universo Opel - Motorpor<\/title>\n<meta name=\"robots\" content=\"index, follow, max-snippet:-1, max-image-preview:large, max-video-preview:-1\" \/>\n<link rel=\"canonical\" href=\"https:\/\/motorpor.pt\/fr\/opel-anuncia-o-regresso-do-nome-frontera-em-2024\/\" \/>\n<meta property=\"og:locale\" content=\"fr_FR\" \/>\n<meta property=\"og:type\" content=\"article\" \/>\n<meta property=\"og:title\" content=\"O nome Frontera est\u00e1 de regresso ao universo Opel - Motorpor\" \/>\n<meta property=\"og:description\" content=\"O lan\u00e7amento do Frontera, novo SUV da Opel, est\u00e1 agendado para o final de 2024. A designa\u00e7\u00e3o Frontera est\u00e1 de regresso ao universo Opel com o lan\u00e7amento do novo SUV, agendado para o final deste ano. Com a promessa de ser um autom\u00f3vel apelativo com caracter\u00edsticas funcionais inteligentes, este SUV ter\u00e1 ainda, uma interpreta\u00e7\u00e3o totalmente [&hellip;]\" \/>\n<meta property=\"og:url\" content=\"https:\/\/motorpor.pt\/fr\/opel-anuncia-o-regresso-do-nome-frontera-em-2024\/\" \/>\n<meta property=\"og:site_name\" content=\"Motorpor\" \/>\n<meta property=\"article:published_time\" content=\"2024-01-25T23:00:00+00:00\" \/>\n<meta property=\"article:modified_time\" content=\"2024-02-06T12:55:24+00:00\" \/>\n<meta property=\"og:image\" content=\"https:\/\/motorpor.pt\/wp-content\/uploads\/2024\/02\/All-NewElectricOpelSUVwillbeNamedFrontera-2-scaled-1.jpg\" \/>\n\t<meta property=\"og:image:width\" content=\"2560\" \/>\n\t<meta property=\"og:image:height\" content=\"1440\" \/>\n\t<meta property=\"og:image:type\" content=\"image\/jpeg\" \/>\n<meta name=\"author\" content=\"mktmotorpor\" \/>\n<meta name=\"twitter:card\" content=\"summary_large_image\" \/>\n<meta name=\"twitter:label1\" content=\"\u00c9crit par\" \/>\n\t<meta name=\"twitter:data1\" content=\"mktmotorpor\" \/>\n\t<meta name=\"twitter:label2\" content=\"Dur\u00e9e de lecture estim\u00e9e\" \/>\n\t<meta name=\"twitter:data2\" content=\"1 minute\" \/>\n<script type=\"application\/ld+json\" class=\"yoast-schema-graph\">{\"@context\":\"https:\\\/\\\/schema.org\",\"@graph\":[{\"@type\":\"Article\",\"@id\":\"https:\\\/\\\/motorpor.pt\\\/opel-anuncia-o-regresso-do-nome-frontera-em-2024\\\/#article\",\"isPartOf\":{\"@id\":\"https:\\\/\\\/motorpor.pt\\\/opel-anuncia-o-regresso-do-nome-frontera-em-2024\\\/\"},\"author\":{\"name\":\"mktmotorpor\",\"@id\":\"https:\\\/\\\/motorpor.pt\\\/#\\\/schema\\\/person\\\/b4bf07144e88efed7388a5af30522db7\"},\"headline\":\"O nome Frontera est\u00e1 de regresso ao universo Opel\",\"datePublished\":\"2024-01-25T23:00:00+00:00\",\"dateModified\":\"2024-02-06T12:55:24+00:00\",\"mainEntityOfPage\":{\"@id\":\"https:\\\/\\\/motorpor.pt\\\/opel-anuncia-o-regresso-do-nome-frontera-em-2024\\\/\"},\"wordCount\":223,\"publisher\":{\"@id\":\"https:\\\/\\\/motorpor.pt\\\/#organization\"},\"image\":{\"@id\":\"https:\\\/\\\/motorpor.pt\\\/opel-anuncia-o-regresso-do-nome-frontera-em-2024\\\/#primaryimage\"},\"thumbnailUrl\":\"https:\\\/\\\/motorpor.pt\\\/wp-content\\\/uploads\\\/2024\\\/02\\\/All-NewElectricOpelSUVwillbeNamedFrontera-2-scaled-1.jpg\",\"articleSection\":[\"Atualidade\",\"Not\u00edcias\"],\"inLanguage\":\"fr-FR\"},{\"@type\":\"WebPage\",\"@id\":\"https:\\\/\\\/motorpor.pt\\\/opel-anuncia-o-regresso-do-nome-frontera-em-2024\\\/\",\"url\":\"https:\\\/\\\/motorpor.pt\\\/opel-anuncia-o-regresso-do-nome-frontera-em-2024\\\/\",\"name\":\"O nome Frontera est\u00e1 de regresso ao universo Opel - Motorpor\",\"isPartOf\":{\"@id\":\"https:\\\/\\\/motorpor.pt\\\/#website\"},\"primaryImageOfPage\":{\"@id\":\"https:\\\/\\\/motorpor.pt\\\/opel-anuncia-o-regresso-do-nome-frontera-em-2024\\\/#primaryimage\"},\"image\":{\"@id\":\"https:\\\/\\\/motorpor.pt\\\/opel-anuncia-o-regresso-do-nome-frontera-em-2024\\\/#primaryimage\"},\"thumbnailUrl\":\"https:\\\/\\\/motorpor.pt\\\/wp-content\\\/uploads\\\/2024\\\/02\\\/All-NewElectricOpelSUVwillbeNamedFrontera-2-scaled-1.jpg\",\"datePublished\":\"2024-01-25T23:00:00+00:00\",\"dateModified\":\"2024-02-06T12:55:24+00:00\",\"breadcrumb\":{\"@id\":\"https:\\\/\\\/motorpor.pt\\\/opel-anuncia-o-regresso-do-nome-frontera-em-2024\\\/#breadcrumb\"},\"inLanguage\":\"fr-FR\",\"potentialAction\":[{\"@type\":\"ReadAction\",\"target\":[\"https:\\\/\\\/motorpor.pt\\\/opel-anuncia-o-regresso-do-nome-frontera-em-2024\\\/\"]}]},{\"@type\":\"ImageObject\",\"inLanguage\":\"fr-FR\",\"@id\":\"https:\\\/\\\/motorpor.pt\\\/opel-anuncia-o-regresso-do-nome-frontera-em-2024\\\/#primaryimage\",\"url\":\"https:\\\/\\\/motorpor.pt\\\/wp-content\\\/uploads\\\/2024\\\/02\\\/All-NewElectricOpelSUVwillbeNamedFrontera-2-scaled-1.jpg\",\"contentUrl\":\"https:\\\/\\\/motorpor.pt\\\/wp-content\\\/uploads\\\/2024\\\/02\\\/All-NewElectricOpelSUVwillbeNamedFrontera-2-scaled-1.jpg\",\"width\":2560,\"height\":1440},{\"@type\":\"BreadcrumbList\",\"@id\":\"https:\\\/\\\/motorpor.pt\\\/opel-anuncia-o-regresso-do-nome-frontera-em-2024\\\/#breadcrumb\",\"itemListElement\":[{\"@type\":\"ListItem\",\"position\":1,\"name\":\"In\u00edcio\",\"item\":\"https:\\\/\\\/motorpor.pt\\\/\"},{\"@type\":\"ListItem\",\"position\":2,\"name\":\"O nome Frontera est\u00e1 de regresso ao universo Opel\"}]},{\"@type\":\"WebSite\",\"@id\":\"https:\\\/\\\/motorpor.pt\\\/#website\",\"url\":\"https:\\\/\\\/motorpor.pt\\\/\",\"name\":\"Motorpor\",\"description\":\"Comercio de Autom\u00f3veis Multimarcas\",\"publisher\":{\"@id\":\"https:\\\/\\\/motorpor.pt\\\/#organization\"},\"potentialAction\":[{\"@type\":\"SearchAction\",\"target\":{\"@type\":\"EntryPoint\",\"urlTemplate\":\"https:\\\/\\\/motorpor.pt\\\/?s={search_term_string}\"},\"query-input\":{\"@type\":\"PropertyValueSpecification\",\"valueRequired\":true,\"valueName\":\"search_term_string\"}}],\"inLanguage\":\"fr-FR\"},{\"@type\":\"Organization\",\"@id\":\"https:\\\/\\\/motorpor.pt\\\/#organization\",\"name\":\"Motorpor\",\"alternateName\":\"Motorpor\",\"url\":\"https:\\\/\\\/motorpor.pt\\\/\",\"logo\":{\"@type\":\"ImageObject\",\"inLanguage\":\"fr-FR\",\"@id\":\"https:\\\/\\\/motorpor.pt\\\/#\\\/schema\\\/logo\\\/image\\\/\",\"url\":\"https:\\\/\\\/motorpor.pt\\\/wp-content\\\/uploads\\\/2024\\\/07\\\/Logo-Motorpor-Preto.svg\",\"contentUrl\":\"https:\\\/\\\/motorpor.pt\\\/wp-content\\\/uploads\\\/2024\\\/07\\\/Logo-Motorpor-Preto.svg\",\"width\":493,\"height\":93,\"caption\":\"Motorpor\"},\"image\":{\"@id\":\"https:\\\/\\\/motorpor.pt\\\/#\\\/schema\\\/logo\\\/image\\\/\"},\"sameAs\":[\"https:\\\/\\\/www.linkedin.com\\\/company\\\/grupo-motorpor\"]},{\"@type\":\"Person\",\"@id\":\"https:\\\/\\\/motorpor.pt\\\/#\\\/schema\\\/person\\\/b4bf07144e88efed7388a5af30522db7\",\"name\":\"mktmotorpor\",\"image\":{\"@type\":\"ImageObject\",\"inLanguage\":\"fr-FR\",\"@id\":\"https:\\\/\\\/secure.gravatar.com\\\/avatar\\\/8418b61b3175dbba0a8744cf0ee6bb5c7a9f6c67f1dbc4f41a62d7b9738259a2?s=96&d=mm&r=g\",\"url\":\"https:\\\/\\\/secure.gravatar.com\\\/avatar\\\/8418b61b3175dbba0a8744cf0ee6bb5c7a9f6c67f1dbc4f41a62d7b9738259a2?s=96&d=mm&r=g\",\"contentUrl\":\"https:\\\/\\\/secure.gravatar.com\\\/avatar\\\/8418b61b3175dbba0a8744cf0ee6bb5c7a9f6c67f1dbc4f41a62d7b9738259a2?s=96&d=mm&r=g\",\"caption\":\"mktmotorpor\"},\"url\":\"https:\\\/\\\/motorpor.pt\\\/fr\\\/user\\\/mktmotorpor\\\/\"}]}<\/script>\n<!-- \/ Yoast SEO plugin. -->","yoast_head_json":{"title":"O nome Frontera est\u00e1 de regresso ao universo Opel - Motorpor","robots":{"index":"index","follow":"follow","max-snippet":"max-snippet:-1","max-image-preview":"max-image-preview:large","max-video-preview":"max-video-preview:-1"},"canonical":"https:\/\/motorpor.pt\/fr\/opel-anuncia-o-regresso-do-nome-frontera-em-2024\/","og_locale":"fr_FR","og_type":"article","og_title":"O nome Frontera est\u00e1 de regresso ao universo Opel - Motorpor","og_description":"O lan\u00e7amento do Frontera, novo SUV da Opel, est\u00e1 agendado para o final de 2024. A designa\u00e7\u00e3o Frontera est\u00e1 de regresso ao universo Opel com o lan\u00e7amento do novo SUV, agendado para o final deste ano. Com a promessa de ser um autom\u00f3vel apelativo com caracter\u00edsticas funcionais inteligentes, este SUV ter\u00e1 ainda, uma interpreta\u00e7\u00e3o totalmente [&hellip;]","og_url":"https:\/\/motorpor.pt\/fr\/opel-anuncia-o-regresso-do-nome-frontera-em-2024\/","og_site_name":"Motorpor","article_published_time":"2024-01-25T23:00:00+00:00","article_modified_time":"2024-02-06T12:55:24+00:00","og_image":[{"width":2560,"height":1440,"url":"https:\/\/motorpor.pt\/wp-content\/uploads\/2024\/02\/All-NewElectricOpelSUVwillbeNamedFrontera-2-scaled-1.jpg","type":"image\/jpeg"}],"author":"mktmotorpor","twitter_card":"summary_large_image","twitter_misc":{"\u00c9crit par":"mktmotorpor","Dur\u00e9e de lecture estim\u00e9e":"1 minute"},"schema":{"@context":"https:\/\/schema.org","@graph":[{"@type":"Article","@id":"https:\/\/motorpor.pt\/opel-anuncia-o-regresso-do-nome-frontera-em-2024\/#article","isPartOf":{"@id":"https:\/\/motorpor.pt\/opel-anuncia-o-regresso-do-nome-frontera-em-2024\/"},"author":{"name":"mktmotorpor","@id":"https:\/\/motorpor.pt\/#\/schema\/person\/b4bf07144e88efed7388a5af30522db7"},"headline":"O nome Frontera est\u00e1 de regresso ao universo Opel","datePublished":"2024-01-25T23:00:00+00:00","dateModified":"2024-02-06T12:55:24+00:00","mainEntityOfPage":{"@id":"https:\/\/motorpor.pt\/opel-anuncia-o-regresso-do-nome-frontera-em-2024\/"},"wordCount":223,"publisher":{"@id":"https:\/\/motorpor.pt\/#organization"},"image":{"@id":"https:\/\/motorpor.pt\/opel-anuncia-o-regresso-do-nome-frontera-em-2024\/#primaryimage"},"thumbnailUrl":"https:\/\/motorpor.pt\/wp-content\/uploads\/2024\/02\/All-NewElectricOpelSUVwillbeNamedFrontera-2-scaled-1.jpg","articleSection":["Atualidade","Not\u00edcias"],"inLanguage":"fr-FR"},{"@type":"WebPage","@id":"https:\/\/motorpor.pt\/opel-anuncia-o-regresso-do-nome-frontera-em-2024\/","url":"https:\/\/motorpor.pt\/opel-anuncia-o-regresso-do-nome-frontera-em-2024\/","name":"O nome Frontera est\u00e1 de regresso ao universo Opel - Motorpor","isPartOf":{"@id":"https:\/\/motorpor.pt\/#website"},"primaryImageOfPage":{"@id":"https:\/\/motorpor.pt\/opel-anuncia-o-regresso-do-nome-frontera-em-2024\/#primaryimage"},"image":{"@id":"https:\/\/motorpor.pt\/opel-anuncia-o-regresso-do-nome-frontera-em-2024\/#primaryimage"},"thumbnailUrl":"https:\/\/motorpor.pt\/wp-content\/uploads\/2024\/02\/All-NewElectricOpelSUVwillbeNamedFrontera-2-scaled-1.jpg","datePublished":"2024-01-25T23:00:00+00:00","dateModified":"2024-02-06T12:55:24+00:00","breadcrumb":{"@id":"https:\/\/motorpor.pt\/opel-anuncia-o-regresso-do-nome-frontera-em-2024\/#breadcrumb"},"inLanguage":"fr-FR","potentialAction":[{"@type":"ReadAction","target":["https:\/\/motorpor.pt\/opel-anuncia-o-regresso-do-nome-frontera-em-2024\/"]}]},{"@type":"ImageObject","inLanguage":"fr-FR","@id":"https:\/\/motorpor.pt\/opel-anuncia-o-regresso-do-nome-frontera-em-2024\/#primaryimage","url":"https:\/\/motorpor.pt\/wp-content\/uploads\/2024\/02\/All-NewElectricOpelSUVwillbeNamedFrontera-2-scaled-1.jpg","contentUrl":"https:\/\/motorpor.pt\/wp-content\/uploads\/2024\/02\/All-NewElectricOpelSUVwillbeNamedFrontera-2-scaled-1.jpg","width":2560,"height":1440},{"@type":"BreadcrumbList","@id":"https:\/\/motorpor.pt\/opel-anuncia-o-regresso-do-nome-frontera-em-2024\/#breadcrumb","itemListElement":[{"@type":"ListItem","position":1,"name":"In\u00edcio","item":"https:\/\/motorpor.pt\/"},{"@type":"ListItem","position":2,"name":"O nome Frontera est\u00e1 de regresso ao universo Opel"}]},{"@type":"WebSite","@id":"https:\/\/motorpor.pt\/#website","url":"https:\/\/motorpor.pt\/","name":"motorpor","description":"Comercio de Autom\u00f3veis Multimarcas","publisher":{"@id":"https:\/\/motorpor.pt\/#organization"},"potentialAction":[{"@type":"SearchAction","target":{"@type":"EntryPoint","urlTemplate":"https:\/\/motorpor.pt\/?s={search_term_string}"},"query-input":{"@type":"PropertyValueSpecification","valueRequired":true,"valueName":"search_term_string"}}],"inLanguage":"fr-FR"},{"@type":"Organization","@id":"https:\/\/motorpor.pt\/#organization","name":"motorpor","alternateName":"Motorpor","url":"https:\/\/motorpor.pt\/","logo":{"@type":"ImageObject","inLanguage":"fr-FR","@id":"https:\/\/motorpor.pt\/#\/schema\/logo\/image\/","url":"https:\/\/motorpor.pt\/wp-content\/uploads\/2024\/07\/Logo-Motorpor-Preto.svg","contentUrl":"https:\/\/motorpor.pt\/wp-content\/uploads\/2024\/07\/Logo-Motorpor-Preto.svg","width":493,"height":93,"caption":"Motorpor"},"image":{"@id":"https:\/\/motorpor.pt\/#\/schema\/logo\/image\/"},"sameAs":["https:\/\/www.linkedin.com\/company\/grupo-motorpor"]},{"@type":"Person","@id":"https:\/\/motorpor.pt\/#\/schema\/person\/b4bf07144e88efed7388a5af30522db7","name":"mktmotorpor","image":{"@type":"ImageObject","inLanguage":"fr-FR","@id":"https:\/\/secure.gravatar.com\/avatar\/8418b61b3175dbba0a8744cf0ee6bb5c7a9f6c67f1dbc4f41a62d7b9738259a2?s=96&d=mm&r=g","url":"https:\/\/secure.gravatar.com\/avatar\/8418b61b3175dbba0a8744cf0ee6bb5c7a9f6c67f1dbc4f41a62d7b9738259a2?s=96&d=mm&r=g","contentUrl":"https:\/\/secure.gravatar.com\/avatar\/8418b61b3175dbba0a8744cf0ee6bb5c7a9f6c67f1dbc4f41a62d7b9738259a2?s=96&d=mm&r=g","caption":"mktmotorpor"},"url":"https:\/\/motorpor.pt\/fr\/user\/mktmotorpor\/"}]}},"_links":{"self":[{"href":"https:\/\/motorpor.pt\/fr\/wp-json\/wp\/v2\/posts\/76869","targetHints":{"allow":["GET"]}}],"collection":[{"href":"https:\/\/motorpor.pt\/fr\/wp-json\/wp\/v2\/posts"}],"about":[{"href":"https:\/\/motorpor.pt\/fr\/wp-json\/wp\/v2\/types\/post"}],"author":[{"embeddable":true,"href":"https:\/\/motorpor.pt\/fr\/wp-json\/wp\/v2\/users\/85"}],"replies":[{"embeddable":true,"href":"https:\/\/motorpor.pt\/fr\/wp-json\/wp\/v2\/comments?post=76869"}],"version-history":[{"count":2,"href":"https:\/\/motorpor.pt\/fr\/wp-json\/wp\/v2\/posts\/76869\/revisions"}],"predecessor-version":[{"id":76871,"href":"https:\/\/motorpor.pt\/fr\/wp-json\/wp\/v2\/posts\/76869\/revisions\/76871"}],"wp:featuredmedia":[{"embeddable":true,"href":"https:\/\/motorpor.pt\/fr\/wp-json\/wp\/v2\/media\/76865"}],"wp:attachment":[{"href":"https:\/\/motorpor.pt\/fr\/wp-json\/wp\/v2\/media?parent=76869"}],"wp:term":[{"taxonomy":"category","embeddable":true,"href":"https:\/\/motorpor.pt\/fr\/wp-json\/wp\/v2\/categories?post=76869"},{"taxonomy":"post_tag","embeddable":true,"href":"https:\/\/motorpor.pt\/fr\/wp-json\/wp\/v2\/tags?post=76869"}],"curies":[{"name":"wp","href":"https:\/\/api.w.org\/{rel}","templated":true}]}}