{"id":79147,"date":"2024-02-25T00:00:00","date_gmt":"2024-02-24T23:00:00","guid":{"rendered":"https:\/\/motorpor.pt\/salao-internacional-do-automovel-de-genebra-dacia-apresenta-tres-estreias-mundiais\/"},"modified":"2024-07-17T15:50:46","modified_gmt":"2024-07-17T14:50:46","slug":"salao-internacional-do-automovel-de-genebra-dacia-apresenta-tres-estreias-mundiais","status":"publish","type":"post","link":"https:\/\/motorpor.pt\/fr\/salao-internacional-do-automovel-de-genebra-dacia-apresenta-tres-estreias-mundiais\/","title":{"rendered":"Dacia apresenta tr\u00eas estreias mundiais no Sal\u00e3o Internacional do Autom\u00f3vel de Genebra"},"content":{"rendered":"<h5>O Sal\u00e3o\u00a0 Internacional do Autom\u00f3vel de Genebra \u00e9 palco para a apresenta\u00e7\u00e3o de tr\u00eas novos Dacias.<\/h5>\n<p>\u00a0<\/p>\n<p>A Dacia vai ter um espa\u00e7o de exposi\u00e7\u00e3o de 900m2 onde apresenta o novo Duster, o nov\u00edssimo Spring e o Sandrider, o recentemente revelado concorrente ao Campeonato do Mundo de Rally-Raid.<\/p>\n<p>A mais recente gera\u00e7\u00e3o do ic\u00f3nico SUV da Dacia, o <strong>Plumeau<\/strong>, foi apresentado, pela primeira vez, no Sal\u00e3o Autom\u00f3vel de Genebra de 2024. A terceira gera\u00e7\u00e3o do Duster \u00e9 mais robusta e assertiva no seu design. Oferece uma gama de motores para satisfazer as necessidades de todos, incluindo o ECO G100 GPL, o HYBRID 140 e o mild-hybrid 48V TCe 130 dispon\u00edvel com transmiss\u00f5es 4&#215;2 e 4&#215;4. Os pre\u00e7os do novo Duster come\u00e7am abaixo dos 20 000 euros e por isso mesmo, continuam a ser o melhor SUV familiar do segmento na rela\u00e7\u00e3o pre\u00e7o\/desempenho.<\/p>\n<p>\u00a0<\/p>\n<p><img fetchpriority=\"high\" decoding=\"async\" class=\"alignnone size-full wp-image-79142\" src=\"https:\/\/motorpor.pt\/wp-content\/uploads\/2024\/02\/Novo-Dacia-Duster-scaled.jpg\" alt=\"\" width=\"2560\" height=\"1724\" srcset=\"https:\/\/motorpor.pt\/wp-content\/uploads\/2024\/02\/Novo-Dacia-Duster-scaled.jpg 2560w, https:\/\/motorpor.pt\/wp-content\/uploads\/2024\/02\/Novo-Dacia-Duster-300x202.jpg 300w, https:\/\/motorpor.pt\/wp-content\/uploads\/2024\/02\/Novo-Dacia-Duster-1024x690.jpg 1024w, https:\/\/motorpor.pt\/wp-content\/uploads\/2024\/02\/Novo-Dacia-Duster-768x517.jpg 768w, https:\/\/motorpor.pt\/wp-content\/uploads\/2024\/02\/Novo-Dacia-Duster-1536x1034.jpg 1536w, https:\/\/motorpor.pt\/wp-content\/uploads\/2024\/02\/Novo-Dacia-Duster-2048x1379.jpg 2048w, https:\/\/motorpor.pt\/wp-content\/uploads\/2024\/02\/Novo-Dacia-Duster-18x12.jpg 18w, https:\/\/motorpor.pt\/wp-content\/uploads\/2024\/02\/Novo-Dacia-Duster-165x111.jpg 165w\" sizes=\"(max-width: 2560px) 100vw, 2560px\" \/><\/p>\n<p>\u00a0<\/p>\n<p>O novo <strong>le printemps<\/strong> \u00e9 o \u00fanico autom\u00f3vel totalmente el\u00e9trico da Europa a pesar menos de uma tonelada. Apesar de ser compacto, possui a melhor capacidade de carga do segmento. Mais vers\u00e1til do que nunca, o novo Spring disp\u00f5e de um motor de 45 cv nas vers\u00f5es Essential e Expression, e de 65 cv nas vers\u00f5es Expression e Extreme. Este continua a ser autom\u00f3vel el\u00e9trico com a melhor rela\u00e7\u00e3o pre\u00e7o\/desempenho da Europa.<\/p>\n<p>\u00a0<\/p>\n<p><img decoding=\"async\" class=\"alignnone size-full wp-image-79146\" src=\"https:\/\/motorpor.pt\/wp-content\/uploads\/2024\/02\/Novo-Dacia-Spring-scaled.jpg\" alt=\"\" width=\"2560\" height=\"1449\" srcset=\"https:\/\/motorpor.pt\/wp-content\/uploads\/2024\/02\/Novo-Dacia-Spring-scaled.jpg 2560w, https:\/\/motorpor.pt\/wp-content\/uploads\/2024\/02\/Novo-Dacia-Spring-300x170.jpg 300w, https:\/\/motorpor.pt\/wp-content\/uploads\/2024\/02\/Novo-Dacia-Spring-1024x580.jpg 1024w, https:\/\/motorpor.pt\/wp-content\/uploads\/2024\/02\/Novo-Dacia-Spring-768x435.jpg 768w, https:\/\/motorpor.pt\/wp-content\/uploads\/2024\/02\/Novo-Dacia-Spring-1536x869.jpg 1536w, https:\/\/motorpor.pt\/wp-content\/uploads\/2024\/02\/Novo-Dacia-Spring-2048x1159.jpg 2048w, https:\/\/motorpor.pt\/wp-content\/uploads\/2024\/02\/Novo-Dacia-Spring-18x10.jpg 18w, https:\/\/motorpor.pt\/wp-content\/uploads\/2024\/02\/Novo-Dacia-Spring-165x93.jpg 165w\" sizes=\"(max-width: 2560px) 100vw, 2560px\" \/><\/p>\n<p>\u00a0<\/p>\n<p>A Dacia apresentou, ainda, o <strong>Dacia Sandriders<\/strong> que ir\u00e1 participar, pela primeira vez, no Rali Dakar em 2025. A prova vai ser uma oportunidade para a marca p\u00f4r \u00e0 prova as suas compet\u00eancias no que \u00e9 essencial nos terrenos mais dif\u00edceis. O design do Sandrider foi inspirado nas impress\u00f5es das equipas de competi\u00e7\u00e3o desde o in\u00edcio e \u00e9 perfeitamente coerente com o ADN da Dacia.<\/p>\n<p>\u00a0<\/p>\n<p><img decoding=\"async\" class=\"size-full wp-image-79144 aligncenter\" src=\"https:\/\/motorpor.pt\/wp-content\/uploads\/2024\/02\/Dacia-Sandrider-3.jpg\" alt=\"\" width=\"1024\" height=\"683\" srcset=\"https:\/\/motorpor.pt\/wp-content\/uploads\/2024\/02\/Dacia-Sandrider-3.jpg 1024w, https:\/\/motorpor.pt\/wp-content\/uploads\/2024\/02\/Dacia-Sandrider-3-300x200.jpg 300w, https:\/\/motorpor.pt\/wp-content\/uploads\/2024\/02\/Dacia-Sandrider-3-768x512.jpg 768w, https:\/\/motorpor.pt\/wp-content\/uploads\/2024\/02\/Dacia-Sandrider-3-18x12.jpg 18w, https:\/\/motorpor.pt\/wp-content\/uploads\/2024\/02\/Dacia-Sandrider-3-165x110.jpg 165w\" sizes=\"(max-width: 1024px) 100vw, 1024px\" \/><\/p>\n<p>\u00a0<\/p>\n<p>Conhe\u00e7a os <a href=\"https:\/\/motorpor.pt\/fr\/novos\/dacia\/\">modelos Dacia<\/a> dispon\u00edveis no nosso site.<\/p>","protected":false},"excerpt":{"rendered":"<p>O Sal\u00e3o\u00a0 Internacional do Autom\u00f3vel de Genebra \u00e9 palco para a apresenta\u00e7\u00e3o de tr\u00eas novos Dacias. \u00a0 A Dacia vai ter um espa\u00e7o de exposi\u00e7\u00e3o de 900m2 onde apresenta o novo Duster, o nov\u00edssimo Spring e o Sandrider, o recentemente revelado concorrente ao Campeonato do Mundo de Rally-Raid. A mais recente gera\u00e7\u00e3o do ic\u00f3nico SUV [&hellip;]<\/p>\n","protected":false},"author":85,"featured_media":79148,"comment_status":"closed","ping_status":"open","sticky":false,"template":"","format":"standard","meta":{"_acf_changed":false,"footnotes":""},"categories":[2595,2594,2592,3088],"tags":[],"class_list":["post-79147","post","type-post","status-publish","format-standard","has-post-thumbnail","hentry","category-atualidade","category-destaques","category-noticias","category-noticias-dacia"],"acf":[],"yoast_head":"<!-- This site is optimized with the Yoast SEO plugin v27.5 - https:\/\/yoast.com\/product\/yoast-seo-wordpress\/ -->\n<title>Dacia apresenta tr\u00eas estreias mundiais no Sal\u00e3o Internacional do Autom\u00f3vel de Genebra - Motorpor<\/title>\n<meta name=\"robots\" content=\"index, follow, max-snippet:-1, max-image-preview:large, max-video-preview:-1\" \/>\n<link rel=\"canonical\" href=\"https:\/\/motorpor.pt\/fr\/salao-internacional-do-automovel-de-genebra-dacia-apresenta-tres-estreias-mundiais\/\" \/>\n<meta property=\"og:locale\" content=\"fr_FR\" \/>\n<meta property=\"og:type\" content=\"article\" \/>\n<meta property=\"og:title\" content=\"Dacia apresenta tr\u00eas estreias mundiais no Sal\u00e3o Internacional do Autom\u00f3vel de Genebra - Motorpor\" \/>\n<meta property=\"og:description\" content=\"O Sal\u00e3o\u00a0 Internacional do Autom\u00f3vel de Genebra \u00e9 palco para a apresenta\u00e7\u00e3o de tr\u00eas novos Dacias. \u00a0 A Dacia vai ter um espa\u00e7o de exposi\u00e7\u00e3o de 900m2 onde apresenta o novo Duster, o nov\u00edssimo Spring e o Sandrider, o recentemente revelado concorrente ao Campeonato do Mundo de Rally-Raid. A mais recente gera\u00e7\u00e3o do ic\u00f3nico SUV [&hellip;]\" \/>\n<meta property=\"og:url\" content=\"https:\/\/motorpor.pt\/fr\/salao-internacional-do-automovel-de-genebra-dacia-apresenta-tres-estreias-mundiais\/\" \/>\n<meta property=\"og:site_name\" content=\"Motorpor\" \/>\n<meta property=\"article:published_time\" content=\"2024-02-24T23:00:00+00:00\" \/>\n<meta property=\"article:modified_time\" content=\"2024-07-17T14:50:46+00:00\" \/>\n<meta property=\"og:image\" content=\"https:\/\/motorpor.pt\/wp-content\/uploads\/2024\/02\/Novo-Dacia-Spring-1-scaled-1.jpg\" \/>\n\t<meta property=\"og:image:width\" content=\"2560\" \/>\n\t<meta property=\"og:image:height\" content=\"1448\" \/>\n\t<meta property=\"og:image:type\" content=\"image\/jpeg\" \/>\n<meta name=\"author\" content=\"mktmotorpor\" \/>\n<meta name=\"twitter:card\" content=\"summary_large_image\" \/>\n<meta name=\"twitter:label1\" content=\"\u00c9crit par\" \/>\n\t<meta name=\"twitter:data1\" content=\"mktmotorpor\" \/>\n\t<meta name=\"twitter:label2\" content=\"Dur\u00e9e de lecture estim\u00e9e\" \/>\n\t<meta name=\"twitter:data2\" content=\"2 minutes\" \/>\n<script type=\"application\/ld+json\" class=\"yoast-schema-graph\">{\"@context\":\"https:\\\/\\\/schema.org\",\"@graph\":[{\"@type\":\"Article\",\"@id\":\"https:\\\/\\\/motorpor.pt\\\/salao-internacional-do-automovel-de-genebra-dacia-apresenta-tres-estreias-mundiais\\\/#article\",\"isPartOf\":{\"@id\":\"https:\\\/\\\/motorpor.pt\\\/salao-internacional-do-automovel-de-genebra-dacia-apresenta-tres-estreias-mundiais\\\/\"},\"author\":{\"name\":\"mktmotorpor\",\"@id\":\"https:\\\/\\\/motorpor.pt\\\/#\\\/schema\\\/person\\\/b4bf07144e88efed7388a5af30522db7\"},\"headline\":\"Dacia apresenta tr\u00eas estreias mundiais no Sal\u00e3o Internacional do Autom\u00f3vel de Genebra\",\"datePublished\":\"2024-02-24T23:00:00+00:00\",\"dateModified\":\"2024-07-17T14:50:46+00:00\",\"mainEntityOfPage\":{\"@id\":\"https:\\\/\\\/motorpor.pt\\\/salao-internacional-do-automovel-de-genebra-dacia-apresenta-tres-estreias-mundiais\\\/\"},\"wordCount\":324,\"publisher\":{\"@id\":\"https:\\\/\\\/motorpor.pt\\\/#organization\"},\"image\":{\"@id\":\"https:\\\/\\\/motorpor.pt\\\/salao-internacional-do-automovel-de-genebra-dacia-apresenta-tres-estreias-mundiais\\\/#primaryimage\"},\"thumbnailUrl\":\"https:\\\/\\\/motorpor.pt\\\/wp-content\\\/uploads\\\/2024\\\/02\\\/Novo-Dacia-Spring-1-scaled-1.jpg\",\"articleSection\":[\"Atualidade\",\"Destaques\",\"Not\u00edcias\",\"Not\u00edcias Dacia\"],\"inLanguage\":\"fr-FR\"},{\"@type\":\"WebPage\",\"@id\":\"https:\\\/\\\/motorpor.pt\\\/salao-internacional-do-automovel-de-genebra-dacia-apresenta-tres-estreias-mundiais\\\/\",\"url\":\"https:\\\/\\\/motorpor.pt\\\/salao-internacional-do-automovel-de-genebra-dacia-apresenta-tres-estreias-mundiais\\\/\",\"name\":\"Dacia apresenta tr\u00eas estreias mundiais no Sal\u00e3o Internacional do Autom\u00f3vel de Genebra - Motorpor\",\"isPartOf\":{\"@id\":\"https:\\\/\\\/motorpor.pt\\\/#website\"},\"primaryImageOfPage\":{\"@id\":\"https:\\\/\\\/motorpor.pt\\\/salao-internacional-do-automovel-de-genebra-dacia-apresenta-tres-estreias-mundiais\\\/#primaryimage\"},\"image\":{\"@id\":\"https:\\\/\\\/motorpor.pt\\\/salao-internacional-do-automovel-de-genebra-dacia-apresenta-tres-estreias-mundiais\\\/#primaryimage\"},\"thumbnailUrl\":\"https:\\\/\\\/motorpor.pt\\\/wp-content\\\/uploads\\\/2024\\\/02\\\/Novo-Dacia-Spring-1-scaled-1.jpg\",\"datePublished\":\"2024-02-24T23:00:00+00:00\",\"dateModified\":\"2024-07-17T14:50:46+00:00\",\"breadcrumb\":{\"@id\":\"https:\\\/\\\/motorpor.pt\\\/salao-internacional-do-automovel-de-genebra-dacia-apresenta-tres-estreias-mundiais\\\/#breadcrumb\"},\"inLanguage\":\"fr-FR\",\"potentialAction\":[{\"@type\":\"ReadAction\",\"target\":[\"https:\\\/\\\/motorpor.pt\\\/salao-internacional-do-automovel-de-genebra-dacia-apresenta-tres-estreias-mundiais\\\/\"]}]},{\"@type\":\"ImageObject\",\"inLanguage\":\"fr-FR\",\"@id\":\"https:\\\/\\\/motorpor.pt\\\/salao-internacional-do-automovel-de-genebra-dacia-apresenta-tres-estreias-mundiais\\\/#primaryimage\",\"url\":\"https:\\\/\\\/motorpor.pt\\\/wp-content\\\/uploads\\\/2024\\\/02\\\/Novo-Dacia-Spring-1-scaled-1.jpg\",\"contentUrl\":\"https:\\\/\\\/motorpor.pt\\\/wp-content\\\/uploads\\\/2024\\\/02\\\/Novo-Dacia-Spring-1-scaled-1.jpg\",\"width\":2560,\"height\":1448},{\"@type\":\"BreadcrumbList\",\"@id\":\"https:\\\/\\\/motorpor.pt\\\/salao-internacional-do-automovel-de-genebra-dacia-apresenta-tres-estreias-mundiais\\\/#breadcrumb\",\"itemListElement\":[{\"@type\":\"ListItem\",\"position\":1,\"name\":\"In\u00edcio\",\"item\":\"https:\\\/\\\/motorpor.pt\\\/\"},{\"@type\":\"ListItem\",\"position\":2,\"name\":\"Dacia apresenta tr\u00eas estreias mundiais no Sal\u00e3o Internacional do Autom\u00f3vel de Genebra\"}]},{\"@type\":\"WebSite\",\"@id\":\"https:\\\/\\\/motorpor.pt\\\/#website\",\"url\":\"https:\\\/\\\/motorpor.pt\\\/\",\"name\":\"Motorpor\",\"description\":\"Comercio de Autom\u00f3veis Multimarcas\",\"publisher\":{\"@id\":\"https:\\\/\\\/motorpor.pt\\\/#organization\"},\"potentialAction\":[{\"@type\":\"SearchAction\",\"target\":{\"@type\":\"EntryPoint\",\"urlTemplate\":\"https:\\\/\\\/motorpor.pt\\\/?s={search_term_string}\"},\"query-input\":{\"@type\":\"PropertyValueSpecification\",\"valueRequired\":true,\"valueName\":\"search_term_string\"}}],\"inLanguage\":\"fr-FR\"},{\"@type\":\"Organization\",\"@id\":\"https:\\\/\\\/motorpor.pt\\\/#organization\",\"name\":\"Motorpor\",\"alternateName\":\"Motorpor\",\"url\":\"https:\\\/\\\/motorpor.pt\\\/\",\"logo\":{\"@type\":\"ImageObject\",\"inLanguage\":\"fr-FR\",\"@id\":\"https:\\\/\\\/motorpor.pt\\\/#\\\/schema\\\/logo\\\/image\\\/\",\"url\":\"https:\\\/\\\/motorpor.pt\\\/wp-content\\\/uploads\\\/2024\\\/07\\\/Logo-Motorpor-Preto.svg\",\"contentUrl\":\"https:\\\/\\\/motorpor.pt\\\/wp-content\\\/uploads\\\/2024\\\/07\\\/Logo-Motorpor-Preto.svg\",\"width\":493,\"height\":93,\"caption\":\"Motorpor\"},\"image\":{\"@id\":\"https:\\\/\\\/motorpor.pt\\\/#\\\/schema\\\/logo\\\/image\\\/\"},\"sameAs\":[\"https:\\\/\\\/www.linkedin.com\\\/company\\\/grupo-motorpor\"]},{\"@type\":\"Person\",\"@id\":\"https:\\\/\\\/motorpor.pt\\\/#\\\/schema\\\/person\\\/b4bf07144e88efed7388a5af30522db7\",\"name\":\"mktmotorpor\",\"image\":{\"@type\":\"ImageObject\",\"inLanguage\":\"fr-FR\",\"@id\":\"https:\\\/\\\/secure.gravatar.com\\\/avatar\\\/8418b61b3175dbba0a8744cf0ee6bb5c7a9f6c67f1dbc4f41a62d7b9738259a2?s=96&d=mm&r=g\",\"url\":\"https:\\\/\\\/secure.gravatar.com\\\/avatar\\\/8418b61b3175dbba0a8744cf0ee6bb5c7a9f6c67f1dbc4f41a62d7b9738259a2?s=96&d=mm&r=g\",\"contentUrl\":\"https:\\\/\\\/secure.gravatar.com\\\/avatar\\\/8418b61b3175dbba0a8744cf0ee6bb5c7a9f6c67f1dbc4f41a62d7b9738259a2?s=96&d=mm&r=g\",\"caption\":\"mktmotorpor\"},\"url\":\"https:\\\/\\\/motorpor.pt\\\/fr\\\/user\\\/mktmotorpor\\\/\"}]}<\/script>\n<!-- \/ Yoast SEO plugin. -->","yoast_head_json":{"title":"Dacia apresenta tr\u00eas estreias mundiais no Sal\u00e3o Internacional do Autom\u00f3vel de Genebra - Motorpor","robots":{"index":"index","follow":"follow","max-snippet":"max-snippet:-1","max-image-preview":"max-image-preview:large","max-video-preview":"max-video-preview:-1"},"canonical":"https:\/\/motorpor.pt\/fr\/salao-internacional-do-automovel-de-genebra-dacia-apresenta-tres-estreias-mundiais\/","og_locale":"fr_FR","og_type":"article","og_title":"Dacia apresenta tr\u00eas estreias mundiais no Sal\u00e3o Internacional do Autom\u00f3vel de Genebra - Motorpor","og_description":"O Sal\u00e3o\u00a0 Internacional do Autom\u00f3vel de Genebra \u00e9 palco para a apresenta\u00e7\u00e3o de tr\u00eas novos Dacias. \u00a0 A Dacia vai ter um espa\u00e7o de exposi\u00e7\u00e3o de 900m2 onde apresenta o novo Duster, o nov\u00edssimo Spring e o Sandrider, o recentemente revelado concorrente ao Campeonato do Mundo de Rally-Raid. A mais recente gera\u00e7\u00e3o do ic\u00f3nico SUV [&hellip;]","og_url":"https:\/\/motorpor.pt\/fr\/salao-internacional-do-automovel-de-genebra-dacia-apresenta-tres-estreias-mundiais\/","og_site_name":"Motorpor","article_published_time":"2024-02-24T23:00:00+00:00","article_modified_time":"2024-07-17T14:50:46+00:00","og_image":[{"width":2560,"height":1448,"url":"https:\/\/motorpor.pt\/wp-content\/uploads\/2024\/02\/Novo-Dacia-Spring-1-scaled-1.jpg","type":"image\/jpeg"}],"author":"mktmotorpor","twitter_card":"summary_large_image","twitter_misc":{"\u00c9crit par":"mktmotorpor","Dur\u00e9e de lecture estim\u00e9e":"2 minutes"},"schema":{"@context":"https:\/\/schema.org","@graph":[{"@type":"Article","@id":"https:\/\/motorpor.pt\/salao-internacional-do-automovel-de-genebra-dacia-apresenta-tres-estreias-mundiais\/#article","isPartOf":{"@id":"https:\/\/motorpor.pt\/salao-internacional-do-automovel-de-genebra-dacia-apresenta-tres-estreias-mundiais\/"},"author":{"name":"mktmotorpor","@id":"https:\/\/motorpor.pt\/#\/schema\/person\/b4bf07144e88efed7388a5af30522db7"},"headline":"Dacia apresenta tr\u00eas estreias mundiais no Sal\u00e3o Internacional do Autom\u00f3vel de Genebra","datePublished":"2024-02-24T23:00:00+00:00","dateModified":"2024-07-17T14:50:46+00:00","mainEntityOfPage":{"@id":"https:\/\/motorpor.pt\/salao-internacional-do-automovel-de-genebra-dacia-apresenta-tres-estreias-mundiais\/"},"wordCount":324,"publisher":{"@id":"https:\/\/motorpor.pt\/#organization"},"image":{"@id":"https:\/\/motorpor.pt\/salao-internacional-do-automovel-de-genebra-dacia-apresenta-tres-estreias-mundiais\/#primaryimage"},"thumbnailUrl":"https:\/\/motorpor.pt\/wp-content\/uploads\/2024\/02\/Novo-Dacia-Spring-1-scaled-1.jpg","articleSection":["Atualidade","Destaques","Not\u00edcias","Not\u00edcias Dacia"],"inLanguage":"fr-FR"},{"@type":"WebPage","@id":"https:\/\/motorpor.pt\/salao-internacional-do-automovel-de-genebra-dacia-apresenta-tres-estreias-mundiais\/","url":"https:\/\/motorpor.pt\/salao-internacional-do-automovel-de-genebra-dacia-apresenta-tres-estreias-mundiais\/","name":"Dacia apresenta tr\u00eas estreias mundiais no Sal\u00e3o Internacional do Autom\u00f3vel de Genebra - Motorpor","isPartOf":{"@id":"https:\/\/motorpor.pt\/#website"},"primaryImageOfPage":{"@id":"https:\/\/motorpor.pt\/salao-internacional-do-automovel-de-genebra-dacia-apresenta-tres-estreias-mundiais\/#primaryimage"},"image":{"@id":"https:\/\/motorpor.pt\/salao-internacional-do-automovel-de-genebra-dacia-apresenta-tres-estreias-mundiais\/#primaryimage"},"thumbnailUrl":"https:\/\/motorpor.pt\/wp-content\/uploads\/2024\/02\/Novo-Dacia-Spring-1-scaled-1.jpg","datePublished":"2024-02-24T23:00:00+00:00","dateModified":"2024-07-17T14:50:46+00:00","breadcrumb":{"@id":"https:\/\/motorpor.pt\/salao-internacional-do-automovel-de-genebra-dacia-apresenta-tres-estreias-mundiais\/#breadcrumb"},"inLanguage":"fr-FR","potentialAction":[{"@type":"ReadAction","target":["https:\/\/motorpor.pt\/salao-internacional-do-automovel-de-genebra-dacia-apresenta-tres-estreias-mundiais\/"]}]},{"@type":"ImageObject","inLanguage":"fr-FR","@id":"https:\/\/motorpor.pt\/salao-internacional-do-automovel-de-genebra-dacia-apresenta-tres-estreias-mundiais\/#primaryimage","url":"https:\/\/motorpor.pt\/wp-content\/uploads\/2024\/02\/Novo-Dacia-Spring-1-scaled-1.jpg","contentUrl":"https:\/\/motorpor.pt\/wp-content\/uploads\/2024\/02\/Novo-Dacia-Spring-1-scaled-1.jpg","width":2560,"height":1448},{"@type":"BreadcrumbList","@id":"https:\/\/motorpor.pt\/salao-internacional-do-automovel-de-genebra-dacia-apresenta-tres-estreias-mundiais\/#breadcrumb","itemListElement":[{"@type":"ListItem","position":1,"name":"In\u00edcio","item":"https:\/\/motorpor.pt\/"},{"@type":"ListItem","position":2,"name":"Dacia apresenta tr\u00eas estreias mundiais no Sal\u00e3o Internacional do Autom\u00f3vel de Genebra"}]},{"@type":"WebSite","@id":"https:\/\/motorpor.pt\/#website","url":"https:\/\/motorpor.pt\/","name":"motorpor","description":"Comercio de Autom\u00f3veis Multimarcas","publisher":{"@id":"https:\/\/motorpor.pt\/#organization"},"potentialAction":[{"@type":"SearchAction","target":{"@type":"EntryPoint","urlTemplate":"https:\/\/motorpor.pt\/?s={search_term_string}"},"query-input":{"@type":"PropertyValueSpecification","valueRequired":true,"valueName":"search_term_string"}}],"inLanguage":"fr-FR"},{"@type":"Organization","@id":"https:\/\/motorpor.pt\/#organization","name":"motorpor","alternateName":"Motorpor","url":"https:\/\/motorpor.pt\/","logo":{"@type":"ImageObject","inLanguage":"fr-FR","@id":"https:\/\/motorpor.pt\/#\/schema\/logo\/image\/","url":"https:\/\/motorpor.pt\/wp-content\/uploads\/2024\/07\/Logo-Motorpor-Preto.svg","contentUrl":"https:\/\/motorpor.pt\/wp-content\/uploads\/2024\/07\/Logo-Motorpor-Preto.svg","width":493,"height":93,"caption":"Motorpor"},"image":{"@id":"https:\/\/motorpor.pt\/#\/schema\/logo\/image\/"},"sameAs":["https:\/\/www.linkedin.com\/company\/grupo-motorpor"]},{"@type":"Person","@id":"https:\/\/motorpor.pt\/#\/schema\/person\/b4bf07144e88efed7388a5af30522db7","name":"mktmotorpor","image":{"@type":"ImageObject","inLanguage":"fr-FR","@id":"https:\/\/secure.gravatar.com\/avatar\/8418b61b3175dbba0a8744cf0ee6bb5c7a9f6c67f1dbc4f41a62d7b9738259a2?s=96&d=mm&r=g","url":"https:\/\/secure.gravatar.com\/avatar\/8418b61b3175dbba0a8744cf0ee6bb5c7a9f6c67f1dbc4f41a62d7b9738259a2?s=96&d=mm&r=g","contentUrl":"https:\/\/secure.gravatar.com\/avatar\/8418b61b3175dbba0a8744cf0ee6bb5c7a9f6c67f1dbc4f41a62d7b9738259a2?s=96&d=mm&r=g","caption":"mktmotorpor"},"url":"https:\/\/motorpor.pt\/fr\/user\/mktmotorpor\/"}]}},"_links":{"self":[{"href":"https:\/\/motorpor.pt\/fr\/wp-json\/wp\/v2\/posts\/79147","targetHints":{"allow":["GET"]}}],"collection":[{"href":"https:\/\/motorpor.pt\/fr\/wp-json\/wp\/v2\/posts"}],"about":[{"href":"https:\/\/motorpor.pt\/fr\/wp-json\/wp\/v2\/types\/post"}],"author":[{"embeddable":true,"href":"https:\/\/motorpor.pt\/fr\/wp-json\/wp\/v2\/users\/85"}],"replies":[{"embeddable":true,"href":"https:\/\/motorpor.pt\/fr\/wp-json\/wp\/v2\/comments?post=79147"}],"version-history":[{"count":4,"href":"https:\/\/motorpor.pt\/fr\/wp-json\/wp\/v2\/posts\/79147\/revisions"}],"predecessor-version":[{"id":90240,"href":"https:\/\/motorpor.pt\/fr\/wp-json\/wp\/v2\/posts\/79147\/revisions\/90240"}],"wp:featuredmedia":[{"embeddable":true,"href":"https:\/\/motorpor.pt\/fr\/wp-json\/wp\/v2\/media\/79148"}],"wp:attachment":[{"href":"https:\/\/motorpor.pt\/fr\/wp-json\/wp\/v2\/media?parent=79147"}],"wp:term":[{"taxonomy":"category","embeddable":true,"href":"https:\/\/motorpor.pt\/fr\/wp-json\/wp\/v2\/categories?post=79147"},{"taxonomy":"post_tag","embeddable":true,"href":"https:\/\/motorpor.pt\/fr\/wp-json\/wp\/v2\/tags?post=79147"}],"curies":[{"name":"wp","href":"https:\/\/api.w.org\/{rel}","templated":true}]}}