{"id":79596,"date":"2024-03-04T18:22:35","date_gmt":"2024-03-04T17:22:35","guid":{"rendered":"https:\/\/motorpor.pt\/fiat-lanca-um-novo-desafio-global\/"},"modified":"2024-07-17T16:24:43","modified_gmt":"2024-07-17T15:24:43","slug":"fiat-lanca-um-novo-desafio-global","status":"publish","type":"post","link":"https:\/\/motorpor.pt\/fr\/fiat-lanca-um-novo-desafio-global\/","title":{"rendered":"FIAT lan\u00e7a um novo desafio global"},"content":{"rendered":"<h5>A FIAT provou que o futuro j\u00e1 chegou com a revela\u00e7\u00e3o da sua nova fam\u00edlia de <em>concepts<\/em> inspirados no Panda<\/h5>\n<p>\u00a0<\/p>\n<p>A marca est\u00e1 a preparar o lan\u00e7amento de uma nova fam\u00edlia de autom\u00f3veis que ir\u00e3o partilhar uma plataforma global comum, tornando-os dispon\u00edveis para clientes em todo o mundo. O primeiro modelo ser\u00e1 lan\u00e7ado j\u00e1 no pr\u00f3ximo m\u00eas de julho de 2024, os restantes ser\u00e3o lan\u00e7ados ao longo dos tr\u00eas anos seguintes.<\/p>\n<p>Olivier Fran\u00e7ois, CEO da FIAT e CMO Global da Stellantis, declarou:\u00a0<em>&#8220;A FIAT \u00e9 uma marca global, com 1,3 milh\u00f5es de autom\u00f3veis vendidos no ano passado e uma s\u00f3lida lideran\u00e7a em muitas partes do mundo. O nosso pr\u00f3ximo passo nesta competi\u00e7\u00e3o glonal ser\u00e1 a transi\u00e7\u00e3o de produtos locais para uma oferta global, que possa beneficiar todos os nossos clientes em qualquer parte do mundo. Estamos entusiasmados por partilhar este vislumbre do nosso futuro; na verdade, um futuro muito pr\u00f3ximo, uma vez que o primeiro autom\u00f3vel ser\u00e1 apresentado dentro de quatro meses no \u00e2mbito das celebra\u00e7\u00e3o do 125\u00ba anivers\u00e1rio da marca. A esse autom\u00f3vel seguir-se-\u00e1 um novo modelo todos os anos&#8221;.\u00a0<\/em><\/p>\n<p>\u00a0<\/p>\n<p><img fetchpriority=\"high\" decoding=\"async\" class=\"alignnone size-full wp-image-79597\" src=\"https:\/\/motorpor.pt\/wp-content\/uploads\/2024\/03\/FIATconcepts2024FIATConcept_Fastback-scaled.jpg\" alt=\"\" width=\"2560\" height=\"1440\" srcset=\"https:\/\/motorpor.pt\/wp-content\/uploads\/2024\/03\/FIATconcepts2024FIATConcept_Fastback-scaled.jpg 2560w, https:\/\/motorpor.pt\/wp-content\/uploads\/2024\/03\/FIATconcepts2024FIATConcept_Fastback-300x169.jpg 300w, https:\/\/motorpor.pt\/wp-content\/uploads\/2024\/03\/FIATconcepts2024FIATConcept_Fastback-1024x576.jpg 1024w, https:\/\/motorpor.pt\/wp-content\/uploads\/2024\/03\/FIATconcepts2024FIATConcept_Fastback-768x432.jpg 768w, https:\/\/motorpor.pt\/wp-content\/uploads\/2024\/03\/FIATconcepts2024FIATConcept_Fastback-1536x864.jpg 1536w, https:\/\/motorpor.pt\/wp-content\/uploads\/2024\/03\/FIATconcepts2024FIATConcept_Fastback-2048x1152.jpg 2048w, https:\/\/motorpor.pt\/wp-content\/uploads\/2024\/03\/FIATconcepts2024FIATConcept_Fastback-18x10.jpg 18w, https:\/\/motorpor.pt\/wp-content\/uploads\/2024\/03\/FIATconcepts2024FIATConcept_Fastback-167x93.jpg 167w, https:\/\/motorpor.pt\/wp-content\/uploads\/2024\/03\/FIATconcepts2024FIATConcept_Fastback-165x93.jpg 165w\" sizes=\"(max-width: 2560px) 100vw, 2560px\" \/><\/p>\n<p>\u00a0<\/p>\n<p>O CEO da FIAT lan\u00e7ou um desafio global atrav\u00e9s de um <a href=\"https:\/\/www.youtube.com\/watch?v=M01DtWU-DCk\">v\u00eddeo<\/a> gravado em It\u00e1lia dentro de um animado Panda, modelo que mudou a forma como vivemos o autom\u00f3vel ao longo de mais de quarenta anos. Foi este s\u00edmbolo da criatividade italiana que inspirou a nova fam\u00edlia de\u00a0<em>concepts<\/em>.<\/p>\n<p>Os novos modelos foram pensados para poderem ser produzidos em qualquer parte do mundo e chegar aos clientes em todo o lado. A plataforma multi-energia \u00fanica tamb\u00e9m permitir\u00e1 que os pr\u00f3ximos modelos FIAT estejam equipados com todos os tipos de motoriza\u00e7\u00f5es (el\u00e9trica, h\u00edbrida e t\u00e9rmica).<\/p>\n<p>\u00a0<\/p>\n<p><img decoding=\"async\" class=\"alignnone size-full wp-image-79598\" src=\"https:\/\/motorpor.pt\/wp-content\/uploads\/2024\/03\/FIATConcept_Pick-up-scaled.jpg\" alt=\"\" width=\"2560\" height=\"1440\" srcset=\"https:\/\/motorpor.pt\/wp-content\/uploads\/2024\/03\/FIATConcept_Pick-up-scaled.jpg 2560w, https:\/\/motorpor.pt\/wp-content\/uploads\/2024\/03\/FIATConcept_Pick-up-300x169.jpg 300w, https:\/\/motorpor.pt\/wp-content\/uploads\/2024\/03\/FIATConcept_Pick-up-1024x576.jpg 1024w, https:\/\/motorpor.pt\/wp-content\/uploads\/2024\/03\/FIATConcept_Pick-up-768x432.jpg 768w, https:\/\/motorpor.pt\/wp-content\/uploads\/2024\/03\/FIATConcept_Pick-up-1536x864.jpg 1536w, https:\/\/motorpor.pt\/wp-content\/uploads\/2024\/03\/FIATConcept_Pick-up-2048x1152.jpg 2048w, https:\/\/motorpor.pt\/wp-content\/uploads\/2024\/03\/FIATConcept_Pick-up-18x10.jpg 18w, https:\/\/motorpor.pt\/wp-content\/uploads\/2024\/03\/FIATConcept_Pick-up-167x93.jpg 167w, https:\/\/motorpor.pt\/wp-content\/uploads\/2024\/03\/FIATConcept_Pick-up-165x93.jpg 165w\" sizes=\"(max-width: 2560px) 100vw, 2560px\" \/><\/p>\n<p>\u00a0<\/p>\n<p>A marca est\u00e1 a aceitar o desafio de produzir autom\u00f3veis mais sustent\u00e1veis com a sua abordagem &#8220;less is more&#8221; (&#8220;menos \u00e9 mais&#8221;), eliminando pe\u00e7as redundantes e reduzindo os materiais poluentes. Conhe\u00e7a as viaturas <a href=\"https:\/\/motorpor.pt\/fr\/novos\/fiat\/\">FIAT dispon\u00edveis<\/a> no nosso site.<\/p>","protected":false},"excerpt":{"rendered":"<p>A FIAT provou que o futuro j\u00e1 chegou com a revela\u00e7\u00e3o da sua nova fam\u00edlia de concepts inspirados no Panda \u00a0 A marca est\u00e1 a preparar o lan\u00e7amento de uma nova fam\u00edlia de autom\u00f3veis que ir\u00e3o partilhar uma plataforma global comum, tornando-os dispon\u00edveis para clientes em todo o mundo. O primeiro modelo ser\u00e1 lan\u00e7ado j\u00e1 [&hellip;]<\/p>\n","protected":false},"author":85,"featured_media":79595,"comment_status":"closed","ping_status":"open","sticky":false,"template":"","format":"standard","meta":{"_acf_changed":false,"footnotes":""},"categories":[2595,2594,2592,3090],"tags":[],"class_list":["post-79596","post","type-post","status-publish","format-standard","has-post-thumbnail","hentry","category-atualidade","category-destaques","category-noticias","category-noticias-fiat"],"acf":[],"yoast_head":"<!-- This site is optimized with the Yoast SEO plugin v27.5 - https:\/\/yoast.com\/product\/yoast-seo-wordpress\/ -->\n<title>FIAT lan\u00e7a um novo desafio global - Motorpor<\/title>\n<meta name=\"robots\" content=\"index, follow, max-snippet:-1, max-image-preview:large, max-video-preview:-1\" \/>\n<link rel=\"canonical\" href=\"https:\/\/motorpor.pt\/fr\/fiat-lanca-um-novo-desafio-global\/\" \/>\n<meta property=\"og:locale\" content=\"fr_FR\" \/>\n<meta property=\"og:type\" content=\"article\" \/>\n<meta property=\"og:title\" content=\"FIAT lan\u00e7a um novo desafio global - Motorpor\" \/>\n<meta property=\"og:description\" content=\"A FIAT provou que o futuro j\u00e1 chegou com a revela\u00e7\u00e3o da sua nova fam\u00edlia de concepts inspirados no Panda \u00a0 A marca est\u00e1 a preparar o lan\u00e7amento de uma nova fam\u00edlia de autom\u00f3veis que ir\u00e3o partilhar uma plataforma global comum, tornando-os dispon\u00edveis para clientes em todo o mundo. O primeiro modelo ser\u00e1 lan\u00e7ado j\u00e1 [&hellip;]\" \/>\n<meta property=\"og:url\" content=\"https:\/\/motorpor.pt\/fr\/fiat-lanca-um-novo-desafio-global\/\" \/>\n<meta property=\"og:site_name\" content=\"Motorpor\" \/>\n<meta property=\"article:published_time\" content=\"2024-03-04T17:22:35+00:00\" \/>\n<meta property=\"article:modified_time\" content=\"2024-07-17T15:24:43+00:00\" \/>\n<meta property=\"og:image\" content=\"https:\/\/motorpor.pt\/wp-content\/uploads\/2024\/03\/unnamed-1.jpg\" \/>\n\t<meta property=\"og:image:width\" content=\"1668\" \/>\n\t<meta property=\"og:image:height\" content=\"900\" \/>\n\t<meta property=\"og:image:type\" content=\"image\/jpeg\" \/>\n<meta name=\"author\" content=\"mktmotorpor\" \/>\n<meta name=\"twitter:card\" content=\"summary_large_image\" \/>\n<meta name=\"twitter:label1\" content=\"\u00c9crit par\" \/>\n\t<meta name=\"twitter:data1\" content=\"mktmotorpor\" \/>\n\t<meta name=\"twitter:label2\" content=\"Dur\u00e9e de lecture estim\u00e9e\" \/>\n\t<meta name=\"twitter:data2\" content=\"2 minutes\" \/>\n<script type=\"application\/ld+json\" class=\"yoast-schema-graph\">{\"@context\":\"https:\\\/\\\/schema.org\",\"@graph\":[{\"@type\":\"Article\",\"@id\":\"https:\\\/\\\/motorpor.pt\\\/fiat-lanca-um-novo-desafio-global\\\/#article\",\"isPartOf\":{\"@id\":\"https:\\\/\\\/motorpor.pt\\\/fiat-lanca-um-novo-desafio-global\\\/\"},\"author\":{\"name\":\"mktmotorpor\",\"@id\":\"https:\\\/\\\/motorpor.pt\\\/#\\\/schema\\\/person\\\/b4bf07144e88efed7388a5af30522db7\"},\"headline\":\"FIAT lan\u00e7a um novo desafio global\",\"datePublished\":\"2024-03-04T17:22:35+00:00\",\"dateModified\":\"2024-07-17T15:24:43+00:00\",\"mainEntityOfPage\":{\"@id\":\"https:\\\/\\\/motorpor.pt\\\/fiat-lanca-um-novo-desafio-global\\\/\"},\"wordCount\":359,\"publisher\":{\"@id\":\"https:\\\/\\\/motorpor.pt\\\/#organization\"},\"image\":{\"@id\":\"https:\\\/\\\/motorpor.pt\\\/fiat-lanca-um-novo-desafio-global\\\/#primaryimage\"},\"thumbnailUrl\":\"https:\\\/\\\/motorpor.pt\\\/wp-content\\\/uploads\\\/2024\\\/03\\\/unnamed-1.jpg\",\"articleSection\":[\"Atualidade\",\"Destaques\",\"Not\u00edcias\",\"Not\u00edcias Fiat\"],\"inLanguage\":\"fr-FR\"},{\"@type\":\"WebPage\",\"@id\":\"https:\\\/\\\/motorpor.pt\\\/fiat-lanca-um-novo-desafio-global\\\/\",\"url\":\"https:\\\/\\\/motorpor.pt\\\/fiat-lanca-um-novo-desafio-global\\\/\",\"name\":\"FIAT lan\u00e7a um novo desafio global - Motorpor\",\"isPartOf\":{\"@id\":\"https:\\\/\\\/motorpor.pt\\\/#website\"},\"primaryImageOfPage\":{\"@id\":\"https:\\\/\\\/motorpor.pt\\\/fiat-lanca-um-novo-desafio-global\\\/#primaryimage\"},\"image\":{\"@id\":\"https:\\\/\\\/motorpor.pt\\\/fiat-lanca-um-novo-desafio-global\\\/#primaryimage\"},\"thumbnailUrl\":\"https:\\\/\\\/motorpor.pt\\\/wp-content\\\/uploads\\\/2024\\\/03\\\/unnamed-1.jpg\",\"datePublished\":\"2024-03-04T17:22:35+00:00\",\"dateModified\":\"2024-07-17T15:24:43+00:00\",\"breadcrumb\":{\"@id\":\"https:\\\/\\\/motorpor.pt\\\/fiat-lanca-um-novo-desafio-global\\\/#breadcrumb\"},\"inLanguage\":\"fr-FR\",\"potentialAction\":[{\"@type\":\"ReadAction\",\"target\":[\"https:\\\/\\\/motorpor.pt\\\/fiat-lanca-um-novo-desafio-global\\\/\"]}]},{\"@type\":\"ImageObject\",\"inLanguage\":\"fr-FR\",\"@id\":\"https:\\\/\\\/motorpor.pt\\\/fiat-lanca-um-novo-desafio-global\\\/#primaryimage\",\"url\":\"https:\\\/\\\/motorpor.pt\\\/wp-content\\\/uploads\\\/2024\\\/03\\\/unnamed-1.jpg\",\"contentUrl\":\"https:\\\/\\\/motorpor.pt\\\/wp-content\\\/uploads\\\/2024\\\/03\\\/unnamed-1.jpg\",\"width\":1668,\"height\":900},{\"@type\":\"BreadcrumbList\",\"@id\":\"https:\\\/\\\/motorpor.pt\\\/fiat-lanca-um-novo-desafio-global\\\/#breadcrumb\",\"itemListElement\":[{\"@type\":\"ListItem\",\"position\":1,\"name\":\"In\u00edcio\",\"item\":\"https:\\\/\\\/motorpor.pt\\\/\"},{\"@type\":\"ListItem\",\"position\":2,\"name\":\"FIAT lan\u00e7a um novo desafio global\"}]},{\"@type\":\"WebSite\",\"@id\":\"https:\\\/\\\/motorpor.pt\\\/#website\",\"url\":\"https:\\\/\\\/motorpor.pt\\\/\",\"name\":\"Motorpor\",\"description\":\"Comercio de Autom\u00f3veis Multimarcas\",\"publisher\":{\"@id\":\"https:\\\/\\\/motorpor.pt\\\/#organization\"},\"potentialAction\":[{\"@type\":\"SearchAction\",\"target\":{\"@type\":\"EntryPoint\",\"urlTemplate\":\"https:\\\/\\\/motorpor.pt\\\/?s={search_term_string}\"},\"query-input\":{\"@type\":\"PropertyValueSpecification\",\"valueRequired\":true,\"valueName\":\"search_term_string\"}}],\"inLanguage\":\"fr-FR\"},{\"@type\":\"Organization\",\"@id\":\"https:\\\/\\\/motorpor.pt\\\/#organization\",\"name\":\"Motorpor\",\"alternateName\":\"Motorpor\",\"url\":\"https:\\\/\\\/motorpor.pt\\\/\",\"logo\":{\"@type\":\"ImageObject\",\"inLanguage\":\"fr-FR\",\"@id\":\"https:\\\/\\\/motorpor.pt\\\/#\\\/schema\\\/logo\\\/image\\\/\",\"url\":\"https:\\\/\\\/motorpor.pt\\\/wp-content\\\/uploads\\\/2024\\\/07\\\/Logo-Motorpor-Preto.svg\",\"contentUrl\":\"https:\\\/\\\/motorpor.pt\\\/wp-content\\\/uploads\\\/2024\\\/07\\\/Logo-Motorpor-Preto.svg\",\"width\":493,\"height\":93,\"caption\":\"Motorpor\"},\"image\":{\"@id\":\"https:\\\/\\\/motorpor.pt\\\/#\\\/schema\\\/logo\\\/image\\\/\"},\"sameAs\":[\"https:\\\/\\\/www.linkedin.com\\\/company\\\/grupo-motorpor\"]},{\"@type\":\"Person\",\"@id\":\"https:\\\/\\\/motorpor.pt\\\/#\\\/schema\\\/person\\\/b4bf07144e88efed7388a5af30522db7\",\"name\":\"mktmotorpor\",\"image\":{\"@type\":\"ImageObject\",\"inLanguage\":\"fr-FR\",\"@id\":\"https:\\\/\\\/secure.gravatar.com\\\/avatar\\\/8418b61b3175dbba0a8744cf0ee6bb5c7a9f6c67f1dbc4f41a62d7b9738259a2?s=96&d=mm&r=g\",\"url\":\"https:\\\/\\\/secure.gravatar.com\\\/avatar\\\/8418b61b3175dbba0a8744cf0ee6bb5c7a9f6c67f1dbc4f41a62d7b9738259a2?s=96&d=mm&r=g\",\"contentUrl\":\"https:\\\/\\\/secure.gravatar.com\\\/avatar\\\/8418b61b3175dbba0a8744cf0ee6bb5c7a9f6c67f1dbc4f41a62d7b9738259a2?s=96&d=mm&r=g\",\"caption\":\"mktmotorpor\"},\"url\":\"https:\\\/\\\/motorpor.pt\\\/fr\\\/user\\\/mktmotorpor\\\/\"}]}<\/script>\n<!-- \/ Yoast SEO plugin. -->","yoast_head_json":{"title":"FIAT lan\u00e7a um novo desafio global - Motorpor","robots":{"index":"index","follow":"follow","max-snippet":"max-snippet:-1","max-image-preview":"max-image-preview:large","max-video-preview":"max-video-preview:-1"},"canonical":"https:\/\/motorpor.pt\/fr\/fiat-lanca-um-novo-desafio-global\/","og_locale":"fr_FR","og_type":"article","og_title":"FIAT lan\u00e7a um novo desafio global - Motorpor","og_description":"A FIAT provou que o futuro j\u00e1 chegou com a revela\u00e7\u00e3o da sua nova fam\u00edlia de concepts inspirados no Panda \u00a0 A marca est\u00e1 a preparar o lan\u00e7amento de uma nova fam\u00edlia de autom\u00f3veis que ir\u00e3o partilhar uma plataforma global comum, tornando-os dispon\u00edveis para clientes em todo o mundo. O primeiro modelo ser\u00e1 lan\u00e7ado j\u00e1 [&hellip;]","og_url":"https:\/\/motorpor.pt\/fr\/fiat-lanca-um-novo-desafio-global\/","og_site_name":"Motorpor","article_published_time":"2024-03-04T17:22:35+00:00","article_modified_time":"2024-07-17T15:24:43+00:00","og_image":[{"width":1668,"height":900,"url":"https:\/\/motorpor.pt\/wp-content\/uploads\/2024\/03\/unnamed-1.jpg","type":"image\/jpeg"}],"author":"mktmotorpor","twitter_card":"summary_large_image","twitter_misc":{"\u00c9crit par":"mktmotorpor","Dur\u00e9e de lecture estim\u00e9e":"2 minutes"},"schema":{"@context":"https:\/\/schema.org","@graph":[{"@type":"Article","@id":"https:\/\/motorpor.pt\/fiat-lanca-um-novo-desafio-global\/#article","isPartOf":{"@id":"https:\/\/motorpor.pt\/fiat-lanca-um-novo-desafio-global\/"},"author":{"name":"mktmotorpor","@id":"https:\/\/motorpor.pt\/#\/schema\/person\/b4bf07144e88efed7388a5af30522db7"},"headline":"FIAT lan\u00e7a um novo desafio global","datePublished":"2024-03-04T17:22:35+00:00","dateModified":"2024-07-17T15:24:43+00:00","mainEntityOfPage":{"@id":"https:\/\/motorpor.pt\/fiat-lanca-um-novo-desafio-global\/"},"wordCount":359,"publisher":{"@id":"https:\/\/motorpor.pt\/#organization"},"image":{"@id":"https:\/\/motorpor.pt\/fiat-lanca-um-novo-desafio-global\/#primaryimage"},"thumbnailUrl":"https:\/\/motorpor.pt\/wp-content\/uploads\/2024\/03\/unnamed-1.jpg","articleSection":["Atualidade","Destaques","Not\u00edcias","Not\u00edcias Fiat"],"inLanguage":"fr-FR"},{"@type":"WebPage","@id":"https:\/\/motorpor.pt\/fiat-lanca-um-novo-desafio-global\/","url":"https:\/\/motorpor.pt\/fiat-lanca-um-novo-desafio-global\/","name":"FIAT lan\u00e7a um novo desafio global - Motorpor","isPartOf":{"@id":"https:\/\/motorpor.pt\/#website"},"primaryImageOfPage":{"@id":"https:\/\/motorpor.pt\/fiat-lanca-um-novo-desafio-global\/#primaryimage"},"image":{"@id":"https:\/\/motorpor.pt\/fiat-lanca-um-novo-desafio-global\/#primaryimage"},"thumbnailUrl":"https:\/\/motorpor.pt\/wp-content\/uploads\/2024\/03\/unnamed-1.jpg","datePublished":"2024-03-04T17:22:35+00:00","dateModified":"2024-07-17T15:24:43+00:00","breadcrumb":{"@id":"https:\/\/motorpor.pt\/fiat-lanca-um-novo-desafio-global\/#breadcrumb"},"inLanguage":"fr-FR","potentialAction":[{"@type":"ReadAction","target":["https:\/\/motorpor.pt\/fiat-lanca-um-novo-desafio-global\/"]}]},{"@type":"ImageObject","inLanguage":"fr-FR","@id":"https:\/\/motorpor.pt\/fiat-lanca-um-novo-desafio-global\/#primaryimage","url":"https:\/\/motorpor.pt\/wp-content\/uploads\/2024\/03\/unnamed-1.jpg","contentUrl":"https:\/\/motorpor.pt\/wp-content\/uploads\/2024\/03\/unnamed-1.jpg","width":1668,"height":900},{"@type":"BreadcrumbList","@id":"https:\/\/motorpor.pt\/fiat-lanca-um-novo-desafio-global\/#breadcrumb","itemListElement":[{"@type":"ListItem","position":1,"name":"In\u00edcio","item":"https:\/\/motorpor.pt\/"},{"@type":"ListItem","position":2,"name":"FIAT lan\u00e7a um novo desafio global"}]},{"@type":"WebSite","@id":"https:\/\/motorpor.pt\/#website","url":"https:\/\/motorpor.pt\/","name":"motorpor","description":"Comercio de Autom\u00f3veis Multimarcas","publisher":{"@id":"https:\/\/motorpor.pt\/#organization"},"potentialAction":[{"@type":"SearchAction","target":{"@type":"EntryPoint","urlTemplate":"https:\/\/motorpor.pt\/?s={search_term_string}"},"query-input":{"@type":"PropertyValueSpecification","valueRequired":true,"valueName":"search_term_string"}}],"inLanguage":"fr-FR"},{"@type":"Organization","@id":"https:\/\/motorpor.pt\/#organization","name":"motorpor","alternateName":"Motorpor","url":"https:\/\/motorpor.pt\/","logo":{"@type":"ImageObject","inLanguage":"fr-FR","@id":"https:\/\/motorpor.pt\/#\/schema\/logo\/image\/","url":"https:\/\/motorpor.pt\/wp-content\/uploads\/2024\/07\/Logo-Motorpor-Preto.svg","contentUrl":"https:\/\/motorpor.pt\/wp-content\/uploads\/2024\/07\/Logo-Motorpor-Preto.svg","width":493,"height":93,"caption":"Motorpor"},"image":{"@id":"https:\/\/motorpor.pt\/#\/schema\/logo\/image\/"},"sameAs":["https:\/\/www.linkedin.com\/company\/grupo-motorpor"]},{"@type":"Person","@id":"https:\/\/motorpor.pt\/#\/schema\/person\/b4bf07144e88efed7388a5af30522db7","name":"mktmotorpor","image":{"@type":"ImageObject","inLanguage":"fr-FR","@id":"https:\/\/secure.gravatar.com\/avatar\/8418b61b3175dbba0a8744cf0ee6bb5c7a9f6c67f1dbc4f41a62d7b9738259a2?s=96&d=mm&r=g","url":"https:\/\/secure.gravatar.com\/avatar\/8418b61b3175dbba0a8744cf0ee6bb5c7a9f6c67f1dbc4f41a62d7b9738259a2?s=96&d=mm&r=g","contentUrl":"https:\/\/secure.gravatar.com\/avatar\/8418b61b3175dbba0a8744cf0ee6bb5c7a9f6c67f1dbc4f41a62d7b9738259a2?s=96&d=mm&r=g","caption":"mktmotorpor"},"url":"https:\/\/motorpor.pt\/fr\/user\/mktmotorpor\/"}]}},"_links":{"self":[{"href":"https:\/\/motorpor.pt\/fr\/wp-json\/wp\/v2\/posts\/79596","targetHints":{"allow":["GET"]}}],"collection":[{"href":"https:\/\/motorpor.pt\/fr\/wp-json\/wp\/v2\/posts"}],"about":[{"href":"https:\/\/motorpor.pt\/fr\/wp-json\/wp\/v2\/types\/post"}],"author":[{"embeddable":true,"href":"https:\/\/motorpor.pt\/fr\/wp-json\/wp\/v2\/users\/85"}],"replies":[{"embeddable":true,"href":"https:\/\/motorpor.pt\/fr\/wp-json\/wp\/v2\/comments?post=79596"}],"version-history":[{"count":2,"href":"https:\/\/motorpor.pt\/fr\/wp-json\/wp\/v2\/posts\/79596\/revisions"}],"predecessor-version":[{"id":90256,"href":"https:\/\/motorpor.pt\/fr\/wp-json\/wp\/v2\/posts\/79596\/revisions\/90256"}],"wp:featuredmedia":[{"embeddable":true,"href":"https:\/\/motorpor.pt\/fr\/wp-json\/wp\/v2\/media\/79595"}],"wp:attachment":[{"href":"https:\/\/motorpor.pt\/fr\/wp-json\/wp\/v2\/media?parent=79596"}],"wp:term":[{"taxonomy":"category","embeddable":true,"href":"https:\/\/motorpor.pt\/fr\/wp-json\/wp\/v2\/categories?post=79596"},{"taxonomy":"post_tag","embeddable":true,"href":"https:\/\/motorpor.pt\/fr\/wp-json\/wp\/v2\/tags?post=79596"}],"curies":[{"name":"wp","href":"https:\/\/api.w.org\/{rel}","templated":true}]}}