{"id":79805,"date":"2024-03-06T16:00:28","date_gmt":"2024-03-06T15:00:28","guid":{"rendered":"https:\/\/motorpor.pt\/os-novos-suv-3008-e-e-3008-da-peugeot-chegam-a-portugal-em-maio\/"},"modified":"2024-03-06T18:57:59","modified_gmt":"2024-03-06T17:57:59","slug":"os-novos-suv-3008-e-e-3008-da-peugeot-chegam-a-portugal-em-maio","status":"publish","type":"post","link":"https:\/\/motorpor.pt\/fr\/os-novos-suv-3008-e-e-3008-da-peugeot-chegam-a-portugal-em-maio\/","title":{"rendered":"Os novos SUV 3008 e E-3008 da Peugeot chegam a Portugal em maio"},"content":{"rendered":"<h5>Com a chegada dos novos 3008 e E-3008, a Peugeot substituiu o autom\u00f3vel-fen\u00f3meno e um dos seus best-sellers, trazendo o 3008 para a era da eletrifica\u00e7\u00e3o.<\/h5>\n<p>Sedu\u00e7\u00e3o, emo\u00e7\u00e3o e excel\u00eancia, estas s\u00e3o as promessas da Peugeot com o lan\u00e7amento do novo E-3008, elevando-o a um novo n\u00edvel de criatividade do design, bem como do prazer de condu\u00e7\u00e3o e das performances el\u00e9tricas do modelo.<\/p>\n<p>Em sete anos, o Peugeot 3008, um dos best-sellers da marca, angariou mais de 1.320.000 clientes em 130 pa\u00edses. Agora, o objetivo da Peugeot \u00e9 entrar numa nova dimens\u00e3o. A sua ambi\u00e7\u00e3o \u00e9 oferecer, at\u00e9 2025, uma gama el\u00e9trica para o conjunto dos seus modelos e, at\u00e9 2030 fazer 100% das suas vendas na Europa em viaturas el\u00e9tricas.<\/p>\n<div id='gallery-1' class='gallery galleryid-79805 gallery-columns-3 gallery-size-full'><figure class='gallery-item'>\n\t\t\t<div class='gallery-icon landscape'>\n\t\t\t\t<a href='https:\/\/motorpor.pt\/fr\/peugeot_e3008testdrive_2402tc353\/'><img fetchpriority=\"high\" decoding=\"async\" width=\"2560\" height=\"1708\" src=\"https:\/\/motorpor.pt\/wp-content\/uploads\/2024\/03\/PEUGEOT_E3008TESTDRIVE_2402TC353-scaled.jpg\" class=\"attachment-full size-full\" alt=\"\" srcset=\"https:\/\/motorpor.pt\/wp-content\/uploads\/2024\/03\/PEUGEOT_E3008TESTDRIVE_2402TC353-scaled.jpg 2560w, https:\/\/motorpor.pt\/wp-content\/uploads\/2024\/03\/PEUGEOT_E3008TESTDRIVE_2402TC353-300x200.jpg 300w, https:\/\/motorpor.pt\/wp-content\/uploads\/2024\/03\/PEUGEOT_E3008TESTDRIVE_2402TC353-1024x683.jpg 1024w, https:\/\/motorpor.pt\/wp-content\/uploads\/2024\/03\/PEUGEOT_E3008TESTDRIVE_2402TC353-768x512.jpg 768w, https:\/\/motorpor.pt\/wp-content\/uploads\/2024\/03\/PEUGEOT_E3008TESTDRIVE_2402TC353-1536x1025.jpg 1536w, https:\/\/motorpor.pt\/wp-content\/uploads\/2024\/03\/PEUGEOT_E3008TESTDRIVE_2402TC353-2048x1366.jpg 2048w, https:\/\/motorpor.pt\/wp-content\/uploads\/2024\/03\/PEUGEOT_E3008TESTDRIVE_2402TC353-18x12.jpg 18w, https:\/\/motorpor.pt\/wp-content\/uploads\/2024\/03\/PEUGEOT_E3008TESTDRIVE_2402TC353-165x110.jpg 165w\" sizes=\"(max-width: 2560px) 100vw, 2560px\" \/><\/a>\n\t\t\t<\/div><\/figure><figure class='gallery-item'>\n\t\t\t<div class='gallery-icon landscape'>\n\t\t\t\t<a href='https:\/\/motorpor.pt\/fr\/peugeot_e3008testdrive_2402tc183\/'><img decoding=\"async\" width=\"2560\" height=\"1707\" src=\"https:\/\/motorpor.pt\/wp-content\/uploads\/2024\/03\/PEUGEOT_E3008TESTDRIVE_2402TC183-scaled.jpg\" class=\"attachment-full size-full\" alt=\"\" srcset=\"https:\/\/motorpor.pt\/wp-content\/uploads\/2024\/03\/PEUGEOT_E3008TESTDRIVE_2402TC183-scaled.jpg 2560w, https:\/\/motorpor.pt\/wp-content\/uploads\/2024\/03\/PEUGEOT_E3008TESTDRIVE_2402TC183-300x200.jpg 300w, https:\/\/motorpor.pt\/wp-content\/uploads\/2024\/03\/PEUGEOT_E3008TESTDRIVE_2402TC183-1024x683.jpg 1024w, https:\/\/motorpor.pt\/wp-content\/uploads\/2024\/03\/PEUGEOT_E3008TESTDRIVE_2402TC183-768x512.jpg 768w, https:\/\/motorpor.pt\/wp-content\/uploads\/2024\/03\/PEUGEOT_E3008TESTDRIVE_2402TC183-1536x1024.jpg 1536w, https:\/\/motorpor.pt\/wp-content\/uploads\/2024\/03\/PEUGEOT_E3008TESTDRIVE_2402TC183-2048x1365.jpg 2048w, https:\/\/motorpor.pt\/wp-content\/uploads\/2024\/03\/PEUGEOT_E3008TESTDRIVE_2402TC183-18x12.jpg 18w, https:\/\/motorpor.pt\/wp-content\/uploads\/2024\/03\/PEUGEOT_E3008TESTDRIVE_2402TC183-165x110.jpg 165w\" sizes=\"(max-width: 2560px) 100vw, 2560px\" \/><\/a>\n\t\t\t<\/div><\/figure><figure class='gallery-item'>\n\t\t\t<div class='gallery-icon landscape'>\n\t\t\t\t<a href='https:\/\/motorpor.pt\/fr\/peugeot_e3008testdrive_2402tc198\/'><img decoding=\"async\" width=\"2560\" height=\"1707\" src=\"https:\/\/motorpor.pt\/wp-content\/uploads\/2024\/03\/PEUGEOT_E3008TESTDRIVE_2402TC198-scaled.jpg\" class=\"attachment-full size-full\" alt=\"\" srcset=\"https:\/\/motorpor.pt\/wp-content\/uploads\/2024\/03\/PEUGEOT_E3008TESTDRIVE_2402TC198-scaled.jpg 2560w, https:\/\/motorpor.pt\/wp-content\/uploads\/2024\/03\/PEUGEOT_E3008TESTDRIVE_2402TC198-300x200.jpg 300w, https:\/\/motorpor.pt\/wp-content\/uploads\/2024\/03\/PEUGEOT_E3008TESTDRIVE_2402TC198-1024x683.jpg 1024w, https:\/\/motorpor.pt\/wp-content\/uploads\/2024\/03\/PEUGEOT_E3008TESTDRIVE_2402TC198-768x512.jpg 768w, https:\/\/motorpor.pt\/wp-content\/uploads\/2024\/03\/PEUGEOT_E3008TESTDRIVE_2402TC198-1536x1024.jpg 1536w, https:\/\/motorpor.pt\/wp-content\/uploads\/2024\/03\/PEUGEOT_E3008TESTDRIVE_2402TC198-2048x1365.jpg 2048w, https:\/\/motorpor.pt\/wp-content\/uploads\/2024\/03\/PEUGEOT_E3008TESTDRIVE_2402TC198-18x12.jpg 18w, https:\/\/motorpor.pt\/wp-content\/uploads\/2024\/03\/PEUGEOT_E3008TESTDRIVE_2402TC198-165x110.jpg 165w\" sizes=\"(max-width: 2560px) 100vw, 2560px\" \/><\/a>\n\t\t\t<\/div><\/figure>\n\t\t<\/div>\n\n<p>O Peugeot E-3008 \u00e9 o primeiro modelo a beneficiar da nova plataforma STLA Medium da Stellantis, uma plataforma inovadora concebida para oferecer o melhor desempenho da sua classe: &#8220;autonomia (at\u00e9 700 km), tempo de carregamento (30 minutos), prazer de condu\u00e7\u00e3o, desempenho, efici\u00eancia e servi\u00e7os conectados&#8221;.<\/p>\n<p>Para simplificar a escolha, a gama do novo 3008 baseia-se em dois n\u00edveis de acabamento: <strong>Allure e GT<\/strong>. Estar\u00e3o dispon\u00edveis com 3 <em>packs<\/em> de opcionais que contam com tr\u00eas motoriza\u00e7\u00f5es el\u00e9tricas (210 cv, 230 cv de longa autonomia e 320 cv Dual Motor, de 4 rodas motrizes), bem como duas mec\u00e2nicas h\u00edbridas.<\/p>\n<div id='gallery-2' class='gallery galleryid-79805 gallery-columns-3 gallery-size-full'><figure class='gallery-item'>\n\t\t\t<div class='gallery-icon landscape'>\n\t\t\t\t<a href='https:\/\/motorpor.pt\/fr\/peugeot_e3008testdrive_2402tc127\/'><img loading=\"lazy\" decoding=\"async\" width=\"2560\" height=\"1707\" src=\"https:\/\/motorpor.pt\/wp-content\/uploads\/2024\/03\/PEUGEOT_E3008TESTDRIVE_2402TC127-scaled.jpg\" class=\"attachment-full size-full\" alt=\"\" srcset=\"https:\/\/motorpor.pt\/wp-content\/uploads\/2024\/03\/PEUGEOT_E3008TESTDRIVE_2402TC127-scaled.jpg 2560w, https:\/\/motorpor.pt\/wp-content\/uploads\/2024\/03\/PEUGEOT_E3008TESTDRIVE_2402TC127-300x200.jpg 300w, https:\/\/motorpor.pt\/wp-content\/uploads\/2024\/03\/PEUGEOT_E3008TESTDRIVE_2402TC127-1024x683.jpg 1024w, https:\/\/motorpor.pt\/wp-content\/uploads\/2024\/03\/PEUGEOT_E3008TESTDRIVE_2402TC127-768x512.jpg 768w, https:\/\/motorpor.pt\/wp-content\/uploads\/2024\/03\/PEUGEOT_E3008TESTDRIVE_2402TC127-1536x1024.jpg 1536w, https:\/\/motorpor.pt\/wp-content\/uploads\/2024\/03\/PEUGEOT_E3008TESTDRIVE_2402TC127-2048x1365.jpg 2048w, https:\/\/motorpor.pt\/wp-content\/uploads\/2024\/03\/PEUGEOT_E3008TESTDRIVE_2402TC127-18x12.jpg 18w, https:\/\/motorpor.pt\/wp-content\/uploads\/2024\/03\/PEUGEOT_E3008TESTDRIVE_2402TC127-165x110.jpg 165w\" sizes=\"(max-width: 2560px) 100vw, 2560px\" \/><\/a>\n\t\t\t<\/div><\/figure><figure class='gallery-item'>\n\t\t\t<div class='gallery-icon landscape'>\n\t\t\t\t<a href='https:\/\/motorpor.pt\/fr\/peugeot_e3008testdrive_2402tc259\/'><img loading=\"lazy\" decoding=\"async\" width=\"2560\" height=\"1708\" src=\"https:\/\/motorpor.pt\/wp-content\/uploads\/2024\/03\/PEUGEOT_E3008TESTDRIVE_2402TC259-scaled.jpg\" class=\"attachment-full size-full\" alt=\"\" srcset=\"https:\/\/motorpor.pt\/wp-content\/uploads\/2024\/03\/PEUGEOT_E3008TESTDRIVE_2402TC259-scaled.jpg 2560w, https:\/\/motorpor.pt\/wp-content\/uploads\/2024\/03\/PEUGEOT_E3008TESTDRIVE_2402TC259-300x200.jpg 300w, https:\/\/motorpor.pt\/wp-content\/uploads\/2024\/03\/PEUGEOT_E3008TESTDRIVE_2402TC259-1024x683.jpg 1024w, https:\/\/motorpor.pt\/wp-content\/uploads\/2024\/03\/PEUGEOT_E3008TESTDRIVE_2402TC259-768x512.jpg 768w, https:\/\/motorpor.pt\/wp-content\/uploads\/2024\/03\/PEUGEOT_E3008TESTDRIVE_2402TC259-1536x1025.jpg 1536w, https:\/\/motorpor.pt\/wp-content\/uploads\/2024\/03\/PEUGEOT_E3008TESTDRIVE_2402TC259-2048x1366.jpg 2048w, https:\/\/motorpor.pt\/wp-content\/uploads\/2024\/03\/PEUGEOT_E3008TESTDRIVE_2402TC259-18x12.jpg 18w, https:\/\/motorpor.pt\/wp-content\/uploads\/2024\/03\/PEUGEOT_E3008TESTDRIVE_2402TC259-165x110.jpg 165w\" sizes=\"(max-width: 2560px) 100vw, 2560px\" \/><\/a>\n\t\t\t<\/div><\/figure><figure class='gallery-item'>\n\t\t\t<div class='gallery-icon landscape'>\n\t\t\t\t<a href='https:\/\/motorpor.pt\/fr\/peugeot_e3008testdrive_2402tc242\/'><img loading=\"lazy\" decoding=\"async\" width=\"2560\" height=\"1707\" src=\"https:\/\/motorpor.pt\/wp-content\/uploads\/2024\/03\/PEUGEOT_E3008TESTDRIVE_2402TC242-scaled.jpg\" class=\"attachment-full size-full\" alt=\"\" srcset=\"https:\/\/motorpor.pt\/wp-content\/uploads\/2024\/03\/PEUGEOT_E3008TESTDRIVE_2402TC242-scaled.jpg 2560w, https:\/\/motorpor.pt\/wp-content\/uploads\/2024\/03\/PEUGEOT_E3008TESTDRIVE_2402TC242-300x200.jpg 300w, https:\/\/motorpor.pt\/wp-content\/uploads\/2024\/03\/PEUGEOT_E3008TESTDRIVE_2402TC242-1024x683.jpg 1024w, https:\/\/motorpor.pt\/wp-content\/uploads\/2024\/03\/PEUGEOT_E3008TESTDRIVE_2402TC242-768x512.jpg 768w, https:\/\/motorpor.pt\/wp-content\/uploads\/2024\/03\/PEUGEOT_E3008TESTDRIVE_2402TC242-1536x1024.jpg 1536w, https:\/\/motorpor.pt\/wp-content\/uploads\/2024\/03\/PEUGEOT_E3008TESTDRIVE_2402TC242-2048x1365.jpg 2048w, https:\/\/motorpor.pt\/wp-content\/uploads\/2024\/03\/PEUGEOT_E3008TESTDRIVE_2402TC242-18x12.jpg 18w, https:\/\/motorpor.pt\/wp-content\/uploads\/2024\/03\/PEUGEOT_E3008TESTDRIVE_2402TC242-165x110.jpg 165w\" sizes=\"(max-width: 2560px) 100vw, 2560px\" \/><\/a>\n\t\t\t<\/div><\/figure>\n\t\t<\/div>\n\n<p>\u201dO lan\u00e7amento do novo E-3008 \u00e9 um passo importante na transforma\u00e7\u00e3o radical da Peugeot numa marca 100% el\u00e9trica, estabelecendo novas refer\u00eancias em termos de design, prazer de condu\u00e7\u00e3o e efici\u00eancia. Com o seu design exterior, o seu espetacular Peugeot Panoramic i-Cockpit\u00ae, o seu prazer de condu\u00e7\u00e3o e as suas performances el\u00e9tricas sem precedentes, o novo E-3008 inaugura uma nova era na Peugeot, a marca francesa generalista que oferece a mais ampla gama de ve\u00edculos el\u00e9tricos do mercado.&#8221;, informa Linda Jackson, CEO da Peugeot, relativamente aos novos modelos da Peugeot que chegam a Portugal em maio.<\/p>\n<p>Conhe\u00e7a todos os <a href=\"https:\/\/motorpor.pt\/fr\/novos\/peugeot\/\">modelos da marca dispon\u00edveis<\/a> no nosso site.<\/p>","protected":false},"excerpt":{"rendered":"<p>Com a chegada dos novos 3008 e E-3008, a Peugeot substituiu o autom\u00f3vel-fen\u00f3meno e um dos seus best-sellers, trazendo o 3008 para a era da eletrifica\u00e7\u00e3o. Sedu\u00e7\u00e3o, emo\u00e7\u00e3o e excel\u00eancia, estas s\u00e3o as promessas da Peugeot com o lan\u00e7amento do novo E-3008, elevando-o a um novo n\u00edvel de criatividade do design, bem como do prazer [&hellip;]<\/p>\n","protected":false},"author":85,"featured_media":79800,"comment_status":"closed","ping_status":"open","sticky":false,"template":"","format":"standard","meta":{"_acf_changed":false,"footnotes":""},"categories":[2595,2594,2592],"tags":[],"class_list":["post-79805","post","type-post","status-publish","format-standard","has-post-thumbnail","hentry","category-atualidade","category-destaques","category-noticias"],"acf":[],"yoast_head":"<!-- This site is optimized with the Yoast SEO plugin v27.5 - https:\/\/yoast.com\/product\/yoast-seo-wordpress\/ -->\n<title>Os novos SUV 3008 e E-3008 da Peugeot chegam a Portugal em maio - Motorpor<\/title>\n<meta name=\"robots\" content=\"index, follow, max-snippet:-1, max-image-preview:large, max-video-preview:-1\" \/>\n<link rel=\"canonical\" href=\"https:\/\/motorpor.pt\/fr\/os-novos-suv-3008-e-e-3008-da-peugeot-chegam-a-portugal-em-maio\/\" \/>\n<meta property=\"og:locale\" content=\"fr_FR\" \/>\n<meta property=\"og:type\" content=\"article\" \/>\n<meta property=\"og:title\" content=\"Os novos SUV 3008 e E-3008 da Peugeot chegam a Portugal em maio - Motorpor\" \/>\n<meta property=\"og:description\" content=\"Com a chegada dos novos 3008 e E-3008, a Peugeot substituiu o autom\u00f3vel-fen\u00f3meno e um dos seus best-sellers, trazendo o 3008 para a era da eletrifica\u00e7\u00e3o. Sedu\u00e7\u00e3o, emo\u00e7\u00e3o e excel\u00eancia, estas s\u00e3o as promessas da Peugeot com o lan\u00e7amento do novo E-3008, elevando-o a um novo n\u00edvel de criatividade do design, bem como do prazer [&hellip;]\" \/>\n<meta property=\"og:url\" content=\"https:\/\/motorpor.pt\/fr\/os-novos-suv-3008-e-e-3008-da-peugeot-chegam-a-portugal-em-maio\/\" \/>\n<meta property=\"og:site_name\" content=\"Motorpor\" \/>\n<meta property=\"article:published_time\" content=\"2024-03-06T15:00:28+00:00\" \/>\n<meta property=\"article:modified_time\" content=\"2024-03-06T17:57:59+00:00\" \/>\n<meta property=\"og:image\" content=\"https:\/\/motorpor.pt\/wp-content\/uploads\/2024\/03\/PEUGEOT_E3008TESTDRIVE_2402TC209-scaled-1.jpg\" \/>\n\t<meta property=\"og:image:width\" content=\"2560\" \/>\n\t<meta property=\"og:image:height\" content=\"1707\" \/>\n\t<meta property=\"og:image:type\" content=\"image\/jpeg\" \/>\n<meta name=\"author\" content=\"mktmotorpor\" \/>\n<meta name=\"twitter:card\" content=\"summary_large_image\" \/>\n<meta name=\"twitter:label1\" content=\"\u00c9crit par\" \/>\n\t<meta name=\"twitter:data1\" content=\"mktmotorpor\" \/>\n\t<meta name=\"twitter:label2\" content=\"Dur\u00e9e de lecture estim\u00e9e\" \/>\n\t<meta name=\"twitter:data2\" content=\"2 minutes\" \/>\n<script type=\"application\/ld+json\" class=\"yoast-schema-graph\">{\"@context\":\"https:\\\/\\\/schema.org\",\"@graph\":[{\"@type\":\"Article\",\"@id\":\"https:\\\/\\\/motorpor.pt\\\/os-novos-suv-3008-e-e-3008-da-peugeot-chegam-a-portugal-em-maio\\\/#article\",\"isPartOf\":{\"@id\":\"https:\\\/\\\/motorpor.pt\\\/os-novos-suv-3008-e-e-3008-da-peugeot-chegam-a-portugal-em-maio\\\/\"},\"author\":{\"name\":\"mktmotorpor\",\"@id\":\"https:\\\/\\\/motorpor.pt\\\/#\\\/schema\\\/person\\\/b4bf07144e88efed7388a5af30522db7\"},\"headline\":\"Os novos SUV 3008 e E-3008 da Peugeot chegam a Portugal em maio\",\"datePublished\":\"2024-03-06T15:00:28+00:00\",\"dateModified\":\"2024-03-06T17:57:59+00:00\",\"mainEntityOfPage\":{\"@id\":\"https:\\\/\\\/motorpor.pt\\\/os-novos-suv-3008-e-e-3008-da-peugeot-chegam-a-portugal-em-maio\\\/\"},\"wordCount\":361,\"publisher\":{\"@id\":\"https:\\\/\\\/motorpor.pt\\\/#organization\"},\"image\":{\"@id\":\"https:\\\/\\\/motorpor.pt\\\/os-novos-suv-3008-e-e-3008-da-peugeot-chegam-a-portugal-em-maio\\\/#primaryimage\"},\"thumbnailUrl\":\"https:\\\/\\\/motorpor.pt\\\/wp-content\\\/uploads\\\/2024\\\/03\\\/PEUGEOT_E3008TESTDRIVE_2402TC209-scaled-1.jpg\",\"articleSection\":[\"Atualidade\",\"Destaques\",\"Not\u00edcias\"],\"inLanguage\":\"fr-FR\"},{\"@type\":\"WebPage\",\"@id\":\"https:\\\/\\\/motorpor.pt\\\/os-novos-suv-3008-e-e-3008-da-peugeot-chegam-a-portugal-em-maio\\\/\",\"url\":\"https:\\\/\\\/motorpor.pt\\\/os-novos-suv-3008-e-e-3008-da-peugeot-chegam-a-portugal-em-maio\\\/\",\"name\":\"Os novos SUV 3008 e E-3008 da Peugeot chegam a Portugal em maio - Motorpor\",\"isPartOf\":{\"@id\":\"https:\\\/\\\/motorpor.pt\\\/#website\"},\"primaryImageOfPage\":{\"@id\":\"https:\\\/\\\/motorpor.pt\\\/os-novos-suv-3008-e-e-3008-da-peugeot-chegam-a-portugal-em-maio\\\/#primaryimage\"},\"image\":{\"@id\":\"https:\\\/\\\/motorpor.pt\\\/os-novos-suv-3008-e-e-3008-da-peugeot-chegam-a-portugal-em-maio\\\/#primaryimage\"},\"thumbnailUrl\":\"https:\\\/\\\/motorpor.pt\\\/wp-content\\\/uploads\\\/2024\\\/03\\\/PEUGEOT_E3008TESTDRIVE_2402TC209-scaled-1.jpg\",\"datePublished\":\"2024-03-06T15:00:28+00:00\",\"dateModified\":\"2024-03-06T17:57:59+00:00\",\"breadcrumb\":{\"@id\":\"https:\\\/\\\/motorpor.pt\\\/os-novos-suv-3008-e-e-3008-da-peugeot-chegam-a-portugal-em-maio\\\/#breadcrumb\"},\"inLanguage\":\"fr-FR\",\"potentialAction\":[{\"@type\":\"ReadAction\",\"target\":[\"https:\\\/\\\/motorpor.pt\\\/os-novos-suv-3008-e-e-3008-da-peugeot-chegam-a-portugal-em-maio\\\/\"]}]},{\"@type\":\"ImageObject\",\"inLanguage\":\"fr-FR\",\"@id\":\"https:\\\/\\\/motorpor.pt\\\/os-novos-suv-3008-e-e-3008-da-peugeot-chegam-a-portugal-em-maio\\\/#primaryimage\",\"url\":\"https:\\\/\\\/motorpor.pt\\\/wp-content\\\/uploads\\\/2024\\\/03\\\/PEUGEOT_E3008TESTDRIVE_2402TC209-scaled-1.jpg\",\"contentUrl\":\"https:\\\/\\\/motorpor.pt\\\/wp-content\\\/uploads\\\/2024\\\/03\\\/PEUGEOT_E3008TESTDRIVE_2402TC209-scaled-1.jpg\",\"width\":2560,\"height\":1707},{\"@type\":\"BreadcrumbList\",\"@id\":\"https:\\\/\\\/motorpor.pt\\\/os-novos-suv-3008-e-e-3008-da-peugeot-chegam-a-portugal-em-maio\\\/#breadcrumb\",\"itemListElement\":[{\"@type\":\"ListItem\",\"position\":1,\"name\":\"In\u00edcio\",\"item\":\"https:\\\/\\\/motorpor.pt\\\/\"},{\"@type\":\"ListItem\",\"position\":2,\"name\":\"Os novos SUV 3008 e E-3008 da Peugeot chegam a Portugal em maio\"}]},{\"@type\":\"WebSite\",\"@id\":\"https:\\\/\\\/motorpor.pt\\\/#website\",\"url\":\"https:\\\/\\\/motorpor.pt\\\/\",\"name\":\"Motorpor\",\"description\":\"Comercio de Autom\u00f3veis Multimarcas\",\"publisher\":{\"@id\":\"https:\\\/\\\/motorpor.pt\\\/#organization\"},\"potentialAction\":[{\"@type\":\"SearchAction\",\"target\":{\"@type\":\"EntryPoint\",\"urlTemplate\":\"https:\\\/\\\/motorpor.pt\\\/?s={search_term_string}\"},\"query-input\":{\"@type\":\"PropertyValueSpecification\",\"valueRequired\":true,\"valueName\":\"search_term_string\"}}],\"inLanguage\":\"fr-FR\"},{\"@type\":\"Organization\",\"@id\":\"https:\\\/\\\/motorpor.pt\\\/#organization\",\"name\":\"Motorpor\",\"alternateName\":\"Motorpor\",\"url\":\"https:\\\/\\\/motorpor.pt\\\/\",\"logo\":{\"@type\":\"ImageObject\",\"inLanguage\":\"fr-FR\",\"@id\":\"https:\\\/\\\/motorpor.pt\\\/#\\\/schema\\\/logo\\\/image\\\/\",\"url\":\"https:\\\/\\\/motorpor.pt\\\/wp-content\\\/uploads\\\/2024\\\/07\\\/Logo-Motorpor-Preto.svg\",\"contentUrl\":\"https:\\\/\\\/motorpor.pt\\\/wp-content\\\/uploads\\\/2024\\\/07\\\/Logo-Motorpor-Preto.svg\",\"width\":493,\"height\":93,\"caption\":\"Motorpor\"},\"image\":{\"@id\":\"https:\\\/\\\/motorpor.pt\\\/#\\\/schema\\\/logo\\\/image\\\/\"},\"sameAs\":[\"https:\\\/\\\/www.linkedin.com\\\/company\\\/grupo-motorpor\"]},{\"@type\":\"Person\",\"@id\":\"https:\\\/\\\/motorpor.pt\\\/#\\\/schema\\\/person\\\/b4bf07144e88efed7388a5af30522db7\",\"name\":\"mktmotorpor\",\"image\":{\"@type\":\"ImageObject\",\"inLanguage\":\"fr-FR\",\"@id\":\"https:\\\/\\\/secure.gravatar.com\\\/avatar\\\/8418b61b3175dbba0a8744cf0ee6bb5c7a9f6c67f1dbc4f41a62d7b9738259a2?s=96&d=mm&r=g\",\"url\":\"https:\\\/\\\/secure.gravatar.com\\\/avatar\\\/8418b61b3175dbba0a8744cf0ee6bb5c7a9f6c67f1dbc4f41a62d7b9738259a2?s=96&d=mm&r=g\",\"contentUrl\":\"https:\\\/\\\/secure.gravatar.com\\\/avatar\\\/8418b61b3175dbba0a8744cf0ee6bb5c7a9f6c67f1dbc4f41a62d7b9738259a2?s=96&d=mm&r=g\",\"caption\":\"mktmotorpor\"},\"url\":\"https:\\\/\\\/motorpor.pt\\\/fr\\\/user\\\/mktmotorpor\\\/\"}]}<\/script>\n<!-- \/ Yoast SEO plugin. -->","yoast_head_json":{"title":"Os novos SUV 3008 e E-3008 da Peugeot chegam a Portugal em maio - Motorpor","robots":{"index":"index","follow":"follow","max-snippet":"max-snippet:-1","max-image-preview":"max-image-preview:large","max-video-preview":"max-video-preview:-1"},"canonical":"https:\/\/motorpor.pt\/fr\/os-novos-suv-3008-e-e-3008-da-peugeot-chegam-a-portugal-em-maio\/","og_locale":"fr_FR","og_type":"article","og_title":"Os novos SUV 3008 e E-3008 da Peugeot chegam a Portugal em maio - Motorpor","og_description":"Com a chegada dos novos 3008 e E-3008, a Peugeot substituiu o autom\u00f3vel-fen\u00f3meno e um dos seus best-sellers, trazendo o 3008 para a era da eletrifica\u00e7\u00e3o. Sedu\u00e7\u00e3o, emo\u00e7\u00e3o e excel\u00eancia, estas s\u00e3o as promessas da Peugeot com o lan\u00e7amento do novo E-3008, elevando-o a um novo n\u00edvel de criatividade do design, bem como do prazer [&hellip;]","og_url":"https:\/\/motorpor.pt\/fr\/os-novos-suv-3008-e-e-3008-da-peugeot-chegam-a-portugal-em-maio\/","og_site_name":"Motorpor","article_published_time":"2024-03-06T15:00:28+00:00","article_modified_time":"2024-03-06T17:57:59+00:00","og_image":[{"width":2560,"height":1707,"url":"https:\/\/motorpor.pt\/wp-content\/uploads\/2024\/03\/PEUGEOT_E3008TESTDRIVE_2402TC209-scaled-1.jpg","type":"image\/jpeg"}],"author":"mktmotorpor","twitter_card":"summary_large_image","twitter_misc":{"\u00c9crit par":"mktmotorpor","Dur\u00e9e de lecture estim\u00e9e":"2 minutes"},"schema":{"@context":"https:\/\/schema.org","@graph":[{"@type":"Article","@id":"https:\/\/motorpor.pt\/os-novos-suv-3008-e-e-3008-da-peugeot-chegam-a-portugal-em-maio\/#article","isPartOf":{"@id":"https:\/\/motorpor.pt\/os-novos-suv-3008-e-e-3008-da-peugeot-chegam-a-portugal-em-maio\/"},"author":{"name":"mktmotorpor","@id":"https:\/\/motorpor.pt\/#\/schema\/person\/b4bf07144e88efed7388a5af30522db7"},"headline":"Os novos SUV 3008 e E-3008 da Peugeot chegam a Portugal em maio","datePublished":"2024-03-06T15:00:28+00:00","dateModified":"2024-03-06T17:57:59+00:00","mainEntityOfPage":{"@id":"https:\/\/motorpor.pt\/os-novos-suv-3008-e-e-3008-da-peugeot-chegam-a-portugal-em-maio\/"},"wordCount":361,"publisher":{"@id":"https:\/\/motorpor.pt\/#organization"},"image":{"@id":"https:\/\/motorpor.pt\/os-novos-suv-3008-e-e-3008-da-peugeot-chegam-a-portugal-em-maio\/#primaryimage"},"thumbnailUrl":"https:\/\/motorpor.pt\/wp-content\/uploads\/2024\/03\/PEUGEOT_E3008TESTDRIVE_2402TC209-scaled-1.jpg","articleSection":["Atualidade","Destaques","Not\u00edcias"],"inLanguage":"fr-FR"},{"@type":"WebPage","@id":"https:\/\/motorpor.pt\/os-novos-suv-3008-e-e-3008-da-peugeot-chegam-a-portugal-em-maio\/","url":"https:\/\/motorpor.pt\/os-novos-suv-3008-e-e-3008-da-peugeot-chegam-a-portugal-em-maio\/","name":"Os novos SUV 3008 e E-3008 da Peugeot chegam a Portugal em maio - Motorpor","isPartOf":{"@id":"https:\/\/motorpor.pt\/#website"},"primaryImageOfPage":{"@id":"https:\/\/motorpor.pt\/os-novos-suv-3008-e-e-3008-da-peugeot-chegam-a-portugal-em-maio\/#primaryimage"},"image":{"@id":"https:\/\/motorpor.pt\/os-novos-suv-3008-e-e-3008-da-peugeot-chegam-a-portugal-em-maio\/#primaryimage"},"thumbnailUrl":"https:\/\/motorpor.pt\/wp-content\/uploads\/2024\/03\/PEUGEOT_E3008TESTDRIVE_2402TC209-scaled-1.jpg","datePublished":"2024-03-06T15:00:28+00:00","dateModified":"2024-03-06T17:57:59+00:00","breadcrumb":{"@id":"https:\/\/motorpor.pt\/os-novos-suv-3008-e-e-3008-da-peugeot-chegam-a-portugal-em-maio\/#breadcrumb"},"inLanguage":"fr-FR","potentialAction":[{"@type":"ReadAction","target":["https:\/\/motorpor.pt\/os-novos-suv-3008-e-e-3008-da-peugeot-chegam-a-portugal-em-maio\/"]}]},{"@type":"ImageObject","inLanguage":"fr-FR","@id":"https:\/\/motorpor.pt\/os-novos-suv-3008-e-e-3008-da-peugeot-chegam-a-portugal-em-maio\/#primaryimage","url":"https:\/\/motorpor.pt\/wp-content\/uploads\/2024\/03\/PEUGEOT_E3008TESTDRIVE_2402TC209-scaled-1.jpg","contentUrl":"https:\/\/motorpor.pt\/wp-content\/uploads\/2024\/03\/PEUGEOT_E3008TESTDRIVE_2402TC209-scaled-1.jpg","width":2560,"height":1707},{"@type":"BreadcrumbList","@id":"https:\/\/motorpor.pt\/os-novos-suv-3008-e-e-3008-da-peugeot-chegam-a-portugal-em-maio\/#breadcrumb","itemListElement":[{"@type":"ListItem","position":1,"name":"In\u00edcio","item":"https:\/\/motorpor.pt\/"},{"@type":"ListItem","position":2,"name":"Os novos SUV 3008 e E-3008 da Peugeot chegam a Portugal em maio"}]},{"@type":"WebSite","@id":"https:\/\/motorpor.pt\/#website","url":"https:\/\/motorpor.pt\/","name":"motorpor","description":"Comercio de Autom\u00f3veis Multimarcas","publisher":{"@id":"https:\/\/motorpor.pt\/#organization"},"potentialAction":[{"@type":"SearchAction","target":{"@type":"EntryPoint","urlTemplate":"https:\/\/motorpor.pt\/?s={search_term_string}"},"query-input":{"@type":"PropertyValueSpecification","valueRequired":true,"valueName":"search_term_string"}}],"inLanguage":"fr-FR"},{"@type":"Organization","@id":"https:\/\/motorpor.pt\/#organization","name":"motorpor","alternateName":"Motorpor","url":"https:\/\/motorpor.pt\/","logo":{"@type":"ImageObject","inLanguage":"fr-FR","@id":"https:\/\/motorpor.pt\/#\/schema\/logo\/image\/","url":"https:\/\/motorpor.pt\/wp-content\/uploads\/2024\/07\/Logo-Motorpor-Preto.svg","contentUrl":"https:\/\/motorpor.pt\/wp-content\/uploads\/2024\/07\/Logo-Motorpor-Preto.svg","width":493,"height":93,"caption":"Motorpor"},"image":{"@id":"https:\/\/motorpor.pt\/#\/schema\/logo\/image\/"},"sameAs":["https:\/\/www.linkedin.com\/company\/grupo-motorpor"]},{"@type":"Person","@id":"https:\/\/motorpor.pt\/#\/schema\/person\/b4bf07144e88efed7388a5af30522db7","name":"mktmotorpor","image":{"@type":"ImageObject","inLanguage":"fr-FR","@id":"https:\/\/secure.gravatar.com\/avatar\/8418b61b3175dbba0a8744cf0ee6bb5c7a9f6c67f1dbc4f41a62d7b9738259a2?s=96&d=mm&r=g","url":"https:\/\/secure.gravatar.com\/avatar\/8418b61b3175dbba0a8744cf0ee6bb5c7a9f6c67f1dbc4f41a62d7b9738259a2?s=96&d=mm&r=g","contentUrl":"https:\/\/secure.gravatar.com\/avatar\/8418b61b3175dbba0a8744cf0ee6bb5c7a9f6c67f1dbc4f41a62d7b9738259a2?s=96&d=mm&r=g","caption":"mktmotorpor"},"url":"https:\/\/motorpor.pt\/fr\/user\/mktmotorpor\/"}]}},"_links":{"self":[{"href":"https:\/\/motorpor.pt\/fr\/wp-json\/wp\/v2\/posts\/79805","targetHints":{"allow":["GET"]}}],"collection":[{"href":"https:\/\/motorpor.pt\/fr\/wp-json\/wp\/v2\/posts"}],"about":[{"href":"https:\/\/motorpor.pt\/fr\/wp-json\/wp\/v2\/types\/post"}],"author":[{"embeddable":true,"href":"https:\/\/motorpor.pt\/fr\/wp-json\/wp\/v2\/users\/85"}],"replies":[{"embeddable":true,"href":"https:\/\/motorpor.pt\/fr\/wp-json\/wp\/v2\/comments?post=79805"}],"version-history":[{"count":4,"href":"https:\/\/motorpor.pt\/fr\/wp-json\/wp\/v2\/posts\/79805\/revisions"}],"predecessor-version":[{"id":79810,"href":"https:\/\/motorpor.pt\/fr\/wp-json\/wp\/v2\/posts\/79805\/revisions\/79810"}],"wp:featuredmedia":[{"embeddable":true,"href":"https:\/\/motorpor.pt\/fr\/wp-json\/wp\/v2\/media\/79800"}],"wp:attachment":[{"href":"https:\/\/motorpor.pt\/fr\/wp-json\/wp\/v2\/media?parent=79805"}],"wp:term":[{"taxonomy":"category","embeddable":true,"href":"https:\/\/motorpor.pt\/fr\/wp-json\/wp\/v2\/categories?post=79805"},{"taxonomy":"post_tag","embeddable":true,"href":"https:\/\/motorpor.pt\/fr\/wp-json\/wp\/v2\/tags?post=79805"}],"curies":[{"name":"wp","href":"https:\/\/api.w.org\/{rel}","templated":true}]}}