{"id":81177,"date":"2024-03-19T15:27:11","date_gmt":"2024-03-19T14:27:11","guid":{"rendered":"https:\/\/motorpor.pt\/renault-clio-eleito-o-citadino-do-ano-e-o-escape-o-familiar-do-ano-em-portugal\/"},"modified":"2024-03-19T18:27:44","modified_gmt":"2024-03-19T17:27:44","slug":"renault-clio-eleito-o-citadino-do-ano-e-o-escape-o-familiar-do-ano-em-portugal","status":"publish","type":"post","link":"https:\/\/motorpor.pt\/fr\/renault-clio-eleito-o-citadino-do-ano-e-o-escape-o-familiar-do-ano-em-portugal\/","title":{"rendered":"Renault Clio eleito o &#8220;Citadino do Ano&#8221; e o Espace o &#8220;Familiar do Ano&#8221; em Portugal"},"content":{"rendered":"<h5>O plano \u201cRenaulution\u201d continua a produzir resultados, com mais dois pr\u00e9mios a fazerem jus \u00e0s novas viaturas com incr\u00edveis avan\u00e7os na qualidade, tecnologia, design, eletrifica\u00e7\u00e3o e servi\u00e7os.<\/h5>\n<p>O Clio e o Espace s\u00e3o apenas dois dos modelos da Renault que comprovam a revolu\u00e7\u00e3o que se vive na marca. O reconhecimento foi dado pelo j\u00fari do &#8220;Seguro Directo Carro do Ano\/Trof\u00e9u Volante de Cristal 2024&#8221; ao entregar os pr\u00e9mios de &#8220;Citadino do Ano&#8221; e &#8220;Familiar do Ano&#8221;. Outro exemplo, \u00e9 o do Scenic E-Tech 100% el\u00e9trico, recentemente eleito \u201cCarro Internacional do Ano 2024\u201d.<\/p>\n<p>O <strong>RenaultClio<\/strong>, nomeado &#8220;Citadino do Ano&#8221; 2024, em Portugal, chegou ao mercado \u00e0 6 meses e mostrou o seu design moderno em tr\u00eas motoriza\u00e7\u00f5es distintas (totalmente h\u00edbrido E-Tech 145, o TCe 100 a gasolina e bi-fuel e o diesel dCi 100) generosamente equipadas e um interior mais acolhedor e mais confort\u00e1vel, devido ao recurso a materiais nobres, mais sustent\u00e1veis e de qualidade superior.<\/p>\n<p><img fetchpriority=\"high\" decoding=\"async\" class=\"alignnone size-full wp-image-81172\" src=\"https:\/\/motorpor.pt\/wp-content\/uploads\/2024\/03\/Renault-Espace-10-scaled.jpg\" alt=\"\" width=\"2560\" height=\"1708\" srcset=\"https:\/\/motorpor.pt\/wp-content\/uploads\/2024\/03\/Renault-Espace-10-scaled.jpg 2560w, https:\/\/motorpor.pt\/wp-content\/uploads\/2024\/03\/Renault-Espace-10-300x200.jpg 300w, https:\/\/motorpor.pt\/wp-content\/uploads\/2024\/03\/Renault-Espace-10-1024x683.jpg 1024w, https:\/\/motorpor.pt\/wp-content\/uploads\/2024\/03\/Renault-Espace-10-768x512.jpg 768w, https:\/\/motorpor.pt\/wp-content\/uploads\/2024\/03\/Renault-Espace-10-1536x1025.jpg 1536w, https:\/\/motorpor.pt\/wp-content\/uploads\/2024\/03\/Renault-Espace-10-2048x1366.jpg 2048w, https:\/\/motorpor.pt\/wp-content\/uploads\/2024\/03\/Renault-Espace-10-18x12.jpg 18w, https:\/\/motorpor.pt\/wp-content\/uploads\/2024\/03\/Renault-Espace-10-165x110.jpg 165w\" sizes=\"(max-width: 2560px) 100vw, 2560px\" \/><\/p>\n<p>O\u00a0<strong>Renault Espace<\/strong>, nomeado &#8220;Familiar do Ano&#8221; de 2024, em Portugal, tem o incr\u00edvel design de um SUV familiar, elegante e ao mesmo tempo atl\u00e9tico, perfeito para qualquer viagem. A sexta gera\u00e7\u00e3o desta viatura est\u00e1 dispon\u00edvel com 5 e 7 lugares continua a destacar-se pela qualidade percecionada, pelo espa\u00e7o interior, pelos materiais sofisticados e pelos detalhes topo de gama, bem como pelos in\u00fameros equipamentos tecnol\u00f3gicos e de seguran\u00e7a.<\/p>\n<p>Descubra as <a href=\"https:\/\/motorpor.pt\/fr\/novos\/renault\/\">viaturas Renault dispon\u00edveis <\/a>\u00a0no nosso site.<\/p>","protected":false},"excerpt":{"rendered":"<p>O plano \u201cRenaulution\u201d continua a produzir resultados, com mais dois pr\u00e9mios a fazerem jus \u00e0s novas viaturas com incr\u00edveis avan\u00e7os na qualidade, tecnologia, design, eletrifica\u00e7\u00e3o e servi\u00e7os. O Clio e o Espace s\u00e3o apenas dois dos modelos da Renault que comprovam a revolu\u00e7\u00e3o que se vive na marca. O reconhecimento foi dado pelo j\u00fari do [&hellip;]<\/p>\n","protected":false},"author":85,"featured_media":81173,"comment_status":"closed","ping_status":"open","sticky":false,"template":"","format":"standard","meta":{"_acf_changed":false,"footnotes":""},"categories":[],"tags":[],"class_list":["post-81177","post","type-post","status-publish","format-standard","has-post-thumbnail","hentry"],"acf":[],"yoast_head":"<!-- This site is optimized with the Yoast SEO plugin v27.5 - https:\/\/yoast.com\/product\/yoast-seo-wordpress\/ -->\n<title>Renault Clio eleito o &quot;Citadino do Ano&quot; e o Espace o &quot;Familiar do Ano&quot; em Portugal - Motorpor<\/title>\n<meta name=\"robots\" content=\"index, follow, max-snippet:-1, max-image-preview:large, max-video-preview:-1\" \/>\n<link rel=\"canonical\" href=\"https:\/\/motorpor.pt\/fr\/renault-clio-eleito-o-citadino-do-ano-e-o-escape-o-familiar-do-ano-em-portugal\/\" \/>\n<meta property=\"og:locale\" content=\"fr_FR\" \/>\n<meta property=\"og:type\" content=\"article\" \/>\n<meta property=\"og:title\" content=\"Renault Clio eleito o &quot;Citadino do Ano&quot; e o Espace o &quot;Familiar do Ano&quot; em Portugal - Motorpor\" \/>\n<meta property=\"og:description\" content=\"O plano \u201cRenaulution\u201d continua a produzir resultados, com mais dois pr\u00e9mios a fazerem jus \u00e0s novas viaturas com incr\u00edveis avan\u00e7os na qualidade, tecnologia, design, eletrifica\u00e7\u00e3o e servi\u00e7os. O Clio e o Espace s\u00e3o apenas dois dos modelos da Renault que comprovam a revolu\u00e7\u00e3o que se vive na marca. O reconhecimento foi dado pelo j\u00fari do [&hellip;]\" \/>\n<meta property=\"og:url\" content=\"https:\/\/motorpor.pt\/fr\/renault-clio-eleito-o-citadino-do-ano-e-o-escape-o-familiar-do-ano-em-portugal\/\" \/>\n<meta property=\"og:site_name\" content=\"Motorpor\" \/>\n<meta property=\"article:published_time\" content=\"2024-03-19T14:27:11+00:00\" \/>\n<meta property=\"article:modified_time\" content=\"2024-03-19T17:27:44+00:00\" \/>\n<meta property=\"og:image\" content=\"https:\/\/motorpor.pt\/wp-content\/uploads\/2024\/03\/Renault-Clio-1.jpg\" \/>\n\t<meta property=\"og:image:width\" content=\"1200\" \/>\n\t<meta property=\"og:image:height\" content=\"798\" \/>\n\t<meta property=\"og:image:type\" content=\"image\/jpeg\" \/>\n<meta name=\"author\" content=\"mktmotorpor\" \/>\n<meta name=\"twitter:card\" content=\"summary_large_image\" \/>\n<meta name=\"twitter:label1\" content=\"\u00c9crit par\" \/>\n\t<meta name=\"twitter:data1\" content=\"mktmotorpor\" \/>\n\t<meta name=\"twitter:label2\" content=\"Dur\u00e9e de lecture estim\u00e9e\" \/>\n\t<meta name=\"twitter:data2\" content=\"1 minute\" \/>\n<script type=\"application\/ld+json\" class=\"yoast-schema-graph\">{\"@context\":\"https:\\\/\\\/schema.org\",\"@graph\":[{\"@type\":\"Article\",\"@id\":\"https:\\\/\\\/motorpor.pt\\\/renault-clio-eleito-o-citadino-do-ano-e-o-escape-o-familiar-do-ano-em-portugal\\\/#article\",\"isPartOf\":{\"@id\":\"https:\\\/\\\/motorpor.pt\\\/renault-clio-eleito-o-citadino-do-ano-e-o-escape-o-familiar-do-ano-em-portugal\\\/\"},\"author\":{\"name\":\"mktmotorpor\",\"@id\":\"https:\\\/\\\/motorpor.pt\\\/#\\\/schema\\\/person\\\/b4bf07144e88efed7388a5af30522db7\"},\"headline\":\"Renault Clio eleito o &#8220;Citadino do Ano&#8221; e o Espace o &#8220;Familiar do Ano&#8221; em Portugal\",\"datePublished\":\"2024-03-19T14:27:11+00:00\",\"dateModified\":\"2024-03-19T17:27:44+00:00\",\"mainEntityOfPage\":{\"@id\":\"https:\\\/\\\/motorpor.pt\\\/renault-clio-eleito-o-citadino-do-ano-e-o-escape-o-familiar-do-ano-em-portugal\\\/\"},\"wordCount\":261,\"publisher\":{\"@id\":\"https:\\\/\\\/motorpor.pt\\\/#organization\"},\"image\":{\"@id\":\"https:\\\/\\\/motorpor.pt\\\/renault-clio-eleito-o-citadino-do-ano-e-o-escape-o-familiar-do-ano-em-portugal\\\/#primaryimage\"},\"thumbnailUrl\":\"https:\\\/\\\/motorpor.pt\\\/wp-content\\\/uploads\\\/2024\\\/03\\\/Renault-Clio-1.jpg\",\"inLanguage\":\"fr-FR\"},{\"@type\":\"WebPage\",\"@id\":\"https:\\\/\\\/motorpor.pt\\\/renault-clio-eleito-o-citadino-do-ano-e-o-escape-o-familiar-do-ano-em-portugal\\\/\",\"url\":\"https:\\\/\\\/motorpor.pt\\\/renault-clio-eleito-o-citadino-do-ano-e-o-escape-o-familiar-do-ano-em-portugal\\\/\",\"name\":\"Renault Clio eleito o \\\"Citadino do Ano\\\" e o Espace o \\\"Familiar do Ano\\\" em Portugal - Motorpor\",\"isPartOf\":{\"@id\":\"https:\\\/\\\/motorpor.pt\\\/#website\"},\"primaryImageOfPage\":{\"@id\":\"https:\\\/\\\/motorpor.pt\\\/renault-clio-eleito-o-citadino-do-ano-e-o-escape-o-familiar-do-ano-em-portugal\\\/#primaryimage\"},\"image\":{\"@id\":\"https:\\\/\\\/motorpor.pt\\\/renault-clio-eleito-o-citadino-do-ano-e-o-escape-o-familiar-do-ano-em-portugal\\\/#primaryimage\"},\"thumbnailUrl\":\"https:\\\/\\\/motorpor.pt\\\/wp-content\\\/uploads\\\/2024\\\/03\\\/Renault-Clio-1.jpg\",\"datePublished\":\"2024-03-19T14:27:11+00:00\",\"dateModified\":\"2024-03-19T17:27:44+00:00\",\"breadcrumb\":{\"@id\":\"https:\\\/\\\/motorpor.pt\\\/renault-clio-eleito-o-citadino-do-ano-e-o-escape-o-familiar-do-ano-em-portugal\\\/#breadcrumb\"},\"inLanguage\":\"fr-FR\",\"potentialAction\":[{\"@type\":\"ReadAction\",\"target\":[\"https:\\\/\\\/motorpor.pt\\\/renault-clio-eleito-o-citadino-do-ano-e-o-escape-o-familiar-do-ano-em-portugal\\\/\"]}]},{\"@type\":\"ImageObject\",\"inLanguage\":\"fr-FR\",\"@id\":\"https:\\\/\\\/motorpor.pt\\\/renault-clio-eleito-o-citadino-do-ano-e-o-escape-o-familiar-do-ano-em-portugal\\\/#primaryimage\",\"url\":\"https:\\\/\\\/motorpor.pt\\\/wp-content\\\/uploads\\\/2024\\\/03\\\/Renault-Clio-1.jpg\",\"contentUrl\":\"https:\\\/\\\/motorpor.pt\\\/wp-content\\\/uploads\\\/2024\\\/03\\\/Renault-Clio-1.jpg\",\"width\":1200,\"height\":798},{\"@type\":\"BreadcrumbList\",\"@id\":\"https:\\\/\\\/motorpor.pt\\\/renault-clio-eleito-o-citadino-do-ano-e-o-escape-o-familiar-do-ano-em-portugal\\\/#breadcrumb\",\"itemListElement\":[{\"@type\":\"ListItem\",\"position\":1,\"name\":\"In\u00edcio\",\"item\":\"https:\\\/\\\/motorpor.pt\\\/\"},{\"@type\":\"ListItem\",\"position\":2,\"name\":\"Renault Clio eleito o &#8220;Citadino do Ano&#8221; e o Espace o &#8220;Familiar do Ano&#8221; em Portugal\"}]},{\"@type\":\"WebSite\",\"@id\":\"https:\\\/\\\/motorpor.pt\\\/#website\",\"url\":\"https:\\\/\\\/motorpor.pt\\\/\",\"name\":\"Motorpor\",\"description\":\"Comercio de Autom\u00f3veis Multimarcas\",\"publisher\":{\"@id\":\"https:\\\/\\\/motorpor.pt\\\/#organization\"},\"potentialAction\":[{\"@type\":\"SearchAction\",\"target\":{\"@type\":\"EntryPoint\",\"urlTemplate\":\"https:\\\/\\\/motorpor.pt\\\/?s={search_term_string}\"},\"query-input\":{\"@type\":\"PropertyValueSpecification\",\"valueRequired\":true,\"valueName\":\"search_term_string\"}}],\"inLanguage\":\"fr-FR\"},{\"@type\":\"Organization\",\"@id\":\"https:\\\/\\\/motorpor.pt\\\/#organization\",\"name\":\"Motorpor\",\"alternateName\":\"Motorpor\",\"url\":\"https:\\\/\\\/motorpor.pt\\\/\",\"logo\":{\"@type\":\"ImageObject\",\"inLanguage\":\"fr-FR\",\"@id\":\"https:\\\/\\\/motorpor.pt\\\/#\\\/schema\\\/logo\\\/image\\\/\",\"url\":\"https:\\\/\\\/motorpor.pt\\\/wp-content\\\/uploads\\\/2024\\\/07\\\/Logo-Motorpor-Preto.svg\",\"contentUrl\":\"https:\\\/\\\/motorpor.pt\\\/wp-content\\\/uploads\\\/2024\\\/07\\\/Logo-Motorpor-Preto.svg\",\"width\":493,\"height\":93,\"caption\":\"Motorpor\"},\"image\":{\"@id\":\"https:\\\/\\\/motorpor.pt\\\/#\\\/schema\\\/logo\\\/image\\\/\"},\"sameAs\":[\"https:\\\/\\\/www.linkedin.com\\\/company\\\/grupo-motorpor\"]},{\"@type\":\"Person\",\"@id\":\"https:\\\/\\\/motorpor.pt\\\/#\\\/schema\\\/person\\\/b4bf07144e88efed7388a5af30522db7\",\"name\":\"mktmotorpor\",\"image\":{\"@type\":\"ImageObject\",\"inLanguage\":\"fr-FR\",\"@id\":\"https:\\\/\\\/secure.gravatar.com\\\/avatar\\\/8418b61b3175dbba0a8744cf0ee6bb5c7a9f6c67f1dbc4f41a62d7b9738259a2?s=96&d=mm&r=g\",\"url\":\"https:\\\/\\\/secure.gravatar.com\\\/avatar\\\/8418b61b3175dbba0a8744cf0ee6bb5c7a9f6c67f1dbc4f41a62d7b9738259a2?s=96&d=mm&r=g\",\"contentUrl\":\"https:\\\/\\\/secure.gravatar.com\\\/avatar\\\/8418b61b3175dbba0a8744cf0ee6bb5c7a9f6c67f1dbc4f41a62d7b9738259a2?s=96&d=mm&r=g\",\"caption\":\"mktmotorpor\"},\"url\":\"https:\\\/\\\/motorpor.pt\\\/fr\\\/user\\\/mktmotorpor\\\/\"}]}<\/script>\n<!-- \/ Yoast SEO plugin. -->","yoast_head_json":{"title":"Renault Clio eleito o \"Citadino do Ano\" e o Espace o \"Familiar do Ano\" em Portugal - Motorpor","robots":{"index":"index","follow":"follow","max-snippet":"max-snippet:-1","max-image-preview":"max-image-preview:large","max-video-preview":"max-video-preview:-1"},"canonical":"https:\/\/motorpor.pt\/fr\/renault-clio-eleito-o-citadino-do-ano-e-o-escape-o-familiar-do-ano-em-portugal\/","og_locale":"fr_FR","og_type":"article","og_title":"Renault Clio eleito o \"Citadino do Ano\" e o Espace o \"Familiar do Ano\" em Portugal - Motorpor","og_description":"O plano \u201cRenaulution\u201d continua a produzir resultados, com mais dois pr\u00e9mios a fazerem jus \u00e0s novas viaturas com incr\u00edveis avan\u00e7os na qualidade, tecnologia, design, eletrifica\u00e7\u00e3o e servi\u00e7os. O Clio e o Espace s\u00e3o apenas dois dos modelos da Renault que comprovam a revolu\u00e7\u00e3o que se vive na marca. O reconhecimento foi dado pelo j\u00fari do [&hellip;]","og_url":"https:\/\/motorpor.pt\/fr\/renault-clio-eleito-o-citadino-do-ano-e-o-escape-o-familiar-do-ano-em-portugal\/","og_site_name":"Motorpor","article_published_time":"2024-03-19T14:27:11+00:00","article_modified_time":"2024-03-19T17:27:44+00:00","og_image":[{"width":1200,"height":798,"url":"https:\/\/motorpor.pt\/wp-content\/uploads\/2024\/03\/Renault-Clio-1.jpg","type":"image\/jpeg"}],"author":"mktmotorpor","twitter_card":"summary_large_image","twitter_misc":{"\u00c9crit par":"mktmotorpor","Dur\u00e9e de lecture estim\u00e9e":"1 minute"},"schema":{"@context":"https:\/\/schema.org","@graph":[{"@type":"Article","@id":"https:\/\/motorpor.pt\/renault-clio-eleito-o-citadino-do-ano-e-o-escape-o-familiar-do-ano-em-portugal\/#article","isPartOf":{"@id":"https:\/\/motorpor.pt\/renault-clio-eleito-o-citadino-do-ano-e-o-escape-o-familiar-do-ano-em-portugal\/"},"author":{"name":"mktmotorpor","@id":"https:\/\/motorpor.pt\/#\/schema\/person\/b4bf07144e88efed7388a5af30522db7"},"headline":"Renault Clio eleito o &#8220;Citadino do Ano&#8221; e o Espace o &#8220;Familiar do Ano&#8221; em Portugal","datePublished":"2024-03-19T14:27:11+00:00","dateModified":"2024-03-19T17:27:44+00:00","mainEntityOfPage":{"@id":"https:\/\/motorpor.pt\/renault-clio-eleito-o-citadino-do-ano-e-o-escape-o-familiar-do-ano-em-portugal\/"},"wordCount":261,"publisher":{"@id":"https:\/\/motorpor.pt\/#organization"},"image":{"@id":"https:\/\/motorpor.pt\/renault-clio-eleito-o-citadino-do-ano-e-o-escape-o-familiar-do-ano-em-portugal\/#primaryimage"},"thumbnailUrl":"https:\/\/motorpor.pt\/wp-content\/uploads\/2024\/03\/Renault-Clio-1.jpg","inLanguage":"fr-FR"},{"@type":"WebPage","@id":"https:\/\/motorpor.pt\/renault-clio-eleito-o-citadino-do-ano-e-o-escape-o-familiar-do-ano-em-portugal\/","url":"https:\/\/motorpor.pt\/renault-clio-eleito-o-citadino-do-ano-e-o-escape-o-familiar-do-ano-em-portugal\/","name":"Renault Clio eleito o \"Citadino do Ano\" e o Espace o \"Familiar do Ano\" em Portugal - Motorpor","isPartOf":{"@id":"https:\/\/motorpor.pt\/#website"},"primaryImageOfPage":{"@id":"https:\/\/motorpor.pt\/renault-clio-eleito-o-citadino-do-ano-e-o-escape-o-familiar-do-ano-em-portugal\/#primaryimage"},"image":{"@id":"https:\/\/motorpor.pt\/renault-clio-eleito-o-citadino-do-ano-e-o-escape-o-familiar-do-ano-em-portugal\/#primaryimage"},"thumbnailUrl":"https:\/\/motorpor.pt\/wp-content\/uploads\/2024\/03\/Renault-Clio-1.jpg","datePublished":"2024-03-19T14:27:11+00:00","dateModified":"2024-03-19T17:27:44+00:00","breadcrumb":{"@id":"https:\/\/motorpor.pt\/renault-clio-eleito-o-citadino-do-ano-e-o-escape-o-familiar-do-ano-em-portugal\/#breadcrumb"},"inLanguage":"fr-FR","potentialAction":[{"@type":"ReadAction","target":["https:\/\/motorpor.pt\/renault-clio-eleito-o-citadino-do-ano-e-o-escape-o-familiar-do-ano-em-portugal\/"]}]},{"@type":"ImageObject","inLanguage":"fr-FR","@id":"https:\/\/motorpor.pt\/renault-clio-eleito-o-citadino-do-ano-e-o-escape-o-familiar-do-ano-em-portugal\/#primaryimage","url":"https:\/\/motorpor.pt\/wp-content\/uploads\/2024\/03\/Renault-Clio-1.jpg","contentUrl":"https:\/\/motorpor.pt\/wp-content\/uploads\/2024\/03\/Renault-Clio-1.jpg","width":1200,"height":798},{"@type":"BreadcrumbList","@id":"https:\/\/motorpor.pt\/renault-clio-eleito-o-citadino-do-ano-e-o-escape-o-familiar-do-ano-em-portugal\/#breadcrumb","itemListElement":[{"@type":"ListItem","position":1,"name":"In\u00edcio","item":"https:\/\/motorpor.pt\/"},{"@type":"ListItem","position":2,"name":"Renault Clio eleito o &#8220;Citadino do Ano&#8221; e o Espace o &#8220;Familiar do Ano&#8221; em Portugal"}]},{"@type":"WebSite","@id":"https:\/\/motorpor.pt\/#website","url":"https:\/\/motorpor.pt\/","name":"motorpor","description":"Comercio de Autom\u00f3veis Multimarcas","publisher":{"@id":"https:\/\/motorpor.pt\/#organization"},"potentialAction":[{"@type":"SearchAction","target":{"@type":"EntryPoint","urlTemplate":"https:\/\/motorpor.pt\/?s={search_term_string}"},"query-input":{"@type":"PropertyValueSpecification","valueRequired":true,"valueName":"search_term_string"}}],"inLanguage":"fr-FR"},{"@type":"Organization","@id":"https:\/\/motorpor.pt\/#organization","name":"motorpor","alternateName":"Motorpor","url":"https:\/\/motorpor.pt\/","logo":{"@type":"ImageObject","inLanguage":"fr-FR","@id":"https:\/\/motorpor.pt\/#\/schema\/logo\/image\/","url":"https:\/\/motorpor.pt\/wp-content\/uploads\/2024\/07\/Logo-Motorpor-Preto.svg","contentUrl":"https:\/\/motorpor.pt\/wp-content\/uploads\/2024\/07\/Logo-Motorpor-Preto.svg","width":493,"height":93,"caption":"Motorpor"},"image":{"@id":"https:\/\/motorpor.pt\/#\/schema\/logo\/image\/"},"sameAs":["https:\/\/www.linkedin.com\/company\/grupo-motorpor"]},{"@type":"Person","@id":"https:\/\/motorpor.pt\/#\/schema\/person\/b4bf07144e88efed7388a5af30522db7","name":"mktmotorpor","image":{"@type":"ImageObject","inLanguage":"fr-FR","@id":"https:\/\/secure.gravatar.com\/avatar\/8418b61b3175dbba0a8744cf0ee6bb5c7a9f6c67f1dbc4f41a62d7b9738259a2?s=96&d=mm&r=g","url":"https:\/\/secure.gravatar.com\/avatar\/8418b61b3175dbba0a8744cf0ee6bb5c7a9f6c67f1dbc4f41a62d7b9738259a2?s=96&d=mm&r=g","contentUrl":"https:\/\/secure.gravatar.com\/avatar\/8418b61b3175dbba0a8744cf0ee6bb5c7a9f6c67f1dbc4f41a62d7b9738259a2?s=96&d=mm&r=g","caption":"mktmotorpor"},"url":"https:\/\/motorpor.pt\/fr\/user\/mktmotorpor\/"}]}},"_links":{"self":[{"href":"https:\/\/motorpor.pt\/fr\/wp-json\/wp\/v2\/posts\/81177","targetHints":{"allow":["GET"]}}],"collection":[{"href":"https:\/\/motorpor.pt\/fr\/wp-json\/wp\/v2\/posts"}],"about":[{"href":"https:\/\/motorpor.pt\/fr\/wp-json\/wp\/v2\/types\/post"}],"author":[{"embeddable":true,"href":"https:\/\/motorpor.pt\/fr\/wp-json\/wp\/v2\/users\/85"}],"replies":[{"embeddable":true,"href":"https:\/\/motorpor.pt\/fr\/wp-json\/wp\/v2\/comments?post=81177"}],"version-history":[{"count":3,"href":"https:\/\/motorpor.pt\/fr\/wp-json\/wp\/v2\/posts\/81177\/revisions"}],"predecessor-version":[{"id":81180,"href":"https:\/\/motorpor.pt\/fr\/wp-json\/wp\/v2\/posts\/81177\/revisions\/81180"}],"wp:featuredmedia":[{"embeddable":true,"href":"https:\/\/motorpor.pt\/fr\/wp-json\/wp\/v2\/media\/81173"}],"wp:attachment":[{"href":"https:\/\/motorpor.pt\/fr\/wp-json\/wp\/v2\/media?parent=81177"}],"wp:term":[{"taxonomy":"category","embeddable":true,"href":"https:\/\/motorpor.pt\/fr\/wp-json\/wp\/v2\/categories?post=81177"},{"taxonomy":"post_tag","embeddable":true,"href":"https:\/\/motorpor.pt\/fr\/wp-json\/wp\/v2\/tags?post=81177"}],"curies":[{"name":"wp","href":"https:\/\/api.w.org\/{rel}","templated":true}]}}