{"id":83453,"date":"2024-03-31T00:00:00","date_gmt":"2024-04-24T15:47:42","guid":{"rendered":"https:\/\/motorpor.pt\/a-motorpor-mostra-se-ao-publico-no-algarve\/"},"modified":"2024-04-24T17:40:33","modified_gmt":"2024-04-24T16:40:33","slug":"a-motorpor-mostra-se-ao-publico-no-algarve","status":"publish","type":"post","link":"https:\/\/motorpor.pt\/fr\/a-motorpor-mostra-se-ao-publico-no-algarve\/","title":{"rendered":"A Motorpor mostra-se ao p\u00fablico no Algarve"},"content":{"rendered":"<p>Aproveitamos o<strong> m\u00eas de abril<\/strong> para nos mostrarmos ao p\u00fablico no <strong>Algarve<\/strong>, e fora das quatro paredes dos nossos concession\u00e1rios, a nossa nova identidade visual. A marca que resultou de um processo de rebranding de um grupo empresarial com tradi\u00e7\u00e3o no setor autom\u00f3vel.<\/p>\n<p>O primeiro grande teste p\u00fablico \u00e0 nova ins\u00edgnia\u00a0<strong>decorre de 4 a 14 de abril,\u00a0<\/strong>no<strong>\u00a0Parque Lazer das Figuras, em Faro,<\/strong>\u00a0com a feira de ve\u00edculos usados<strong> Motorpor Car Days<\/strong>. No mesmo per\u00edodo e local estar\u00e3o igualmente expostas as \u00faltimas novidades da<strong> Fiat, Jeep e Abarth<\/strong>, todas elas representadas pela <strong>motorpor<\/strong>.<\/p>\n<p><img fetchpriority=\"high\" decoding=\"async\" class=\"alignnone size-full wp-image-83451\" src=\"https:\/\/motorpor.pt\/wp-content\/uploads\/2024\/04\/Motorpor-Algarve-2.jpg\" alt=\"\" width=\"700\" height=\"850\" srcset=\"https:\/\/motorpor.pt\/wp-content\/uploads\/2024\/04\/Motorpor-Algarve-2.jpg 700w, https:\/\/motorpor.pt\/wp-content\/uploads\/2024\/04\/Motorpor-Algarve-2-247x300.jpg 247w, https:\/\/motorpor.pt\/wp-content\/uploads\/2024\/04\/Motorpor-Algarve-2-10x12.jpg 10w, https:\/\/motorpor.pt\/wp-content\/uploads\/2024\/04\/Motorpor-Algarve-2-200x243.jpg 200w, https:\/\/motorpor.pt\/wp-content\/uploads\/2024\/04\/Motorpor-Algarve-2-165x200.jpg 165w\" sizes=\"(max-width: 700px) 100vw, 700px\" \/><img decoding=\"async\" class=\"alignnone size-full wp-image-83452\" src=\"https:\/\/motorpor.pt\/wp-content\/uploads\/2024\/04\/Motorpor-Algarve-1.jpg\" alt=\"\" width=\"700\" height=\"850\" srcset=\"https:\/\/motorpor.pt\/wp-content\/uploads\/2024\/04\/Motorpor-Algarve-1.jpg 700w, https:\/\/motorpor.pt\/wp-content\/uploads\/2024\/04\/Motorpor-Algarve-1-247x300.jpg 247w, https:\/\/motorpor.pt\/wp-content\/uploads\/2024\/04\/Motorpor-Algarve-1-10x12.jpg 10w, https:\/\/motorpor.pt\/wp-content\/uploads\/2024\/04\/Motorpor-Algarve-1-200x243.jpg 200w, https:\/\/motorpor.pt\/wp-content\/uploads\/2024\/04\/Motorpor-Algarve-1-165x200.jpg 165w\" sizes=\"(max-width: 700px) 100vw, 700px\" \/><\/p>\n<p>\u00a0<\/p>\n<p>Mais tarde, de 15 a 21 de abril, realiza-se no mesmo local a <strong>Motorpor Peugeot Days<\/strong>, uma exposi\u00e7\u00e3o de ve\u00edculos novos e usados Peugeot, com possibilidade de\u00a0<em>test drive<\/em>, e a<strong> Opel Eletric Days,<\/strong> uma mostra de ve\u00edculos el\u00e9tricos e h\u00edbridos.<\/p>\n<p>Na parte final do m\u00eas, de<strong> 22 a 28 de abril<\/strong>, e desta vez no <strong>Forum Algarve<\/strong>, ser\u00e1 promovida uma exposi\u00e7\u00e3o de ve\u00edculos da marca <strong>Peugeot<\/strong>.<\/p>\n<p><em>\u201cQuando se decidiu que todos os antigos concession\u00e1rios passariam a operar com a nova ins\u00edgnia Motorpor, representando v\u00e1rias marcas autom\u00f3veis, ficou claro que o objetivo por detr\u00e1s desta mudan\u00e7a estrat\u00e9gica era tamb\u00e9m o de trabalhar em perman\u00eancia para entregar um melhor servi\u00e7o a todos os clientes\u201d<\/em>, explica Gustavo Gutierres, diretor comercial da Motorpor Algarve. E o mesmo respons\u00e1vel acrescenta:\u00a0<em>\u201cO que estamos agora a fazer, fora das quatro portas dos concession\u00e1rios, \u00e9 mostrar a for\u00e7a, o know-how e o esp\u00edrito empreendedor que s\u00e3o atributos da nova insig\u00ednia\u201d.<\/em><\/p>\n<p>O Grupo Motorpor representa um conjunto variado de construtores autom\u00f3veis, designadamente a Abarth, Citro\u00ebn, Dacia, DS, Fiat, Jeep, Opel, Peugeot e Renault. Para al\u00e9m dos concession\u00e1rios, localizados em Faro, Portim\u00e3o, Beja, \u00c9vora, Portalegre e Set\u00fabal, o Grupo incorporou v\u00e1rios neg\u00f3cios que representam outras marcas distintas, como a Motorpor Usados, Motorpor Colis\u00e3o, Motorpor Seguros, Renew, Spoticar, Eurorepar e ainda, na \u00e1rea das rent-a-car, as marcas Surprice, International Car, Drive4Move e Free2Move<\/p>","protected":false},"excerpt":{"rendered":"<p>Aproveitamos o m\u00eas de abril para nos mostrarmos ao p\u00fablico no Algarve, e fora das quatro paredes dos nossos concession\u00e1rios, a nossa nova identidade visual. A marca que resultou de um processo de rebranding de um grupo empresarial com tradi\u00e7\u00e3o no setor autom\u00f3vel. O primeiro grande teste p\u00fablico \u00e0 nova ins\u00edgnia\u00a0decorre de 4 a 14 [&hellip;]<\/p>\n","protected":false},"author":85,"featured_media":83450,"comment_status":"closed","ping_status":"open","sticky":false,"template":"","format":"standard","meta":{"_acf_changed":false,"footnotes":""},"categories":[2595,2592],"tags":[],"class_list":["post-83453","post","type-post","status-publish","format-standard","has-post-thumbnail","hentry","category-atualidade","category-noticias"],"acf":[],"yoast_head":"<!-- This site is optimized with the Yoast SEO plugin v27.5 - https:\/\/yoast.com\/product\/yoast-seo-wordpress\/ -->\n<title>A Motorpor mostra-se ao p\u00fablico no Algarve - Motorpor<\/title>\n<meta name=\"robots\" content=\"index, follow, max-snippet:-1, max-image-preview:large, max-video-preview:-1\" \/>\n<link rel=\"canonical\" href=\"https:\/\/motorpor.pt\/fr\/a-motorpor-mostra-se-ao-publico-no-algarve\/\" \/>\n<meta property=\"og:locale\" content=\"fr_FR\" \/>\n<meta property=\"og:type\" content=\"article\" \/>\n<meta property=\"og:title\" content=\"A Motorpor mostra-se ao p\u00fablico no Algarve - Motorpor\" \/>\n<meta property=\"og:description\" content=\"Aproveitamos o m\u00eas de abril para nos mostrarmos ao p\u00fablico no Algarve, e fora das quatro paredes dos nossos concession\u00e1rios, a nossa nova identidade visual. A marca que resultou de um processo de rebranding de um grupo empresarial com tradi\u00e7\u00e3o no setor autom\u00f3vel. O primeiro grande teste p\u00fablico \u00e0 nova ins\u00edgnia\u00a0decorre de 4 a 14 [&hellip;]\" \/>\n<meta property=\"og:url\" content=\"https:\/\/motorpor.pt\/fr\/a-motorpor-mostra-se-ao-publico-no-algarve\/\" \/>\n<meta property=\"og:site_name\" content=\"Motorpor\" \/>\n<meta property=\"article:published_time\" content=\"2024-04-24T15:47:42+00:00\" \/>\n<meta property=\"article:modified_time\" content=\"2024-04-24T16:40:33+00:00\" \/>\n<meta property=\"og:image\" content=\"https:\/\/motorpor.pt\/wp-content\/uploads\/2024\/04\/01-scaled-1.jpg\" \/>\n\t<meta property=\"og:image:width\" content=\"2560\" \/>\n\t<meta property=\"og:image:height\" content=\"1440\" \/>\n\t<meta property=\"og:image:type\" content=\"image\/jpeg\" \/>\n<meta name=\"author\" content=\"mktmotorpor\" \/>\n<meta name=\"twitter:card\" content=\"summary_large_image\" \/>\n<meta name=\"twitter:label1\" content=\"\u00c9crit par\" \/>\n\t<meta name=\"twitter:data1\" content=\"mktmotorpor\" \/>\n\t<meta name=\"twitter:label2\" content=\"Dur\u00e9e de lecture estim\u00e9e\" \/>\n\t<meta name=\"twitter:data2\" content=\"2 minutes\" \/>\n<script type=\"application\/ld+json\" class=\"yoast-schema-graph\">{\"@context\":\"https:\\\/\\\/schema.org\",\"@graph\":[{\"@type\":\"Article\",\"@id\":\"https:\\\/\\\/motorpor.pt\\\/a-motorpor-mostra-se-ao-publico-no-algarve\\\/#article\",\"isPartOf\":{\"@id\":\"https:\\\/\\\/motorpor.pt\\\/a-motorpor-mostra-se-ao-publico-no-algarve\\\/\"},\"author\":{\"name\":\"mktmotorpor\",\"@id\":\"https:\\\/\\\/motorpor.pt\\\/#\\\/schema\\\/person\\\/b4bf07144e88efed7388a5af30522db7\"},\"headline\":\"A Motorpor mostra-se ao p\u00fablico no Algarve\",\"datePublished\":\"2024-04-24T15:47:42+00:00\",\"dateModified\":\"2024-04-24T16:40:33+00:00\",\"mainEntityOfPage\":{\"@id\":\"https:\\\/\\\/motorpor.pt\\\/a-motorpor-mostra-se-ao-publico-no-algarve\\\/\"},\"wordCount\":364,\"publisher\":{\"@id\":\"https:\\\/\\\/motorpor.pt\\\/#organization\"},\"image\":{\"@id\":\"https:\\\/\\\/motorpor.pt\\\/a-motorpor-mostra-se-ao-publico-no-algarve\\\/#primaryimage\"},\"thumbnailUrl\":\"https:\\\/\\\/motorpor.pt\\\/wp-content\\\/uploads\\\/2024\\\/04\\\/01-scaled-1.jpg\",\"articleSection\":[\"Atualidade\",\"Not\u00edcias\"],\"inLanguage\":\"fr-FR\"},{\"@type\":\"WebPage\",\"@id\":\"https:\\\/\\\/motorpor.pt\\\/a-motorpor-mostra-se-ao-publico-no-algarve\\\/\",\"url\":\"https:\\\/\\\/motorpor.pt\\\/a-motorpor-mostra-se-ao-publico-no-algarve\\\/\",\"name\":\"A Motorpor mostra-se ao p\u00fablico no Algarve - Motorpor\",\"isPartOf\":{\"@id\":\"https:\\\/\\\/motorpor.pt\\\/#website\"},\"primaryImageOfPage\":{\"@id\":\"https:\\\/\\\/motorpor.pt\\\/a-motorpor-mostra-se-ao-publico-no-algarve\\\/#primaryimage\"},\"image\":{\"@id\":\"https:\\\/\\\/motorpor.pt\\\/a-motorpor-mostra-se-ao-publico-no-algarve\\\/#primaryimage\"},\"thumbnailUrl\":\"https:\\\/\\\/motorpor.pt\\\/wp-content\\\/uploads\\\/2024\\\/04\\\/01-scaled-1.jpg\",\"datePublished\":\"2024-04-24T15:47:42+00:00\",\"dateModified\":\"2024-04-24T16:40:33+00:00\",\"breadcrumb\":{\"@id\":\"https:\\\/\\\/motorpor.pt\\\/a-motorpor-mostra-se-ao-publico-no-algarve\\\/#breadcrumb\"},\"inLanguage\":\"fr-FR\",\"potentialAction\":[{\"@type\":\"ReadAction\",\"target\":[\"https:\\\/\\\/motorpor.pt\\\/a-motorpor-mostra-se-ao-publico-no-algarve\\\/\"]}]},{\"@type\":\"ImageObject\",\"inLanguage\":\"fr-FR\",\"@id\":\"https:\\\/\\\/motorpor.pt\\\/a-motorpor-mostra-se-ao-publico-no-algarve\\\/#primaryimage\",\"url\":\"https:\\\/\\\/motorpor.pt\\\/wp-content\\\/uploads\\\/2024\\\/04\\\/01-scaled-1.jpg\",\"contentUrl\":\"https:\\\/\\\/motorpor.pt\\\/wp-content\\\/uploads\\\/2024\\\/04\\\/01-scaled-1.jpg\",\"width\":2560,\"height\":1440},{\"@type\":\"BreadcrumbList\",\"@id\":\"https:\\\/\\\/motorpor.pt\\\/a-motorpor-mostra-se-ao-publico-no-algarve\\\/#breadcrumb\",\"itemListElement\":[{\"@type\":\"ListItem\",\"position\":1,\"name\":\"In\u00edcio\",\"item\":\"https:\\\/\\\/motorpor.pt\\\/\"},{\"@type\":\"ListItem\",\"position\":2,\"name\":\"A Motorpor mostra-se ao p\u00fablico no Algarve\"}]},{\"@type\":\"WebSite\",\"@id\":\"https:\\\/\\\/motorpor.pt\\\/#website\",\"url\":\"https:\\\/\\\/motorpor.pt\\\/\",\"name\":\"Motorpor\",\"description\":\"Comercio de Autom\u00f3veis Multimarcas\",\"publisher\":{\"@id\":\"https:\\\/\\\/motorpor.pt\\\/#organization\"},\"potentialAction\":[{\"@type\":\"SearchAction\",\"target\":{\"@type\":\"EntryPoint\",\"urlTemplate\":\"https:\\\/\\\/motorpor.pt\\\/?s={search_term_string}\"},\"query-input\":{\"@type\":\"PropertyValueSpecification\",\"valueRequired\":true,\"valueName\":\"search_term_string\"}}],\"inLanguage\":\"fr-FR\"},{\"@type\":\"Organization\",\"@id\":\"https:\\\/\\\/motorpor.pt\\\/#organization\",\"name\":\"Motorpor\",\"alternateName\":\"Motorpor\",\"url\":\"https:\\\/\\\/motorpor.pt\\\/\",\"logo\":{\"@type\":\"ImageObject\",\"inLanguage\":\"fr-FR\",\"@id\":\"https:\\\/\\\/motorpor.pt\\\/#\\\/schema\\\/logo\\\/image\\\/\",\"url\":\"https:\\\/\\\/motorpor.pt\\\/wp-content\\\/uploads\\\/2024\\\/07\\\/Logo-Motorpor-Preto.svg\",\"contentUrl\":\"https:\\\/\\\/motorpor.pt\\\/wp-content\\\/uploads\\\/2024\\\/07\\\/Logo-Motorpor-Preto.svg\",\"width\":493,\"height\":93,\"caption\":\"Motorpor\"},\"image\":{\"@id\":\"https:\\\/\\\/motorpor.pt\\\/#\\\/schema\\\/logo\\\/image\\\/\"},\"sameAs\":[\"https:\\\/\\\/www.linkedin.com\\\/company\\\/grupo-motorpor\"]},{\"@type\":\"Person\",\"@id\":\"https:\\\/\\\/motorpor.pt\\\/#\\\/schema\\\/person\\\/b4bf07144e88efed7388a5af30522db7\",\"name\":\"mktmotorpor\",\"image\":{\"@type\":\"ImageObject\",\"inLanguage\":\"fr-FR\",\"@id\":\"https:\\\/\\\/secure.gravatar.com\\\/avatar\\\/8418b61b3175dbba0a8744cf0ee6bb5c7a9f6c67f1dbc4f41a62d7b9738259a2?s=96&d=mm&r=g\",\"url\":\"https:\\\/\\\/secure.gravatar.com\\\/avatar\\\/8418b61b3175dbba0a8744cf0ee6bb5c7a9f6c67f1dbc4f41a62d7b9738259a2?s=96&d=mm&r=g\",\"contentUrl\":\"https:\\\/\\\/secure.gravatar.com\\\/avatar\\\/8418b61b3175dbba0a8744cf0ee6bb5c7a9f6c67f1dbc4f41a62d7b9738259a2?s=96&d=mm&r=g\",\"caption\":\"mktmotorpor\"},\"url\":\"https:\\\/\\\/motorpor.pt\\\/fr\\\/user\\\/mktmotorpor\\\/\"}]}<\/script>\n<!-- \/ Yoast SEO plugin. -->","yoast_head_json":{"title":"A Motorpor mostra-se ao p\u00fablico no Algarve - Motorpor","robots":{"index":"index","follow":"follow","max-snippet":"max-snippet:-1","max-image-preview":"max-image-preview:large","max-video-preview":"max-video-preview:-1"},"canonical":"https:\/\/motorpor.pt\/fr\/a-motorpor-mostra-se-ao-publico-no-algarve\/","og_locale":"fr_FR","og_type":"article","og_title":"A Motorpor mostra-se ao p\u00fablico no Algarve - Motorpor","og_description":"Aproveitamos o m\u00eas de abril para nos mostrarmos ao p\u00fablico no Algarve, e fora das quatro paredes dos nossos concession\u00e1rios, a nossa nova identidade visual. A marca que resultou de um processo de rebranding de um grupo empresarial com tradi\u00e7\u00e3o no setor autom\u00f3vel. O primeiro grande teste p\u00fablico \u00e0 nova ins\u00edgnia\u00a0decorre de 4 a 14 [&hellip;]","og_url":"https:\/\/motorpor.pt\/fr\/a-motorpor-mostra-se-ao-publico-no-algarve\/","og_site_name":"Motorpor","article_published_time":"2024-04-24T15:47:42+00:00","article_modified_time":"2024-04-24T16:40:33+00:00","og_image":[{"width":2560,"height":1440,"url":"https:\/\/motorpor.pt\/wp-content\/uploads\/2024\/04\/01-scaled-1.jpg","type":"image\/jpeg"}],"author":"mktmotorpor","twitter_card":"summary_large_image","twitter_misc":{"\u00c9crit par":"mktmotorpor","Dur\u00e9e de lecture estim\u00e9e":"2 minutes"},"schema":{"@context":"https:\/\/schema.org","@graph":[{"@type":"Article","@id":"https:\/\/motorpor.pt\/a-motorpor-mostra-se-ao-publico-no-algarve\/#article","isPartOf":{"@id":"https:\/\/motorpor.pt\/a-motorpor-mostra-se-ao-publico-no-algarve\/"},"author":{"name":"mktmotorpor","@id":"https:\/\/motorpor.pt\/#\/schema\/person\/b4bf07144e88efed7388a5af30522db7"},"headline":"A Motorpor mostra-se ao p\u00fablico no Algarve","datePublished":"2024-04-24T15:47:42+00:00","dateModified":"2024-04-24T16:40:33+00:00","mainEntityOfPage":{"@id":"https:\/\/motorpor.pt\/a-motorpor-mostra-se-ao-publico-no-algarve\/"},"wordCount":364,"publisher":{"@id":"https:\/\/motorpor.pt\/#organization"},"image":{"@id":"https:\/\/motorpor.pt\/a-motorpor-mostra-se-ao-publico-no-algarve\/#primaryimage"},"thumbnailUrl":"https:\/\/motorpor.pt\/wp-content\/uploads\/2024\/04\/01-scaled-1.jpg","articleSection":["Atualidade","Not\u00edcias"],"inLanguage":"fr-FR"},{"@type":"WebPage","@id":"https:\/\/motorpor.pt\/a-motorpor-mostra-se-ao-publico-no-algarve\/","url":"https:\/\/motorpor.pt\/a-motorpor-mostra-se-ao-publico-no-algarve\/","name":"A Motorpor mostra-se ao p\u00fablico no Algarve - Motorpor","isPartOf":{"@id":"https:\/\/motorpor.pt\/#website"},"primaryImageOfPage":{"@id":"https:\/\/motorpor.pt\/a-motorpor-mostra-se-ao-publico-no-algarve\/#primaryimage"},"image":{"@id":"https:\/\/motorpor.pt\/a-motorpor-mostra-se-ao-publico-no-algarve\/#primaryimage"},"thumbnailUrl":"https:\/\/motorpor.pt\/wp-content\/uploads\/2024\/04\/01-scaled-1.jpg","datePublished":"2024-04-24T15:47:42+00:00","dateModified":"2024-04-24T16:40:33+00:00","breadcrumb":{"@id":"https:\/\/motorpor.pt\/a-motorpor-mostra-se-ao-publico-no-algarve\/#breadcrumb"},"inLanguage":"fr-FR","potentialAction":[{"@type":"ReadAction","target":["https:\/\/motorpor.pt\/a-motorpor-mostra-se-ao-publico-no-algarve\/"]}]},{"@type":"ImageObject","inLanguage":"fr-FR","@id":"https:\/\/motorpor.pt\/a-motorpor-mostra-se-ao-publico-no-algarve\/#primaryimage","url":"https:\/\/motorpor.pt\/wp-content\/uploads\/2024\/04\/01-scaled-1.jpg","contentUrl":"https:\/\/motorpor.pt\/wp-content\/uploads\/2024\/04\/01-scaled-1.jpg","width":2560,"height":1440},{"@type":"BreadcrumbList","@id":"https:\/\/motorpor.pt\/a-motorpor-mostra-se-ao-publico-no-algarve\/#breadcrumb","itemListElement":[{"@type":"ListItem","position":1,"name":"In\u00edcio","item":"https:\/\/motorpor.pt\/"},{"@type":"ListItem","position":2,"name":"A Motorpor mostra-se ao p\u00fablico no Algarve"}]},{"@type":"WebSite","@id":"https:\/\/motorpor.pt\/#website","url":"https:\/\/motorpor.pt\/","name":"motorpor","description":"Comercio de Autom\u00f3veis Multimarcas","publisher":{"@id":"https:\/\/motorpor.pt\/#organization"},"potentialAction":[{"@type":"SearchAction","target":{"@type":"EntryPoint","urlTemplate":"https:\/\/motorpor.pt\/?s={search_term_string}"},"query-input":{"@type":"PropertyValueSpecification","valueRequired":true,"valueName":"search_term_string"}}],"inLanguage":"fr-FR"},{"@type":"Organization","@id":"https:\/\/motorpor.pt\/#organization","name":"motorpor","alternateName":"Motorpor","url":"https:\/\/motorpor.pt\/","logo":{"@type":"ImageObject","inLanguage":"fr-FR","@id":"https:\/\/motorpor.pt\/#\/schema\/logo\/image\/","url":"https:\/\/motorpor.pt\/wp-content\/uploads\/2024\/07\/Logo-Motorpor-Preto.svg","contentUrl":"https:\/\/motorpor.pt\/wp-content\/uploads\/2024\/07\/Logo-Motorpor-Preto.svg","width":493,"height":93,"caption":"Motorpor"},"image":{"@id":"https:\/\/motorpor.pt\/#\/schema\/logo\/image\/"},"sameAs":["https:\/\/www.linkedin.com\/company\/grupo-motorpor"]},{"@type":"Person","@id":"https:\/\/motorpor.pt\/#\/schema\/person\/b4bf07144e88efed7388a5af30522db7","name":"mktmotorpor","image":{"@type":"ImageObject","inLanguage":"fr-FR","@id":"https:\/\/secure.gravatar.com\/avatar\/8418b61b3175dbba0a8744cf0ee6bb5c7a9f6c67f1dbc4f41a62d7b9738259a2?s=96&d=mm&r=g","url":"https:\/\/secure.gravatar.com\/avatar\/8418b61b3175dbba0a8744cf0ee6bb5c7a9f6c67f1dbc4f41a62d7b9738259a2?s=96&d=mm&r=g","contentUrl":"https:\/\/secure.gravatar.com\/avatar\/8418b61b3175dbba0a8744cf0ee6bb5c7a9f6c67f1dbc4f41a62d7b9738259a2?s=96&d=mm&r=g","caption":"mktmotorpor"},"url":"https:\/\/motorpor.pt\/fr\/user\/mktmotorpor\/"}]}},"_links":{"self":[{"href":"https:\/\/motorpor.pt\/fr\/wp-json\/wp\/v2\/posts\/83453","targetHints":{"allow":["GET"]}}],"collection":[{"href":"https:\/\/motorpor.pt\/fr\/wp-json\/wp\/v2\/posts"}],"about":[{"href":"https:\/\/motorpor.pt\/fr\/wp-json\/wp\/v2\/types\/post"}],"author":[{"embeddable":true,"href":"https:\/\/motorpor.pt\/fr\/wp-json\/wp\/v2\/users\/85"}],"replies":[{"embeddable":true,"href":"https:\/\/motorpor.pt\/fr\/wp-json\/wp\/v2\/comments?post=83453"}],"version-history":[{"count":4,"href":"https:\/\/motorpor.pt\/fr\/wp-json\/wp\/v2\/posts\/83453\/revisions"}],"predecessor-version":[{"id":83467,"href":"https:\/\/motorpor.pt\/fr\/wp-json\/wp\/v2\/posts\/83453\/revisions\/83467"}],"wp:featuredmedia":[{"embeddable":true,"href":"https:\/\/motorpor.pt\/fr\/wp-json\/wp\/v2\/media\/83450"}],"wp:attachment":[{"href":"https:\/\/motorpor.pt\/fr\/wp-json\/wp\/v2\/media?parent=83453"}],"wp:term":[{"taxonomy":"category","embeddable":true,"href":"https:\/\/motorpor.pt\/fr\/wp-json\/wp\/v2\/categories?post=83453"},{"taxonomy":"post_tag","embeddable":true,"href":"https:\/\/motorpor.pt\/fr\/wp-json\/wp\/v2\/tags?post=83453"}],"curies":[{"name":"wp","href":"https:\/\/api.w.org\/{rel}","templated":true}]}}