{"id":83543,"date":"2024-04-26T14:13:14","date_gmt":"2024-04-26T13:13:14","guid":{"rendered":"https:\/\/motorpor.pt\/revelacao-mundial-do-renault-symbioz-e-tech-full-hybrid-acontece-em-maio\/"},"modified":"2024-04-29T14:44:20","modified_gmt":"2024-04-29T13:44:20","slug":"revelacao-mundial-do-renault-symbioz-e-tech-full-hybrid-acontece-em-maio","status":"publish","type":"post","link":"https:\/\/motorpor.pt\/fr\/revelacao-mundial-do-renault-symbioz-e-tech-full-hybrid-acontece-em-maio\/","title":{"rendered":"Revela\u00e7\u00e3o mundial do Renault Symbioz E-Tech Full Hybrid acontece em maio"},"content":{"rendered":"<h5>A Renault revela, em estreia absoluta, o Symbioz E-Tech full hybrid na quinta-feira, 2 de maio de 2024, \u00e0s 7h30.<\/h5>\n<p>O novo modelo do segmento C que exprime o ADN das \u201cvoitures \u00e0 vivre\u201d da Renault, o Symbioz completa a gama de modelos h\u00edbridos Renault E-Tech. A apresenta\u00e7\u00e3o digital do novo Renault ser\u00e1 transmitida na quinta-feira, 2 de maio, <a href=\"https:\/\/events.renault.com\/en\/\">na plataforma dedicada para eventos da Renault<\/a>.<\/p>\n<p>Symbioz assemelha-se \u00e0 express\u00e3o francesa \u201csymbiose\u201d, derivada do grego antigo \u201csymbiosis\u201d, que significa \u201cviver em conjunto\u201d, um valor profundamente enraizado no ADN da Renault, com o slogan &#8220;autom\u00f3veis para viver&#8221;.<\/p>\n<p><img fetchpriority=\"high\" decoding=\"async\" class=\"alignnone size-full wp-image-83542\" src=\"https:\/\/motorpor.pt\/wp-content\/uploads\/2024\/04\/Renault-Symbioz-E-Tech-full-hybrid-scaled.jpg\" alt=\"\" width=\"2560\" height=\"1439\" srcset=\"https:\/\/motorpor.pt\/wp-content\/uploads\/2024\/04\/Renault-Symbioz-E-Tech-full-hybrid-scaled.jpg 2560w, https:\/\/motorpor.pt\/wp-content\/uploads\/2024\/04\/Renault-Symbioz-E-Tech-full-hybrid-300x169.jpg 300w, https:\/\/motorpor.pt\/wp-content\/uploads\/2024\/04\/Renault-Symbioz-E-Tech-full-hybrid-1024x576.jpg 1024w, https:\/\/motorpor.pt\/wp-content\/uploads\/2024\/04\/Renault-Symbioz-E-Tech-full-hybrid-768x432.jpg 768w, https:\/\/motorpor.pt\/wp-content\/uploads\/2024\/04\/Renault-Symbioz-E-Tech-full-hybrid-1536x864.jpg 1536w, https:\/\/motorpor.pt\/wp-content\/uploads\/2024\/04\/Renault-Symbioz-E-Tech-full-hybrid-2048x1151.jpg 2048w, https:\/\/motorpor.pt\/wp-content\/uploads\/2024\/04\/Renault-Symbioz-E-Tech-full-hybrid-18x10.jpg 18w, https:\/\/motorpor.pt\/wp-content\/uploads\/2024\/04\/Renault-Symbioz-E-Tech-full-hybrid-200x112.jpg 200w, https:\/\/motorpor.pt\/wp-content\/uploads\/2024\/04\/Renault-Symbioz-E-Tech-full-hybrid-167x93.jpg 167w, https:\/\/motorpor.pt\/wp-content\/uploads\/2024\/04\/Renault-Symbioz-E-Tech-full-hybrid-165x93.jpg 165w\" sizes=\"(max-width: 2560px) 100vw, 2560px\" \/><\/p>\n<p>&#8220;Para este novo autom\u00f3vel familiar compacto, quer\u00edamos um nome com significado humano, que exprimisse a liga\u00e7\u00e3o estreita entre uma fam\u00edlia e o seu autom\u00f3vel. O nome Symbioz ilustra perfeitamente a vida com o nosso autom\u00f3vel, um lugar onde os passageiros s\u00e3o um s\u00f3 com o seu autom\u00f3vel e o ambiente&#8221;, avan\u00e7a Sylvia Dos Santos, Respons\u00e1vel pela Estrat\u00e9gia de Designa\u00e7\u00f5es, Divis\u00e3o Marketing Renault.<\/p>\n<p>Descubra todas as <a href=\"https:\/\/motorpor.pt\/fr\/novos\/renault\/\">viaturas Renault<\/a>, dispon\u00edveis no nosso site.<\/p>\n<p>\u00a0<\/p>","protected":false},"excerpt":{"rendered":"<p>A Renault revela, em estreia absoluta, o Symbioz E-Tech full hybrid na quinta-feira, 2 de maio de 2024, \u00e0s 7h30. O novo modelo do segmento C que exprime o ADN das \u201cvoitures \u00e0 vivre\u201d da Renault, o Symbioz completa a gama de modelos h\u00edbridos Renault E-Tech. A apresenta\u00e7\u00e3o digital do novo Renault ser\u00e1 transmitida na [&hellip;]<\/p>\n","protected":false},"author":85,"featured_media":83541,"comment_status":"closed","ping_status":"open","sticky":false,"template":"","format":"standard","meta":{"_acf_changed":false,"footnotes":""},"categories":[2595,2594,2592],"tags":[],"class_list":["post-83543","post","type-post","status-publish","format-standard","has-post-thumbnail","hentry","category-atualidade","category-destaques","category-noticias"],"acf":[],"yoast_head":"<!-- This site is optimized with the Yoast SEO plugin v27.5 - https:\/\/yoast.com\/product\/yoast-seo-wordpress\/ -->\n<title>Revela\u00e7\u00e3o mundial do Renault Symbioz E-Tech Full Hybrid acontece em maio - Motorpor<\/title>\n<meta name=\"robots\" content=\"index, follow, max-snippet:-1, max-image-preview:large, max-video-preview:-1\" \/>\n<link rel=\"canonical\" href=\"https:\/\/motorpor.pt\/fr\/revelacao-mundial-do-renault-symbioz-e-tech-full-hybrid-acontece-em-maio\/\" \/>\n<meta property=\"og:locale\" content=\"fr_FR\" \/>\n<meta property=\"og:type\" content=\"article\" \/>\n<meta property=\"og:title\" content=\"Revela\u00e7\u00e3o mundial do Renault Symbioz E-Tech Full Hybrid acontece em maio - Motorpor\" \/>\n<meta property=\"og:description\" content=\"A Renault revela, em estreia absoluta, o Symbioz E-Tech full hybrid na quinta-feira, 2 de maio de 2024, \u00e0s 7h30. O novo modelo do segmento C que exprime o ADN das \u201cvoitures \u00e0 vivre\u201d da Renault, o Symbioz completa a gama de modelos h\u00edbridos Renault E-Tech. A apresenta\u00e7\u00e3o digital do novo Renault ser\u00e1 transmitida na [&hellip;]\" \/>\n<meta property=\"og:url\" content=\"https:\/\/motorpor.pt\/fr\/revelacao-mundial-do-renault-symbioz-e-tech-full-hybrid-acontece-em-maio\/\" \/>\n<meta property=\"og:site_name\" content=\"Motorpor\" \/>\n<meta property=\"article:published_time\" content=\"2024-04-26T13:13:14+00:00\" \/>\n<meta property=\"article:modified_time\" content=\"2024-04-29T13:44:20+00:00\" \/>\n<meta property=\"og:image\" content=\"https:\/\/motorpor.pt\/wp-content\/uploads\/2024\/04\/Renault-Symbioz-E-Tech-full-hybrid_1-scaled-1.jpg\" \/>\n\t<meta property=\"og:image:width\" content=\"2560\" \/>\n\t<meta property=\"og:image:height\" content=\"1440\" \/>\n\t<meta property=\"og:image:type\" content=\"image\/jpeg\" \/>\n<meta name=\"author\" content=\"mktmotorpor\" \/>\n<meta name=\"twitter:card\" content=\"summary_large_image\" \/>\n<meta name=\"twitter:label1\" content=\"\u00c9crit par\" \/>\n\t<meta name=\"twitter:data1\" content=\"mktmotorpor\" \/>\n\t<meta name=\"twitter:label2\" content=\"Dur\u00e9e de lecture estim\u00e9e\" \/>\n\t<meta name=\"twitter:data2\" content=\"1 minute\" \/>\n<script type=\"application\/ld+json\" class=\"yoast-schema-graph\">{\"@context\":\"https:\\\/\\\/schema.org\",\"@graph\":[{\"@type\":\"Article\",\"@id\":\"https:\\\/\\\/motorpor.pt\\\/revelacao-mundial-do-renault-symbioz-e-tech-full-hybrid-acontece-em-maio\\\/#article\",\"isPartOf\":{\"@id\":\"https:\\\/\\\/motorpor.pt\\\/revelacao-mundial-do-renault-symbioz-e-tech-full-hybrid-acontece-em-maio\\\/\"},\"author\":{\"name\":\"mktmotorpor\",\"@id\":\"https:\\\/\\\/motorpor.pt\\\/#\\\/schema\\\/person\\\/b4bf07144e88efed7388a5af30522db7\"},\"headline\":\"Revela\u00e7\u00e3o mundial do Renault Symbioz E-Tech Full Hybrid acontece em maio\",\"datePublished\":\"2024-04-26T13:13:14+00:00\",\"dateModified\":\"2024-04-29T13:44:20+00:00\",\"mainEntityOfPage\":{\"@id\":\"https:\\\/\\\/motorpor.pt\\\/revelacao-mundial-do-renault-symbioz-e-tech-full-hybrid-acontece-em-maio\\\/\"},\"wordCount\":192,\"publisher\":{\"@id\":\"https:\\\/\\\/motorpor.pt\\\/#organization\"},\"image\":{\"@id\":\"https:\\\/\\\/motorpor.pt\\\/revelacao-mundial-do-renault-symbioz-e-tech-full-hybrid-acontece-em-maio\\\/#primaryimage\"},\"thumbnailUrl\":\"https:\\\/\\\/motorpor.pt\\\/wp-content\\\/uploads\\\/2024\\\/04\\\/Renault-Symbioz-E-Tech-full-hybrid_1-scaled-1.jpg\",\"articleSection\":[\"Atualidade\",\"Destaques\",\"Not\u00edcias\"],\"inLanguage\":\"fr-FR\"},{\"@type\":\"WebPage\",\"@id\":\"https:\\\/\\\/motorpor.pt\\\/revelacao-mundial-do-renault-symbioz-e-tech-full-hybrid-acontece-em-maio\\\/\",\"url\":\"https:\\\/\\\/motorpor.pt\\\/revelacao-mundial-do-renault-symbioz-e-tech-full-hybrid-acontece-em-maio\\\/\",\"name\":\"Revela\u00e7\u00e3o mundial do Renault Symbioz E-Tech Full Hybrid acontece em maio - Motorpor\",\"isPartOf\":{\"@id\":\"https:\\\/\\\/motorpor.pt\\\/#website\"},\"primaryImageOfPage\":{\"@id\":\"https:\\\/\\\/motorpor.pt\\\/revelacao-mundial-do-renault-symbioz-e-tech-full-hybrid-acontece-em-maio\\\/#primaryimage\"},\"image\":{\"@id\":\"https:\\\/\\\/motorpor.pt\\\/revelacao-mundial-do-renault-symbioz-e-tech-full-hybrid-acontece-em-maio\\\/#primaryimage\"},\"thumbnailUrl\":\"https:\\\/\\\/motorpor.pt\\\/wp-content\\\/uploads\\\/2024\\\/04\\\/Renault-Symbioz-E-Tech-full-hybrid_1-scaled-1.jpg\",\"datePublished\":\"2024-04-26T13:13:14+00:00\",\"dateModified\":\"2024-04-29T13:44:20+00:00\",\"breadcrumb\":{\"@id\":\"https:\\\/\\\/motorpor.pt\\\/revelacao-mundial-do-renault-symbioz-e-tech-full-hybrid-acontece-em-maio\\\/#breadcrumb\"},\"inLanguage\":\"fr-FR\",\"potentialAction\":[{\"@type\":\"ReadAction\",\"target\":[\"https:\\\/\\\/motorpor.pt\\\/revelacao-mundial-do-renault-symbioz-e-tech-full-hybrid-acontece-em-maio\\\/\"]}]},{\"@type\":\"ImageObject\",\"inLanguage\":\"fr-FR\",\"@id\":\"https:\\\/\\\/motorpor.pt\\\/revelacao-mundial-do-renault-symbioz-e-tech-full-hybrid-acontece-em-maio\\\/#primaryimage\",\"url\":\"https:\\\/\\\/motorpor.pt\\\/wp-content\\\/uploads\\\/2024\\\/04\\\/Renault-Symbioz-E-Tech-full-hybrid_1-scaled-1.jpg\",\"contentUrl\":\"https:\\\/\\\/motorpor.pt\\\/wp-content\\\/uploads\\\/2024\\\/04\\\/Renault-Symbioz-E-Tech-full-hybrid_1-scaled-1.jpg\",\"width\":2560,\"height\":1440},{\"@type\":\"BreadcrumbList\",\"@id\":\"https:\\\/\\\/motorpor.pt\\\/revelacao-mundial-do-renault-symbioz-e-tech-full-hybrid-acontece-em-maio\\\/#breadcrumb\",\"itemListElement\":[{\"@type\":\"ListItem\",\"position\":1,\"name\":\"In\u00edcio\",\"item\":\"https:\\\/\\\/motorpor.pt\\\/\"},{\"@type\":\"ListItem\",\"position\":2,\"name\":\"Revela\u00e7\u00e3o mundial do Renault Symbioz E-Tech Full Hybrid acontece em maio\"}]},{\"@type\":\"WebSite\",\"@id\":\"https:\\\/\\\/motorpor.pt\\\/#website\",\"url\":\"https:\\\/\\\/motorpor.pt\\\/\",\"name\":\"Motorpor\",\"description\":\"Comercio de Autom\u00f3veis Multimarcas\",\"publisher\":{\"@id\":\"https:\\\/\\\/motorpor.pt\\\/#organization\"},\"potentialAction\":[{\"@type\":\"SearchAction\",\"target\":{\"@type\":\"EntryPoint\",\"urlTemplate\":\"https:\\\/\\\/motorpor.pt\\\/?s={search_term_string}\"},\"query-input\":{\"@type\":\"PropertyValueSpecification\",\"valueRequired\":true,\"valueName\":\"search_term_string\"}}],\"inLanguage\":\"fr-FR\"},{\"@type\":\"Organization\",\"@id\":\"https:\\\/\\\/motorpor.pt\\\/#organization\",\"name\":\"Motorpor\",\"alternateName\":\"Motorpor\",\"url\":\"https:\\\/\\\/motorpor.pt\\\/\",\"logo\":{\"@type\":\"ImageObject\",\"inLanguage\":\"fr-FR\",\"@id\":\"https:\\\/\\\/motorpor.pt\\\/#\\\/schema\\\/logo\\\/image\\\/\",\"url\":\"https:\\\/\\\/motorpor.pt\\\/wp-content\\\/uploads\\\/2024\\\/07\\\/Logo-Motorpor-Preto.svg\",\"contentUrl\":\"https:\\\/\\\/motorpor.pt\\\/wp-content\\\/uploads\\\/2024\\\/07\\\/Logo-Motorpor-Preto.svg\",\"width\":493,\"height\":93,\"caption\":\"Motorpor\"},\"image\":{\"@id\":\"https:\\\/\\\/motorpor.pt\\\/#\\\/schema\\\/logo\\\/image\\\/\"},\"sameAs\":[\"https:\\\/\\\/www.linkedin.com\\\/company\\\/grupo-motorpor\"]},{\"@type\":\"Person\",\"@id\":\"https:\\\/\\\/motorpor.pt\\\/#\\\/schema\\\/person\\\/b4bf07144e88efed7388a5af30522db7\",\"name\":\"mktmotorpor\",\"image\":{\"@type\":\"ImageObject\",\"inLanguage\":\"fr-FR\",\"@id\":\"https:\\\/\\\/secure.gravatar.com\\\/avatar\\\/8418b61b3175dbba0a8744cf0ee6bb5c7a9f6c67f1dbc4f41a62d7b9738259a2?s=96&d=mm&r=g\",\"url\":\"https:\\\/\\\/secure.gravatar.com\\\/avatar\\\/8418b61b3175dbba0a8744cf0ee6bb5c7a9f6c67f1dbc4f41a62d7b9738259a2?s=96&d=mm&r=g\",\"contentUrl\":\"https:\\\/\\\/secure.gravatar.com\\\/avatar\\\/8418b61b3175dbba0a8744cf0ee6bb5c7a9f6c67f1dbc4f41a62d7b9738259a2?s=96&d=mm&r=g\",\"caption\":\"mktmotorpor\"},\"url\":\"https:\\\/\\\/motorpor.pt\\\/fr\\\/user\\\/mktmotorpor\\\/\"}]}<\/script>\n<!-- \/ Yoast SEO plugin. -->","yoast_head_json":{"title":"Revela\u00e7\u00e3o mundial do Renault Symbioz E-Tech Full Hybrid acontece em maio - Motorpor","robots":{"index":"index","follow":"follow","max-snippet":"max-snippet:-1","max-image-preview":"max-image-preview:large","max-video-preview":"max-video-preview:-1"},"canonical":"https:\/\/motorpor.pt\/fr\/revelacao-mundial-do-renault-symbioz-e-tech-full-hybrid-acontece-em-maio\/","og_locale":"fr_FR","og_type":"article","og_title":"Revela\u00e7\u00e3o mundial do Renault Symbioz E-Tech Full Hybrid acontece em maio - Motorpor","og_description":"A Renault revela, em estreia absoluta, o Symbioz E-Tech full hybrid na quinta-feira, 2 de maio de 2024, \u00e0s 7h30. O novo modelo do segmento C que exprime o ADN das \u201cvoitures \u00e0 vivre\u201d da Renault, o Symbioz completa a gama de modelos h\u00edbridos Renault E-Tech. A apresenta\u00e7\u00e3o digital do novo Renault ser\u00e1 transmitida na [&hellip;]","og_url":"https:\/\/motorpor.pt\/fr\/revelacao-mundial-do-renault-symbioz-e-tech-full-hybrid-acontece-em-maio\/","og_site_name":"Motorpor","article_published_time":"2024-04-26T13:13:14+00:00","article_modified_time":"2024-04-29T13:44:20+00:00","og_image":[{"width":2560,"height":1440,"url":"https:\/\/motorpor.pt\/wp-content\/uploads\/2024\/04\/Renault-Symbioz-E-Tech-full-hybrid_1-scaled-1.jpg","type":"image\/jpeg"}],"author":"mktmotorpor","twitter_card":"summary_large_image","twitter_misc":{"\u00c9crit par":"mktmotorpor","Dur\u00e9e de lecture estim\u00e9e":"1 minute"},"schema":{"@context":"https:\/\/schema.org","@graph":[{"@type":"Article","@id":"https:\/\/motorpor.pt\/revelacao-mundial-do-renault-symbioz-e-tech-full-hybrid-acontece-em-maio\/#article","isPartOf":{"@id":"https:\/\/motorpor.pt\/revelacao-mundial-do-renault-symbioz-e-tech-full-hybrid-acontece-em-maio\/"},"author":{"name":"mktmotorpor","@id":"https:\/\/motorpor.pt\/#\/schema\/person\/b4bf07144e88efed7388a5af30522db7"},"headline":"Revela\u00e7\u00e3o mundial do Renault Symbioz E-Tech Full Hybrid acontece em maio","datePublished":"2024-04-26T13:13:14+00:00","dateModified":"2024-04-29T13:44:20+00:00","mainEntityOfPage":{"@id":"https:\/\/motorpor.pt\/revelacao-mundial-do-renault-symbioz-e-tech-full-hybrid-acontece-em-maio\/"},"wordCount":192,"publisher":{"@id":"https:\/\/motorpor.pt\/#organization"},"image":{"@id":"https:\/\/motorpor.pt\/revelacao-mundial-do-renault-symbioz-e-tech-full-hybrid-acontece-em-maio\/#primaryimage"},"thumbnailUrl":"https:\/\/motorpor.pt\/wp-content\/uploads\/2024\/04\/Renault-Symbioz-E-Tech-full-hybrid_1-scaled-1.jpg","articleSection":["Atualidade","Destaques","Not\u00edcias"],"inLanguage":"fr-FR"},{"@type":"WebPage","@id":"https:\/\/motorpor.pt\/revelacao-mundial-do-renault-symbioz-e-tech-full-hybrid-acontece-em-maio\/","url":"https:\/\/motorpor.pt\/revelacao-mundial-do-renault-symbioz-e-tech-full-hybrid-acontece-em-maio\/","name":"Revela\u00e7\u00e3o mundial do Renault Symbioz E-Tech Full Hybrid acontece em maio - Motorpor","isPartOf":{"@id":"https:\/\/motorpor.pt\/#website"},"primaryImageOfPage":{"@id":"https:\/\/motorpor.pt\/revelacao-mundial-do-renault-symbioz-e-tech-full-hybrid-acontece-em-maio\/#primaryimage"},"image":{"@id":"https:\/\/motorpor.pt\/revelacao-mundial-do-renault-symbioz-e-tech-full-hybrid-acontece-em-maio\/#primaryimage"},"thumbnailUrl":"https:\/\/motorpor.pt\/wp-content\/uploads\/2024\/04\/Renault-Symbioz-E-Tech-full-hybrid_1-scaled-1.jpg","datePublished":"2024-04-26T13:13:14+00:00","dateModified":"2024-04-29T13:44:20+00:00","breadcrumb":{"@id":"https:\/\/motorpor.pt\/revelacao-mundial-do-renault-symbioz-e-tech-full-hybrid-acontece-em-maio\/#breadcrumb"},"inLanguage":"fr-FR","potentialAction":[{"@type":"ReadAction","target":["https:\/\/motorpor.pt\/revelacao-mundial-do-renault-symbioz-e-tech-full-hybrid-acontece-em-maio\/"]}]},{"@type":"ImageObject","inLanguage":"fr-FR","@id":"https:\/\/motorpor.pt\/revelacao-mundial-do-renault-symbioz-e-tech-full-hybrid-acontece-em-maio\/#primaryimage","url":"https:\/\/motorpor.pt\/wp-content\/uploads\/2024\/04\/Renault-Symbioz-E-Tech-full-hybrid_1-scaled-1.jpg","contentUrl":"https:\/\/motorpor.pt\/wp-content\/uploads\/2024\/04\/Renault-Symbioz-E-Tech-full-hybrid_1-scaled-1.jpg","width":2560,"height":1440},{"@type":"BreadcrumbList","@id":"https:\/\/motorpor.pt\/revelacao-mundial-do-renault-symbioz-e-tech-full-hybrid-acontece-em-maio\/#breadcrumb","itemListElement":[{"@type":"ListItem","position":1,"name":"In\u00edcio","item":"https:\/\/motorpor.pt\/"},{"@type":"ListItem","position":2,"name":"Revela\u00e7\u00e3o mundial do Renault Symbioz E-Tech Full Hybrid acontece em maio"}]},{"@type":"WebSite","@id":"https:\/\/motorpor.pt\/#website","url":"https:\/\/motorpor.pt\/","name":"motorpor","description":"Comercio de Autom\u00f3veis Multimarcas","publisher":{"@id":"https:\/\/motorpor.pt\/#organization"},"potentialAction":[{"@type":"SearchAction","target":{"@type":"EntryPoint","urlTemplate":"https:\/\/motorpor.pt\/?s={search_term_string}"},"query-input":{"@type":"PropertyValueSpecification","valueRequired":true,"valueName":"search_term_string"}}],"inLanguage":"fr-FR"},{"@type":"Organization","@id":"https:\/\/motorpor.pt\/#organization","name":"motorpor","alternateName":"Motorpor","url":"https:\/\/motorpor.pt\/","logo":{"@type":"ImageObject","inLanguage":"fr-FR","@id":"https:\/\/motorpor.pt\/#\/schema\/logo\/image\/","url":"https:\/\/motorpor.pt\/wp-content\/uploads\/2024\/07\/Logo-Motorpor-Preto.svg","contentUrl":"https:\/\/motorpor.pt\/wp-content\/uploads\/2024\/07\/Logo-Motorpor-Preto.svg","width":493,"height":93,"caption":"Motorpor"},"image":{"@id":"https:\/\/motorpor.pt\/#\/schema\/logo\/image\/"},"sameAs":["https:\/\/www.linkedin.com\/company\/grupo-motorpor"]},{"@type":"Person","@id":"https:\/\/motorpor.pt\/#\/schema\/person\/b4bf07144e88efed7388a5af30522db7","name":"mktmotorpor","image":{"@type":"ImageObject","inLanguage":"fr-FR","@id":"https:\/\/secure.gravatar.com\/avatar\/8418b61b3175dbba0a8744cf0ee6bb5c7a9f6c67f1dbc4f41a62d7b9738259a2?s=96&d=mm&r=g","url":"https:\/\/secure.gravatar.com\/avatar\/8418b61b3175dbba0a8744cf0ee6bb5c7a9f6c67f1dbc4f41a62d7b9738259a2?s=96&d=mm&r=g","contentUrl":"https:\/\/secure.gravatar.com\/avatar\/8418b61b3175dbba0a8744cf0ee6bb5c7a9f6c67f1dbc4f41a62d7b9738259a2?s=96&d=mm&r=g","caption":"mktmotorpor"},"url":"https:\/\/motorpor.pt\/fr\/user\/mktmotorpor\/"}]}},"_links":{"self":[{"href":"https:\/\/motorpor.pt\/fr\/wp-json\/wp\/v2\/posts\/83543","targetHints":{"allow":["GET"]}}],"collection":[{"href":"https:\/\/motorpor.pt\/fr\/wp-json\/wp\/v2\/posts"}],"about":[{"href":"https:\/\/motorpor.pt\/fr\/wp-json\/wp\/v2\/types\/post"}],"author":[{"embeddable":true,"href":"https:\/\/motorpor.pt\/fr\/wp-json\/wp\/v2\/users\/85"}],"replies":[{"embeddable":true,"href":"https:\/\/motorpor.pt\/fr\/wp-json\/wp\/v2\/comments?post=83543"}],"version-history":[{"count":1,"href":"https:\/\/motorpor.pt\/fr\/wp-json\/wp\/v2\/posts\/83543\/revisions"}],"predecessor-version":[{"id":83544,"href":"https:\/\/motorpor.pt\/fr\/wp-json\/wp\/v2\/posts\/83543\/revisions\/83544"}],"wp:featuredmedia":[{"embeddable":true,"href":"https:\/\/motorpor.pt\/fr\/wp-json\/wp\/v2\/media\/83541"}],"wp:attachment":[{"href":"https:\/\/motorpor.pt\/fr\/wp-json\/wp\/v2\/media?parent=83543"}],"wp:term":[{"taxonomy":"category","embeddable":true,"href":"https:\/\/motorpor.pt\/fr\/wp-json\/wp\/v2\/categories?post=83543"},{"taxonomy":"post_tag","embeddable":true,"href":"https:\/\/motorpor.pt\/fr\/wp-json\/wp\/v2\/tags?post=83543"}],"curies":[{"name":"wp","href":"https:\/\/api.w.org\/{rel}","templated":true}]}}