{"id":83822,"date":"2024-05-07T10:28:51","date_gmt":"2024-05-07T09:28:51","guid":{"rendered":"https:\/\/motorpor.pt\/inicio-emocionante-na-adac-opel-electric-rally-cup-de-2024\/"},"modified":"2024-05-07T10:54:41","modified_gmt":"2024-05-07T09:54:41","slug":"inicio-emocionante-na-adac-opel-electric-rally-cup-de-2024","status":"publish","type":"post","link":"https:\/\/motorpor.pt\/fr\/inicio-emocionante-na-adac-opel-electric-rally-cup-de-2024\/","title":{"rendered":"In\u00edcio emocionante na ADAC Opel Electric Rally Cup de 2024"},"content":{"rendered":"<h5>Arranque eletrizante da ADAC Opel Electric Rally Cup &#8220;powered by GSe&#8221; de 2024, <strong>em Sulingen, com Christian Lemke a celebrar a sua primeira vit\u00f3ria na competi\u00e7\u00e3o.<\/strong><\/h5>\n<p>Com um total de quinze ve\u00edculos, participantes de oito pa\u00edses, incluindo catorze mulheres nos cockpits, Christian Lemke obteve a muito celebrada primeira vit\u00f3ria na abertura da \u00e9poca da ADAC Opel Electric Rally Cup &#8220;powered by GSe&#8221;, em Sulingen. O jovem de 23 anos ficou com 14,7 segundos de vantagem sobre um dos favoritos, o austr\u00edaco Luca Pr\u00f6glh\u00f6f.<\/p>\n<p>&#8220;N\u00e3o tenho palavras para descrever os meus sentimentos! Desde o &#8216;shakedown&#8217; de quinta-feira, senti-me muito bem com o carro e com o novo composto de pneus da Michelin&#8221;, disse o veterano da competi\u00e7\u00e3o, que participou na primeira temporada da primeira Ta\u00e7a do Mundo de Ralis monomarca com autom\u00f3veis el\u00e9tricos em 2021. &#8220;O bom resultado deu-nos confian\u00e7a para podermos atacar de imediato. Conduzir nestas etapas trai\u00e7oeiras com o Opel Corsa Rally Electric foi muito divertido. E agora estou simplesmente feliz!&#8221;, avan\u00e7a o vencedor Lemke.<\/p>\n<p><img fetchpriority=\"high\" decoding=\"async\" class=\"size-full wp-image-83820\" src=\"https:\/\/motorpor.pt\/wp-content\/uploads\/2024\/05\/ExcitingStartto2024ADACOpelElectricRallyCup-1-scaled.jpg\" alt=\"\" width=\"2560\" height=\"1708\" srcset=\"https:\/\/motorpor.pt\/wp-content\/uploads\/2024\/05\/ExcitingStartto2024ADACOpelElectricRallyCup-1-scaled.jpg 2560w, https:\/\/motorpor.pt\/wp-content\/uploads\/2024\/05\/ExcitingStartto2024ADACOpelElectricRallyCup-1-300x200.jpg 300w, https:\/\/motorpor.pt\/wp-content\/uploads\/2024\/05\/ExcitingStartto2024ADACOpelElectricRallyCup-1-1024x683.jpg 1024w, https:\/\/motorpor.pt\/wp-content\/uploads\/2024\/05\/ExcitingStartto2024ADACOpelElectricRallyCup-1-768x512.jpg 768w, https:\/\/motorpor.pt\/wp-content\/uploads\/2024\/05\/ExcitingStartto2024ADACOpelElectricRallyCup-1-1536x1025.jpg 1536w, https:\/\/motorpor.pt\/wp-content\/uploads\/2024\/05\/ExcitingStartto2024ADACOpelElectricRallyCup-1-2048x1366.jpg 2048w, https:\/\/motorpor.pt\/wp-content\/uploads\/2024\/05\/ExcitingStartto2024ADACOpelElectricRallyCup-1-18x12.jpg 18w, https:\/\/motorpor.pt\/wp-content\/uploads\/2024\/05\/ExcitingStartto2024ADACOpelElectricRallyCup-1-200x133.jpg 200w, https:\/\/motorpor.pt\/wp-content\/uploads\/2024\/05\/ExcitingStartto2024ADACOpelElectricRallyCup-1-165x110.jpg 165w\" sizes=\"(max-width: 2560px) 100vw, 2560px\" \/><\/p>\n<p>Luca Pr\u00f6glh\u00f6f e a copiloto Christina Ettel, mostram tamb\u00e9m a sua satisfa\u00e7\u00e3o: &#8220;No primeiro dia, depois de uma paragem de seis meses nos ralis, comecei por conduzir de forma demasiado cautelosa. Mas o teste noturno foi muito bom para mim e recuperei rapidamente a confian\u00e7a no carro. Hoje comecei bem o dia e estou completamente satisfeito com a forma como tudo correu.&#8221;<\/p>\n<p>Descubra todas as <a href=\"https:\/\/motorpor.pt\/fr\/novos\/opel\/\">viaturas Opel dispon\u00edveis no nosso site<\/a>.<\/p>","protected":false},"excerpt":{"rendered":"<p>Arranque eletrizante da ADAC Opel Electric Rally Cup &#8220;powered by GSe&#8221; de 2024, em Sulingen, com Christian Lemke a celebrar a sua primeira vit\u00f3ria na competi\u00e7\u00e3o. Com um total de quinze ve\u00edculos, participantes de oito pa\u00edses, incluindo catorze mulheres nos cockpits, Christian Lemke obteve a muito celebrada primeira vit\u00f3ria na abertura da \u00e9poca da ADAC [&hellip;]<\/p>\n","protected":false},"author":85,"featured_media":83821,"comment_status":"closed","ping_status":"open","sticky":false,"template":"","format":"standard","meta":{"_acf_changed":false,"footnotes":""},"categories":[2595,2594,2592],"tags":[],"class_list":["post-83822","post","type-post","status-publish","format-standard","has-post-thumbnail","hentry","category-atualidade","category-destaques","category-noticias"],"acf":[],"yoast_head":"<!-- This site is optimized with the Yoast SEO plugin v27.5 - https:\/\/yoast.com\/product\/yoast-seo-wordpress\/ -->\n<title>In\u00edcio emocionante na ADAC Opel Electric Rally Cup de 2024 - Motorpor<\/title>\n<meta name=\"robots\" content=\"index, follow, max-snippet:-1, max-image-preview:large, max-video-preview:-1\" \/>\n<link rel=\"canonical\" href=\"https:\/\/motorpor.pt\/fr\/inicio-emocionante-na-adac-opel-electric-rally-cup-de-2024\/\" \/>\n<meta property=\"og:locale\" content=\"fr_FR\" \/>\n<meta property=\"og:type\" content=\"article\" \/>\n<meta property=\"og:title\" content=\"In\u00edcio emocionante na ADAC Opel Electric Rally Cup de 2024 - Motorpor\" \/>\n<meta property=\"og:description\" content=\"Arranque eletrizante da ADAC Opel Electric Rally Cup &#8220;powered by GSe&#8221; de 2024, em Sulingen, com Christian Lemke a celebrar a sua primeira vit\u00f3ria na competi\u00e7\u00e3o. Com um total de quinze ve\u00edculos, participantes de oito pa\u00edses, incluindo catorze mulheres nos cockpits, Christian Lemke obteve a muito celebrada primeira vit\u00f3ria na abertura da \u00e9poca da ADAC [&hellip;]\" \/>\n<meta property=\"og:url\" content=\"https:\/\/motorpor.pt\/fr\/inicio-emocionante-na-adac-opel-electric-rally-cup-de-2024\/\" \/>\n<meta property=\"og:site_name\" content=\"Motorpor\" \/>\n<meta property=\"article:published_time\" content=\"2024-05-07T09:28:51+00:00\" \/>\n<meta property=\"article:modified_time\" content=\"2024-05-07T09:54:41+00:00\" \/>\n<meta property=\"og:image\" content=\"https:\/\/motorpor.pt\/wp-content\/uploads\/2024\/05\/ExcitingStartto2024ADACOpelElectricRallyCup-scaled-1.jpg\" \/>\n\t<meta property=\"og:image:width\" content=\"2560\" \/>\n\t<meta property=\"og:image:height\" content=\"1707\" \/>\n\t<meta property=\"og:image:type\" content=\"image\/jpeg\" \/>\n<meta name=\"author\" content=\"mktmotorpor\" \/>\n<meta name=\"twitter:card\" content=\"summary_large_image\" \/>\n<meta name=\"twitter:label1\" content=\"\u00c9crit par\" \/>\n\t<meta name=\"twitter:data1\" content=\"mktmotorpor\" \/>\n\t<meta name=\"twitter:label2\" content=\"Dur\u00e9e de lecture estim\u00e9e\" \/>\n\t<meta name=\"twitter:data2\" content=\"1 minute\" \/>\n<script type=\"application\/ld+json\" class=\"yoast-schema-graph\">{\"@context\":\"https:\\\/\\\/schema.org\",\"@graph\":[{\"@type\":\"Article\",\"@id\":\"https:\\\/\\\/motorpor.pt\\\/inicio-emocionante-na-adac-opel-electric-rally-cup-de-2024\\\/#article\",\"isPartOf\":{\"@id\":\"https:\\\/\\\/motorpor.pt\\\/inicio-emocionante-na-adac-opel-electric-rally-cup-de-2024\\\/\"},\"author\":{\"name\":\"mktmotorpor\",\"@id\":\"https:\\\/\\\/motorpor.pt\\\/#\\\/schema\\\/person\\\/b4bf07144e88efed7388a5af30522db7\"},\"headline\":\"In\u00edcio emocionante na ADAC Opel Electric Rally Cup de 2024\",\"datePublished\":\"2024-05-07T09:28:51+00:00\",\"dateModified\":\"2024-05-07T09:54:41+00:00\",\"mainEntityOfPage\":{\"@id\":\"https:\\\/\\\/motorpor.pt\\\/inicio-emocionante-na-adac-opel-electric-rally-cup-de-2024\\\/\"},\"wordCount\":265,\"publisher\":{\"@id\":\"https:\\\/\\\/motorpor.pt\\\/#organization\"},\"image\":{\"@id\":\"https:\\\/\\\/motorpor.pt\\\/inicio-emocionante-na-adac-opel-electric-rally-cup-de-2024\\\/#primaryimage\"},\"thumbnailUrl\":\"https:\\\/\\\/motorpor.pt\\\/wp-content\\\/uploads\\\/2024\\\/05\\\/ExcitingStartto2024ADACOpelElectricRallyCup-scaled-1.jpg\",\"articleSection\":[\"Atualidade\",\"Destaques\",\"Not\u00edcias\"],\"inLanguage\":\"fr-FR\"},{\"@type\":\"WebPage\",\"@id\":\"https:\\\/\\\/motorpor.pt\\\/inicio-emocionante-na-adac-opel-electric-rally-cup-de-2024\\\/\",\"url\":\"https:\\\/\\\/motorpor.pt\\\/inicio-emocionante-na-adac-opel-electric-rally-cup-de-2024\\\/\",\"name\":\"In\u00edcio emocionante na ADAC Opel Electric Rally Cup de 2024 - Motorpor\",\"isPartOf\":{\"@id\":\"https:\\\/\\\/motorpor.pt\\\/#website\"},\"primaryImageOfPage\":{\"@id\":\"https:\\\/\\\/motorpor.pt\\\/inicio-emocionante-na-adac-opel-electric-rally-cup-de-2024\\\/#primaryimage\"},\"image\":{\"@id\":\"https:\\\/\\\/motorpor.pt\\\/inicio-emocionante-na-adac-opel-electric-rally-cup-de-2024\\\/#primaryimage\"},\"thumbnailUrl\":\"https:\\\/\\\/motorpor.pt\\\/wp-content\\\/uploads\\\/2024\\\/05\\\/ExcitingStartto2024ADACOpelElectricRallyCup-scaled-1.jpg\",\"datePublished\":\"2024-05-07T09:28:51+00:00\",\"dateModified\":\"2024-05-07T09:54:41+00:00\",\"breadcrumb\":{\"@id\":\"https:\\\/\\\/motorpor.pt\\\/inicio-emocionante-na-adac-opel-electric-rally-cup-de-2024\\\/#breadcrumb\"},\"inLanguage\":\"fr-FR\",\"potentialAction\":[{\"@type\":\"ReadAction\",\"target\":[\"https:\\\/\\\/motorpor.pt\\\/inicio-emocionante-na-adac-opel-electric-rally-cup-de-2024\\\/\"]}]},{\"@type\":\"ImageObject\",\"inLanguage\":\"fr-FR\",\"@id\":\"https:\\\/\\\/motorpor.pt\\\/inicio-emocionante-na-adac-opel-electric-rally-cup-de-2024\\\/#primaryimage\",\"url\":\"https:\\\/\\\/motorpor.pt\\\/wp-content\\\/uploads\\\/2024\\\/05\\\/ExcitingStartto2024ADACOpelElectricRallyCup-scaled-1.jpg\",\"contentUrl\":\"https:\\\/\\\/motorpor.pt\\\/wp-content\\\/uploads\\\/2024\\\/05\\\/ExcitingStartto2024ADACOpelElectricRallyCup-scaled-1.jpg\",\"width\":2560,\"height\":1707,\"caption\":\"Opel Astra_e_2024, For Press and PR only, marketing usage has to be payed in addition\"},{\"@type\":\"BreadcrumbList\",\"@id\":\"https:\\\/\\\/motorpor.pt\\\/inicio-emocionante-na-adac-opel-electric-rally-cup-de-2024\\\/#breadcrumb\",\"itemListElement\":[{\"@type\":\"ListItem\",\"position\":1,\"name\":\"In\u00edcio\",\"item\":\"https:\\\/\\\/motorpor.pt\\\/\"},{\"@type\":\"ListItem\",\"position\":2,\"name\":\"In\u00edcio emocionante na ADAC Opel Electric Rally Cup de 2024\"}]},{\"@type\":\"WebSite\",\"@id\":\"https:\\\/\\\/motorpor.pt\\\/#website\",\"url\":\"https:\\\/\\\/motorpor.pt\\\/\",\"name\":\"Motorpor\",\"description\":\"Comercio de Autom\u00f3veis Multimarcas\",\"publisher\":{\"@id\":\"https:\\\/\\\/motorpor.pt\\\/#organization\"},\"potentialAction\":[{\"@type\":\"SearchAction\",\"target\":{\"@type\":\"EntryPoint\",\"urlTemplate\":\"https:\\\/\\\/motorpor.pt\\\/?s={search_term_string}\"},\"query-input\":{\"@type\":\"PropertyValueSpecification\",\"valueRequired\":true,\"valueName\":\"search_term_string\"}}],\"inLanguage\":\"fr-FR\"},{\"@type\":\"Organization\",\"@id\":\"https:\\\/\\\/motorpor.pt\\\/#organization\",\"name\":\"Motorpor\",\"alternateName\":\"Motorpor\",\"url\":\"https:\\\/\\\/motorpor.pt\\\/\",\"logo\":{\"@type\":\"ImageObject\",\"inLanguage\":\"fr-FR\",\"@id\":\"https:\\\/\\\/motorpor.pt\\\/#\\\/schema\\\/logo\\\/image\\\/\",\"url\":\"https:\\\/\\\/motorpor.pt\\\/wp-content\\\/uploads\\\/2024\\\/07\\\/Logo-Motorpor-Preto.svg\",\"contentUrl\":\"https:\\\/\\\/motorpor.pt\\\/wp-content\\\/uploads\\\/2024\\\/07\\\/Logo-Motorpor-Preto.svg\",\"width\":493,\"height\":93,\"caption\":\"Motorpor\"},\"image\":{\"@id\":\"https:\\\/\\\/motorpor.pt\\\/#\\\/schema\\\/logo\\\/image\\\/\"},\"sameAs\":[\"https:\\\/\\\/www.linkedin.com\\\/company\\\/grupo-motorpor\"]},{\"@type\":\"Person\",\"@id\":\"https:\\\/\\\/motorpor.pt\\\/#\\\/schema\\\/person\\\/b4bf07144e88efed7388a5af30522db7\",\"name\":\"mktmotorpor\",\"image\":{\"@type\":\"ImageObject\",\"inLanguage\":\"fr-FR\",\"@id\":\"https:\\\/\\\/secure.gravatar.com\\\/avatar\\\/8418b61b3175dbba0a8744cf0ee6bb5c7a9f6c67f1dbc4f41a62d7b9738259a2?s=96&d=mm&r=g\",\"url\":\"https:\\\/\\\/secure.gravatar.com\\\/avatar\\\/8418b61b3175dbba0a8744cf0ee6bb5c7a9f6c67f1dbc4f41a62d7b9738259a2?s=96&d=mm&r=g\",\"contentUrl\":\"https:\\\/\\\/secure.gravatar.com\\\/avatar\\\/8418b61b3175dbba0a8744cf0ee6bb5c7a9f6c67f1dbc4f41a62d7b9738259a2?s=96&d=mm&r=g\",\"caption\":\"mktmotorpor\"},\"url\":\"https:\\\/\\\/motorpor.pt\\\/fr\\\/user\\\/mktmotorpor\\\/\"}]}<\/script>\n<!-- \/ Yoast SEO plugin. -->","yoast_head_json":{"title":"In\u00edcio emocionante na ADAC Opel Electric Rally Cup de 2024 - Motorpor","robots":{"index":"index","follow":"follow","max-snippet":"max-snippet:-1","max-image-preview":"max-image-preview:large","max-video-preview":"max-video-preview:-1"},"canonical":"https:\/\/motorpor.pt\/fr\/inicio-emocionante-na-adac-opel-electric-rally-cup-de-2024\/","og_locale":"fr_FR","og_type":"article","og_title":"In\u00edcio emocionante na ADAC Opel Electric Rally Cup de 2024 - Motorpor","og_description":"Arranque eletrizante da ADAC Opel Electric Rally Cup &#8220;powered by GSe&#8221; de 2024, em Sulingen, com Christian Lemke a celebrar a sua primeira vit\u00f3ria na competi\u00e7\u00e3o. Com um total de quinze ve\u00edculos, participantes de oito pa\u00edses, incluindo catorze mulheres nos cockpits, Christian Lemke obteve a muito celebrada primeira vit\u00f3ria na abertura da \u00e9poca da ADAC [&hellip;]","og_url":"https:\/\/motorpor.pt\/fr\/inicio-emocionante-na-adac-opel-electric-rally-cup-de-2024\/","og_site_name":"Motorpor","article_published_time":"2024-05-07T09:28:51+00:00","article_modified_time":"2024-05-07T09:54:41+00:00","og_image":[{"width":2560,"height":1707,"url":"https:\/\/motorpor.pt\/wp-content\/uploads\/2024\/05\/ExcitingStartto2024ADACOpelElectricRallyCup-scaled-1.jpg","type":"image\/jpeg"}],"author":"mktmotorpor","twitter_card":"summary_large_image","twitter_misc":{"\u00c9crit par":"mktmotorpor","Dur\u00e9e de lecture estim\u00e9e":"1 minute"},"schema":{"@context":"https:\/\/schema.org","@graph":[{"@type":"Article","@id":"https:\/\/motorpor.pt\/inicio-emocionante-na-adac-opel-electric-rally-cup-de-2024\/#article","isPartOf":{"@id":"https:\/\/motorpor.pt\/inicio-emocionante-na-adac-opel-electric-rally-cup-de-2024\/"},"author":{"name":"mktmotorpor","@id":"https:\/\/motorpor.pt\/#\/schema\/person\/b4bf07144e88efed7388a5af30522db7"},"headline":"In\u00edcio emocionante na ADAC Opel Electric Rally Cup de 2024","datePublished":"2024-05-07T09:28:51+00:00","dateModified":"2024-05-07T09:54:41+00:00","mainEntityOfPage":{"@id":"https:\/\/motorpor.pt\/inicio-emocionante-na-adac-opel-electric-rally-cup-de-2024\/"},"wordCount":265,"publisher":{"@id":"https:\/\/motorpor.pt\/#organization"},"image":{"@id":"https:\/\/motorpor.pt\/inicio-emocionante-na-adac-opel-electric-rally-cup-de-2024\/#primaryimage"},"thumbnailUrl":"https:\/\/motorpor.pt\/wp-content\/uploads\/2024\/05\/ExcitingStartto2024ADACOpelElectricRallyCup-scaled-1.jpg","articleSection":["Atualidade","Destaques","Not\u00edcias"],"inLanguage":"fr-FR"},{"@type":"WebPage","@id":"https:\/\/motorpor.pt\/inicio-emocionante-na-adac-opel-electric-rally-cup-de-2024\/","url":"https:\/\/motorpor.pt\/inicio-emocionante-na-adac-opel-electric-rally-cup-de-2024\/","name":"In\u00edcio emocionante na ADAC Opel Electric Rally Cup de 2024 - Motorpor","isPartOf":{"@id":"https:\/\/motorpor.pt\/#website"},"primaryImageOfPage":{"@id":"https:\/\/motorpor.pt\/inicio-emocionante-na-adac-opel-electric-rally-cup-de-2024\/#primaryimage"},"image":{"@id":"https:\/\/motorpor.pt\/inicio-emocionante-na-adac-opel-electric-rally-cup-de-2024\/#primaryimage"},"thumbnailUrl":"https:\/\/motorpor.pt\/wp-content\/uploads\/2024\/05\/ExcitingStartto2024ADACOpelElectricRallyCup-scaled-1.jpg","datePublished":"2024-05-07T09:28:51+00:00","dateModified":"2024-05-07T09:54:41+00:00","breadcrumb":{"@id":"https:\/\/motorpor.pt\/inicio-emocionante-na-adac-opel-electric-rally-cup-de-2024\/#breadcrumb"},"inLanguage":"fr-FR","potentialAction":[{"@type":"ReadAction","target":["https:\/\/motorpor.pt\/inicio-emocionante-na-adac-opel-electric-rally-cup-de-2024\/"]}]},{"@type":"ImageObject","inLanguage":"fr-FR","@id":"https:\/\/motorpor.pt\/inicio-emocionante-na-adac-opel-electric-rally-cup-de-2024\/#primaryimage","url":"https:\/\/motorpor.pt\/wp-content\/uploads\/2024\/05\/ExcitingStartto2024ADACOpelElectricRallyCup-scaled-1.jpg","contentUrl":"https:\/\/motorpor.pt\/wp-content\/uploads\/2024\/05\/ExcitingStartto2024ADACOpelElectricRallyCup-scaled-1.jpg","width":2560,"height":1707,"caption":"Opel Astra_e_2024, For Press and PR only, marketing usage has to be payed in addition"},{"@type":"BreadcrumbList","@id":"https:\/\/motorpor.pt\/inicio-emocionante-na-adac-opel-electric-rally-cup-de-2024\/#breadcrumb","itemListElement":[{"@type":"ListItem","position":1,"name":"In\u00edcio","item":"https:\/\/motorpor.pt\/"},{"@type":"ListItem","position":2,"name":"In\u00edcio emocionante na ADAC Opel Electric Rally Cup de 2024"}]},{"@type":"WebSite","@id":"https:\/\/motorpor.pt\/#website","url":"https:\/\/motorpor.pt\/","name":"motorpor","description":"Comercio de Autom\u00f3veis Multimarcas","publisher":{"@id":"https:\/\/motorpor.pt\/#organization"},"potentialAction":[{"@type":"SearchAction","target":{"@type":"EntryPoint","urlTemplate":"https:\/\/motorpor.pt\/?s={search_term_string}"},"query-input":{"@type":"PropertyValueSpecification","valueRequired":true,"valueName":"search_term_string"}}],"inLanguage":"fr-FR"},{"@type":"Organization","@id":"https:\/\/motorpor.pt\/#organization","name":"motorpor","alternateName":"Motorpor","url":"https:\/\/motorpor.pt\/","logo":{"@type":"ImageObject","inLanguage":"fr-FR","@id":"https:\/\/motorpor.pt\/#\/schema\/logo\/image\/","url":"https:\/\/motorpor.pt\/wp-content\/uploads\/2024\/07\/Logo-Motorpor-Preto.svg","contentUrl":"https:\/\/motorpor.pt\/wp-content\/uploads\/2024\/07\/Logo-Motorpor-Preto.svg","width":493,"height":93,"caption":"Motorpor"},"image":{"@id":"https:\/\/motorpor.pt\/#\/schema\/logo\/image\/"},"sameAs":["https:\/\/www.linkedin.com\/company\/grupo-motorpor"]},{"@type":"Person","@id":"https:\/\/motorpor.pt\/#\/schema\/person\/b4bf07144e88efed7388a5af30522db7","name":"mktmotorpor","image":{"@type":"ImageObject","inLanguage":"fr-FR","@id":"https:\/\/secure.gravatar.com\/avatar\/8418b61b3175dbba0a8744cf0ee6bb5c7a9f6c67f1dbc4f41a62d7b9738259a2?s=96&d=mm&r=g","url":"https:\/\/secure.gravatar.com\/avatar\/8418b61b3175dbba0a8744cf0ee6bb5c7a9f6c67f1dbc4f41a62d7b9738259a2?s=96&d=mm&r=g","contentUrl":"https:\/\/secure.gravatar.com\/avatar\/8418b61b3175dbba0a8744cf0ee6bb5c7a9f6c67f1dbc4f41a62d7b9738259a2?s=96&d=mm&r=g","caption":"mktmotorpor"},"url":"https:\/\/motorpor.pt\/fr\/user\/mktmotorpor\/"}]}},"_links":{"self":[{"href":"https:\/\/motorpor.pt\/fr\/wp-json\/wp\/v2\/posts\/83822","targetHints":{"allow":["GET"]}}],"collection":[{"href":"https:\/\/motorpor.pt\/fr\/wp-json\/wp\/v2\/posts"}],"about":[{"href":"https:\/\/motorpor.pt\/fr\/wp-json\/wp\/v2\/types\/post"}],"author":[{"embeddable":true,"href":"https:\/\/motorpor.pt\/fr\/wp-json\/wp\/v2\/users\/85"}],"replies":[{"embeddable":true,"href":"https:\/\/motorpor.pt\/fr\/wp-json\/wp\/v2\/comments?post=83822"}],"version-history":[{"count":3,"href":"https:\/\/motorpor.pt\/fr\/wp-json\/wp\/v2\/posts\/83822\/revisions"}],"predecessor-version":[{"id":83825,"href":"https:\/\/motorpor.pt\/fr\/wp-json\/wp\/v2\/posts\/83822\/revisions\/83825"}],"wp:featuredmedia":[{"embeddable":true,"href":"https:\/\/motorpor.pt\/fr\/wp-json\/wp\/v2\/media\/83821"}],"wp:attachment":[{"href":"https:\/\/motorpor.pt\/fr\/wp-json\/wp\/v2\/media?parent=83822"}],"wp:term":[{"taxonomy":"category","embeddable":true,"href":"https:\/\/motorpor.pt\/fr\/wp-json\/wp\/v2\/categories?post=83822"},{"taxonomy":"post_tag","embeddable":true,"href":"https:\/\/motorpor.pt\/fr\/wp-json\/wp\/v2\/tags?post=83822"}],"curies":[{"name":"wp","href":"https:\/\/api.w.org\/{rel}","templated":true}]}}