{"id":84204,"date":"2024-05-10T16:41:46","date_gmt":"2024-05-10T15:41:46","guid":{"rendered":"https:\/\/motorpor.pt\/a-fiat-apoia-pela-segundo-ano-consecutivo-a-fraternidade-humana-com-a-sua-frota-eletrificada\/"},"modified":"2024-07-17T15:56:44","modified_gmt":"2024-07-17T14:56:44","slug":"a-fiat-apoia-pela-segundo-ano-consecutivo-a-fraternidade-humana-com-a-sua-frota-eletrificada","status":"publish","type":"post","link":"https:\/\/motorpor.pt\/fr\/a-fiat-apoia-pela-segundo-ano-consecutivo-a-fraternidade-humana-com-a-sua-frota-eletrificada\/","title":{"rendered":"A Fiat apoia, pela segundo ano consecutivo, a Fraternidade Humana com a sua frota eletrificada"},"content":{"rendered":"<h5>A Fiat est\u00e1 ao lado do Encontro Mundial sobre a Fraternidade Humana, organizado pela Funda\u00e7\u00e3o do Vaticano &#8220;Fratelli Tutti&#8221;, em Roma, nos dias 10 e 11 de maio.<\/h5>\n<p>\u00a0<\/p>\n<p>A Fiat tem o orgulho de anunciar o seu apoio cont\u00ednuo ao Encontro Mundial da Fraternidade Humana (WMHF), organizado pela Funda\u00e7\u00e3o do Vaticano &#8220;Fratelli Tutti&#8221;, pelo segundo ano consecutivo. O evento tem como tema #BeHuman e decorre em Roma, nos dias 10 e 11 de maio, tendo como objetivo fomentar o di\u00e1logo e a coopera\u00e7\u00e3o entre personalidades globais de diversas \u00e1reas para abordar desafios sociais prementes.<\/p>\n<p>A marca est\u00e1 dedicada \u00e0 gest\u00e3o ambiental e \u00e0s pr\u00e1ticas sustent\u00e1veis. Como parte do seu compromisso, a frota de ve\u00edculos eletrificados da Fiat, assegurar\u00e1 uma mobilidade eficiente e amiga do ambiente. Esta demonstra\u00e7\u00e3o da tecnologia eletrificada de ponta, sublinha a abordagem proativa da marca para promover uma mobilidade mais sustent\u00e1vel.<\/p>\n<p>\u00a0<\/p>\n<p><img fetchpriority=\"high\" decoding=\"async\" class=\"alignnone size-full wp-image-84202\" src=\"https:\/\/motorpor.pt\/wp-content\/uploads\/2024\/05\/Fiat600-1-scaled.jpg\" alt=\"\" width=\"2560\" height=\"1707\" srcset=\"https:\/\/motorpor.pt\/wp-content\/uploads\/2024\/05\/Fiat600-1-scaled.jpg 2560w, https:\/\/motorpor.pt\/wp-content\/uploads\/2024\/05\/Fiat600-1-300x200.jpg 300w, https:\/\/motorpor.pt\/wp-content\/uploads\/2024\/05\/Fiat600-1-1024x683.jpg 1024w, https:\/\/motorpor.pt\/wp-content\/uploads\/2024\/05\/Fiat600-1-768x512.jpg 768w, https:\/\/motorpor.pt\/wp-content\/uploads\/2024\/05\/Fiat600-1-1536x1024.jpg 1536w, https:\/\/motorpor.pt\/wp-content\/uploads\/2024\/05\/Fiat600-1-2048x1365.jpg 2048w, https:\/\/motorpor.pt\/wp-content\/uploads\/2024\/05\/Fiat600-1-18x12.jpg 18w, https:\/\/motorpor.pt\/wp-content\/uploads\/2024\/05\/Fiat600-1-200x133.jpg 200w, https:\/\/motorpor.pt\/wp-content\/uploads\/2024\/05\/Fiat600-1-165x110.jpg 165w\" sizes=\"(max-width: 2560px) 100vw, 2560px\" \/><\/p>\n<p>\u00a0<\/p>\n<p>Um dos principais debates do Encontro, centrado na sustentabilidade, contar\u00e1 com a presen\u00e7a do CEO da Fiat, Olivier Fran\u00e7ois. Este, procura refletir a dedica\u00e7\u00e3o da Marca \u00e0s iniciativas e compromisso para com a sustentabilidade.<\/p>\n<p>O evento deste ano assinala o segundo encontro ap\u00f3s a hist\u00f3rica Declara\u00e7\u00e3o da Fraternidade assinada a 10 de junho de 2023. &#8220;A Fiat tem a honra de contribuir para o Encontro Mundial sobre a Fraternidade Humana, reafirmando a sua dedica\u00e7\u00e3o em impulsionar mudan\u00e7as positivas e promover os valores partilhados da sustentabilidade \u00e0 escala global.&#8221;<\/p>\n<p>Conhe\u00e7a as<a href=\"https:\/\/motorpor.pt\/fr\/novos\/fiat\/\"> viaturas Fiat dispon\u00edveis no nosso site<\/a>.<\/p>","protected":false},"excerpt":{"rendered":"<p>A Fiat est\u00e1 ao lado do Encontro Mundial sobre a Fraternidade Humana, organizado pela Funda\u00e7\u00e3o do Vaticano &#8220;Fratelli Tutti&#8221;, em Roma, nos dias 10 e 11 de maio. \u00a0 A Fiat tem o orgulho de anunciar o seu apoio cont\u00ednuo ao Encontro Mundial da Fraternidade Humana (WMHF), organizado pela Funda\u00e7\u00e3o do Vaticano &#8220;Fratelli Tutti&#8221;, pelo [&hellip;]<\/p>\n","protected":false},"author":85,"featured_media":84203,"comment_status":"closed","ping_status":"open","sticky":false,"template":"","format":"standard","meta":{"_acf_changed":false,"footnotes":""},"categories":[2595,2594,2592,3090],"tags":[],"class_list":["post-84204","post","type-post","status-publish","format-standard","has-post-thumbnail","hentry","category-atualidade","category-destaques","category-noticias","category-noticias-fiat"],"acf":[],"yoast_head":"<!-- This site is optimized with the Yoast SEO plugin v27.5 - https:\/\/yoast.com\/product\/yoast-seo-wordpress\/ -->\n<title>A Fiat apoia, pela segundo ano consecutivo, a Fraternidade Humana com a sua frota eletrificada - Motorpor<\/title>\n<meta name=\"robots\" content=\"index, follow, max-snippet:-1, max-image-preview:large, max-video-preview:-1\" \/>\n<link rel=\"canonical\" href=\"https:\/\/motorpor.pt\/fr\/a-fiat-apoia-pela-segundo-ano-consecutivo-a-fraternidade-humana-com-a-sua-frota-eletrificada\/\" \/>\n<meta property=\"og:locale\" content=\"fr_FR\" \/>\n<meta property=\"og:type\" content=\"article\" \/>\n<meta property=\"og:title\" content=\"A Fiat apoia, pela segundo ano consecutivo, a Fraternidade Humana com a sua frota eletrificada - Motorpor\" \/>\n<meta property=\"og:description\" content=\"A Fiat est\u00e1 ao lado do Encontro Mundial sobre a Fraternidade Humana, organizado pela Funda\u00e7\u00e3o do Vaticano &#8220;Fratelli Tutti&#8221;, em Roma, nos dias 10 e 11 de maio. \u00a0 A Fiat tem o orgulho de anunciar o seu apoio cont\u00ednuo ao Encontro Mundial da Fraternidade Humana (WMHF), organizado pela Funda\u00e7\u00e3o do Vaticano &#8220;Fratelli Tutti&#8221;, pelo [&hellip;]\" \/>\n<meta property=\"og:url\" content=\"https:\/\/motorpor.pt\/fr\/a-fiat-apoia-pela-segundo-ano-consecutivo-a-fraternidade-humana-com-a-sua-frota-eletrificada\/\" \/>\n<meta property=\"og:site_name\" content=\"Motorpor\" \/>\n<meta property=\"article:published_time\" content=\"2024-05-10T15:41:46+00:00\" \/>\n<meta property=\"article:modified_time\" content=\"2024-07-17T14:56:44+00:00\" \/>\n<meta property=\"og:image\" content=\"https:\/\/motorpor.pt\/wp-content\/uploads\/2024\/05\/Fiat600-scaled-1.jpg\" \/>\n\t<meta property=\"og:image:width\" content=\"2560\" \/>\n\t<meta property=\"og:image:height\" content=\"1440\" \/>\n\t<meta property=\"og:image:type\" content=\"image\/jpeg\" \/>\n<meta name=\"author\" content=\"mktmotorpor\" \/>\n<meta name=\"twitter:card\" content=\"summary_large_image\" \/>\n<meta name=\"twitter:label1\" content=\"\u00c9crit par\" \/>\n\t<meta name=\"twitter:data1\" content=\"mktmotorpor\" \/>\n\t<meta name=\"twitter:label2\" content=\"Dur\u00e9e de lecture estim\u00e9e\" \/>\n\t<meta name=\"twitter:data2\" content=\"1 minute\" \/>\n<script type=\"application\/ld+json\" class=\"yoast-schema-graph\">{\"@context\":\"https:\\\/\\\/schema.org\",\"@graph\":[{\"@type\":\"Article\",\"@id\":\"https:\\\/\\\/motorpor.pt\\\/a-fiat-apoia-pela-segundo-ano-consecutivo-a-fraternidade-humana-com-a-sua-frota-eletrificada\\\/#article\",\"isPartOf\":{\"@id\":\"https:\\\/\\\/motorpor.pt\\\/a-fiat-apoia-pela-segundo-ano-consecutivo-a-fraternidade-humana-com-a-sua-frota-eletrificada\\\/\"},\"author\":{\"name\":\"mktmotorpor\",\"@id\":\"https:\\\/\\\/motorpor.pt\\\/#\\\/schema\\\/person\\\/b4bf07144e88efed7388a5af30522db7\"},\"headline\":\"A Fiat apoia, pela segundo ano consecutivo, a Fraternidade Humana com a sua frota eletrificada\",\"datePublished\":\"2024-05-10T15:41:46+00:00\",\"dateModified\":\"2024-07-17T14:56:44+00:00\",\"mainEntityOfPage\":{\"@id\":\"https:\\\/\\\/motorpor.pt\\\/a-fiat-apoia-pela-segundo-ano-consecutivo-a-fraternidade-humana-com-a-sua-frota-eletrificada\\\/\"},\"wordCount\":268,\"publisher\":{\"@id\":\"https:\\\/\\\/motorpor.pt\\\/#organization\"},\"image\":{\"@id\":\"https:\\\/\\\/motorpor.pt\\\/a-fiat-apoia-pela-segundo-ano-consecutivo-a-fraternidade-humana-com-a-sua-frota-eletrificada\\\/#primaryimage\"},\"thumbnailUrl\":\"https:\\\/\\\/motorpor.pt\\\/wp-content\\\/uploads\\\/2024\\\/05\\\/Fiat600-scaled-1.jpg\",\"articleSection\":[\"Atualidade\",\"Destaques\",\"Not\u00edcias\",\"Not\u00edcias Fiat\"],\"inLanguage\":\"fr-FR\"},{\"@type\":\"WebPage\",\"@id\":\"https:\\\/\\\/motorpor.pt\\\/a-fiat-apoia-pela-segundo-ano-consecutivo-a-fraternidade-humana-com-a-sua-frota-eletrificada\\\/\",\"url\":\"https:\\\/\\\/motorpor.pt\\\/a-fiat-apoia-pela-segundo-ano-consecutivo-a-fraternidade-humana-com-a-sua-frota-eletrificada\\\/\",\"name\":\"A Fiat apoia, pela segundo ano consecutivo, a Fraternidade Humana com a sua frota eletrificada - Motorpor\",\"isPartOf\":{\"@id\":\"https:\\\/\\\/motorpor.pt\\\/#website\"},\"primaryImageOfPage\":{\"@id\":\"https:\\\/\\\/motorpor.pt\\\/a-fiat-apoia-pela-segundo-ano-consecutivo-a-fraternidade-humana-com-a-sua-frota-eletrificada\\\/#primaryimage\"},\"image\":{\"@id\":\"https:\\\/\\\/motorpor.pt\\\/a-fiat-apoia-pela-segundo-ano-consecutivo-a-fraternidade-humana-com-a-sua-frota-eletrificada\\\/#primaryimage\"},\"thumbnailUrl\":\"https:\\\/\\\/motorpor.pt\\\/wp-content\\\/uploads\\\/2024\\\/05\\\/Fiat600-scaled-1.jpg\",\"datePublished\":\"2024-05-10T15:41:46+00:00\",\"dateModified\":\"2024-07-17T14:56:44+00:00\",\"breadcrumb\":{\"@id\":\"https:\\\/\\\/motorpor.pt\\\/a-fiat-apoia-pela-segundo-ano-consecutivo-a-fraternidade-humana-com-a-sua-frota-eletrificada\\\/#breadcrumb\"},\"inLanguage\":\"fr-FR\",\"potentialAction\":[{\"@type\":\"ReadAction\",\"target\":[\"https:\\\/\\\/motorpor.pt\\\/a-fiat-apoia-pela-segundo-ano-consecutivo-a-fraternidade-humana-com-a-sua-frota-eletrificada\\\/\"]}]},{\"@type\":\"ImageObject\",\"inLanguage\":\"fr-FR\",\"@id\":\"https:\\\/\\\/motorpor.pt\\\/a-fiat-apoia-pela-segundo-ano-consecutivo-a-fraternidade-humana-com-a-sua-frota-eletrificada\\\/#primaryimage\",\"url\":\"https:\\\/\\\/motorpor.pt\\\/wp-content\\\/uploads\\\/2024\\\/05\\\/Fiat600-scaled-1.jpg\",\"contentUrl\":\"https:\\\/\\\/motorpor.pt\\\/wp-content\\\/uploads\\\/2024\\\/05\\\/Fiat600-scaled-1.jpg\",\"width\":2560,\"height\":1440},{\"@type\":\"BreadcrumbList\",\"@id\":\"https:\\\/\\\/motorpor.pt\\\/a-fiat-apoia-pela-segundo-ano-consecutivo-a-fraternidade-humana-com-a-sua-frota-eletrificada\\\/#breadcrumb\",\"itemListElement\":[{\"@type\":\"ListItem\",\"position\":1,\"name\":\"In\u00edcio\",\"item\":\"https:\\\/\\\/motorpor.pt\\\/\"},{\"@type\":\"ListItem\",\"position\":2,\"name\":\"A Fiat apoia, pela segundo ano consecutivo, a Fraternidade Humana com a sua frota eletrificada\"}]},{\"@type\":\"WebSite\",\"@id\":\"https:\\\/\\\/motorpor.pt\\\/#website\",\"url\":\"https:\\\/\\\/motorpor.pt\\\/\",\"name\":\"Motorpor\",\"description\":\"Comercio de Autom\u00f3veis Multimarcas\",\"publisher\":{\"@id\":\"https:\\\/\\\/motorpor.pt\\\/#organization\"},\"potentialAction\":[{\"@type\":\"SearchAction\",\"target\":{\"@type\":\"EntryPoint\",\"urlTemplate\":\"https:\\\/\\\/motorpor.pt\\\/?s={search_term_string}\"},\"query-input\":{\"@type\":\"PropertyValueSpecification\",\"valueRequired\":true,\"valueName\":\"search_term_string\"}}],\"inLanguage\":\"fr-FR\"},{\"@type\":\"Organization\",\"@id\":\"https:\\\/\\\/motorpor.pt\\\/#organization\",\"name\":\"Motorpor\",\"alternateName\":\"Motorpor\",\"url\":\"https:\\\/\\\/motorpor.pt\\\/\",\"logo\":{\"@type\":\"ImageObject\",\"inLanguage\":\"fr-FR\",\"@id\":\"https:\\\/\\\/motorpor.pt\\\/#\\\/schema\\\/logo\\\/image\\\/\",\"url\":\"https:\\\/\\\/motorpor.pt\\\/wp-content\\\/uploads\\\/2024\\\/07\\\/Logo-Motorpor-Preto.svg\",\"contentUrl\":\"https:\\\/\\\/motorpor.pt\\\/wp-content\\\/uploads\\\/2024\\\/07\\\/Logo-Motorpor-Preto.svg\",\"width\":493,\"height\":93,\"caption\":\"Motorpor\"},\"image\":{\"@id\":\"https:\\\/\\\/motorpor.pt\\\/#\\\/schema\\\/logo\\\/image\\\/\"},\"sameAs\":[\"https:\\\/\\\/www.linkedin.com\\\/company\\\/grupo-motorpor\"]},{\"@type\":\"Person\",\"@id\":\"https:\\\/\\\/motorpor.pt\\\/#\\\/schema\\\/person\\\/b4bf07144e88efed7388a5af30522db7\",\"name\":\"mktmotorpor\",\"image\":{\"@type\":\"ImageObject\",\"inLanguage\":\"fr-FR\",\"@id\":\"https:\\\/\\\/secure.gravatar.com\\\/avatar\\\/8418b61b3175dbba0a8744cf0ee6bb5c7a9f6c67f1dbc4f41a62d7b9738259a2?s=96&d=mm&r=g\",\"url\":\"https:\\\/\\\/secure.gravatar.com\\\/avatar\\\/8418b61b3175dbba0a8744cf0ee6bb5c7a9f6c67f1dbc4f41a62d7b9738259a2?s=96&d=mm&r=g\",\"contentUrl\":\"https:\\\/\\\/secure.gravatar.com\\\/avatar\\\/8418b61b3175dbba0a8744cf0ee6bb5c7a9f6c67f1dbc4f41a62d7b9738259a2?s=96&d=mm&r=g\",\"caption\":\"mktmotorpor\"},\"url\":\"https:\\\/\\\/motorpor.pt\\\/fr\\\/user\\\/mktmotorpor\\\/\"}]}<\/script>\n<!-- \/ Yoast SEO plugin. -->","yoast_head_json":{"title":"A Fiat apoia, pela segundo ano consecutivo, a Fraternidade Humana com a sua frota eletrificada - Motorpor","robots":{"index":"index","follow":"follow","max-snippet":"max-snippet:-1","max-image-preview":"max-image-preview:large","max-video-preview":"max-video-preview:-1"},"canonical":"https:\/\/motorpor.pt\/fr\/a-fiat-apoia-pela-segundo-ano-consecutivo-a-fraternidade-humana-com-a-sua-frota-eletrificada\/","og_locale":"fr_FR","og_type":"article","og_title":"A Fiat apoia, pela segundo ano consecutivo, a Fraternidade Humana com a sua frota eletrificada - Motorpor","og_description":"A Fiat est\u00e1 ao lado do Encontro Mundial sobre a Fraternidade Humana, organizado pela Funda\u00e7\u00e3o do Vaticano &#8220;Fratelli Tutti&#8221;, em Roma, nos dias 10 e 11 de maio. \u00a0 A Fiat tem o orgulho de anunciar o seu apoio cont\u00ednuo ao Encontro Mundial da Fraternidade Humana (WMHF), organizado pela Funda\u00e7\u00e3o do Vaticano &#8220;Fratelli Tutti&#8221;, pelo [&hellip;]","og_url":"https:\/\/motorpor.pt\/fr\/a-fiat-apoia-pela-segundo-ano-consecutivo-a-fraternidade-humana-com-a-sua-frota-eletrificada\/","og_site_name":"Motorpor","article_published_time":"2024-05-10T15:41:46+00:00","article_modified_time":"2024-07-17T14:56:44+00:00","og_image":[{"width":2560,"height":1440,"url":"https:\/\/motorpor.pt\/wp-content\/uploads\/2024\/05\/Fiat600-scaled-1.jpg","type":"image\/jpeg"}],"author":"mktmotorpor","twitter_card":"summary_large_image","twitter_misc":{"\u00c9crit par":"mktmotorpor","Dur\u00e9e de lecture estim\u00e9e":"1 minute"},"schema":{"@context":"https:\/\/schema.org","@graph":[{"@type":"Article","@id":"https:\/\/motorpor.pt\/a-fiat-apoia-pela-segundo-ano-consecutivo-a-fraternidade-humana-com-a-sua-frota-eletrificada\/#article","isPartOf":{"@id":"https:\/\/motorpor.pt\/a-fiat-apoia-pela-segundo-ano-consecutivo-a-fraternidade-humana-com-a-sua-frota-eletrificada\/"},"author":{"name":"mktmotorpor","@id":"https:\/\/motorpor.pt\/#\/schema\/person\/b4bf07144e88efed7388a5af30522db7"},"headline":"A Fiat apoia, pela segundo ano consecutivo, a Fraternidade Humana com a sua frota eletrificada","datePublished":"2024-05-10T15:41:46+00:00","dateModified":"2024-07-17T14:56:44+00:00","mainEntityOfPage":{"@id":"https:\/\/motorpor.pt\/a-fiat-apoia-pela-segundo-ano-consecutivo-a-fraternidade-humana-com-a-sua-frota-eletrificada\/"},"wordCount":268,"publisher":{"@id":"https:\/\/motorpor.pt\/#organization"},"image":{"@id":"https:\/\/motorpor.pt\/a-fiat-apoia-pela-segundo-ano-consecutivo-a-fraternidade-humana-com-a-sua-frota-eletrificada\/#primaryimage"},"thumbnailUrl":"https:\/\/motorpor.pt\/wp-content\/uploads\/2024\/05\/Fiat600-scaled-1.jpg","articleSection":["Atualidade","Destaques","Not\u00edcias","Not\u00edcias Fiat"],"inLanguage":"fr-FR"},{"@type":"WebPage","@id":"https:\/\/motorpor.pt\/a-fiat-apoia-pela-segundo-ano-consecutivo-a-fraternidade-humana-com-a-sua-frota-eletrificada\/","url":"https:\/\/motorpor.pt\/a-fiat-apoia-pela-segundo-ano-consecutivo-a-fraternidade-humana-com-a-sua-frota-eletrificada\/","name":"A Fiat apoia, pela segundo ano consecutivo, a Fraternidade Humana com a sua frota eletrificada - Motorpor","isPartOf":{"@id":"https:\/\/motorpor.pt\/#website"},"primaryImageOfPage":{"@id":"https:\/\/motorpor.pt\/a-fiat-apoia-pela-segundo-ano-consecutivo-a-fraternidade-humana-com-a-sua-frota-eletrificada\/#primaryimage"},"image":{"@id":"https:\/\/motorpor.pt\/a-fiat-apoia-pela-segundo-ano-consecutivo-a-fraternidade-humana-com-a-sua-frota-eletrificada\/#primaryimage"},"thumbnailUrl":"https:\/\/motorpor.pt\/wp-content\/uploads\/2024\/05\/Fiat600-scaled-1.jpg","datePublished":"2024-05-10T15:41:46+00:00","dateModified":"2024-07-17T14:56:44+00:00","breadcrumb":{"@id":"https:\/\/motorpor.pt\/a-fiat-apoia-pela-segundo-ano-consecutivo-a-fraternidade-humana-com-a-sua-frota-eletrificada\/#breadcrumb"},"inLanguage":"fr-FR","potentialAction":[{"@type":"ReadAction","target":["https:\/\/motorpor.pt\/a-fiat-apoia-pela-segundo-ano-consecutivo-a-fraternidade-humana-com-a-sua-frota-eletrificada\/"]}]},{"@type":"ImageObject","inLanguage":"fr-FR","@id":"https:\/\/motorpor.pt\/a-fiat-apoia-pela-segundo-ano-consecutivo-a-fraternidade-humana-com-a-sua-frota-eletrificada\/#primaryimage","url":"https:\/\/motorpor.pt\/wp-content\/uploads\/2024\/05\/Fiat600-scaled-1.jpg","contentUrl":"https:\/\/motorpor.pt\/wp-content\/uploads\/2024\/05\/Fiat600-scaled-1.jpg","width":2560,"height":1440},{"@type":"BreadcrumbList","@id":"https:\/\/motorpor.pt\/a-fiat-apoia-pela-segundo-ano-consecutivo-a-fraternidade-humana-com-a-sua-frota-eletrificada\/#breadcrumb","itemListElement":[{"@type":"ListItem","position":1,"name":"In\u00edcio","item":"https:\/\/motorpor.pt\/"},{"@type":"ListItem","position":2,"name":"A Fiat apoia, pela segundo ano consecutivo, a Fraternidade Humana com a sua frota eletrificada"}]},{"@type":"WebSite","@id":"https:\/\/motorpor.pt\/#website","url":"https:\/\/motorpor.pt\/","name":"motorpor","description":"Comercio de Autom\u00f3veis Multimarcas","publisher":{"@id":"https:\/\/motorpor.pt\/#organization"},"potentialAction":[{"@type":"SearchAction","target":{"@type":"EntryPoint","urlTemplate":"https:\/\/motorpor.pt\/?s={search_term_string}"},"query-input":{"@type":"PropertyValueSpecification","valueRequired":true,"valueName":"search_term_string"}}],"inLanguage":"fr-FR"},{"@type":"Organization","@id":"https:\/\/motorpor.pt\/#organization","name":"motorpor","alternateName":"Motorpor","url":"https:\/\/motorpor.pt\/","logo":{"@type":"ImageObject","inLanguage":"fr-FR","@id":"https:\/\/motorpor.pt\/#\/schema\/logo\/image\/","url":"https:\/\/motorpor.pt\/wp-content\/uploads\/2024\/07\/Logo-Motorpor-Preto.svg","contentUrl":"https:\/\/motorpor.pt\/wp-content\/uploads\/2024\/07\/Logo-Motorpor-Preto.svg","width":493,"height":93,"caption":"Motorpor"},"image":{"@id":"https:\/\/motorpor.pt\/#\/schema\/logo\/image\/"},"sameAs":["https:\/\/www.linkedin.com\/company\/grupo-motorpor"]},{"@type":"Person","@id":"https:\/\/motorpor.pt\/#\/schema\/person\/b4bf07144e88efed7388a5af30522db7","name":"mktmotorpor","image":{"@type":"ImageObject","inLanguage":"fr-FR","@id":"https:\/\/secure.gravatar.com\/avatar\/8418b61b3175dbba0a8744cf0ee6bb5c7a9f6c67f1dbc4f41a62d7b9738259a2?s=96&d=mm&r=g","url":"https:\/\/secure.gravatar.com\/avatar\/8418b61b3175dbba0a8744cf0ee6bb5c7a9f6c67f1dbc4f41a62d7b9738259a2?s=96&d=mm&r=g","contentUrl":"https:\/\/secure.gravatar.com\/avatar\/8418b61b3175dbba0a8744cf0ee6bb5c7a9f6c67f1dbc4f41a62d7b9738259a2?s=96&d=mm&r=g","caption":"mktmotorpor"},"url":"https:\/\/motorpor.pt\/fr\/user\/mktmotorpor\/"}]}},"_links":{"self":[{"href":"https:\/\/motorpor.pt\/fr\/wp-json\/wp\/v2\/posts\/84204","targetHints":{"allow":["GET"]}}],"collection":[{"href":"https:\/\/motorpor.pt\/fr\/wp-json\/wp\/v2\/posts"}],"about":[{"href":"https:\/\/motorpor.pt\/fr\/wp-json\/wp\/v2\/types\/post"}],"author":[{"embeddable":true,"href":"https:\/\/motorpor.pt\/fr\/wp-json\/wp\/v2\/users\/85"}],"replies":[{"embeddable":true,"href":"https:\/\/motorpor.pt\/fr\/wp-json\/wp\/v2\/comments?post=84204"}],"version-history":[{"count":1,"href":"https:\/\/motorpor.pt\/fr\/wp-json\/wp\/v2\/posts\/84204\/revisions"}],"predecessor-version":[{"id":90243,"href":"https:\/\/motorpor.pt\/fr\/wp-json\/wp\/v2\/posts\/84204\/revisions\/90243"}],"wp:featuredmedia":[{"embeddable":true,"href":"https:\/\/motorpor.pt\/fr\/wp-json\/wp\/v2\/media\/84203"}],"wp:attachment":[{"href":"https:\/\/motorpor.pt\/fr\/wp-json\/wp\/v2\/media?parent=84204"}],"wp:term":[{"taxonomy":"category","embeddable":true,"href":"https:\/\/motorpor.pt\/fr\/wp-json\/wp\/v2\/categories?post=84204"},{"taxonomy":"post_tag","embeddable":true,"href":"https:\/\/motorpor.pt\/fr\/wp-json\/wp\/v2\/tags?post=84204"}],"curies":[{"name":"wp","href":"https:\/\/api.w.org\/{rel}","templated":true}]}}