{"id":84792,"date":"2024-05-20T10:26:24","date_gmt":"2024-05-20T09:26:24","guid":{"rendered":"https:\/\/motorpor.pt\/abriram-as-escomendas-para-o-novo-dacia-spring-em-portugal\/"},"modified":"2024-07-17T15:49:00","modified_gmt":"2024-07-17T14:49:00","slug":"abriram-as-escomendas-para-o-novo-dacia-spring-em-portugal","status":"publish","type":"post","link":"https:\/\/motorpor.pt\/fr\/abriram-as-escomendas-para-o-novo-dacia-spring-em-portugal\/","title":{"rendered":"Abriram as encomendas para o novo Dacia Spring em Portugal"},"content":{"rendered":"<p>O dia 20 de maio marca a abertura das encomendas para o <strong>Novo Dacia Spring<\/strong>. Desde o lan\u00e7amento, em 2021, o Spring j\u00e1 vendeu mais de 140 000 unidades, na Europa. Em 2023, as vendas globais dispararam para um recorde de 61 803 unidades, um aumento de 26,4% em rela\u00e7\u00e3o a 2022. O terceiro autom\u00f3vel el\u00e9trico mais vendido a clientes particulares, na Europa, o Spring est\u00e1 a ser um s\u00edmbolo da democratiza\u00e7\u00e3o da mobilidade el\u00e9trica.<\/p>\n<p>Em Portugal, em 2023, o Spring foi o quarto autom\u00f3vel el\u00e9trico mais vendido no pa\u00eds e o mais vendido a clientes particulares pelo segundo ano consecutivo.<\/p>\n<p>\u00a0<\/p>\n<p><img fetchpriority=\"high\" decoding=\"async\" class=\"alignnone wp-image-84791 size-full\" src=\"https:\/\/motorpor.pt\/wp-content\/uploads\/2024\/05\/Novo-Dacia-Spring-1.jpg\" alt=\"\" width=\"2000\" height=\"1334\" \/><\/p>\n<h3><\/h3>\n<h3>A nova gama Spring inclui tr\u00eas n\u00edveis de equipamento<\/h3>\n<p>\u00a0<\/p>\n<p><strong>O Novo Spring apresenta o inovador design Dacia, visto pela primeira vez na nova gera\u00e7\u00e3o do Duster.<\/strong>\u00a0O estilo robusto e assertivo refor\u00e7a ainda mais a atratividade do Spring. O impacto desta transforma\u00e7\u00e3o \u00e9 vis\u00edvel tanto no interior, que foi completamente redesenhado, como no exterior, onde o tejadilho \u00e9 a \u00fanica parte da carro\u00e7aria que se mant\u00e9m do modelo anterior.<\/p>\n<p><strong>O Novo Spring est\u00e1 dispon\u00edvel numa gama de seis tonalidades:\u00a0<\/strong>os j\u00e1 conhecidos Branco Kaolin, Azul Slate, Preto Nacarado, Cinzento Lightning e os novos Bege Safari e Vermelho Brick.<\/p>\n<p><strong>\u00a0<\/strong><strong>Dispon\u00edvel para encomenda na Motorpor, Concession\u00e1rio Dacia, a partir dos 16 900\u20ac<\/strong> na vers\u00e3o Essential 45 cv. <a href=\"https:\/\/motorpor.pt\/fr\/novos\/dacia\/\" target=\"_blank\" rel=\"noopener\">Saiba mais aqui<\/a>.<\/p>\n<p>\u00a0<\/p>\n<p><img decoding=\"async\" class=\"alignnone wp-image-84789 size-full\" src=\"https:\/\/motorpor.pt\/wp-content\/uploads\/2024\/05\/Dacia-Spring-novo-1.png\" alt=\"\" width=\"1000\" height=\"554\" srcset=\"https:\/\/motorpor.pt\/wp-content\/uploads\/2024\/05\/Dacia-Spring-novo-1.png 1000w, https:\/\/motorpor.pt\/wp-content\/uploads\/2024\/05\/Dacia-Spring-novo-1-300x166.png 300w, https:\/\/motorpor.pt\/wp-content\/uploads\/2024\/05\/Dacia-Spring-novo-1-768x425.png 768w, https:\/\/motorpor.pt\/wp-content\/uploads\/2024\/05\/Dacia-Spring-novo-1-18x10.png 18w, https:\/\/motorpor.pt\/wp-content\/uploads\/2024\/05\/Dacia-Spring-novo-1-200x111.png 200w, https:\/\/motorpor.pt\/wp-content\/uploads\/2024\/05\/Dacia-Spring-novo-1-167x93.png 167w, https:\/\/motorpor.pt\/wp-content\/uploads\/2024\/05\/Dacia-Spring-novo-1-335x186.png 335w, https:\/\/motorpor.pt\/wp-content\/uploads\/2024\/05\/Dacia-Spring-novo-1-670x372.png 670w, https:\/\/motorpor.pt\/wp-content\/uploads\/2024\/05\/Dacia-Spring-novo-1-165x91.png 165w\" sizes=\"(max-width: 1000px) 100vw, 1000px\" \/><\/p>\n<p><img decoding=\"async\" class=\"alignnone wp-image-84790 size-full\" src=\"https:\/\/motorpor.pt\/wp-content\/uploads\/2024\/05\/Dacia-Spring-novo-2.png\" alt=\"\" width=\"1000\" height=\"561\" srcset=\"https:\/\/motorpor.pt\/wp-content\/uploads\/2024\/05\/Dacia-Spring-novo-2.png 1000w, https:\/\/motorpor.pt\/wp-content\/uploads\/2024\/05\/Dacia-Spring-novo-2-300x168.png 300w, https:\/\/motorpor.pt\/wp-content\/uploads\/2024\/05\/Dacia-Spring-novo-2-768x431.png 768w, https:\/\/motorpor.pt\/wp-content\/uploads\/2024\/05\/Dacia-Spring-novo-2-18x10.png 18w, https:\/\/motorpor.pt\/wp-content\/uploads\/2024\/05\/Dacia-Spring-novo-2-200x112.png 200w, https:\/\/motorpor.pt\/wp-content\/uploads\/2024\/05\/Dacia-Spring-novo-2-167x93.png 167w, https:\/\/motorpor.pt\/wp-content\/uploads\/2024\/05\/Dacia-Spring-novo-2-165x93.png 165w\" sizes=\"(max-width: 1000px) 100vw, 1000px\" \/><\/p>","protected":false},"excerpt":{"rendered":"<p>O dia 20 de maio marca a abertura das encomendas para o Novo Dacia Spring. Desde o lan\u00e7amento, em 2021, o Spring j\u00e1 vendeu mais de 140 000 unidades, na Europa. Em 2023, as vendas globais dispararam para um recorde de 61 803 unidades, um aumento de 26,4% em rela\u00e7\u00e3o a 2022. O terceiro autom\u00f3vel [&hellip;]<\/p>\n","protected":false},"author":85,"featured_media":84795,"comment_status":"closed","ping_status":"open","sticky":false,"template":"","format":"standard","meta":{"_acf_changed":false,"footnotes":""},"categories":[2595,2592,3088],"tags":[],"class_list":["post-84792","post","type-post","status-publish","format-standard","has-post-thumbnail","hentry","category-atualidade","category-noticias","category-noticias-dacia"],"acf":[],"yoast_head":"<!-- This site is optimized with the Yoast SEO plugin v27.5 - https:\/\/yoast.com\/product\/yoast-seo-wordpress\/ -->\n<title>Abriram as encomendas para o novo Dacia Spring em Portugal - Motorpor<\/title>\n<meta name=\"robots\" content=\"index, follow, max-snippet:-1, max-image-preview:large, max-video-preview:-1\" \/>\n<link rel=\"canonical\" href=\"https:\/\/motorpor.pt\/fr\/abriram-as-escomendas-para-o-novo-dacia-spring-em-portugal\/\" \/>\n<meta property=\"og:locale\" content=\"fr_FR\" \/>\n<meta property=\"og:type\" content=\"article\" \/>\n<meta property=\"og:title\" content=\"Abriram as encomendas para o novo Dacia Spring em Portugal - Motorpor\" \/>\n<meta property=\"og:description\" content=\"O dia 20 de maio marca a abertura das encomendas para o Novo Dacia Spring. Desde o lan\u00e7amento, em 2021, o Spring j\u00e1 vendeu mais de 140 000 unidades, na Europa. Em 2023, as vendas globais dispararam para um recorde de 61 803 unidades, um aumento de 26,4% em rela\u00e7\u00e3o a 2022. O terceiro autom\u00f3vel [&hellip;]\" \/>\n<meta property=\"og:url\" content=\"https:\/\/motorpor.pt\/fr\/abriram-as-escomendas-para-o-novo-dacia-spring-em-portugal\/\" \/>\n<meta property=\"og:site_name\" content=\"Motorpor\" \/>\n<meta property=\"article:published_time\" content=\"2024-05-20T09:26:24+00:00\" \/>\n<meta property=\"article:modified_time\" content=\"2024-07-17T14:49:00+00:00\" \/>\n<meta property=\"og:image\" content=\"https:\/\/motorpor.pt\/wp-content\/uploads\/2024\/05\/Novo-Dacia-Spring-imagem-1.webp\" \/>\n\t<meta property=\"og:image:width\" content=\"2000\" \/>\n\t<meta property=\"og:image:height\" content=\"1130\" \/>\n\t<meta property=\"og:image:type\" content=\"image\/webp\" \/>\n<meta name=\"author\" content=\"mktmotorpor\" \/>\n<meta name=\"twitter:card\" content=\"summary_large_image\" \/>\n<meta name=\"twitter:label1\" content=\"\u00c9crit par\" \/>\n\t<meta name=\"twitter:data1\" content=\"mktmotorpor\" \/>\n\t<meta name=\"twitter:label2\" content=\"Dur\u00e9e de lecture estim\u00e9e\" \/>\n\t<meta name=\"twitter:data2\" content=\"1 minute\" \/>\n<script type=\"application\/ld+json\" class=\"yoast-schema-graph\">{\"@context\":\"https:\\\/\\\/schema.org\",\"@graph\":[{\"@type\":\"Article\",\"@id\":\"https:\\\/\\\/motorpor.pt\\\/abriram-as-escomendas-para-o-novo-dacia-spring-em-portugal\\\/#article\",\"isPartOf\":{\"@id\":\"https:\\\/\\\/motorpor.pt\\\/abriram-as-escomendas-para-o-novo-dacia-spring-em-portugal\\\/\"},\"author\":{\"name\":\"mktmotorpor\",\"@id\":\"https:\\\/\\\/motorpor.pt\\\/#\\\/schema\\\/person\\\/b4bf07144e88efed7388a5af30522db7\"},\"headline\":\"Abriram as encomendas para o novo Dacia Spring em Portugal\",\"datePublished\":\"2024-05-20T09:26:24+00:00\",\"dateModified\":\"2024-07-17T14:49:00+00:00\",\"mainEntityOfPage\":{\"@id\":\"https:\\\/\\\/motorpor.pt\\\/abriram-as-escomendas-para-o-novo-dacia-spring-em-portugal\\\/\"},\"wordCount\":236,\"publisher\":{\"@id\":\"https:\\\/\\\/motorpor.pt\\\/#organization\"},\"image\":{\"@id\":\"https:\\\/\\\/motorpor.pt\\\/abriram-as-escomendas-para-o-novo-dacia-spring-em-portugal\\\/#primaryimage\"},\"thumbnailUrl\":\"https:\\\/\\\/motorpor.pt\\\/wp-content\\\/uploads\\\/2024\\\/05\\\/Novo-Dacia-Spring-imagem-1.webp\",\"articleSection\":[\"Atualidade\",\"Not\u00edcias\",\"Not\u00edcias Dacia\"],\"inLanguage\":\"fr-FR\"},{\"@type\":\"WebPage\",\"@id\":\"https:\\\/\\\/motorpor.pt\\\/abriram-as-escomendas-para-o-novo-dacia-spring-em-portugal\\\/\",\"url\":\"https:\\\/\\\/motorpor.pt\\\/abriram-as-escomendas-para-o-novo-dacia-spring-em-portugal\\\/\",\"name\":\"Abriram as encomendas para o novo Dacia Spring em Portugal - Motorpor\",\"isPartOf\":{\"@id\":\"https:\\\/\\\/motorpor.pt\\\/#website\"},\"primaryImageOfPage\":{\"@id\":\"https:\\\/\\\/motorpor.pt\\\/abriram-as-escomendas-para-o-novo-dacia-spring-em-portugal\\\/#primaryimage\"},\"image\":{\"@id\":\"https:\\\/\\\/motorpor.pt\\\/abriram-as-escomendas-para-o-novo-dacia-spring-em-portugal\\\/#primaryimage\"},\"thumbnailUrl\":\"https:\\\/\\\/motorpor.pt\\\/wp-content\\\/uploads\\\/2024\\\/05\\\/Novo-Dacia-Spring-imagem-1.webp\",\"datePublished\":\"2024-05-20T09:26:24+00:00\",\"dateModified\":\"2024-07-17T14:49:00+00:00\",\"breadcrumb\":{\"@id\":\"https:\\\/\\\/motorpor.pt\\\/abriram-as-escomendas-para-o-novo-dacia-spring-em-portugal\\\/#breadcrumb\"},\"inLanguage\":\"fr-FR\",\"potentialAction\":[{\"@type\":\"ReadAction\",\"target\":[\"https:\\\/\\\/motorpor.pt\\\/abriram-as-escomendas-para-o-novo-dacia-spring-em-portugal\\\/\"]}]},{\"@type\":\"ImageObject\",\"inLanguage\":\"fr-FR\",\"@id\":\"https:\\\/\\\/motorpor.pt\\\/abriram-as-escomendas-para-o-novo-dacia-spring-em-portugal\\\/#primaryimage\",\"url\":\"https:\\\/\\\/motorpor.pt\\\/wp-content\\\/uploads\\\/2024\\\/05\\\/Novo-Dacia-Spring-imagem-1.webp\",\"contentUrl\":\"https:\\\/\\\/motorpor.pt\\\/wp-content\\\/uploads\\\/2024\\\/05\\\/Novo-Dacia-Spring-imagem-1.webp\",\"width\":2000,\"height\":1130},{\"@type\":\"BreadcrumbList\",\"@id\":\"https:\\\/\\\/motorpor.pt\\\/abriram-as-escomendas-para-o-novo-dacia-spring-em-portugal\\\/#breadcrumb\",\"itemListElement\":[{\"@type\":\"ListItem\",\"position\":1,\"name\":\"In\u00edcio\",\"item\":\"https:\\\/\\\/motorpor.pt\\\/\"},{\"@type\":\"ListItem\",\"position\":2,\"name\":\"Abriram as encomendas para o novo Dacia Spring em Portugal\"}]},{\"@type\":\"WebSite\",\"@id\":\"https:\\\/\\\/motorpor.pt\\\/#website\",\"url\":\"https:\\\/\\\/motorpor.pt\\\/\",\"name\":\"Motorpor\",\"description\":\"Comercio de Autom\u00f3veis Multimarcas\",\"publisher\":{\"@id\":\"https:\\\/\\\/motorpor.pt\\\/#organization\"},\"potentialAction\":[{\"@type\":\"SearchAction\",\"target\":{\"@type\":\"EntryPoint\",\"urlTemplate\":\"https:\\\/\\\/motorpor.pt\\\/?s={search_term_string}\"},\"query-input\":{\"@type\":\"PropertyValueSpecification\",\"valueRequired\":true,\"valueName\":\"search_term_string\"}}],\"inLanguage\":\"fr-FR\"},{\"@type\":\"Organization\",\"@id\":\"https:\\\/\\\/motorpor.pt\\\/#organization\",\"name\":\"Motorpor\",\"alternateName\":\"Motorpor\",\"url\":\"https:\\\/\\\/motorpor.pt\\\/\",\"logo\":{\"@type\":\"ImageObject\",\"inLanguage\":\"fr-FR\",\"@id\":\"https:\\\/\\\/motorpor.pt\\\/#\\\/schema\\\/logo\\\/image\\\/\",\"url\":\"https:\\\/\\\/motorpor.pt\\\/wp-content\\\/uploads\\\/2024\\\/07\\\/Logo-Motorpor-Preto.svg\",\"contentUrl\":\"https:\\\/\\\/motorpor.pt\\\/wp-content\\\/uploads\\\/2024\\\/07\\\/Logo-Motorpor-Preto.svg\",\"width\":493,\"height\":93,\"caption\":\"Motorpor\"},\"image\":{\"@id\":\"https:\\\/\\\/motorpor.pt\\\/#\\\/schema\\\/logo\\\/image\\\/\"},\"sameAs\":[\"https:\\\/\\\/www.linkedin.com\\\/company\\\/grupo-motorpor\"]},{\"@type\":\"Person\",\"@id\":\"https:\\\/\\\/motorpor.pt\\\/#\\\/schema\\\/person\\\/b4bf07144e88efed7388a5af30522db7\",\"name\":\"mktmotorpor\",\"image\":{\"@type\":\"ImageObject\",\"inLanguage\":\"fr-FR\",\"@id\":\"https:\\\/\\\/secure.gravatar.com\\\/avatar\\\/8418b61b3175dbba0a8744cf0ee6bb5c7a9f6c67f1dbc4f41a62d7b9738259a2?s=96&d=mm&r=g\",\"url\":\"https:\\\/\\\/secure.gravatar.com\\\/avatar\\\/8418b61b3175dbba0a8744cf0ee6bb5c7a9f6c67f1dbc4f41a62d7b9738259a2?s=96&d=mm&r=g\",\"contentUrl\":\"https:\\\/\\\/secure.gravatar.com\\\/avatar\\\/8418b61b3175dbba0a8744cf0ee6bb5c7a9f6c67f1dbc4f41a62d7b9738259a2?s=96&d=mm&r=g\",\"caption\":\"mktmotorpor\"},\"url\":\"https:\\\/\\\/motorpor.pt\\\/fr\\\/user\\\/mktmotorpor\\\/\"}]}<\/script>\n<!-- \/ Yoast SEO plugin. -->","yoast_head_json":{"title":"Abriram as encomendas para o novo Dacia Spring em Portugal - Motorpor","robots":{"index":"index","follow":"follow","max-snippet":"max-snippet:-1","max-image-preview":"max-image-preview:large","max-video-preview":"max-video-preview:-1"},"canonical":"https:\/\/motorpor.pt\/fr\/abriram-as-escomendas-para-o-novo-dacia-spring-em-portugal\/","og_locale":"fr_FR","og_type":"article","og_title":"Abriram as encomendas para o novo Dacia Spring em Portugal - Motorpor","og_description":"O dia 20 de maio marca a abertura das encomendas para o Novo Dacia Spring. Desde o lan\u00e7amento, em 2021, o Spring j\u00e1 vendeu mais de 140 000 unidades, na Europa. Em 2023, as vendas globais dispararam para um recorde de 61 803 unidades, um aumento de 26,4% em rela\u00e7\u00e3o a 2022. O terceiro autom\u00f3vel [&hellip;]","og_url":"https:\/\/motorpor.pt\/fr\/abriram-as-escomendas-para-o-novo-dacia-spring-em-portugal\/","og_site_name":"Motorpor","article_published_time":"2024-05-20T09:26:24+00:00","article_modified_time":"2024-07-17T14:49:00+00:00","og_image":[{"width":2000,"height":1130,"url":"https:\/\/motorpor.pt\/wp-content\/uploads\/2024\/05\/Novo-Dacia-Spring-imagem-1.webp","type":"image\/webp"}],"author":"mktmotorpor","twitter_card":"summary_large_image","twitter_misc":{"\u00c9crit par":"mktmotorpor","Dur\u00e9e de lecture estim\u00e9e":"1 minute"},"schema":{"@context":"https:\/\/schema.org","@graph":[{"@type":"Article","@id":"https:\/\/motorpor.pt\/abriram-as-escomendas-para-o-novo-dacia-spring-em-portugal\/#article","isPartOf":{"@id":"https:\/\/motorpor.pt\/abriram-as-escomendas-para-o-novo-dacia-spring-em-portugal\/"},"author":{"name":"mktmotorpor","@id":"https:\/\/motorpor.pt\/#\/schema\/person\/b4bf07144e88efed7388a5af30522db7"},"headline":"Abriram as encomendas para o novo Dacia Spring em Portugal","datePublished":"2024-05-20T09:26:24+00:00","dateModified":"2024-07-17T14:49:00+00:00","mainEntityOfPage":{"@id":"https:\/\/motorpor.pt\/abriram-as-escomendas-para-o-novo-dacia-spring-em-portugal\/"},"wordCount":236,"publisher":{"@id":"https:\/\/motorpor.pt\/#organization"},"image":{"@id":"https:\/\/motorpor.pt\/abriram-as-escomendas-para-o-novo-dacia-spring-em-portugal\/#primaryimage"},"thumbnailUrl":"https:\/\/motorpor.pt\/wp-content\/uploads\/2024\/05\/Novo-Dacia-Spring-imagem-1.webp","articleSection":["Atualidade","Not\u00edcias","Not\u00edcias Dacia"],"inLanguage":"fr-FR"},{"@type":"WebPage","@id":"https:\/\/motorpor.pt\/abriram-as-escomendas-para-o-novo-dacia-spring-em-portugal\/","url":"https:\/\/motorpor.pt\/abriram-as-escomendas-para-o-novo-dacia-spring-em-portugal\/","name":"Abriram as encomendas para o novo Dacia Spring em Portugal - Motorpor","isPartOf":{"@id":"https:\/\/motorpor.pt\/#website"},"primaryImageOfPage":{"@id":"https:\/\/motorpor.pt\/abriram-as-escomendas-para-o-novo-dacia-spring-em-portugal\/#primaryimage"},"image":{"@id":"https:\/\/motorpor.pt\/abriram-as-escomendas-para-o-novo-dacia-spring-em-portugal\/#primaryimage"},"thumbnailUrl":"https:\/\/motorpor.pt\/wp-content\/uploads\/2024\/05\/Novo-Dacia-Spring-imagem-1.webp","datePublished":"2024-05-20T09:26:24+00:00","dateModified":"2024-07-17T14:49:00+00:00","breadcrumb":{"@id":"https:\/\/motorpor.pt\/abriram-as-escomendas-para-o-novo-dacia-spring-em-portugal\/#breadcrumb"},"inLanguage":"fr-FR","potentialAction":[{"@type":"ReadAction","target":["https:\/\/motorpor.pt\/abriram-as-escomendas-para-o-novo-dacia-spring-em-portugal\/"]}]},{"@type":"ImageObject","inLanguage":"fr-FR","@id":"https:\/\/motorpor.pt\/abriram-as-escomendas-para-o-novo-dacia-spring-em-portugal\/#primaryimage","url":"https:\/\/motorpor.pt\/wp-content\/uploads\/2024\/05\/Novo-Dacia-Spring-imagem-1.webp","contentUrl":"https:\/\/motorpor.pt\/wp-content\/uploads\/2024\/05\/Novo-Dacia-Spring-imagem-1.webp","width":2000,"height":1130},{"@type":"BreadcrumbList","@id":"https:\/\/motorpor.pt\/abriram-as-escomendas-para-o-novo-dacia-spring-em-portugal\/#breadcrumb","itemListElement":[{"@type":"ListItem","position":1,"name":"In\u00edcio","item":"https:\/\/motorpor.pt\/"},{"@type":"ListItem","position":2,"name":"Abriram as encomendas para o novo Dacia Spring em Portugal"}]},{"@type":"WebSite","@id":"https:\/\/motorpor.pt\/#website","url":"https:\/\/motorpor.pt\/","name":"motorpor","description":"Comercio de Autom\u00f3veis Multimarcas","publisher":{"@id":"https:\/\/motorpor.pt\/#organization"},"potentialAction":[{"@type":"SearchAction","target":{"@type":"EntryPoint","urlTemplate":"https:\/\/motorpor.pt\/?s={search_term_string}"},"query-input":{"@type":"PropertyValueSpecification","valueRequired":true,"valueName":"search_term_string"}}],"inLanguage":"fr-FR"},{"@type":"Organization","@id":"https:\/\/motorpor.pt\/#organization","name":"motorpor","alternateName":"Motorpor","url":"https:\/\/motorpor.pt\/","logo":{"@type":"ImageObject","inLanguage":"fr-FR","@id":"https:\/\/motorpor.pt\/#\/schema\/logo\/image\/","url":"https:\/\/motorpor.pt\/wp-content\/uploads\/2024\/07\/Logo-Motorpor-Preto.svg","contentUrl":"https:\/\/motorpor.pt\/wp-content\/uploads\/2024\/07\/Logo-Motorpor-Preto.svg","width":493,"height":93,"caption":"Motorpor"},"image":{"@id":"https:\/\/motorpor.pt\/#\/schema\/logo\/image\/"},"sameAs":["https:\/\/www.linkedin.com\/company\/grupo-motorpor"]},{"@type":"Person","@id":"https:\/\/motorpor.pt\/#\/schema\/person\/b4bf07144e88efed7388a5af30522db7","name":"mktmotorpor","image":{"@type":"ImageObject","inLanguage":"fr-FR","@id":"https:\/\/secure.gravatar.com\/avatar\/8418b61b3175dbba0a8744cf0ee6bb5c7a9f6c67f1dbc4f41a62d7b9738259a2?s=96&d=mm&r=g","url":"https:\/\/secure.gravatar.com\/avatar\/8418b61b3175dbba0a8744cf0ee6bb5c7a9f6c67f1dbc4f41a62d7b9738259a2?s=96&d=mm&r=g","contentUrl":"https:\/\/secure.gravatar.com\/avatar\/8418b61b3175dbba0a8744cf0ee6bb5c7a9f6c67f1dbc4f41a62d7b9738259a2?s=96&d=mm&r=g","caption":"mktmotorpor"},"url":"https:\/\/motorpor.pt\/fr\/user\/mktmotorpor\/"}]}},"_links":{"self":[{"href":"https:\/\/motorpor.pt\/fr\/wp-json\/wp\/v2\/posts\/84792","targetHints":{"allow":["GET"]}}],"collection":[{"href":"https:\/\/motorpor.pt\/fr\/wp-json\/wp\/v2\/posts"}],"about":[{"href":"https:\/\/motorpor.pt\/fr\/wp-json\/wp\/v2\/types\/post"}],"author":[{"embeddable":true,"href":"https:\/\/motorpor.pt\/fr\/wp-json\/wp\/v2\/users\/85"}],"replies":[{"embeddable":true,"href":"https:\/\/motorpor.pt\/fr\/wp-json\/wp\/v2\/comments?post=84792"}],"version-history":[{"count":3,"href":"https:\/\/motorpor.pt\/fr\/wp-json\/wp\/v2\/posts\/84792\/revisions"}],"predecessor-version":[{"id":90236,"href":"https:\/\/motorpor.pt\/fr\/wp-json\/wp\/v2\/posts\/84792\/revisions\/90236"}],"wp:featuredmedia":[{"embeddable":true,"href":"https:\/\/motorpor.pt\/fr\/wp-json\/wp\/v2\/media\/84795"}],"wp:attachment":[{"href":"https:\/\/motorpor.pt\/fr\/wp-json\/wp\/v2\/media?parent=84792"}],"wp:term":[{"taxonomy":"category","embeddable":true,"href":"https:\/\/motorpor.pt\/fr\/wp-json\/wp\/v2\/categories?post=84792"},{"taxonomy":"post_tag","embeddable":true,"href":"https:\/\/motorpor.pt\/fr\/wp-json\/wp\/v2\/tags?post=84792"}],"curies":[{"name":"wp","href":"https:\/\/api.w.org\/{rel}","templated":true}]}}