{"id":85563,"date":"2024-06-03T12:18:28","date_gmt":"2024-06-03T11:18:28","guid":{"rendered":"https:\/\/motorpor.pt\/renault-5-e-tech-100-eletrico-ja-disponivel-em-portugal\/"},"modified":"2024-06-03T12:18:28","modified_gmt":"2024-06-03T11:18:28","slug":"renault-5-e-tech-100-eletrico-ja-disponivel-em-portugal","status":"publish","type":"post","link":"https:\/\/motorpor.pt\/fr\/renault-5-e-tech-100-eletrico-ja-disponivel-em-portugal\/","title":{"rendered":"Renault 5 E-Tech 100% El\u00e9trico j\u00e1 dispon\u00edvel em Portugal"},"content":{"rendered":"<h5>O Renault 5 E-Tech 100% el\u00e9trico vai estar dispon\u00edvel, a partir de 2025, em cinco vers\u00f5es: Five, Evolution, Techno, Iconic cinq e a s\u00e9rie especial Roland-Garros.<\/h5>\n<p>As vers\u00f5es Techno e Iconic\u00a0 s\u00e3o as primeiras dispon\u00edveis para encomenda. Ambas est\u00e3o equipadas com a bateria de 52 kWh, com uma autonomia de at\u00e9 410 km WLTP. As encomendas v\u00e3o ser alargadas a todas as vers\u00f5es, em 2025.<\/p>\n<p>No lan\u00e7amento do novo Renault, os clientes v\u00e3o poder escolher entre cinco cores: Amarelo Pop, Verde Pop, Azul Noturno, Branco Nacarado e Preto Estrela. V\u00e3o, ainda, conseguir configurar o seu Renault 5 E-Tech 100% el\u00e9trico a partir de uma gama completa de 104 acess\u00f3rios.<\/p>\n<div id='gallery-1' class='gallery galleryid-85563 gallery-columns-3 gallery-size-full'><figure class='gallery-item'>\n\t\t\t<div class='gallery-icon landscape'>\n\t\t\t\t<a href='https:\/\/motorpor.pt\/fr\/renault-5-e-tech-100-eletrico-5\/'><img fetchpriority=\"high\" decoding=\"async\" width=\"2560\" height=\"1440\" src=\"https:\/\/motorpor.pt\/wp-content\/uploads\/2024\/06\/Renault-5-E-Tech-100-eletrico-scaled.jpg\" class=\"attachment-full size-full\" alt=\"\" srcset=\"https:\/\/motorpor.pt\/wp-content\/uploads\/2024\/06\/Renault-5-E-Tech-100-eletrico-scaled.jpg 2560w, https:\/\/motorpor.pt\/wp-content\/uploads\/2024\/06\/Renault-5-E-Tech-100-eletrico-300x169.jpg 300w, https:\/\/motorpor.pt\/wp-content\/uploads\/2024\/06\/Renault-5-E-Tech-100-eletrico-1024x576.jpg 1024w, https:\/\/motorpor.pt\/wp-content\/uploads\/2024\/06\/Renault-5-E-Tech-100-eletrico-768x432.jpg 768w, https:\/\/motorpor.pt\/wp-content\/uploads\/2024\/06\/Renault-5-E-Tech-100-eletrico-1536x864.jpg 1536w, https:\/\/motorpor.pt\/wp-content\/uploads\/2024\/06\/Renault-5-E-Tech-100-eletrico-2048x1152.jpg 2048w, https:\/\/motorpor.pt\/wp-content\/uploads\/2024\/06\/Renault-5-E-Tech-100-eletrico-18x10.jpg 18w, https:\/\/motorpor.pt\/wp-content\/uploads\/2024\/06\/Renault-5-E-Tech-100-eletrico-200x113.jpg 200w, https:\/\/motorpor.pt\/wp-content\/uploads\/2024\/06\/Renault-5-E-Tech-100-eletrico-167x93.jpg 167w, https:\/\/motorpor.pt\/wp-content\/uploads\/2024\/06\/Renault-5-E-Tech-100-eletrico-165x93.jpg 165w\" sizes=\"(max-width: 2560px) 100vw, 2560px\" \/><\/a>\n\t\t\t<\/div><\/figure><figure class='gallery-item'>\n\t\t\t<div class='gallery-icon landscape'>\n\t\t\t\t<a href='https:\/\/motorpor.pt\/fr\/renault-5-e-tech-100-eletrico-6\/'><img decoding=\"async\" width=\"2560\" height=\"1440\" src=\"https:\/\/motorpor.pt\/wp-content\/uploads\/2024\/06\/Renault-5-E-Tech-100-eletrico-1-scaled.jpg\" class=\"attachment-full size-full\" alt=\"\" srcset=\"https:\/\/motorpor.pt\/wp-content\/uploads\/2024\/06\/Renault-5-E-Tech-100-eletrico-1-scaled.jpg 2560w, https:\/\/motorpor.pt\/wp-content\/uploads\/2024\/06\/Renault-5-E-Tech-100-eletrico-1-300x169.jpg 300w, https:\/\/motorpor.pt\/wp-content\/uploads\/2024\/06\/Renault-5-E-Tech-100-eletrico-1-1024x576.jpg 1024w, https:\/\/motorpor.pt\/wp-content\/uploads\/2024\/06\/Renault-5-E-Tech-100-eletrico-1-768x432.jpg 768w, https:\/\/motorpor.pt\/wp-content\/uploads\/2024\/06\/Renault-5-E-Tech-100-eletrico-1-1536x864.jpg 1536w, https:\/\/motorpor.pt\/wp-content\/uploads\/2024\/06\/Renault-5-E-Tech-100-eletrico-1-2048x1152.jpg 2048w, https:\/\/motorpor.pt\/wp-content\/uploads\/2024\/06\/Renault-5-E-Tech-100-eletrico-1-18x10.jpg 18w, https:\/\/motorpor.pt\/wp-content\/uploads\/2024\/06\/Renault-5-E-Tech-100-eletrico-1-200x112.jpg 200w, https:\/\/motorpor.pt\/wp-content\/uploads\/2024\/06\/Renault-5-E-Tech-100-eletrico-1-167x93.jpg 167w, https:\/\/motorpor.pt\/wp-content\/uploads\/2024\/06\/Renault-5-E-Tech-100-eletrico-1-165x93.jpg 165w\" sizes=\"(max-width: 2560px) 100vw, 2560px\" \/><\/a>\n\t\t\t<\/div><\/figure><figure class='gallery-item'>\n\t\t\t<div class='gallery-icon landscape'>\n\t\t\t\t<a href='https:\/\/motorpor.pt\/fr\/renault-5-e-tech-100-eletrico-7\/'><img decoding=\"async\" width=\"2560\" height=\"1440\" src=\"https:\/\/motorpor.pt\/wp-content\/uploads\/2024\/06\/Renault-5-E-Tech-100-eletrico-2-scaled.jpg\" class=\"attachment-full size-full\" alt=\"\" srcset=\"https:\/\/motorpor.pt\/wp-content\/uploads\/2024\/06\/Renault-5-E-Tech-100-eletrico-2-scaled.jpg 2560w, https:\/\/motorpor.pt\/wp-content\/uploads\/2024\/06\/Renault-5-E-Tech-100-eletrico-2-300x169.jpg 300w, https:\/\/motorpor.pt\/wp-content\/uploads\/2024\/06\/Renault-5-E-Tech-100-eletrico-2-1024x576.jpg 1024w, https:\/\/motorpor.pt\/wp-content\/uploads\/2024\/06\/Renault-5-E-Tech-100-eletrico-2-768x432.jpg 768w, https:\/\/motorpor.pt\/wp-content\/uploads\/2024\/06\/Renault-5-E-Tech-100-eletrico-2-1536x864.jpg 1536w, https:\/\/motorpor.pt\/wp-content\/uploads\/2024\/06\/Renault-5-E-Tech-100-eletrico-2-2048x1152.jpg 2048w, https:\/\/motorpor.pt\/wp-content\/uploads\/2024\/06\/Renault-5-E-Tech-100-eletrico-2-18x10.jpg 18w, https:\/\/motorpor.pt\/wp-content\/uploads\/2024\/06\/Renault-5-E-Tech-100-eletrico-2-200x113.jpg 200w, https:\/\/motorpor.pt\/wp-content\/uploads\/2024\/06\/Renault-5-E-Tech-100-eletrico-2-167x93.jpg 167w, https:\/\/motorpor.pt\/wp-content\/uploads\/2024\/06\/Renault-5-E-Tech-100-eletrico-2-165x93.jpg 165w\" sizes=\"(max-width: 2560px) 100vw, 2560px\" \/><\/a>\n\t\t\t<\/div><\/figure>\n\t\t<\/div>\n\n<p>&#8220;As duas primeiras vers\u00f5es dispon\u00edveis para encomenda &#8211; Techno e Iconic cinq &#8211; s\u00e3o equipadas, de s\u00e9rie, com uma grande variedade de caracter\u00edsticas, incluindo: bomba de calor, carregador bidirecional de 11 kW AC, carregador r\u00e1pido at\u00e9 100 kW DC, climatiza\u00e7\u00e3o autom\u00e1tica, jantes Techno e Chrono de 18&#8221;, c\u00e2mara de marcha-atr\u00e1s, regulador de velocidade adaptativo e dois ecr\u00e3s horizontais com um painel de instrumentos digital de 10&#8221; e um ecr\u00e3 central de 10,1&#8221;, com o sistema multim\u00e9dia OpenR Link com Google incorporado, incluindo o aclamado gestor de rotas el\u00e9tricas.<\/p>\n<p>O Renault 5 E-Tech 100% el\u00e9trico, vers\u00e3o Techno, com uma bateria de 52 kWh com at\u00e9 410 km autonomia, est\u00e1 dispon\u00edvel a partir de 33 000 euros. Conhe\u00e7a todos os <a href=\"https:\/\/motorpor.pt\/fr\/novos\/renault\/\">ve\u00edculos Renault dispon\u00edveis no nosso site<\/a>.<\/p>","protected":false},"excerpt":{"rendered":"<p>O Renault 5 E-Tech 100% el\u00e9trico vai estar dispon\u00edvel, a partir de 2025, em cinco vers\u00f5es: Five, Evolution, Techno, Iconic cinq e a s\u00e9rie especial Roland-Garros. As vers\u00f5es Techno e Iconic\u00a0 s\u00e3o as primeiras dispon\u00edveis para encomenda. Ambas est\u00e3o equipadas com a bateria de 52 kWh, com uma autonomia de at\u00e9 410 km WLTP. As [&hellip;]<\/p>\n","protected":false},"author":85,"featured_media":79417,"comment_status":"","ping_status":"open","sticky":false,"template":"","format":"standard","meta":{"_acf_changed":false,"footnotes":""},"categories":[2595,2594,2592],"tags":[],"class_list":["post-85563","post","type-post","status-publish","format-standard","has-post-thumbnail","hentry","category-atualidade","category-destaques","category-noticias"],"acf":[],"yoast_head":"<!-- This site is optimized with the Yoast SEO plugin v27.5 - https:\/\/yoast.com\/product\/yoast-seo-wordpress\/ -->\n<title>Renault 5 E-Tech 100% El\u00e9trico j\u00e1 dispon\u00edvel em Portugal - Motorpor<\/title>\n<meta name=\"robots\" content=\"index, follow, max-snippet:-1, max-image-preview:large, max-video-preview:-1\" \/>\n<link rel=\"canonical\" href=\"https:\/\/motorpor.pt\/fr\/renault-5-e-tech-100-eletrico-ja-disponivel-em-portugal\/\" \/>\n<meta property=\"og:locale\" content=\"fr_FR\" \/>\n<meta property=\"og:type\" content=\"article\" \/>\n<meta property=\"og:title\" content=\"Renault 5 E-Tech 100% El\u00e9trico j\u00e1 dispon\u00edvel em Portugal - Motorpor\" \/>\n<meta property=\"og:description\" content=\"O Renault 5 E-Tech 100% el\u00e9trico vai estar dispon\u00edvel, a partir de 2025, em cinco vers\u00f5es: Five, Evolution, Techno, Iconic cinq e a s\u00e9rie especial Roland-Garros. As vers\u00f5es Techno e Iconic\u00a0 s\u00e3o as primeiras dispon\u00edveis para encomenda. Ambas est\u00e3o equipadas com a bateria de 52 kWh, com uma autonomia de at\u00e9 410 km WLTP. As [&hellip;]\" \/>\n<meta property=\"og:url\" content=\"https:\/\/motorpor.pt\/fr\/renault-5-e-tech-100-eletrico-ja-disponivel-em-portugal\/\" \/>\n<meta property=\"og:site_name\" content=\"Motorpor\" \/>\n<meta property=\"article:published_time\" content=\"2024-06-03T11:18:28+00:00\" \/>\n<meta property=\"og:image\" content=\"https:\/\/motorpor.pt\/wp-content\/uploads\/2024\/06\/Renault-5-E-Tech-100-eletrico-scaled.jpg\" \/>\n<meta name=\"author\" content=\"mktmotorpor\" \/>\n<meta name=\"twitter:card\" content=\"summary_large_image\" \/>\n<meta name=\"twitter:label1\" content=\"\u00c9crit par\" \/>\n\t<meta name=\"twitter:data1\" content=\"mktmotorpor\" \/>\n\t<meta name=\"twitter:label2\" content=\"Dur\u00e9e de lecture estim\u00e9e\" \/>\n\t<meta name=\"twitter:data2\" content=\"1 minute\" \/>\n<script type=\"application\/ld+json\" class=\"yoast-schema-graph\">{\"@context\":\"https:\\\/\\\/schema.org\",\"@graph\":[{\"@type\":\"Article\",\"@id\":\"https:\\\/\\\/motorpor.pt\\\/renault-5-e-tech-100-eletrico-ja-disponivel-em-portugal\\\/#article\",\"isPartOf\":{\"@id\":\"https:\\\/\\\/motorpor.pt\\\/renault-5-e-tech-100-eletrico-ja-disponivel-em-portugal\\\/\"},\"author\":{\"name\":\"mktmotorpor\",\"@id\":\"https:\\\/\\\/motorpor.pt\\\/#\\\/schema\\\/person\\\/b4bf07144e88efed7388a5af30522db7\"},\"headline\":\"Renault 5 E-Tech 100% El\u00e9trico j\u00e1 dispon\u00edvel em Portugal\",\"datePublished\":\"2024-06-03T11:18:28+00:00\",\"mainEntityOfPage\":{\"@id\":\"https:\\\/\\\/motorpor.pt\\\/renault-5-e-tech-100-eletrico-ja-disponivel-em-portugal\\\/\"},\"wordCount\":260,\"publisher\":{\"@id\":\"https:\\\/\\\/motorpor.pt\\\/#organization\"},\"image\":{\"@id\":\"https:\\\/\\\/motorpor.pt\\\/renault-5-e-tech-100-eletrico-ja-disponivel-em-portugal\\\/#primaryimage\"},\"thumbnailUrl\":\"https:\\\/\\\/motorpor.pt\\\/wp-content\\\/uploads\\\/2024\\\/06\\\/Renault-5-E-Tech-100-eletrico-2-scaled-1.jpg\",\"articleSection\":[\"Atualidade\",\"Destaques\",\"Not\u00edcias\"],\"inLanguage\":\"fr-FR\"},{\"@type\":\"WebPage\",\"@id\":\"https:\\\/\\\/motorpor.pt\\\/renault-5-e-tech-100-eletrico-ja-disponivel-em-portugal\\\/\",\"url\":\"https:\\\/\\\/motorpor.pt\\\/renault-5-e-tech-100-eletrico-ja-disponivel-em-portugal\\\/\",\"name\":\"Renault 5 E-Tech 100% El\u00e9trico j\u00e1 dispon\u00edvel em Portugal - Motorpor\",\"isPartOf\":{\"@id\":\"https:\\\/\\\/motorpor.pt\\\/#website\"},\"primaryImageOfPage\":{\"@id\":\"https:\\\/\\\/motorpor.pt\\\/renault-5-e-tech-100-eletrico-ja-disponivel-em-portugal\\\/#primaryimage\"},\"image\":{\"@id\":\"https:\\\/\\\/motorpor.pt\\\/renault-5-e-tech-100-eletrico-ja-disponivel-em-portugal\\\/#primaryimage\"},\"thumbnailUrl\":\"https:\\\/\\\/motorpor.pt\\\/wp-content\\\/uploads\\\/2024\\\/06\\\/Renault-5-E-Tech-100-eletrico-2-scaled-1.jpg\",\"datePublished\":\"2024-06-03T11:18:28+00:00\",\"breadcrumb\":{\"@id\":\"https:\\\/\\\/motorpor.pt\\\/renault-5-e-tech-100-eletrico-ja-disponivel-em-portugal\\\/#breadcrumb\"},\"inLanguage\":\"fr-FR\",\"potentialAction\":[{\"@type\":\"ReadAction\",\"target\":[\"https:\\\/\\\/motorpor.pt\\\/renault-5-e-tech-100-eletrico-ja-disponivel-em-portugal\\\/\"]}]},{\"@type\":\"ImageObject\",\"inLanguage\":\"fr-FR\",\"@id\":\"https:\\\/\\\/motorpor.pt\\\/renault-5-e-tech-100-eletrico-ja-disponivel-em-portugal\\\/#primaryimage\",\"url\":\"https:\\\/\\\/motorpor.pt\\\/wp-content\\\/uploads\\\/2024\\\/06\\\/Renault-5-E-Tech-100-eletrico-2-scaled-1.jpg\",\"contentUrl\":\"https:\\\/\\\/motorpor.pt\\\/wp-content\\\/uploads\\\/2024\\\/06\\\/Renault-5-E-Tech-100-eletrico-2-scaled-1.jpg\",\"width\":2560,\"height\":1439},{\"@type\":\"BreadcrumbList\",\"@id\":\"https:\\\/\\\/motorpor.pt\\\/renault-5-e-tech-100-eletrico-ja-disponivel-em-portugal\\\/#breadcrumb\",\"itemListElement\":[{\"@type\":\"ListItem\",\"position\":1,\"name\":\"In\u00edcio\",\"item\":\"https:\\\/\\\/motorpor.pt\\\/\"},{\"@type\":\"ListItem\",\"position\":2,\"name\":\"Renault 5 E-Tech 100% El\u00e9trico j\u00e1 dispon\u00edvel em Portugal\"}]},{\"@type\":\"WebSite\",\"@id\":\"https:\\\/\\\/motorpor.pt\\\/#website\",\"url\":\"https:\\\/\\\/motorpor.pt\\\/\",\"name\":\"Motorpor\",\"description\":\"Comercio de Autom\u00f3veis Multimarcas\",\"publisher\":{\"@id\":\"https:\\\/\\\/motorpor.pt\\\/#organization\"},\"potentialAction\":[{\"@type\":\"SearchAction\",\"target\":{\"@type\":\"EntryPoint\",\"urlTemplate\":\"https:\\\/\\\/motorpor.pt\\\/?s={search_term_string}\"},\"query-input\":{\"@type\":\"PropertyValueSpecification\",\"valueRequired\":true,\"valueName\":\"search_term_string\"}}],\"inLanguage\":\"fr-FR\"},{\"@type\":\"Organization\",\"@id\":\"https:\\\/\\\/motorpor.pt\\\/#organization\",\"name\":\"Motorpor\",\"alternateName\":\"Motorpor\",\"url\":\"https:\\\/\\\/motorpor.pt\\\/\",\"logo\":{\"@type\":\"ImageObject\",\"inLanguage\":\"fr-FR\",\"@id\":\"https:\\\/\\\/motorpor.pt\\\/#\\\/schema\\\/logo\\\/image\\\/\",\"url\":\"https:\\\/\\\/motorpor.pt\\\/wp-content\\\/uploads\\\/2024\\\/07\\\/Logo-Motorpor-Preto.svg\",\"contentUrl\":\"https:\\\/\\\/motorpor.pt\\\/wp-content\\\/uploads\\\/2024\\\/07\\\/Logo-Motorpor-Preto.svg\",\"width\":493,\"height\":93,\"caption\":\"Motorpor\"},\"image\":{\"@id\":\"https:\\\/\\\/motorpor.pt\\\/#\\\/schema\\\/logo\\\/image\\\/\"},\"sameAs\":[\"https:\\\/\\\/www.linkedin.com\\\/company\\\/grupo-motorpor\"]},{\"@type\":\"Person\",\"@id\":\"https:\\\/\\\/motorpor.pt\\\/#\\\/schema\\\/person\\\/b4bf07144e88efed7388a5af30522db7\",\"name\":\"mktmotorpor\",\"image\":{\"@type\":\"ImageObject\",\"inLanguage\":\"fr-FR\",\"@id\":\"https:\\\/\\\/secure.gravatar.com\\\/avatar\\\/8418b61b3175dbba0a8744cf0ee6bb5c7a9f6c67f1dbc4f41a62d7b9738259a2?s=96&d=mm&r=g\",\"url\":\"https:\\\/\\\/secure.gravatar.com\\\/avatar\\\/8418b61b3175dbba0a8744cf0ee6bb5c7a9f6c67f1dbc4f41a62d7b9738259a2?s=96&d=mm&r=g\",\"contentUrl\":\"https:\\\/\\\/secure.gravatar.com\\\/avatar\\\/8418b61b3175dbba0a8744cf0ee6bb5c7a9f6c67f1dbc4f41a62d7b9738259a2?s=96&d=mm&r=g\",\"caption\":\"mktmotorpor\"},\"url\":\"https:\\\/\\\/motorpor.pt\\\/fr\\\/user\\\/mktmotorpor\\\/\"}]}<\/script>\n<!-- \/ Yoast SEO plugin. -->","yoast_head_json":{"title":"Renault 5 E-Tech 100% El\u00e9trico j\u00e1 dispon\u00edvel em Portugal - Motorpor","robots":{"index":"index","follow":"follow","max-snippet":"max-snippet:-1","max-image-preview":"max-image-preview:large","max-video-preview":"max-video-preview:-1"},"canonical":"https:\/\/motorpor.pt\/fr\/renault-5-e-tech-100-eletrico-ja-disponivel-em-portugal\/","og_locale":"fr_FR","og_type":"article","og_title":"Renault 5 E-Tech 100% El\u00e9trico j\u00e1 dispon\u00edvel em Portugal - Motorpor","og_description":"O Renault 5 E-Tech 100% el\u00e9trico vai estar dispon\u00edvel, a partir de 2025, em cinco vers\u00f5es: Five, Evolution, Techno, Iconic cinq e a s\u00e9rie especial Roland-Garros. As vers\u00f5es Techno e Iconic\u00a0 s\u00e3o as primeiras dispon\u00edveis para encomenda. Ambas est\u00e3o equipadas com a bateria de 52 kWh, com uma autonomia de at\u00e9 410 km WLTP. As [&hellip;]","og_url":"https:\/\/motorpor.pt\/fr\/renault-5-e-tech-100-eletrico-ja-disponivel-em-portugal\/","og_site_name":"Motorpor","article_published_time":"2024-06-03T11:18:28+00:00","og_image":[{"url":"https:\/\/motorpor.pt\/wp-content\/uploads\/2024\/06\/Renault-5-E-Tech-100-eletrico-scaled.jpg","type":"","width":"","height":""}],"author":"mktmotorpor","twitter_card":"summary_large_image","twitter_misc":{"\u00c9crit par":"mktmotorpor","Dur\u00e9e de lecture estim\u00e9e":"1 minute"},"schema":{"@context":"https:\/\/schema.org","@graph":[{"@type":"Article","@id":"https:\/\/motorpor.pt\/renault-5-e-tech-100-eletrico-ja-disponivel-em-portugal\/#article","isPartOf":{"@id":"https:\/\/motorpor.pt\/renault-5-e-tech-100-eletrico-ja-disponivel-em-portugal\/"},"author":{"name":"mktmotorpor","@id":"https:\/\/motorpor.pt\/#\/schema\/person\/b4bf07144e88efed7388a5af30522db7"},"headline":"Renault 5 E-Tech 100% El\u00e9trico j\u00e1 dispon\u00edvel em Portugal","datePublished":"2024-06-03T11:18:28+00:00","mainEntityOfPage":{"@id":"https:\/\/motorpor.pt\/renault-5-e-tech-100-eletrico-ja-disponivel-em-portugal\/"},"wordCount":260,"publisher":{"@id":"https:\/\/motorpor.pt\/#organization"},"image":{"@id":"https:\/\/motorpor.pt\/renault-5-e-tech-100-eletrico-ja-disponivel-em-portugal\/#primaryimage"},"thumbnailUrl":"https:\/\/motorpor.pt\/wp-content\/uploads\/2024\/06\/Renault-5-E-Tech-100-eletrico-2-scaled-1.jpg","articleSection":["Atualidade","Destaques","Not\u00edcias"],"inLanguage":"fr-FR"},{"@type":"WebPage","@id":"https:\/\/motorpor.pt\/renault-5-e-tech-100-eletrico-ja-disponivel-em-portugal\/","url":"https:\/\/motorpor.pt\/renault-5-e-tech-100-eletrico-ja-disponivel-em-portugal\/","name":"Renault 5 E-Tech 100% El\u00e9trico j\u00e1 dispon\u00edvel em Portugal - Motorpor","isPartOf":{"@id":"https:\/\/motorpor.pt\/#website"},"primaryImageOfPage":{"@id":"https:\/\/motorpor.pt\/renault-5-e-tech-100-eletrico-ja-disponivel-em-portugal\/#primaryimage"},"image":{"@id":"https:\/\/motorpor.pt\/renault-5-e-tech-100-eletrico-ja-disponivel-em-portugal\/#primaryimage"},"thumbnailUrl":"https:\/\/motorpor.pt\/wp-content\/uploads\/2024\/06\/Renault-5-E-Tech-100-eletrico-2-scaled-1.jpg","datePublished":"2024-06-03T11:18:28+00:00","breadcrumb":{"@id":"https:\/\/motorpor.pt\/renault-5-e-tech-100-eletrico-ja-disponivel-em-portugal\/#breadcrumb"},"inLanguage":"fr-FR","potentialAction":[{"@type":"ReadAction","target":["https:\/\/motorpor.pt\/renault-5-e-tech-100-eletrico-ja-disponivel-em-portugal\/"]}]},{"@type":"ImageObject","inLanguage":"fr-FR","@id":"https:\/\/motorpor.pt\/renault-5-e-tech-100-eletrico-ja-disponivel-em-portugal\/#primaryimage","url":"https:\/\/motorpor.pt\/wp-content\/uploads\/2024\/06\/Renault-5-E-Tech-100-eletrico-2-scaled-1.jpg","contentUrl":"https:\/\/motorpor.pt\/wp-content\/uploads\/2024\/06\/Renault-5-E-Tech-100-eletrico-2-scaled-1.jpg","width":2560,"height":1439},{"@type":"BreadcrumbList","@id":"https:\/\/motorpor.pt\/renault-5-e-tech-100-eletrico-ja-disponivel-em-portugal\/#breadcrumb","itemListElement":[{"@type":"ListItem","position":1,"name":"In\u00edcio","item":"https:\/\/motorpor.pt\/"},{"@type":"ListItem","position":2,"name":"Renault 5 E-Tech 100% El\u00e9trico j\u00e1 dispon\u00edvel em Portugal"}]},{"@type":"WebSite","@id":"https:\/\/motorpor.pt\/#website","url":"https:\/\/motorpor.pt\/","name":"motorpor","description":"Comercio de Autom\u00f3veis Multimarcas","publisher":{"@id":"https:\/\/motorpor.pt\/#organization"},"potentialAction":[{"@type":"SearchAction","target":{"@type":"EntryPoint","urlTemplate":"https:\/\/motorpor.pt\/?s={search_term_string}"},"query-input":{"@type":"PropertyValueSpecification","valueRequired":true,"valueName":"search_term_string"}}],"inLanguage":"fr-FR"},{"@type":"Organization","@id":"https:\/\/motorpor.pt\/#organization","name":"motorpor","alternateName":"Motorpor","url":"https:\/\/motorpor.pt\/","logo":{"@type":"ImageObject","inLanguage":"fr-FR","@id":"https:\/\/motorpor.pt\/#\/schema\/logo\/image\/","url":"https:\/\/motorpor.pt\/wp-content\/uploads\/2024\/07\/Logo-Motorpor-Preto.svg","contentUrl":"https:\/\/motorpor.pt\/wp-content\/uploads\/2024\/07\/Logo-Motorpor-Preto.svg","width":493,"height":93,"caption":"Motorpor"},"image":{"@id":"https:\/\/motorpor.pt\/#\/schema\/logo\/image\/"},"sameAs":["https:\/\/www.linkedin.com\/company\/grupo-motorpor"]},{"@type":"Person","@id":"https:\/\/motorpor.pt\/#\/schema\/person\/b4bf07144e88efed7388a5af30522db7","name":"mktmotorpor","image":{"@type":"ImageObject","inLanguage":"fr-FR","@id":"https:\/\/secure.gravatar.com\/avatar\/8418b61b3175dbba0a8744cf0ee6bb5c7a9f6c67f1dbc4f41a62d7b9738259a2?s=96&d=mm&r=g","url":"https:\/\/secure.gravatar.com\/avatar\/8418b61b3175dbba0a8744cf0ee6bb5c7a9f6c67f1dbc4f41a62d7b9738259a2?s=96&d=mm&r=g","contentUrl":"https:\/\/secure.gravatar.com\/avatar\/8418b61b3175dbba0a8744cf0ee6bb5c7a9f6c67f1dbc4f41a62d7b9738259a2?s=96&d=mm&r=g","caption":"mktmotorpor"},"url":"https:\/\/motorpor.pt\/fr\/user\/mktmotorpor\/"}]}},"_links":{"self":[{"href":"https:\/\/motorpor.pt\/fr\/wp-json\/wp\/v2\/posts\/85563","targetHints":{"allow":["GET"]}}],"collection":[{"href":"https:\/\/motorpor.pt\/fr\/wp-json\/wp\/v2\/posts"}],"about":[{"href":"https:\/\/motorpor.pt\/fr\/wp-json\/wp\/v2\/types\/post"}],"author":[{"embeddable":true,"href":"https:\/\/motorpor.pt\/fr\/wp-json\/wp\/v2\/users\/85"}],"replies":[{"embeddable":true,"href":"https:\/\/motorpor.pt\/fr\/wp-json\/wp\/v2\/comments?post=85563"}],"version-history":[{"count":0,"href":"https:\/\/motorpor.pt\/fr\/wp-json\/wp\/v2\/posts\/85563\/revisions"}],"wp:featuredmedia":[{"embeddable":true,"href":"https:\/\/motorpor.pt\/fr\/wp-json\/wp\/v2\/media\/79417"}],"wp:attachment":[{"href":"https:\/\/motorpor.pt\/fr\/wp-json\/wp\/v2\/media?parent=85563"}],"wp:term":[{"taxonomy":"category","embeddable":true,"href":"https:\/\/motorpor.pt\/fr\/wp-json\/wp\/v2\/categories?post=85563"},{"taxonomy":"post_tag","embeddable":true,"href":"https:\/\/motorpor.pt\/fr\/wp-json\/wp\/v2\/tags?post=85563"}],"curies":[{"name":"wp","href":"https:\/\/api.w.org\/{rel}","templated":true}]}}