{"id":85742,"date":"2024-06-07T11:35:56","date_gmt":"2024-06-07T10:35:56","guid":{"rendered":"https:\/\/motorpor.pt\/citroen-ami-celebra-o-4o-aniversario-com-nova-cor-e-novas-versoes\/"},"modified":"2024-07-17T14:17:51","modified_gmt":"2024-07-17T13:17:51","slug":"citroen-ami-celebra-o-4o-aniversario-com-nova-cor-e-novas-versoes","status":"publish","type":"post","link":"https:\/\/motorpor.pt\/fr\/citroen-ami-celebra-o-4o-aniversario-com-nova-cor-e-novas-versoes\/","title":{"rendered":"Citro\u00ebn Ami celebra o 4\u00ba anivers\u00e1rio com nova cor e novas vers\u00f5es"},"content":{"rendered":"<h5>O Citro\u00ebn Ami passa a estar, a partir de agora, dispon\u00edvel numa nova cor Night Sepia, que substitui a cor original e que lhe confere um visual caloroso e robusto.<\/h5>\n<p>\u00a0<\/p>\n<p>Comercializado desde abril de 2020 na Europa, o Citro\u00ebn Ami ultrapassou a marca dos 50.000 clientes em 14 pa\u00edses. No nosso pa\u00eds a comercializa\u00e7\u00e3o iniciou-se em setembro de 2021, contabilizando j\u00e1 mais de 1.500 unidades vendidas.<\/p>\n<p>Para celebrar o 4\u00ba anivers\u00e1rio, a gama Ami muda com a fus\u00e3o das vers\u00f5es topo de gama Tonic e Pop, para criar a nova vers\u00e3o Peps. Esta combina contrastes, grafismos e detalhes coloridos, com equipamentos que facilitam a vida di\u00e1ria.<\/p>\n<p>\u00a0<\/p>\n<p><img fetchpriority=\"high\" decoding=\"async\" class=\"size-full wp-image-85739\" src=\"https:\/\/motorpor.pt\/wp-content\/uploads\/2024\/06\/CL_24.009.003-scaled.jpg\" alt=\"\" width=\"2560\" height=\"1707\" srcset=\"https:\/\/motorpor.pt\/wp-content\/uploads\/2024\/06\/CL_24.009.003-scaled.jpg 2560w, https:\/\/motorpor.pt\/wp-content\/uploads\/2024\/06\/CL_24.009.003-300x200.jpg 300w, https:\/\/motorpor.pt\/wp-content\/uploads\/2024\/06\/CL_24.009.003-1024x683.jpg 1024w, https:\/\/motorpor.pt\/wp-content\/uploads\/2024\/06\/CL_24.009.003-768x512.jpg 768w, https:\/\/motorpor.pt\/wp-content\/uploads\/2024\/06\/CL_24.009.003-1536x1024.jpg 1536w, https:\/\/motorpor.pt\/wp-content\/uploads\/2024\/06\/CL_24.009.003-2048x1366.jpg 2048w, https:\/\/motorpor.pt\/wp-content\/uploads\/2024\/06\/CL_24.009.003-18x12.jpg 18w, https:\/\/motorpor.pt\/wp-content\/uploads\/2024\/06\/CL_24.009.003-200x133.jpg 200w, https:\/\/motorpor.pt\/wp-content\/uploads\/2024\/06\/CL_24.009.003-165x110.jpg 165w\" sizes=\"(max-width: 2560px) 100vw, 2560px\" \/><\/p>\n<p>\u00a0<\/p>\n<p>&#8220;A Citro\u00ebn tamb\u00e9m ouviu atentamente os seus clientes e fez evoluir a vers\u00e3o Cargo atrav\u00e9s de um m\u00f3dulo denominado KIT My Cargo, dispon\u00edvel como acess\u00f3rio. Permite uma maior versatilidade de utiliza\u00e7\u00e3o do Ami, pois deixa de ser necess\u00e1rio sacrificar o lugar do passageiro, podendo o cliente optar entre levar a seu lado um passageiro ou, em alternativa, utilizar este m\u00f3dulo, pr\u00e1tico e de f\u00e1cil instala\u00e7\u00e3o, que oferece um volume de carga adicional.&#8221;<\/p>\n<p>No exterior, o My Ami Peps apresenta-se como uma vers\u00e3o din\u00e2mica do Ami, pronta a abrir caminho no tr\u00e2nsito, dando ares de pequeno desportivo. Tamb\u00e9m adota elementos de um aventureiro citadino.<\/p>\n<p>O My Ami Peps est\u00e1 dispon\u00edvel por 8.990\u20ac e j\u00e1 est\u00e1 dispon\u00edvel para encomendas, em Portugal. Saiba mais sobre as <a href=\"https:\/\/motorpor.pt\/fr\/novos\/citroen\/\">viaturas Citro\u00ebn dispon\u00edveis no nosso site<\/a>.<\/p>","protected":false},"excerpt":{"rendered":"<p>O Citro\u00ebn Ami passa a estar, a partir de agora, dispon\u00edvel numa nova cor Night Sepia, que substitui a cor original e que lhe confere um visual caloroso e robusto. \u00a0 Comercializado desde abril de 2020 na Europa, o Citro\u00ebn Ami ultrapassou a marca dos 50.000 clientes em 14 pa\u00edses. No nosso pa\u00eds a comercializa\u00e7\u00e3o [&hellip;]<\/p>\n","protected":false},"author":85,"featured_media":85740,"comment_status":"closed","ping_status":"open","sticky":false,"template":"","format":"standard","meta":{"_acf_changed":false,"footnotes":""},"categories":[2595,2594,2592,3087],"tags":[],"class_list":["post-85742","post","type-post","status-publish","format-standard","has-post-thumbnail","hentry","category-atualidade","category-destaques","category-noticias","category-noticias-citroen"],"acf":[],"yoast_head":"<!-- This site is optimized with the Yoast SEO plugin v27.5 - https:\/\/yoast.com\/product\/yoast-seo-wordpress\/ -->\n<title>Citro\u00ebn Ami celebra o 4\u00ba anivers\u00e1rio com nova cor e novas vers\u00f5es - Motorpor<\/title>\n<meta name=\"robots\" content=\"index, follow, max-snippet:-1, max-image-preview:large, max-video-preview:-1\" \/>\n<link rel=\"canonical\" href=\"https:\/\/motorpor.pt\/fr\/citroen-ami-celebra-o-4o-aniversario-com-nova-cor-e-novas-versoes\/\" \/>\n<meta property=\"og:locale\" content=\"fr_FR\" \/>\n<meta property=\"og:type\" content=\"article\" \/>\n<meta property=\"og:title\" content=\"Citro\u00ebn Ami celebra o 4\u00ba anivers\u00e1rio com nova cor e novas vers\u00f5es - Motorpor\" \/>\n<meta property=\"og:description\" content=\"O Citro\u00ebn Ami passa a estar, a partir de agora, dispon\u00edvel numa nova cor Night Sepia, que substitui a cor original e que lhe confere um visual caloroso e robusto. \u00a0 Comercializado desde abril de 2020 na Europa, o Citro\u00ebn Ami ultrapassou a marca dos 50.000 clientes em 14 pa\u00edses. No nosso pa\u00eds a comercializa\u00e7\u00e3o [&hellip;]\" \/>\n<meta property=\"og:url\" content=\"https:\/\/motorpor.pt\/fr\/citroen-ami-celebra-o-4o-aniversario-com-nova-cor-e-novas-versoes\/\" \/>\n<meta property=\"og:site_name\" content=\"Motorpor\" \/>\n<meta property=\"article:published_time\" content=\"2024-06-07T10:35:56+00:00\" \/>\n<meta property=\"article:modified_time\" content=\"2024-07-17T13:17:51+00:00\" \/>\n<meta property=\"og:image\" content=\"https:\/\/motorpor.pt\/wp-content\/uploads\/2024\/06\/CL_24.009.001-scaled-1.jpg\" \/>\n\t<meta property=\"og:image:width\" content=\"2560\" \/>\n\t<meta property=\"og:image:height\" content=\"1707\" \/>\n\t<meta property=\"og:image:type\" content=\"image\/jpeg\" \/>\n<meta name=\"author\" content=\"mktmotorpor\" \/>\n<meta name=\"twitter:card\" content=\"summary_large_image\" \/>\n<meta name=\"twitter:label1\" content=\"\u00c9crit par\" \/>\n\t<meta name=\"twitter:data1\" content=\"mktmotorpor\" \/>\n\t<meta name=\"twitter:label2\" content=\"Dur\u00e9e de lecture estim\u00e9e\" \/>\n\t<meta name=\"twitter:data2\" content=\"1 minute\" \/>\n<script type=\"application\/ld+json\" class=\"yoast-schema-graph\">{\"@context\":\"https:\\\/\\\/schema.org\",\"@graph\":[{\"@type\":\"Article\",\"@id\":\"https:\\\/\\\/motorpor.pt\\\/citroen-ami-celebra-o-4o-aniversario-com-nova-cor-e-novas-versoes\\\/#article\",\"isPartOf\":{\"@id\":\"https:\\\/\\\/motorpor.pt\\\/citroen-ami-celebra-o-4o-aniversario-com-nova-cor-e-novas-versoes\\\/\"},\"author\":{\"name\":\"mktmotorpor\",\"@id\":\"https:\\\/\\\/motorpor.pt\\\/#\\\/schema\\\/person\\\/b4bf07144e88efed7388a5af30522db7\"},\"headline\":\"Citro\u00ebn Ami celebra o 4\u00ba anivers\u00e1rio com nova cor e novas vers\u00f5es\",\"datePublished\":\"2024-06-07T10:35:56+00:00\",\"dateModified\":\"2024-07-17T13:17:51+00:00\",\"mainEntityOfPage\":{\"@id\":\"https:\\\/\\\/motorpor.pt\\\/citroen-ami-celebra-o-4o-aniversario-com-nova-cor-e-novas-versoes\\\/\"},\"wordCount\":274,\"publisher\":{\"@id\":\"https:\\\/\\\/motorpor.pt\\\/#organization\"},\"image\":{\"@id\":\"https:\\\/\\\/motorpor.pt\\\/citroen-ami-celebra-o-4o-aniversario-com-nova-cor-e-novas-versoes\\\/#primaryimage\"},\"thumbnailUrl\":\"https:\\\/\\\/motorpor.pt\\\/wp-content\\\/uploads\\\/2024\\\/06\\\/CL_24.009.001-scaled-1.jpg\",\"articleSection\":[\"Atualidade\",\"Destaques\",\"Not\u00edcias\",\"Not\u00edcias Citro\u00ebn\"],\"inLanguage\":\"fr-FR\"},{\"@type\":\"WebPage\",\"@id\":\"https:\\\/\\\/motorpor.pt\\\/citroen-ami-celebra-o-4o-aniversario-com-nova-cor-e-novas-versoes\\\/\",\"url\":\"https:\\\/\\\/motorpor.pt\\\/citroen-ami-celebra-o-4o-aniversario-com-nova-cor-e-novas-versoes\\\/\",\"name\":\"Citro\u00ebn Ami celebra o 4\u00ba anivers\u00e1rio com nova cor e novas vers\u00f5es - Motorpor\",\"isPartOf\":{\"@id\":\"https:\\\/\\\/motorpor.pt\\\/#website\"},\"primaryImageOfPage\":{\"@id\":\"https:\\\/\\\/motorpor.pt\\\/citroen-ami-celebra-o-4o-aniversario-com-nova-cor-e-novas-versoes\\\/#primaryimage\"},\"image\":{\"@id\":\"https:\\\/\\\/motorpor.pt\\\/citroen-ami-celebra-o-4o-aniversario-com-nova-cor-e-novas-versoes\\\/#primaryimage\"},\"thumbnailUrl\":\"https:\\\/\\\/motorpor.pt\\\/wp-content\\\/uploads\\\/2024\\\/06\\\/CL_24.009.001-scaled-1.jpg\",\"datePublished\":\"2024-06-07T10:35:56+00:00\",\"dateModified\":\"2024-07-17T13:17:51+00:00\",\"breadcrumb\":{\"@id\":\"https:\\\/\\\/motorpor.pt\\\/citroen-ami-celebra-o-4o-aniversario-com-nova-cor-e-novas-versoes\\\/#breadcrumb\"},\"inLanguage\":\"fr-FR\",\"potentialAction\":[{\"@type\":\"ReadAction\",\"target\":[\"https:\\\/\\\/motorpor.pt\\\/citroen-ami-celebra-o-4o-aniversario-com-nova-cor-e-novas-versoes\\\/\"]}]},{\"@type\":\"ImageObject\",\"inLanguage\":\"fr-FR\",\"@id\":\"https:\\\/\\\/motorpor.pt\\\/citroen-ami-celebra-o-4o-aniversario-com-nova-cor-e-novas-versoes\\\/#primaryimage\",\"url\":\"https:\\\/\\\/motorpor.pt\\\/wp-content\\\/uploads\\\/2024\\\/06\\\/CL_24.009.001-scaled-1.jpg\",\"contentUrl\":\"https:\\\/\\\/motorpor.pt\\\/wp-content\\\/uploads\\\/2024\\\/06\\\/CL_24.009.001-scaled-1.jpg\",\"width\":2560,\"height\":1707,\"caption\":\"Copyright Marc and David @ Continental Productiuons\"},{\"@type\":\"BreadcrumbList\",\"@id\":\"https:\\\/\\\/motorpor.pt\\\/citroen-ami-celebra-o-4o-aniversario-com-nova-cor-e-novas-versoes\\\/#breadcrumb\",\"itemListElement\":[{\"@type\":\"ListItem\",\"position\":1,\"name\":\"In\u00edcio\",\"item\":\"https:\\\/\\\/motorpor.pt\\\/\"},{\"@type\":\"ListItem\",\"position\":2,\"name\":\"Citro\u00ebn Ami celebra o 4\u00ba anivers\u00e1rio com nova cor e novas vers\u00f5es\"}]},{\"@type\":\"WebSite\",\"@id\":\"https:\\\/\\\/motorpor.pt\\\/#website\",\"url\":\"https:\\\/\\\/motorpor.pt\\\/\",\"name\":\"Motorpor\",\"description\":\"Comercio de Autom\u00f3veis Multimarcas\",\"publisher\":{\"@id\":\"https:\\\/\\\/motorpor.pt\\\/#organization\"},\"potentialAction\":[{\"@type\":\"SearchAction\",\"target\":{\"@type\":\"EntryPoint\",\"urlTemplate\":\"https:\\\/\\\/motorpor.pt\\\/?s={search_term_string}\"},\"query-input\":{\"@type\":\"PropertyValueSpecification\",\"valueRequired\":true,\"valueName\":\"search_term_string\"}}],\"inLanguage\":\"fr-FR\"},{\"@type\":\"Organization\",\"@id\":\"https:\\\/\\\/motorpor.pt\\\/#organization\",\"name\":\"Motorpor\",\"alternateName\":\"Motorpor\",\"url\":\"https:\\\/\\\/motorpor.pt\\\/\",\"logo\":{\"@type\":\"ImageObject\",\"inLanguage\":\"fr-FR\",\"@id\":\"https:\\\/\\\/motorpor.pt\\\/#\\\/schema\\\/logo\\\/image\\\/\",\"url\":\"https:\\\/\\\/motorpor.pt\\\/wp-content\\\/uploads\\\/2024\\\/07\\\/Logo-Motorpor-Preto.svg\",\"contentUrl\":\"https:\\\/\\\/motorpor.pt\\\/wp-content\\\/uploads\\\/2024\\\/07\\\/Logo-Motorpor-Preto.svg\",\"width\":493,\"height\":93,\"caption\":\"Motorpor\"},\"image\":{\"@id\":\"https:\\\/\\\/motorpor.pt\\\/#\\\/schema\\\/logo\\\/image\\\/\"},\"sameAs\":[\"https:\\\/\\\/www.linkedin.com\\\/company\\\/grupo-motorpor\"]},{\"@type\":\"Person\",\"@id\":\"https:\\\/\\\/motorpor.pt\\\/#\\\/schema\\\/person\\\/b4bf07144e88efed7388a5af30522db7\",\"name\":\"mktmotorpor\",\"image\":{\"@type\":\"ImageObject\",\"inLanguage\":\"fr-FR\",\"@id\":\"https:\\\/\\\/secure.gravatar.com\\\/avatar\\\/8418b61b3175dbba0a8744cf0ee6bb5c7a9f6c67f1dbc4f41a62d7b9738259a2?s=96&d=mm&r=g\",\"url\":\"https:\\\/\\\/secure.gravatar.com\\\/avatar\\\/8418b61b3175dbba0a8744cf0ee6bb5c7a9f6c67f1dbc4f41a62d7b9738259a2?s=96&d=mm&r=g\",\"contentUrl\":\"https:\\\/\\\/secure.gravatar.com\\\/avatar\\\/8418b61b3175dbba0a8744cf0ee6bb5c7a9f6c67f1dbc4f41a62d7b9738259a2?s=96&d=mm&r=g\",\"caption\":\"mktmotorpor\"},\"url\":\"https:\\\/\\\/motorpor.pt\\\/fr\\\/user\\\/mktmotorpor\\\/\"}]}<\/script>\n<!-- \/ Yoast SEO plugin. -->","yoast_head_json":{"title":"Citro\u00ebn Ami celebra o 4\u00ba anivers\u00e1rio com nova cor e novas vers\u00f5es - Motorpor","robots":{"index":"index","follow":"follow","max-snippet":"max-snippet:-1","max-image-preview":"max-image-preview:large","max-video-preview":"max-video-preview:-1"},"canonical":"https:\/\/motorpor.pt\/fr\/citroen-ami-celebra-o-4o-aniversario-com-nova-cor-e-novas-versoes\/","og_locale":"fr_FR","og_type":"article","og_title":"Citro\u00ebn Ami celebra o 4\u00ba anivers\u00e1rio com nova cor e novas vers\u00f5es - Motorpor","og_description":"O Citro\u00ebn Ami passa a estar, a partir de agora, dispon\u00edvel numa nova cor Night Sepia, que substitui a cor original e que lhe confere um visual caloroso e robusto. \u00a0 Comercializado desde abril de 2020 na Europa, o Citro\u00ebn Ami ultrapassou a marca dos 50.000 clientes em 14 pa\u00edses. No nosso pa\u00eds a comercializa\u00e7\u00e3o [&hellip;]","og_url":"https:\/\/motorpor.pt\/fr\/citroen-ami-celebra-o-4o-aniversario-com-nova-cor-e-novas-versoes\/","og_site_name":"Motorpor","article_published_time":"2024-06-07T10:35:56+00:00","article_modified_time":"2024-07-17T13:17:51+00:00","og_image":[{"width":2560,"height":1707,"url":"https:\/\/motorpor.pt\/wp-content\/uploads\/2024\/06\/CL_24.009.001-scaled-1.jpg","type":"image\/jpeg"}],"author":"mktmotorpor","twitter_card":"summary_large_image","twitter_misc":{"\u00c9crit par":"mktmotorpor","Dur\u00e9e de lecture estim\u00e9e":"1 minute"},"schema":{"@context":"https:\/\/schema.org","@graph":[{"@type":"Article","@id":"https:\/\/motorpor.pt\/citroen-ami-celebra-o-4o-aniversario-com-nova-cor-e-novas-versoes\/#article","isPartOf":{"@id":"https:\/\/motorpor.pt\/citroen-ami-celebra-o-4o-aniversario-com-nova-cor-e-novas-versoes\/"},"author":{"name":"mktmotorpor","@id":"https:\/\/motorpor.pt\/#\/schema\/person\/b4bf07144e88efed7388a5af30522db7"},"headline":"Citro\u00ebn Ami celebra o 4\u00ba anivers\u00e1rio com nova cor e novas vers\u00f5es","datePublished":"2024-06-07T10:35:56+00:00","dateModified":"2024-07-17T13:17:51+00:00","mainEntityOfPage":{"@id":"https:\/\/motorpor.pt\/citroen-ami-celebra-o-4o-aniversario-com-nova-cor-e-novas-versoes\/"},"wordCount":274,"publisher":{"@id":"https:\/\/motorpor.pt\/#organization"},"image":{"@id":"https:\/\/motorpor.pt\/citroen-ami-celebra-o-4o-aniversario-com-nova-cor-e-novas-versoes\/#primaryimage"},"thumbnailUrl":"https:\/\/motorpor.pt\/wp-content\/uploads\/2024\/06\/CL_24.009.001-scaled-1.jpg","articleSection":["Atualidade","Destaques","Not\u00edcias","Not\u00edcias Citro\u00ebn"],"inLanguage":"fr-FR"},{"@type":"WebPage","@id":"https:\/\/motorpor.pt\/citroen-ami-celebra-o-4o-aniversario-com-nova-cor-e-novas-versoes\/","url":"https:\/\/motorpor.pt\/citroen-ami-celebra-o-4o-aniversario-com-nova-cor-e-novas-versoes\/","name":"Citro\u00ebn Ami celebra o 4\u00ba anivers\u00e1rio com nova cor e novas vers\u00f5es - Motorpor","isPartOf":{"@id":"https:\/\/motorpor.pt\/#website"},"primaryImageOfPage":{"@id":"https:\/\/motorpor.pt\/citroen-ami-celebra-o-4o-aniversario-com-nova-cor-e-novas-versoes\/#primaryimage"},"image":{"@id":"https:\/\/motorpor.pt\/citroen-ami-celebra-o-4o-aniversario-com-nova-cor-e-novas-versoes\/#primaryimage"},"thumbnailUrl":"https:\/\/motorpor.pt\/wp-content\/uploads\/2024\/06\/CL_24.009.001-scaled-1.jpg","datePublished":"2024-06-07T10:35:56+00:00","dateModified":"2024-07-17T13:17:51+00:00","breadcrumb":{"@id":"https:\/\/motorpor.pt\/citroen-ami-celebra-o-4o-aniversario-com-nova-cor-e-novas-versoes\/#breadcrumb"},"inLanguage":"fr-FR","potentialAction":[{"@type":"ReadAction","target":["https:\/\/motorpor.pt\/citroen-ami-celebra-o-4o-aniversario-com-nova-cor-e-novas-versoes\/"]}]},{"@type":"ImageObject","inLanguage":"fr-FR","@id":"https:\/\/motorpor.pt\/citroen-ami-celebra-o-4o-aniversario-com-nova-cor-e-novas-versoes\/#primaryimage","url":"https:\/\/motorpor.pt\/wp-content\/uploads\/2024\/06\/CL_24.009.001-scaled-1.jpg","contentUrl":"https:\/\/motorpor.pt\/wp-content\/uploads\/2024\/06\/CL_24.009.001-scaled-1.jpg","width":2560,"height":1707,"caption":"Copyright Marc and David @ Continental Productiuons"},{"@type":"BreadcrumbList","@id":"https:\/\/motorpor.pt\/citroen-ami-celebra-o-4o-aniversario-com-nova-cor-e-novas-versoes\/#breadcrumb","itemListElement":[{"@type":"ListItem","position":1,"name":"In\u00edcio","item":"https:\/\/motorpor.pt\/"},{"@type":"ListItem","position":2,"name":"Citro\u00ebn Ami celebra o 4\u00ba anivers\u00e1rio com nova cor e novas vers\u00f5es"}]},{"@type":"WebSite","@id":"https:\/\/motorpor.pt\/#website","url":"https:\/\/motorpor.pt\/","name":"motorpor","description":"Comercio de Autom\u00f3veis Multimarcas","publisher":{"@id":"https:\/\/motorpor.pt\/#organization"},"potentialAction":[{"@type":"SearchAction","target":{"@type":"EntryPoint","urlTemplate":"https:\/\/motorpor.pt\/?s={search_term_string}"},"query-input":{"@type":"PropertyValueSpecification","valueRequired":true,"valueName":"search_term_string"}}],"inLanguage":"fr-FR"},{"@type":"Organization","@id":"https:\/\/motorpor.pt\/#organization","name":"motorpor","alternateName":"Motorpor","url":"https:\/\/motorpor.pt\/","logo":{"@type":"ImageObject","inLanguage":"fr-FR","@id":"https:\/\/motorpor.pt\/#\/schema\/logo\/image\/","url":"https:\/\/motorpor.pt\/wp-content\/uploads\/2024\/07\/Logo-Motorpor-Preto.svg","contentUrl":"https:\/\/motorpor.pt\/wp-content\/uploads\/2024\/07\/Logo-Motorpor-Preto.svg","width":493,"height":93,"caption":"Motorpor"},"image":{"@id":"https:\/\/motorpor.pt\/#\/schema\/logo\/image\/"},"sameAs":["https:\/\/www.linkedin.com\/company\/grupo-motorpor"]},{"@type":"Person","@id":"https:\/\/motorpor.pt\/#\/schema\/person\/b4bf07144e88efed7388a5af30522db7","name":"mktmotorpor","image":{"@type":"ImageObject","inLanguage":"fr-FR","@id":"https:\/\/secure.gravatar.com\/avatar\/8418b61b3175dbba0a8744cf0ee6bb5c7a9f6c67f1dbc4f41a62d7b9738259a2?s=96&d=mm&r=g","url":"https:\/\/secure.gravatar.com\/avatar\/8418b61b3175dbba0a8744cf0ee6bb5c7a9f6c67f1dbc4f41a62d7b9738259a2?s=96&d=mm&r=g","contentUrl":"https:\/\/secure.gravatar.com\/avatar\/8418b61b3175dbba0a8744cf0ee6bb5c7a9f6c67f1dbc4f41a62d7b9738259a2?s=96&d=mm&r=g","caption":"mktmotorpor"},"url":"https:\/\/motorpor.pt\/fr\/user\/mktmotorpor\/"}]}},"_links":{"self":[{"href":"https:\/\/motorpor.pt\/fr\/wp-json\/wp\/v2\/posts\/85742","targetHints":{"allow":["GET"]}}],"collection":[{"href":"https:\/\/motorpor.pt\/fr\/wp-json\/wp\/v2\/posts"}],"about":[{"href":"https:\/\/motorpor.pt\/fr\/wp-json\/wp\/v2\/types\/post"}],"author":[{"embeddable":true,"href":"https:\/\/motorpor.pt\/fr\/wp-json\/wp\/v2\/users\/85"}],"replies":[{"embeddable":true,"href":"https:\/\/motorpor.pt\/fr\/wp-json\/wp\/v2\/comments?post=85742"}],"version-history":[{"count":1,"href":"https:\/\/motorpor.pt\/fr\/wp-json\/wp\/v2\/posts\/85742\/revisions"}],"predecessor-version":[{"id":90209,"href":"https:\/\/motorpor.pt\/fr\/wp-json\/wp\/v2\/posts\/85742\/revisions\/90209"}],"wp:featuredmedia":[{"embeddable":true,"href":"https:\/\/motorpor.pt\/fr\/wp-json\/wp\/v2\/media\/85740"}],"wp:attachment":[{"href":"https:\/\/motorpor.pt\/fr\/wp-json\/wp\/v2\/media?parent=85742"}],"wp:term":[{"taxonomy":"category","embeddable":true,"href":"https:\/\/motorpor.pt\/fr\/wp-json\/wp\/v2\/categories?post=85742"},{"taxonomy":"post_tag","embeddable":true,"href":"https:\/\/motorpor.pt\/fr\/wp-json\/wp\/v2\/tags?post=85742"}],"curies":[{"name":"wp","href":"https:\/\/api.w.org\/{rel}","templated":true}]}}