{"id":88835,"date":"2024-10-07T00:00:00","date_gmt":"2024-07-04T08:54:33","guid":{"rendered":"https:\/\/motorpor.pt\/fiat-600-hybrid-por-159e-mes\/"},"modified":"2024-12-06T13:35:17","modified_gmt":"2024-12-06T12:35:17","slug":"fiat-600-hybrid-por-159e-mes","status":"publish","type":"post","link":"https:\/\/motorpor.pt\/fr\/fiat-600-hybrid-por-159e-mes\/","title":{"rendered":"Fiat 600 Hybrid por 159\u20ac\/m\u00eas"},"content":{"rendered":"<h3>Fiat 600 Hybrid: O Upgrade Italiano<\/h3>\n<p>\u00a0<\/p>\n<p>Desde de <strong>159\u20ac\/m\u00eas*<\/strong> com manuten\u00e7\u00e3o inclu\u00edda<\/p>\n<p>4 anos de garantia ou 160.000 kms<\/p>\n<p>\u00a0<\/p>\n<h3>Equipamento de s\u00e9rie<\/h3>\n<p>\u00a0<\/p>\n<p>Painel de instrumentos digital de 7&#8221;<br \/>\nR\u00e1dio t\u00e1til de 10,25&#8243;<br \/>\nApple CarPlay e Android Auto<br \/>\nConnected Services<br \/>\nAr-Condicionado Manual<br \/>\nSensor de chuva e luz<br \/>\nBancos traseiros rebat\u00edveis assimetricamente 40\/60 e em flip &amp; fold<br \/>\nJantes de 16&#8243;<br \/>\nCruise Control<br \/>\nSensores de estacionamento traseiros<br \/>\nTravagem Aut\u00f3noma de Emerg\u00eancia com dete\u00e7\u00e3o de pe\u00f5es e ciclistas<br \/>\nFar\u00f3is em LED<\/p>\n<p>\u00a0<\/p>\n<p>* Contrato de cr\u00e9dito autom\u00f3vel com reserva de propriedade para 48 meses \/ 40.000 km, exemplo para 600 HYBRID, PVPR de 27.364,45\u20ac, PVP campanha de 22.864,45\u20ac, inclui DLTP, pintura, pack style (6v7), terceiro apoio de cabe\u00e7a (511), bolsa na parte de tr\u00e1s dos bancos dianteiros (csm), entrada inicial de 5.600\u20ac, montante financiado de 17.264,45\u20ac, 47 presta\u00e7\u00f5es de 159\u20ac, presta\u00e7\u00e3o final de 15.338,15\u20ac, taxa fixa, TAN de 7,900% e TAEG de 10,9% para um MTIC de 23.849,87\u20ac. Inclui 4,16\u20ac de comiss\u00e3o de gest\u00e3o. Valores com IVA incluido. Acresce comiss\u00e3o de abertura de contrato de 650\u20ac, de reconhecimento e envio da declara\u00e7\u00e3o de extin\u00e7\u00e3o de reserva de 75\u20ac. Condi\u00e7\u00f5es v\u00e1lidas at\u00e9 30\/12\/2024, para clientes particulares. A FCA Portugal, S.A. registada no Banco de Portugal sob o n\u00ba 7205 como intermedi\u00e1rio de cr\u00e9dito a t\u00edtulo acess\u00f3rio, actua sem caracter de exclusividade do Santander Consumer Finance S.A., Sucursal em Portugal. Informe-se no Santander Consumer Finance S.A., suc. em Portugal. Imagem n\u00e3o contratual. Consumos de combust\u00edvel de 4,9 l\/100km e emiss\u00f5es de CO2 de 109 a 110 g\/km. Os valores reais de CO2 e consumo dependem de muitos fatores associados, como, a t\u00edtulo exemplificativo mas n\u00e3o limitativo, o estilo de condu\u00e7\u00e3o, o percurso, o tempo e as condi\u00e7\u00f5es da estrada, para al\u00e9m das condi\u00e7\u00f5es, do tipo de utiliza\u00e7\u00e3o e do equipamento do ve\u00edculo.<\/p>","protected":false},"excerpt":{"rendered":"<p>Fiat 600 Hybrid: O Upgrade Italiano \u00a0 Desde de 159\u20ac\/m\u00eas* com manuten\u00e7\u00e3o inclu\u00edda 4 anos de garantia ou 160.000 kms \u00a0 Equipamento de s\u00e9rie \u00a0 Painel de instrumentos digital de 7&#8221; R\u00e1dio t\u00e1til de 10,25&#8243; Apple CarPlay e Android Auto Connected Services Ar-Condicionado Manual Sensor de chuva e luz Bancos traseiros rebat\u00edveis assimetricamente 40\/60 e [&hellip;]<\/p>\n","protected":false},"author":85,"featured_media":88988,"comment_status":"closed","ping_status":"open","sticky":false,"template":"","format":"standard","meta":{"_acf_changed":false,"footnotes":""},"categories":[2495,2996,2584],"tags":[],"class_list":["post-88835","post","type-post","status-publish","format-standard","has-post-thumbnail","hentry","category-campanhas","category-fiat","category-novos"],"acf":[],"yoast_head":"<!-- This site is optimized with the Yoast SEO plugin v27.4 - https:\/\/yoast.com\/product\/yoast-seo-wordpress\/ -->\n<title>Fiat 600 Hybrid por 159\u20ac\/m\u00eas - Motorpor<\/title>\n<meta name=\"robots\" content=\"index, follow, max-snippet:-1, max-image-preview:large, max-video-preview:-1\" \/>\n<link rel=\"canonical\" href=\"https:\/\/motorpor.pt\/fr\/fiat-600-hybrid-por-159e-mes\/\" \/>\n<meta property=\"og:locale\" content=\"fr_FR\" \/>\n<meta property=\"og:type\" content=\"article\" \/>\n<meta property=\"og:title\" content=\"Fiat 600 Hybrid por 159\u20ac\/m\u00eas - Motorpor\" \/>\n<meta property=\"og:description\" content=\"Fiat 600 Hybrid: O Upgrade Italiano \u00a0 Desde de 159\u20ac\/m\u00eas* com manuten\u00e7\u00e3o inclu\u00edda 4 anos de garantia ou 160.000 kms \u00a0 Equipamento de s\u00e9rie \u00a0 Painel de instrumentos digital de 7&#8221; R\u00e1dio t\u00e1til de 10,25&#8243; Apple CarPlay e Android Auto Connected Services Ar-Condicionado Manual Sensor de chuva e luz Bancos traseiros rebat\u00edveis assimetricamente 40\/60 e [&hellip;]\" \/>\n<meta property=\"og:url\" content=\"https:\/\/motorpor.pt\/fr\/fiat-600-hybrid-por-159e-mes\/\" \/>\n<meta property=\"og:site_name\" content=\"Motorpor\" \/>\n<meta property=\"article:published_time\" content=\"2024-07-04T08:54:33+00:00\" \/>\n<meta property=\"article:modified_time\" content=\"2024-12-06T12:35:17+00:00\" \/>\n<meta property=\"og:image\" content=\"https:\/\/motorpor.pt\/wp-content\/uploads\/2024\/10\/Fiat_600-motorpo.jpeg\" \/>\n\t<meta property=\"og:image:width\" content=\"1199\" \/>\n\t<meta property=\"og:image:height\" content=\"627\" \/>\n\t<meta property=\"og:image:type\" content=\"image\/jpeg\" \/>\n<meta name=\"author\" content=\"mktmotorpor\" \/>\n<meta name=\"twitter:card\" content=\"summary_large_image\" \/>\n<meta name=\"twitter:label1\" content=\"\u00c9crit par\" \/>\n\t<meta name=\"twitter:data1\" content=\"mktmotorpor\" \/>\n\t<meta name=\"twitter:label2\" content=\"Dur\u00e9e de lecture estim\u00e9e\" \/>\n\t<meta name=\"twitter:data2\" content=\"2 minutes\" \/>\n<script type=\"application\/ld+json\" class=\"yoast-schema-graph\">{\"@context\":\"https:\\\/\\\/schema.org\",\"@graph\":[{\"@type\":\"Article\",\"@id\":\"https:\\\/\\\/motorpor.pt\\\/fiat-600-hybrid-por-159e-mes\\\/#article\",\"isPartOf\":{\"@id\":\"https:\\\/\\\/motorpor.pt\\\/fiat-600-hybrid-por-159e-mes\\\/\"},\"author\":{\"name\":\"mktmotorpor\",\"@id\":\"https:\\\/\\\/motorpor.pt\\\/#\\\/schema\\\/person\\\/b4bf07144e88efed7388a5af30522db7\"},\"headline\":\"Fiat 600 Hybrid por 159\u20ac\\\/m\u00eas\",\"datePublished\":\"2024-07-04T08:54:33+00:00\",\"dateModified\":\"2024-12-06T12:35:17+00:00\",\"mainEntityOfPage\":{\"@id\":\"https:\\\/\\\/motorpor.pt\\\/fiat-600-hybrid-por-159e-mes\\\/\"},\"wordCount\":315,\"publisher\":{\"@id\":\"https:\\\/\\\/motorpor.pt\\\/#organization\"},\"image\":{\"@id\":\"https:\\\/\\\/motorpor.pt\\\/fiat-600-hybrid-por-159e-mes\\\/#primaryimage\"},\"thumbnailUrl\":\"https:\\\/\\\/motorpor.pt\\\/wp-content\\\/uploads\\\/2024\\\/10\\\/Fiat_600-motorpo.jpeg\",\"articleSection\":[\"Campanhas\",\"Fiat\",\"Novos\"],\"inLanguage\":\"fr-FR\"},{\"@type\":\"WebPage\",\"@id\":\"https:\\\/\\\/motorpor.pt\\\/fiat-600-hybrid-por-159e-mes\\\/\",\"url\":\"https:\\\/\\\/motorpor.pt\\\/fiat-600-hybrid-por-159e-mes\\\/\",\"name\":\"Fiat 600 Hybrid por 159\u20ac\\\/m\u00eas - Motorpor\",\"isPartOf\":{\"@id\":\"https:\\\/\\\/motorpor.pt\\\/#website\"},\"primaryImageOfPage\":{\"@id\":\"https:\\\/\\\/motorpor.pt\\\/fiat-600-hybrid-por-159e-mes\\\/#primaryimage\"},\"image\":{\"@id\":\"https:\\\/\\\/motorpor.pt\\\/fiat-600-hybrid-por-159e-mes\\\/#primaryimage\"},\"thumbnailUrl\":\"https:\\\/\\\/motorpor.pt\\\/wp-content\\\/uploads\\\/2024\\\/10\\\/Fiat_600-motorpo.jpeg\",\"datePublished\":\"2024-07-04T08:54:33+00:00\",\"dateModified\":\"2024-12-06T12:35:17+00:00\",\"breadcrumb\":{\"@id\":\"https:\\\/\\\/motorpor.pt\\\/fiat-600-hybrid-por-159e-mes\\\/#breadcrumb\"},\"inLanguage\":\"fr-FR\",\"potentialAction\":[{\"@type\":\"ReadAction\",\"target\":[\"https:\\\/\\\/motorpor.pt\\\/fiat-600-hybrid-por-159e-mes\\\/\"]}]},{\"@type\":\"ImageObject\",\"inLanguage\":\"fr-FR\",\"@id\":\"https:\\\/\\\/motorpor.pt\\\/fiat-600-hybrid-por-159e-mes\\\/#primaryimage\",\"url\":\"https:\\\/\\\/motorpor.pt\\\/wp-content\\\/uploads\\\/2024\\\/10\\\/Fiat_600-motorpo.jpeg\",\"contentUrl\":\"https:\\\/\\\/motorpor.pt\\\/wp-content\\\/uploads\\\/2024\\\/10\\\/Fiat_600-motorpo.jpeg\",\"width\":1199,\"height\":627},{\"@type\":\"BreadcrumbList\",\"@id\":\"https:\\\/\\\/motorpor.pt\\\/fiat-600-hybrid-por-159e-mes\\\/#breadcrumb\",\"itemListElement\":[{\"@type\":\"ListItem\",\"position\":1,\"name\":\"In\u00edcio\",\"item\":\"https:\\\/\\\/motorpor.pt\\\/\"},{\"@type\":\"ListItem\",\"position\":2,\"name\":\"Fiat 600 Hybrid por 159\u20ac\\\/m\u00eas\"}]},{\"@type\":\"WebSite\",\"@id\":\"https:\\\/\\\/motorpor.pt\\\/#website\",\"url\":\"https:\\\/\\\/motorpor.pt\\\/\",\"name\":\"Motorpor\",\"description\":\"Comercio de Autom\u00f3veis Multimarcas\",\"publisher\":{\"@id\":\"https:\\\/\\\/motorpor.pt\\\/#organization\"},\"potentialAction\":[{\"@type\":\"SearchAction\",\"target\":{\"@type\":\"EntryPoint\",\"urlTemplate\":\"https:\\\/\\\/motorpor.pt\\\/?s={search_term_string}\"},\"query-input\":{\"@type\":\"PropertyValueSpecification\",\"valueRequired\":true,\"valueName\":\"search_term_string\"}}],\"inLanguage\":\"fr-FR\"},{\"@type\":\"Organization\",\"@id\":\"https:\\\/\\\/motorpor.pt\\\/#organization\",\"name\":\"Motorpor\",\"alternateName\":\"Motorpor\",\"url\":\"https:\\\/\\\/motorpor.pt\\\/\",\"logo\":{\"@type\":\"ImageObject\",\"inLanguage\":\"fr-FR\",\"@id\":\"https:\\\/\\\/motorpor.pt\\\/#\\\/schema\\\/logo\\\/image\\\/\",\"url\":\"https:\\\/\\\/motorpor.pt\\\/wp-content\\\/uploads\\\/2024\\\/07\\\/Logo-Motorpor-Preto.svg\",\"contentUrl\":\"https:\\\/\\\/motorpor.pt\\\/wp-content\\\/uploads\\\/2024\\\/07\\\/Logo-Motorpor-Preto.svg\",\"width\":493,\"height\":93,\"caption\":\"Motorpor\"},\"image\":{\"@id\":\"https:\\\/\\\/motorpor.pt\\\/#\\\/schema\\\/logo\\\/image\\\/\"},\"sameAs\":[\"https:\\\/\\\/www.linkedin.com\\\/company\\\/grupo-motorpor\"]},{\"@type\":\"Person\",\"@id\":\"https:\\\/\\\/motorpor.pt\\\/#\\\/schema\\\/person\\\/b4bf07144e88efed7388a5af30522db7\",\"name\":\"mktmotorpor\",\"image\":{\"@type\":\"ImageObject\",\"inLanguage\":\"fr-FR\",\"@id\":\"https:\\\/\\\/secure.gravatar.com\\\/avatar\\\/8418b61b3175dbba0a8744cf0ee6bb5c7a9f6c67f1dbc4f41a62d7b9738259a2?s=96&d=mm&r=g\",\"url\":\"https:\\\/\\\/secure.gravatar.com\\\/avatar\\\/8418b61b3175dbba0a8744cf0ee6bb5c7a9f6c67f1dbc4f41a62d7b9738259a2?s=96&d=mm&r=g\",\"contentUrl\":\"https:\\\/\\\/secure.gravatar.com\\\/avatar\\\/8418b61b3175dbba0a8744cf0ee6bb5c7a9f6c67f1dbc4f41a62d7b9738259a2?s=96&d=mm&r=g\",\"caption\":\"mktmotorpor\"},\"url\":\"https:\\\/\\\/motorpor.pt\\\/fr\\\/user\\\/mktmotorpor\\\/\"}]}<\/script>\n<!-- \/ Yoast SEO plugin. -->","yoast_head_json":{"title":"Fiat 600 Hybrid por 159\u20ac\/m\u00eas - Motorpor","robots":{"index":"index","follow":"follow","max-snippet":"max-snippet:-1","max-image-preview":"max-image-preview:large","max-video-preview":"max-video-preview:-1"},"canonical":"https:\/\/motorpor.pt\/fr\/fiat-600-hybrid-por-159e-mes\/","og_locale":"fr_FR","og_type":"article","og_title":"Fiat 600 Hybrid por 159\u20ac\/m\u00eas - Motorpor","og_description":"Fiat 600 Hybrid: O Upgrade Italiano \u00a0 Desde de 159\u20ac\/m\u00eas* com manuten\u00e7\u00e3o inclu\u00edda 4 anos de garantia ou 160.000 kms \u00a0 Equipamento de s\u00e9rie \u00a0 Painel de instrumentos digital de 7&#8221; R\u00e1dio t\u00e1til de 10,25&#8243; Apple CarPlay e Android Auto Connected Services Ar-Condicionado Manual Sensor de chuva e luz Bancos traseiros rebat\u00edveis assimetricamente 40\/60 e [&hellip;]","og_url":"https:\/\/motorpor.pt\/fr\/fiat-600-hybrid-por-159e-mes\/","og_site_name":"Motorpor","article_published_time":"2024-07-04T08:54:33+00:00","article_modified_time":"2024-12-06T12:35:17+00:00","og_image":[{"width":1199,"height":627,"url":"https:\/\/motorpor.pt\/wp-content\/uploads\/2024\/10\/Fiat_600-motorpo.jpeg","type":"image\/jpeg"}],"author":"mktmotorpor","twitter_card":"summary_large_image","twitter_misc":{"\u00c9crit par":"mktmotorpor","Dur\u00e9e de lecture estim\u00e9e":"2 minutes"},"schema":{"@context":"https:\/\/schema.org","@graph":[{"@type":"Article","@id":"https:\/\/motorpor.pt\/fiat-600-hybrid-por-159e-mes\/#article","isPartOf":{"@id":"https:\/\/motorpor.pt\/fiat-600-hybrid-por-159e-mes\/"},"author":{"name":"mktmotorpor","@id":"https:\/\/motorpor.pt\/#\/schema\/person\/b4bf07144e88efed7388a5af30522db7"},"headline":"Fiat 600 Hybrid por 159\u20ac\/m\u00eas","datePublished":"2024-07-04T08:54:33+00:00","dateModified":"2024-12-06T12:35:17+00:00","mainEntityOfPage":{"@id":"https:\/\/motorpor.pt\/fiat-600-hybrid-por-159e-mes\/"},"wordCount":315,"publisher":{"@id":"https:\/\/motorpor.pt\/#organization"},"image":{"@id":"https:\/\/motorpor.pt\/fiat-600-hybrid-por-159e-mes\/#primaryimage"},"thumbnailUrl":"https:\/\/motorpor.pt\/wp-content\/uploads\/2024\/10\/Fiat_600-motorpo.jpeg","articleSection":["Campanhas","Fiat","Novos"],"inLanguage":"fr-FR"},{"@type":"WebPage","@id":"https:\/\/motorpor.pt\/fiat-600-hybrid-por-159e-mes\/","url":"https:\/\/motorpor.pt\/fiat-600-hybrid-por-159e-mes\/","name":"Fiat 600 Hybrid por 159\u20ac\/m\u00eas - Motorpor","isPartOf":{"@id":"https:\/\/motorpor.pt\/#website"},"primaryImageOfPage":{"@id":"https:\/\/motorpor.pt\/fiat-600-hybrid-por-159e-mes\/#primaryimage"},"image":{"@id":"https:\/\/motorpor.pt\/fiat-600-hybrid-por-159e-mes\/#primaryimage"},"thumbnailUrl":"https:\/\/motorpor.pt\/wp-content\/uploads\/2024\/10\/Fiat_600-motorpo.jpeg","datePublished":"2024-07-04T08:54:33+00:00","dateModified":"2024-12-06T12:35:17+00:00","breadcrumb":{"@id":"https:\/\/motorpor.pt\/fiat-600-hybrid-por-159e-mes\/#breadcrumb"},"inLanguage":"fr-FR","potentialAction":[{"@type":"ReadAction","target":["https:\/\/motorpor.pt\/fiat-600-hybrid-por-159e-mes\/"]}]},{"@type":"ImageObject","inLanguage":"fr-FR","@id":"https:\/\/motorpor.pt\/fiat-600-hybrid-por-159e-mes\/#primaryimage","url":"https:\/\/motorpor.pt\/wp-content\/uploads\/2024\/10\/Fiat_600-motorpo.jpeg","contentUrl":"https:\/\/motorpor.pt\/wp-content\/uploads\/2024\/10\/Fiat_600-motorpo.jpeg","width":1199,"height":627},{"@type":"BreadcrumbList","@id":"https:\/\/motorpor.pt\/fiat-600-hybrid-por-159e-mes\/#breadcrumb","itemListElement":[{"@type":"ListItem","position":1,"name":"In\u00edcio","item":"https:\/\/motorpor.pt\/"},{"@type":"ListItem","position":2,"name":"Fiat 600 Hybrid por 159\u20ac\/m\u00eas"}]},{"@type":"WebSite","@id":"https:\/\/motorpor.pt\/#website","url":"https:\/\/motorpor.pt\/","name":"motorpor","description":"Comercio de Autom\u00f3veis Multimarcas","publisher":{"@id":"https:\/\/motorpor.pt\/#organization"},"potentialAction":[{"@type":"SearchAction","target":{"@type":"EntryPoint","urlTemplate":"https:\/\/motorpor.pt\/?s={search_term_string}"},"query-input":{"@type":"PropertyValueSpecification","valueRequired":true,"valueName":"search_term_string"}}],"inLanguage":"fr-FR"},{"@type":"Organization","@id":"https:\/\/motorpor.pt\/#organization","name":"motorpor","alternateName":"Motorpor","url":"https:\/\/motorpor.pt\/","logo":{"@type":"ImageObject","inLanguage":"fr-FR","@id":"https:\/\/motorpor.pt\/#\/schema\/logo\/image\/","url":"https:\/\/motorpor.pt\/wp-content\/uploads\/2024\/07\/Logo-Motorpor-Preto.svg","contentUrl":"https:\/\/motorpor.pt\/wp-content\/uploads\/2024\/07\/Logo-Motorpor-Preto.svg","width":493,"height":93,"caption":"Motorpor"},"image":{"@id":"https:\/\/motorpor.pt\/#\/schema\/logo\/image\/"},"sameAs":["https:\/\/www.linkedin.com\/company\/grupo-motorpor"]},{"@type":"Person","@id":"https:\/\/motorpor.pt\/#\/schema\/person\/b4bf07144e88efed7388a5af30522db7","name":"mktmotorpor","image":{"@type":"ImageObject","inLanguage":"fr-FR","@id":"https:\/\/secure.gravatar.com\/avatar\/8418b61b3175dbba0a8744cf0ee6bb5c7a9f6c67f1dbc4f41a62d7b9738259a2?s=96&d=mm&r=g","url":"https:\/\/secure.gravatar.com\/avatar\/8418b61b3175dbba0a8744cf0ee6bb5c7a9f6c67f1dbc4f41a62d7b9738259a2?s=96&d=mm&r=g","contentUrl":"https:\/\/secure.gravatar.com\/avatar\/8418b61b3175dbba0a8744cf0ee6bb5c7a9f6c67f1dbc4f41a62d7b9738259a2?s=96&d=mm&r=g","caption":"mktmotorpor"},"url":"https:\/\/motorpor.pt\/fr\/user\/mktmotorpor\/"}]}},"_links":{"self":[{"href":"https:\/\/motorpor.pt\/fr\/wp-json\/wp\/v2\/posts\/88835","targetHints":{"allow":["GET"]}}],"collection":[{"href":"https:\/\/motorpor.pt\/fr\/wp-json\/wp\/v2\/posts"}],"about":[{"href":"https:\/\/motorpor.pt\/fr\/wp-json\/wp\/v2\/types\/post"}],"author":[{"embeddable":true,"href":"https:\/\/motorpor.pt\/fr\/wp-json\/wp\/v2\/users\/85"}],"replies":[{"embeddable":true,"href":"https:\/\/motorpor.pt\/fr\/wp-json\/wp\/v2\/comments?post=88835"}],"version-history":[{"count":5,"href":"https:\/\/motorpor.pt\/fr\/wp-json\/wp\/v2\/posts\/88835\/revisions"}],"predecessor-version":[{"id":105825,"href":"https:\/\/motorpor.pt\/fr\/wp-json\/wp\/v2\/posts\/88835\/revisions\/105825"}],"wp:featuredmedia":[{"embeddable":true,"href":"https:\/\/motorpor.pt\/fr\/wp-json\/wp\/v2\/media\/88988"}],"wp:attachment":[{"href":"https:\/\/motorpor.pt\/fr\/wp-json\/wp\/v2\/media?parent=88835"}],"wp:term":[{"taxonomy":"category","embeddable":true,"href":"https:\/\/motorpor.pt\/fr\/wp-json\/wp\/v2\/categories?post=88835"},{"taxonomy":"post_tag","embeddable":true,"href":"https:\/\/motorpor.pt\/fr\/wp-json\/wp\/v2\/tags?post=88835"}],"curies":[{"name":"wp","href":"https:\/\/api.w.org\/{rel}","templated":true}]}}