{"id":89601,"date":"2024-07-10T11:26:54","date_gmt":"2024-07-10T10:26:54","guid":{"rendered":"https:\/\/motorpor.pt\/presenca-da-motorpor-na-feira-de-sao-joao-de-evora\/"},"modified":"2024-07-10T15:33:36","modified_gmt":"2024-07-10T14:33:36","slug":"presenca-da-motorpor-na-feira-de-sao-joao-de-evora","status":"publish","type":"post","link":"https:\/\/motorpor.pt\/fr\/presenca-da-motorpor-na-feira-de-sao-joao-de-evora\/","title":{"rendered":"Presen\u00e7a da Motorpor na Feira de S\u00e3o Jo\u00e3o de \u00c9vora"},"content":{"rendered":"<p>Este ano, a <strong>motorpor<\/strong> marcou presen\u00e7a na <strong>Feira de S\u00e3o Jo\u00e3o de \u00c9vora<\/strong>, de<strong> 21 a 30 de junho<\/strong>, num formato distinto, sem a habitual exposi\u00e7\u00e3o de viaturas. Toda a din\u00e2mica foi estrategicamente planeada para promover a marca e evidenciar a dimens\u00e3o do Grupo.<\/p>\n<p>\u00a0<\/p>\n<p><img fetchpriority=\"high\" decoding=\"async\" class=\"alignnone size-full wp-image-89600\" src=\"https:\/\/motorpor.pt\/wp-content\/uploads\/2024\/07\/448929963_897674562375028_4638906153309621761_n.jpg\" alt=\"\" width=\"1536\" height=\"2048\" srcset=\"https:\/\/motorpor.pt\/wp-content\/uploads\/2024\/07\/448929963_897674562375028_4638906153309621761_n.jpg 1536w, https:\/\/motorpor.pt\/wp-content\/uploads\/2024\/07\/448929963_897674562375028_4638906153309621761_n-225x300.jpg 225w, https:\/\/motorpor.pt\/wp-content\/uploads\/2024\/07\/448929963_897674562375028_4638906153309621761_n-768x1024.jpg 768w, https:\/\/motorpor.pt\/wp-content\/uploads\/2024\/07\/448929963_897674562375028_4638906153309621761_n-1152x1536.jpg 1152w, https:\/\/motorpor.pt\/wp-content\/uploads\/2024\/07\/448929963_897674562375028_4638906153309621761_n-9x12.jpg 9w, https:\/\/motorpor.pt\/wp-content\/uploads\/2024\/07\/448929963_897674562375028_4638906153309621761_n-200x267.jpg 200w, https:\/\/motorpor.pt\/wp-content\/uploads\/2024\/07\/448929963_897674562375028_4638906153309621761_n-165x220.jpg 165w\" sizes=\"(max-width: 1536px) 100vw, 1536px\" \/><\/p>\n<p>\u00a0<\/p>\n<p>Uma das principais atra\u00e7\u00f5es do nosso espa\u00e7o foi a <strong>M\u00e1quina Garra<\/strong>, onde os visitantes puderam tentar a sua sorte e ganhar pr\u00e9mios variados.<\/p>\n<p>\u00a0<\/p>\n<p>Ao longo dos dias, a equipa de vendas aproveitou para angariar visitas ao stand e houve uma \u00e1rea de promo\u00e7\u00e3o de oportunidades de recrutamento e, ainda, uma zona dedicada \u00e0 transmiss\u00e3o de <strong>v\u00eddeos institucionais<\/strong> e de <strong>produtos das marcas<\/strong> que representamos. Para aumentar a visibilidade da <strong>motorpor<\/strong>, instal\u00e1mos tamb\u00e9m um <strong>VideoBooth 360\u00ba<\/strong>, incentivando os visitantes a partilhar as suas experi\u00eancias nas redes sociais.<\/p>\n<p>A participa\u00e7\u00e3o neste evento constituiu uma excelente oportunidade para refor\u00e7ar a nossa presen\u00e7a na comunidade da regi\u00e3o e destacar as vantagens oferecidas pela <strong>motorpor<\/strong>.<\/p>","protected":false},"excerpt":{"rendered":"<p>Este ano, a Motorpor marcou presen\u00e7a na Feira de S\u00e3o Jo\u00e3o de \u00c9vora, de 21 a 30 de junho, num formato distinto, sem a habitual exposi\u00e7\u00e3o de viaturas. Toda a din\u00e2mica foi estrategicamente planeada para promover a marca e evidenciar a dimens\u00e3o do Grupo. \u00a0 \u00a0 Uma das principais atra\u00e7\u00f5es do nosso espa\u00e7o foi a [&hellip;]<\/p>\n","protected":false},"author":85,"featured_media":89602,"comment_status":"closed","ping_status":"open","sticky":false,"template":"","format":"standard","meta":{"_acf_changed":false,"footnotes":""},"categories":[2595,2592],"tags":[],"class_list":["post-89601","post","type-post","status-publish","format-standard","has-post-thumbnail","hentry","category-atualidade","category-noticias"],"acf":[],"yoast_head":"<!-- This site is optimized with the Yoast SEO plugin v27.5 - https:\/\/yoast.com\/product\/yoast-seo-wordpress\/ -->\n<title>Presen\u00e7a da Motorpor na Feira de S\u00e3o Jo\u00e3o de \u00c9vora - Motorpor<\/title>\n<meta name=\"robots\" content=\"index, follow, max-snippet:-1, max-image-preview:large, max-video-preview:-1\" \/>\n<link rel=\"canonical\" href=\"https:\/\/motorpor.pt\/fr\/presenca-da-motorpor-na-feira-de-sao-joao-de-evora\/\" \/>\n<meta property=\"og:locale\" content=\"fr_FR\" \/>\n<meta property=\"og:type\" content=\"article\" \/>\n<meta property=\"og:title\" content=\"Presen\u00e7a da Motorpor na Feira de S\u00e3o Jo\u00e3o de \u00c9vora - Motorpor\" \/>\n<meta property=\"og:description\" content=\"Este ano, a Motorpor marcou presen\u00e7a na Feira de S\u00e3o Jo\u00e3o de \u00c9vora, de 21 a 30 de junho, num formato distinto, sem a habitual exposi\u00e7\u00e3o de viaturas. Toda a din\u00e2mica foi estrategicamente planeada para promover a marca e evidenciar a dimens\u00e3o do Grupo. \u00a0 \u00a0 Uma das principais atra\u00e7\u00f5es do nosso espa\u00e7o foi a [&hellip;]\" \/>\n<meta property=\"og:url\" content=\"https:\/\/motorpor.pt\/fr\/presenca-da-motorpor-na-feira-de-sao-joao-de-evora\/\" \/>\n<meta property=\"og:site_name\" content=\"Motorpor\" \/>\n<meta property=\"article:published_time\" content=\"2024-07-10T10:26:54+00:00\" \/>\n<meta property=\"article:modified_time\" content=\"2024-07-10T14:33:36+00:00\" \/>\n<meta property=\"og:image\" content=\"https:\/\/motorpor.pt\/wp-content\/uploads\/2024\/07\/motorpor-na-feira-sao-joao-evora.jpg\" \/>\n\t<meta property=\"og:image:width\" content=\"2048\" \/>\n\t<meta property=\"og:image:height\" content=\"1536\" \/>\n\t<meta property=\"og:image:type\" content=\"image\/jpeg\" \/>\n<meta name=\"author\" content=\"mktmotorpor\" \/>\n<meta name=\"twitter:card\" content=\"summary_large_image\" \/>\n<meta name=\"twitter:label1\" content=\"\u00c9crit par\" \/>\n\t<meta name=\"twitter:data1\" content=\"mktmotorpor\" \/>\n\t<meta name=\"twitter:label2\" content=\"Dur\u00e9e de lecture estim\u00e9e\" \/>\n\t<meta name=\"twitter:data2\" content=\"2 minutes\" \/>\n<script type=\"application\/ld+json\" class=\"yoast-schema-graph\">{\"@context\":\"https:\\\/\\\/schema.org\",\"@graph\":[{\"@type\":\"Article\",\"@id\":\"https:\\\/\\\/motorpor.pt\\\/presenca-da-motorpor-na-feira-de-sao-joao-de-evora\\\/#article\",\"isPartOf\":{\"@id\":\"https:\\\/\\\/motorpor.pt\\\/presenca-da-motorpor-na-feira-de-sao-joao-de-evora\\\/\"},\"author\":{\"name\":\"mktmotorpor\",\"@id\":\"https:\\\/\\\/motorpor.pt\\\/#\\\/schema\\\/person\\\/b4bf07144e88efed7388a5af30522db7\"},\"headline\":\"Presen\u00e7a da Motorpor na Feira de S\u00e3o Jo\u00e3o de \u00c9vora\",\"datePublished\":\"2024-07-10T10:26:54+00:00\",\"dateModified\":\"2024-07-10T14:33:36+00:00\",\"mainEntityOfPage\":{\"@id\":\"https:\\\/\\\/motorpor.pt\\\/presenca-da-motorpor-na-feira-de-sao-joao-de-evora\\\/\"},\"wordCount\":183,\"publisher\":{\"@id\":\"https:\\\/\\\/motorpor.pt\\\/#organization\"},\"image\":{\"@id\":\"https:\\\/\\\/motorpor.pt\\\/presenca-da-motorpor-na-feira-de-sao-joao-de-evora\\\/#primaryimage\"},\"thumbnailUrl\":\"https:\\\/\\\/motorpor.pt\\\/wp-content\\\/uploads\\\/2024\\\/07\\\/motorpor-na-feira-sao-joao-evora.jpg\",\"articleSection\":[\"Atualidade\",\"Not\u00edcias\"],\"inLanguage\":\"fr-FR\"},{\"@type\":\"WebPage\",\"@id\":\"https:\\\/\\\/motorpor.pt\\\/presenca-da-motorpor-na-feira-de-sao-joao-de-evora\\\/\",\"url\":\"https:\\\/\\\/motorpor.pt\\\/presenca-da-motorpor-na-feira-de-sao-joao-de-evora\\\/\",\"name\":\"Presen\u00e7a da Motorpor na Feira de S\u00e3o Jo\u00e3o de \u00c9vora - Motorpor\",\"isPartOf\":{\"@id\":\"https:\\\/\\\/motorpor.pt\\\/#website\"},\"primaryImageOfPage\":{\"@id\":\"https:\\\/\\\/motorpor.pt\\\/presenca-da-motorpor-na-feira-de-sao-joao-de-evora\\\/#primaryimage\"},\"image\":{\"@id\":\"https:\\\/\\\/motorpor.pt\\\/presenca-da-motorpor-na-feira-de-sao-joao-de-evora\\\/#primaryimage\"},\"thumbnailUrl\":\"https:\\\/\\\/motorpor.pt\\\/wp-content\\\/uploads\\\/2024\\\/07\\\/motorpor-na-feira-sao-joao-evora.jpg\",\"datePublished\":\"2024-07-10T10:26:54+00:00\",\"dateModified\":\"2024-07-10T14:33:36+00:00\",\"breadcrumb\":{\"@id\":\"https:\\\/\\\/motorpor.pt\\\/presenca-da-motorpor-na-feira-de-sao-joao-de-evora\\\/#breadcrumb\"},\"inLanguage\":\"fr-FR\",\"potentialAction\":[{\"@type\":\"ReadAction\",\"target\":[\"https:\\\/\\\/motorpor.pt\\\/presenca-da-motorpor-na-feira-de-sao-joao-de-evora\\\/\"]}]},{\"@type\":\"ImageObject\",\"inLanguage\":\"fr-FR\",\"@id\":\"https:\\\/\\\/motorpor.pt\\\/presenca-da-motorpor-na-feira-de-sao-joao-de-evora\\\/#primaryimage\",\"url\":\"https:\\\/\\\/motorpor.pt\\\/wp-content\\\/uploads\\\/2024\\\/07\\\/motorpor-na-feira-sao-joao-evora.jpg\",\"contentUrl\":\"https:\\\/\\\/motorpor.pt\\\/wp-content\\\/uploads\\\/2024\\\/07\\\/motorpor-na-feira-sao-joao-evora.jpg\",\"width\":2048,\"height\":1536},{\"@type\":\"BreadcrumbList\",\"@id\":\"https:\\\/\\\/motorpor.pt\\\/presenca-da-motorpor-na-feira-de-sao-joao-de-evora\\\/#breadcrumb\",\"itemListElement\":[{\"@type\":\"ListItem\",\"position\":1,\"name\":\"In\u00edcio\",\"item\":\"https:\\\/\\\/motorpor.pt\\\/\"},{\"@type\":\"ListItem\",\"position\":2,\"name\":\"Presen\u00e7a da Motorpor na Feira de S\u00e3o Jo\u00e3o de \u00c9vora\"}]},{\"@type\":\"WebSite\",\"@id\":\"https:\\\/\\\/motorpor.pt\\\/#website\",\"url\":\"https:\\\/\\\/motorpor.pt\\\/\",\"name\":\"Motorpor\",\"description\":\"Comercio de Autom\u00f3veis Multimarcas\",\"publisher\":{\"@id\":\"https:\\\/\\\/motorpor.pt\\\/#organization\"},\"potentialAction\":[{\"@type\":\"SearchAction\",\"target\":{\"@type\":\"EntryPoint\",\"urlTemplate\":\"https:\\\/\\\/motorpor.pt\\\/?s={search_term_string}\"},\"query-input\":{\"@type\":\"PropertyValueSpecification\",\"valueRequired\":true,\"valueName\":\"search_term_string\"}}],\"inLanguage\":\"fr-FR\"},{\"@type\":\"Organization\",\"@id\":\"https:\\\/\\\/motorpor.pt\\\/#organization\",\"name\":\"Motorpor\",\"alternateName\":\"Motorpor\",\"url\":\"https:\\\/\\\/motorpor.pt\\\/\",\"logo\":{\"@type\":\"ImageObject\",\"inLanguage\":\"fr-FR\",\"@id\":\"https:\\\/\\\/motorpor.pt\\\/#\\\/schema\\\/logo\\\/image\\\/\",\"url\":\"https:\\\/\\\/motorpor.pt\\\/wp-content\\\/uploads\\\/2024\\\/07\\\/Logo-Motorpor-Preto.svg\",\"contentUrl\":\"https:\\\/\\\/motorpor.pt\\\/wp-content\\\/uploads\\\/2024\\\/07\\\/Logo-Motorpor-Preto.svg\",\"width\":493,\"height\":93,\"caption\":\"Motorpor\"},\"image\":{\"@id\":\"https:\\\/\\\/motorpor.pt\\\/#\\\/schema\\\/logo\\\/image\\\/\"},\"sameAs\":[\"https:\\\/\\\/www.linkedin.com\\\/company\\\/grupo-motorpor\"]},{\"@type\":\"Person\",\"@id\":\"https:\\\/\\\/motorpor.pt\\\/#\\\/schema\\\/person\\\/b4bf07144e88efed7388a5af30522db7\",\"name\":\"mktmotorpor\",\"image\":{\"@type\":\"ImageObject\",\"inLanguage\":\"fr-FR\",\"@id\":\"https:\\\/\\\/secure.gravatar.com\\\/avatar\\\/8418b61b3175dbba0a8744cf0ee6bb5c7a9f6c67f1dbc4f41a62d7b9738259a2?s=96&d=mm&r=g\",\"url\":\"https:\\\/\\\/secure.gravatar.com\\\/avatar\\\/8418b61b3175dbba0a8744cf0ee6bb5c7a9f6c67f1dbc4f41a62d7b9738259a2?s=96&d=mm&r=g\",\"contentUrl\":\"https:\\\/\\\/secure.gravatar.com\\\/avatar\\\/8418b61b3175dbba0a8744cf0ee6bb5c7a9f6c67f1dbc4f41a62d7b9738259a2?s=96&d=mm&r=g\",\"caption\":\"mktmotorpor\"},\"url\":\"https:\\\/\\\/motorpor.pt\\\/fr\\\/user\\\/mktmotorpor\\\/\"}]}<\/script>\n<!-- \/ Yoast SEO plugin. -->","yoast_head_json":{"title":"Presen\u00e7a da Motorpor na Feira de S\u00e3o Jo\u00e3o de \u00c9vora - Motorpor","robots":{"index":"index","follow":"follow","max-snippet":"max-snippet:-1","max-image-preview":"max-image-preview:large","max-video-preview":"max-video-preview:-1"},"canonical":"https:\/\/motorpor.pt\/fr\/presenca-da-motorpor-na-feira-de-sao-joao-de-evora\/","og_locale":"fr_FR","og_type":"article","og_title":"Presen\u00e7a da Motorpor na Feira de S\u00e3o Jo\u00e3o de \u00c9vora - Motorpor","og_description":"Este ano, a Motorpor marcou presen\u00e7a na Feira de S\u00e3o Jo\u00e3o de \u00c9vora, de 21 a 30 de junho, num formato distinto, sem a habitual exposi\u00e7\u00e3o de viaturas. Toda a din\u00e2mica foi estrategicamente planeada para promover a marca e evidenciar a dimens\u00e3o do Grupo. \u00a0 \u00a0 Uma das principais atra\u00e7\u00f5es do nosso espa\u00e7o foi a [&hellip;]","og_url":"https:\/\/motorpor.pt\/fr\/presenca-da-motorpor-na-feira-de-sao-joao-de-evora\/","og_site_name":"Motorpor","article_published_time":"2024-07-10T10:26:54+00:00","article_modified_time":"2024-07-10T14:33:36+00:00","og_image":[{"width":2048,"height":1536,"url":"https:\/\/motorpor.pt\/wp-content\/uploads\/2024\/07\/motorpor-na-feira-sao-joao-evora.jpg","type":"image\/jpeg"}],"author":"mktmotorpor","twitter_card":"summary_large_image","twitter_misc":{"\u00c9crit par":"mktmotorpor","Dur\u00e9e de lecture estim\u00e9e":"2 minutes"},"schema":{"@context":"https:\/\/schema.org","@graph":[{"@type":"Article","@id":"https:\/\/motorpor.pt\/presenca-da-motorpor-na-feira-de-sao-joao-de-evora\/#article","isPartOf":{"@id":"https:\/\/motorpor.pt\/presenca-da-motorpor-na-feira-de-sao-joao-de-evora\/"},"author":{"name":"mktmotorpor","@id":"https:\/\/motorpor.pt\/#\/schema\/person\/b4bf07144e88efed7388a5af30522db7"},"headline":"Presen\u00e7a da Motorpor na Feira de S\u00e3o Jo\u00e3o de \u00c9vora","datePublished":"2024-07-10T10:26:54+00:00","dateModified":"2024-07-10T14:33:36+00:00","mainEntityOfPage":{"@id":"https:\/\/motorpor.pt\/presenca-da-motorpor-na-feira-de-sao-joao-de-evora\/"},"wordCount":183,"publisher":{"@id":"https:\/\/motorpor.pt\/#organization"},"image":{"@id":"https:\/\/motorpor.pt\/presenca-da-motorpor-na-feira-de-sao-joao-de-evora\/#primaryimage"},"thumbnailUrl":"https:\/\/motorpor.pt\/wp-content\/uploads\/2024\/07\/motorpor-na-feira-sao-joao-evora.jpg","articleSection":["Atualidade","Not\u00edcias"],"inLanguage":"fr-FR"},{"@type":"WebPage","@id":"https:\/\/motorpor.pt\/presenca-da-motorpor-na-feira-de-sao-joao-de-evora\/","url":"https:\/\/motorpor.pt\/presenca-da-motorpor-na-feira-de-sao-joao-de-evora\/","name":"Presen\u00e7a da Motorpor na Feira de S\u00e3o Jo\u00e3o de \u00c9vora - Motorpor","isPartOf":{"@id":"https:\/\/motorpor.pt\/#website"},"primaryImageOfPage":{"@id":"https:\/\/motorpor.pt\/presenca-da-motorpor-na-feira-de-sao-joao-de-evora\/#primaryimage"},"image":{"@id":"https:\/\/motorpor.pt\/presenca-da-motorpor-na-feira-de-sao-joao-de-evora\/#primaryimage"},"thumbnailUrl":"https:\/\/motorpor.pt\/wp-content\/uploads\/2024\/07\/motorpor-na-feira-sao-joao-evora.jpg","datePublished":"2024-07-10T10:26:54+00:00","dateModified":"2024-07-10T14:33:36+00:00","breadcrumb":{"@id":"https:\/\/motorpor.pt\/presenca-da-motorpor-na-feira-de-sao-joao-de-evora\/#breadcrumb"},"inLanguage":"fr-FR","potentialAction":[{"@type":"ReadAction","target":["https:\/\/motorpor.pt\/presenca-da-motorpor-na-feira-de-sao-joao-de-evora\/"]}]},{"@type":"ImageObject","inLanguage":"fr-FR","@id":"https:\/\/motorpor.pt\/presenca-da-motorpor-na-feira-de-sao-joao-de-evora\/#primaryimage","url":"https:\/\/motorpor.pt\/wp-content\/uploads\/2024\/07\/motorpor-na-feira-sao-joao-evora.jpg","contentUrl":"https:\/\/motorpor.pt\/wp-content\/uploads\/2024\/07\/motorpor-na-feira-sao-joao-evora.jpg","width":2048,"height":1536},{"@type":"BreadcrumbList","@id":"https:\/\/motorpor.pt\/presenca-da-motorpor-na-feira-de-sao-joao-de-evora\/#breadcrumb","itemListElement":[{"@type":"ListItem","position":1,"name":"In\u00edcio","item":"https:\/\/motorpor.pt\/"},{"@type":"ListItem","position":2,"name":"Presen\u00e7a da Motorpor na Feira de S\u00e3o Jo\u00e3o de \u00c9vora"}]},{"@type":"WebSite","@id":"https:\/\/motorpor.pt\/#website","url":"https:\/\/motorpor.pt\/","name":"motorpor","description":"Comercio de Autom\u00f3veis Multimarcas","publisher":{"@id":"https:\/\/motorpor.pt\/#organization"},"potentialAction":[{"@type":"SearchAction","target":{"@type":"EntryPoint","urlTemplate":"https:\/\/motorpor.pt\/?s={search_term_string}"},"query-input":{"@type":"PropertyValueSpecification","valueRequired":true,"valueName":"search_term_string"}}],"inLanguage":"fr-FR"},{"@type":"Organization","@id":"https:\/\/motorpor.pt\/#organization","name":"motorpor","alternateName":"Motorpor","url":"https:\/\/motorpor.pt\/","logo":{"@type":"ImageObject","inLanguage":"fr-FR","@id":"https:\/\/motorpor.pt\/#\/schema\/logo\/image\/","url":"https:\/\/motorpor.pt\/wp-content\/uploads\/2024\/07\/Logo-Motorpor-Preto.svg","contentUrl":"https:\/\/motorpor.pt\/wp-content\/uploads\/2024\/07\/Logo-Motorpor-Preto.svg","width":493,"height":93,"caption":"Motorpor"},"image":{"@id":"https:\/\/motorpor.pt\/#\/schema\/logo\/image\/"},"sameAs":["https:\/\/www.linkedin.com\/company\/grupo-motorpor"]},{"@type":"Person","@id":"https:\/\/motorpor.pt\/#\/schema\/person\/b4bf07144e88efed7388a5af30522db7","name":"mktmotorpor","image":{"@type":"ImageObject","inLanguage":"fr-FR","@id":"https:\/\/secure.gravatar.com\/avatar\/8418b61b3175dbba0a8744cf0ee6bb5c7a9f6c67f1dbc4f41a62d7b9738259a2?s=96&d=mm&r=g","url":"https:\/\/secure.gravatar.com\/avatar\/8418b61b3175dbba0a8744cf0ee6bb5c7a9f6c67f1dbc4f41a62d7b9738259a2?s=96&d=mm&r=g","contentUrl":"https:\/\/secure.gravatar.com\/avatar\/8418b61b3175dbba0a8744cf0ee6bb5c7a9f6c67f1dbc4f41a62d7b9738259a2?s=96&d=mm&r=g","caption":"mktmotorpor"},"url":"https:\/\/motorpor.pt\/fr\/user\/mktmotorpor\/"}]}},"_links":{"self":[{"href":"https:\/\/motorpor.pt\/fr\/wp-json\/wp\/v2\/posts\/89601","targetHints":{"allow":["GET"]}}],"collection":[{"href":"https:\/\/motorpor.pt\/fr\/wp-json\/wp\/v2\/posts"}],"about":[{"href":"https:\/\/motorpor.pt\/fr\/wp-json\/wp\/v2\/types\/post"}],"author":[{"embeddable":true,"href":"https:\/\/motorpor.pt\/fr\/wp-json\/wp\/v2\/users\/85"}],"replies":[{"embeddable":true,"href":"https:\/\/motorpor.pt\/fr\/wp-json\/wp\/v2\/comments?post=89601"}],"version-history":[{"count":1,"href":"https:\/\/motorpor.pt\/fr\/wp-json\/wp\/v2\/posts\/89601\/revisions"}],"predecessor-version":[{"id":89603,"href":"https:\/\/motorpor.pt\/fr\/wp-json\/wp\/v2\/posts\/89601\/revisions\/89603"}],"wp:featuredmedia":[{"embeddable":true,"href":"https:\/\/motorpor.pt\/fr\/wp-json\/wp\/v2\/media\/89602"}],"wp:attachment":[{"href":"https:\/\/motorpor.pt\/fr\/wp-json\/wp\/v2\/media?parent=89601"}],"wp:term":[{"taxonomy":"category","embeddable":true,"href":"https:\/\/motorpor.pt\/fr\/wp-json\/wp\/v2\/categories?post=89601"},{"taxonomy":"post_tag","embeddable":true,"href":"https:\/\/motorpor.pt\/fr\/wp-json\/wp\/v2\/tags?post=89601"}],"curies":[{"name":"wp","href":"https:\/\/api.w.org\/{rel}","templated":true}]}}