{"id":89849,"date":"2024-07-12T10:53:17","date_gmt":"2024-07-12T09:53:17","guid":{"rendered":"https:\/\/motorpor.pt\/novo-dacia-spring-mais-atraente-do-que-nunca-eletrizante-como-sempre\/"},"modified":"2024-07-12T12:42:58","modified_gmt":"2024-07-12T11:42:58","slug":"novo-dacia-spring-mais-atraente-do-que-nunca-eletrizante-como-sempre","status":"publish","type":"post","link":"https:\/\/motorpor.pt\/fr\/novo-dacia-spring-mais-atraente-do-que-nunca-eletrizante-como-sempre\/","title":{"rendered":"NOVO DACIA SPRING: Mais atraente do que nunca, eletrizante como sempre"},"content":{"rendered":"<h5>A Dacia apresenta o Novo Spring totalmente el\u00e9trico, mais apelativo do que nunca, com design exterior e interior totalmente novo.<\/h5>\n<p>Lan\u00e7ado pela primeira vez, em 2021, o Spring foi o primeiro modelo totalmente el\u00e9trico da Dacia. No ano de lan\u00e7amento foi o quarto autom\u00f3vel el\u00e9trico mais vendido e o primeiro a particulares em Portugal desde 2022. No total, desde o lan\u00e7amento, mais de 140.000 Dacia Spring foram registados em todo o mundo.<\/p>\n<p>O Spring foi bastante premiado desde o seu ano de lan\u00e7amento. A sua efici\u00eancia energ\u00e9tica e reduzida pegada de carbono foram particularmente elogiadas em 2022, quando lhe foi atribu\u00edda a classifica\u00e7\u00e3o m\u00e1xima de 5 estrelas pela organiza\u00e7\u00e3o europeia independente Green NCAP.<\/p>\n<p><img fetchpriority=\"high\" decoding=\"async\" class=\"alignnone size-full wp-image-89847\" src=\"https:\/\/motorpor.pt\/wp-content\/uploads\/2024\/07\/Novo-Dacia-Spring-scaled.jpg\" alt=\"\" width=\"2560\" height=\"1707\" srcset=\"https:\/\/motorpor.pt\/wp-content\/uploads\/2024\/07\/Novo-Dacia-Spring-scaled.jpg 2560w, https:\/\/motorpor.pt\/wp-content\/uploads\/2024\/07\/Novo-Dacia-Spring-300x200.jpg 300w, https:\/\/motorpor.pt\/wp-content\/uploads\/2024\/07\/Novo-Dacia-Spring-1024x683.jpg 1024w, https:\/\/motorpor.pt\/wp-content\/uploads\/2024\/07\/Novo-Dacia-Spring-768x512.jpg 768w, https:\/\/motorpor.pt\/wp-content\/uploads\/2024\/07\/Novo-Dacia-Spring-1536x1024.jpg 1536w, https:\/\/motorpor.pt\/wp-content\/uploads\/2024\/07\/Novo-Dacia-Spring-2048x1365.jpg 2048w, https:\/\/motorpor.pt\/wp-content\/uploads\/2024\/07\/Novo-Dacia-Spring-18x12.jpg 18w, https:\/\/motorpor.pt\/wp-content\/uploads\/2024\/07\/Novo-Dacia-Spring-200x133.jpg 200w, https:\/\/motorpor.pt\/wp-content\/uploads\/2024\/07\/Novo-Dacia-Spring-165x110.jpg 165w\" sizes=\"(max-width: 2560px) 100vw, 2560px\" \/><\/p>\n<p>&#8220;O Dacia Spring assumiu-se como a solu\u00e7\u00e3o perfeita para as pessoas que procuraram uma mobilidade simples, econ\u00f3mica e eficiente, com emiss\u00f5es zero.&#8221; <strong>Hoje, o Novo Dacia Spring ultrapassa mais um marco, elevando as qualidades que o tornaram um sucesso a um novo n\u00edvel.\u00a0<\/strong>Mais atraente do que nunca, com um design totalmente renovado e mais robusto, mas, ainda assim, muito pr\u00e1tico, com um espa\u00e7o de arruma\u00e7\u00e3o interior excecional para o seu segmento; mais vers\u00e1til do que nunca, com um motor de 65 cv mais acess\u00edvel, mas, ainda assim, muito eficiente gra\u00e7as a um peso cuidadosamente gerido, continuando a ser o modelo totalmente el\u00e9trico mais acess\u00edvel do mercado.<\/p>\n<p>Conhe\u00e7a todas as viaturas Dacia dispon\u00edveis no nosso site.<\/p>","protected":false},"excerpt":{"rendered":"<p>A Dacia apresenta o Novo Spring totalmente el\u00e9trico, mais apelativo do que nunca, com design exterior e interior totalmente novo. Lan\u00e7ado pela primeira vez, em 2021, o Spring foi o primeiro modelo totalmente el\u00e9trico da Dacia. No ano de lan\u00e7amento foi o quarto autom\u00f3vel el\u00e9trico mais vendido e o primeiro a particulares em Portugal desde [&hellip;]<\/p>\n","protected":false},"author":85,"featured_media":89860,"comment_status":"closed","ping_status":"open","sticky":false,"template":"","format":"standard","meta":{"_acf_changed":false,"footnotes":""},"categories":[2595,2592,3088],"tags":[],"class_list":["post-89849","post","type-post","status-publish","format-standard","has-post-thumbnail","hentry","category-atualidade","category-noticias","category-noticias-dacia"],"acf":[],"yoast_head":"<!-- This site is optimized with the Yoast SEO plugin v27.5 - https:\/\/yoast.com\/product\/yoast-seo-wordpress\/ -->\n<title>NOVO DACIA SPRING: Mais atraente do que nunca, eletrizante como sempre - Motorpor<\/title>\n<meta name=\"robots\" content=\"index, follow, max-snippet:-1, max-image-preview:large, max-video-preview:-1\" \/>\n<link rel=\"canonical\" href=\"https:\/\/motorpor.pt\/fr\/novo-dacia-spring-mais-atraente-do-que-nunca-eletrizante-como-sempre\/\" \/>\n<meta property=\"og:locale\" content=\"fr_FR\" \/>\n<meta property=\"og:type\" content=\"article\" \/>\n<meta property=\"og:title\" content=\"NOVO DACIA SPRING: Mais atraente do que nunca, eletrizante como sempre - Motorpor\" \/>\n<meta property=\"og:description\" content=\"A Dacia apresenta o Novo Spring totalmente el\u00e9trico, mais apelativo do que nunca, com design exterior e interior totalmente novo. Lan\u00e7ado pela primeira vez, em 2021, o Spring foi o primeiro modelo totalmente el\u00e9trico da Dacia. No ano de lan\u00e7amento foi o quarto autom\u00f3vel el\u00e9trico mais vendido e o primeiro a particulares em Portugal desde [&hellip;]\" \/>\n<meta property=\"og:url\" content=\"https:\/\/motorpor.pt\/fr\/novo-dacia-spring-mais-atraente-do-que-nunca-eletrizante-como-sempre\/\" \/>\n<meta property=\"og:site_name\" content=\"Motorpor\" \/>\n<meta property=\"article:published_time\" content=\"2024-07-12T09:53:17+00:00\" \/>\n<meta property=\"article:modified_time\" content=\"2024-07-12T11:42:58+00:00\" \/>\n<meta property=\"og:image\" content=\"https:\/\/motorpor.pt\/wp-content\/uploads\/2024\/07\/Novo-Dacia-Spring-motorpor.jpg\" \/>\n\t<meta property=\"og:image:width\" content=\"1024\" \/>\n\t<meta property=\"og:image:height\" content=\"682\" \/>\n\t<meta property=\"og:image:type\" content=\"image\/jpeg\" \/>\n<meta name=\"author\" content=\"mktmotorpor\" \/>\n<meta name=\"twitter:card\" content=\"summary_large_image\" \/>\n<meta name=\"twitter:label1\" content=\"\u00c9crit par\" \/>\n\t<meta name=\"twitter:data1\" content=\"mktmotorpor\" \/>\n\t<meta name=\"twitter:label2\" content=\"Dur\u00e9e de lecture estim\u00e9e\" \/>\n\t<meta name=\"twitter:data2\" content=\"2 minutes\" \/>\n<script type=\"application\/ld+json\" class=\"yoast-schema-graph\">{\"@context\":\"https:\\\/\\\/schema.org\",\"@graph\":[{\"@type\":\"Article\",\"@id\":\"https:\\\/\\\/motorpor.pt\\\/novo-dacia-spring-mais-atraente-do-que-nunca-eletrizante-como-sempre\\\/#article\",\"isPartOf\":{\"@id\":\"https:\\\/\\\/motorpor.pt\\\/novo-dacia-spring-mais-atraente-do-que-nunca-eletrizante-como-sempre\\\/\"},\"author\":{\"name\":\"mktmotorpor\",\"@id\":\"https:\\\/\\\/motorpor.pt\\\/#\\\/schema\\\/person\\\/b4bf07144e88efed7388a5af30522db7\"},\"headline\":\"NOVO DACIA SPRING: Mais atraente do que nunca, eletrizante como sempre\",\"datePublished\":\"2024-07-12T09:53:17+00:00\",\"dateModified\":\"2024-07-12T11:42:58+00:00\",\"mainEntityOfPage\":{\"@id\":\"https:\\\/\\\/motorpor.pt\\\/novo-dacia-spring-mais-atraente-do-que-nunca-eletrizante-como-sempre\\\/\"},\"wordCount\":262,\"publisher\":{\"@id\":\"https:\\\/\\\/motorpor.pt\\\/#organization\"},\"image\":{\"@id\":\"https:\\\/\\\/motorpor.pt\\\/novo-dacia-spring-mais-atraente-do-que-nunca-eletrizante-como-sempre\\\/#primaryimage\"},\"thumbnailUrl\":\"https:\\\/\\\/motorpor.pt\\\/wp-content\\\/uploads\\\/2024\\\/07\\\/Novo-Dacia-Spring-motorpor.jpg\",\"articleSection\":[\"Atualidade\",\"Not\u00edcias\",\"Not\u00edcias Dacia\"],\"inLanguage\":\"fr-FR\"},{\"@type\":\"WebPage\",\"@id\":\"https:\\\/\\\/motorpor.pt\\\/novo-dacia-spring-mais-atraente-do-que-nunca-eletrizante-como-sempre\\\/\",\"url\":\"https:\\\/\\\/motorpor.pt\\\/novo-dacia-spring-mais-atraente-do-que-nunca-eletrizante-como-sempre\\\/\",\"name\":\"NOVO DACIA SPRING: Mais atraente do que nunca, eletrizante como sempre - Motorpor\",\"isPartOf\":{\"@id\":\"https:\\\/\\\/motorpor.pt\\\/#website\"},\"primaryImageOfPage\":{\"@id\":\"https:\\\/\\\/motorpor.pt\\\/novo-dacia-spring-mais-atraente-do-que-nunca-eletrizante-como-sempre\\\/#primaryimage\"},\"image\":{\"@id\":\"https:\\\/\\\/motorpor.pt\\\/novo-dacia-spring-mais-atraente-do-que-nunca-eletrizante-como-sempre\\\/#primaryimage\"},\"thumbnailUrl\":\"https:\\\/\\\/motorpor.pt\\\/wp-content\\\/uploads\\\/2024\\\/07\\\/Novo-Dacia-Spring-motorpor.jpg\",\"datePublished\":\"2024-07-12T09:53:17+00:00\",\"dateModified\":\"2024-07-12T11:42:58+00:00\",\"breadcrumb\":{\"@id\":\"https:\\\/\\\/motorpor.pt\\\/novo-dacia-spring-mais-atraente-do-que-nunca-eletrizante-como-sempre\\\/#breadcrumb\"},\"inLanguage\":\"fr-FR\",\"potentialAction\":[{\"@type\":\"ReadAction\",\"target\":[\"https:\\\/\\\/motorpor.pt\\\/novo-dacia-spring-mais-atraente-do-que-nunca-eletrizante-como-sempre\\\/\"]}]},{\"@type\":\"ImageObject\",\"inLanguage\":\"fr-FR\",\"@id\":\"https:\\\/\\\/motorpor.pt\\\/novo-dacia-spring-mais-atraente-do-que-nunca-eletrizante-como-sempre\\\/#primaryimage\",\"url\":\"https:\\\/\\\/motorpor.pt\\\/wp-content\\\/uploads\\\/2024\\\/07\\\/Novo-Dacia-Spring-motorpor.jpg\",\"contentUrl\":\"https:\\\/\\\/motorpor.pt\\\/wp-content\\\/uploads\\\/2024\\\/07\\\/Novo-Dacia-Spring-motorpor.jpg\",\"width\":1024,\"height\":682},{\"@type\":\"BreadcrumbList\",\"@id\":\"https:\\\/\\\/motorpor.pt\\\/novo-dacia-spring-mais-atraente-do-que-nunca-eletrizante-como-sempre\\\/#breadcrumb\",\"itemListElement\":[{\"@type\":\"ListItem\",\"position\":1,\"name\":\"In\u00edcio\",\"item\":\"https:\\\/\\\/motorpor.pt\\\/\"},{\"@type\":\"ListItem\",\"position\":2,\"name\":\"NOVO DACIA SPRING: Mais atraente do que nunca, eletrizante como sempre\"}]},{\"@type\":\"WebSite\",\"@id\":\"https:\\\/\\\/motorpor.pt\\\/#website\",\"url\":\"https:\\\/\\\/motorpor.pt\\\/\",\"name\":\"Motorpor\",\"description\":\"Comercio de Autom\u00f3veis Multimarcas\",\"publisher\":{\"@id\":\"https:\\\/\\\/motorpor.pt\\\/#organization\"},\"potentialAction\":[{\"@type\":\"SearchAction\",\"target\":{\"@type\":\"EntryPoint\",\"urlTemplate\":\"https:\\\/\\\/motorpor.pt\\\/?s={search_term_string}\"},\"query-input\":{\"@type\":\"PropertyValueSpecification\",\"valueRequired\":true,\"valueName\":\"search_term_string\"}}],\"inLanguage\":\"fr-FR\"},{\"@type\":\"Organization\",\"@id\":\"https:\\\/\\\/motorpor.pt\\\/#organization\",\"name\":\"Motorpor\",\"alternateName\":\"Motorpor\",\"url\":\"https:\\\/\\\/motorpor.pt\\\/\",\"logo\":{\"@type\":\"ImageObject\",\"inLanguage\":\"fr-FR\",\"@id\":\"https:\\\/\\\/motorpor.pt\\\/#\\\/schema\\\/logo\\\/image\\\/\",\"url\":\"https:\\\/\\\/motorpor.pt\\\/wp-content\\\/uploads\\\/2024\\\/07\\\/Logo-Motorpor-Preto.svg\",\"contentUrl\":\"https:\\\/\\\/motorpor.pt\\\/wp-content\\\/uploads\\\/2024\\\/07\\\/Logo-Motorpor-Preto.svg\",\"width\":493,\"height\":93,\"caption\":\"Motorpor\"},\"image\":{\"@id\":\"https:\\\/\\\/motorpor.pt\\\/#\\\/schema\\\/logo\\\/image\\\/\"},\"sameAs\":[\"https:\\\/\\\/www.linkedin.com\\\/company\\\/grupo-motorpor\"]},{\"@type\":\"Person\",\"@id\":\"https:\\\/\\\/motorpor.pt\\\/#\\\/schema\\\/person\\\/b4bf07144e88efed7388a5af30522db7\",\"name\":\"mktmotorpor\",\"image\":{\"@type\":\"ImageObject\",\"inLanguage\":\"fr-FR\",\"@id\":\"https:\\\/\\\/secure.gravatar.com\\\/avatar\\\/8418b61b3175dbba0a8744cf0ee6bb5c7a9f6c67f1dbc4f41a62d7b9738259a2?s=96&d=mm&r=g\",\"url\":\"https:\\\/\\\/secure.gravatar.com\\\/avatar\\\/8418b61b3175dbba0a8744cf0ee6bb5c7a9f6c67f1dbc4f41a62d7b9738259a2?s=96&d=mm&r=g\",\"contentUrl\":\"https:\\\/\\\/secure.gravatar.com\\\/avatar\\\/8418b61b3175dbba0a8744cf0ee6bb5c7a9f6c67f1dbc4f41a62d7b9738259a2?s=96&d=mm&r=g\",\"caption\":\"mktmotorpor\"},\"url\":\"https:\\\/\\\/motorpor.pt\\\/fr\\\/user\\\/mktmotorpor\\\/\"}]}<\/script>\n<!-- \/ Yoast SEO plugin. -->","yoast_head_json":{"title":"NOVO DACIA SPRING: Mais atraente do que nunca, eletrizante como sempre - Motorpor","robots":{"index":"index","follow":"follow","max-snippet":"max-snippet:-1","max-image-preview":"max-image-preview:large","max-video-preview":"max-video-preview:-1"},"canonical":"https:\/\/motorpor.pt\/fr\/novo-dacia-spring-mais-atraente-do-que-nunca-eletrizante-como-sempre\/","og_locale":"fr_FR","og_type":"article","og_title":"NOVO DACIA SPRING: Mais atraente do que nunca, eletrizante como sempre - Motorpor","og_description":"A Dacia apresenta o Novo Spring totalmente el\u00e9trico, mais apelativo do que nunca, com design exterior e interior totalmente novo. Lan\u00e7ado pela primeira vez, em 2021, o Spring foi o primeiro modelo totalmente el\u00e9trico da Dacia. No ano de lan\u00e7amento foi o quarto autom\u00f3vel el\u00e9trico mais vendido e o primeiro a particulares em Portugal desde [&hellip;]","og_url":"https:\/\/motorpor.pt\/fr\/novo-dacia-spring-mais-atraente-do-que-nunca-eletrizante-como-sempre\/","og_site_name":"Motorpor","article_published_time":"2024-07-12T09:53:17+00:00","article_modified_time":"2024-07-12T11:42:58+00:00","og_image":[{"width":1024,"height":682,"url":"https:\/\/motorpor.pt\/wp-content\/uploads\/2024\/07\/Novo-Dacia-Spring-motorpor.jpg","type":"image\/jpeg"}],"author":"mktmotorpor","twitter_card":"summary_large_image","twitter_misc":{"\u00c9crit par":"mktmotorpor","Dur\u00e9e de lecture estim\u00e9e":"2 minutes"},"schema":{"@context":"https:\/\/schema.org","@graph":[{"@type":"Article","@id":"https:\/\/motorpor.pt\/novo-dacia-spring-mais-atraente-do-que-nunca-eletrizante-como-sempre\/#article","isPartOf":{"@id":"https:\/\/motorpor.pt\/novo-dacia-spring-mais-atraente-do-que-nunca-eletrizante-como-sempre\/"},"author":{"name":"mktmotorpor","@id":"https:\/\/motorpor.pt\/#\/schema\/person\/b4bf07144e88efed7388a5af30522db7"},"headline":"NOVO DACIA SPRING: Mais atraente do que nunca, eletrizante como sempre","datePublished":"2024-07-12T09:53:17+00:00","dateModified":"2024-07-12T11:42:58+00:00","mainEntityOfPage":{"@id":"https:\/\/motorpor.pt\/novo-dacia-spring-mais-atraente-do-que-nunca-eletrizante-como-sempre\/"},"wordCount":262,"publisher":{"@id":"https:\/\/motorpor.pt\/#organization"},"image":{"@id":"https:\/\/motorpor.pt\/novo-dacia-spring-mais-atraente-do-que-nunca-eletrizante-como-sempre\/#primaryimage"},"thumbnailUrl":"https:\/\/motorpor.pt\/wp-content\/uploads\/2024\/07\/Novo-Dacia-Spring-motorpor.jpg","articleSection":["Atualidade","Not\u00edcias","Not\u00edcias Dacia"],"inLanguage":"fr-FR"},{"@type":"WebPage","@id":"https:\/\/motorpor.pt\/novo-dacia-spring-mais-atraente-do-que-nunca-eletrizante-como-sempre\/","url":"https:\/\/motorpor.pt\/novo-dacia-spring-mais-atraente-do-que-nunca-eletrizante-como-sempre\/","name":"NOVO DACIA SPRING: Mais atraente do que nunca, eletrizante como sempre - Motorpor","isPartOf":{"@id":"https:\/\/motorpor.pt\/#website"},"primaryImageOfPage":{"@id":"https:\/\/motorpor.pt\/novo-dacia-spring-mais-atraente-do-que-nunca-eletrizante-como-sempre\/#primaryimage"},"image":{"@id":"https:\/\/motorpor.pt\/novo-dacia-spring-mais-atraente-do-que-nunca-eletrizante-como-sempre\/#primaryimage"},"thumbnailUrl":"https:\/\/motorpor.pt\/wp-content\/uploads\/2024\/07\/Novo-Dacia-Spring-motorpor.jpg","datePublished":"2024-07-12T09:53:17+00:00","dateModified":"2024-07-12T11:42:58+00:00","breadcrumb":{"@id":"https:\/\/motorpor.pt\/novo-dacia-spring-mais-atraente-do-que-nunca-eletrizante-como-sempre\/#breadcrumb"},"inLanguage":"fr-FR","potentialAction":[{"@type":"ReadAction","target":["https:\/\/motorpor.pt\/novo-dacia-spring-mais-atraente-do-que-nunca-eletrizante-como-sempre\/"]}]},{"@type":"ImageObject","inLanguage":"fr-FR","@id":"https:\/\/motorpor.pt\/novo-dacia-spring-mais-atraente-do-que-nunca-eletrizante-como-sempre\/#primaryimage","url":"https:\/\/motorpor.pt\/wp-content\/uploads\/2024\/07\/Novo-Dacia-Spring-motorpor.jpg","contentUrl":"https:\/\/motorpor.pt\/wp-content\/uploads\/2024\/07\/Novo-Dacia-Spring-motorpor.jpg","width":1024,"height":682},{"@type":"BreadcrumbList","@id":"https:\/\/motorpor.pt\/novo-dacia-spring-mais-atraente-do-que-nunca-eletrizante-como-sempre\/#breadcrumb","itemListElement":[{"@type":"ListItem","position":1,"name":"In\u00edcio","item":"https:\/\/motorpor.pt\/"},{"@type":"ListItem","position":2,"name":"NOVO DACIA SPRING: Mais atraente do que nunca, eletrizante como sempre"}]},{"@type":"WebSite","@id":"https:\/\/motorpor.pt\/#website","url":"https:\/\/motorpor.pt\/","name":"motorpor","description":"Comercio de Autom\u00f3veis Multimarcas","publisher":{"@id":"https:\/\/motorpor.pt\/#organization"},"potentialAction":[{"@type":"SearchAction","target":{"@type":"EntryPoint","urlTemplate":"https:\/\/motorpor.pt\/?s={search_term_string}"},"query-input":{"@type":"PropertyValueSpecification","valueRequired":true,"valueName":"search_term_string"}}],"inLanguage":"fr-FR"},{"@type":"Organization","@id":"https:\/\/motorpor.pt\/#organization","name":"motorpor","alternateName":"Motorpor","url":"https:\/\/motorpor.pt\/","logo":{"@type":"ImageObject","inLanguage":"fr-FR","@id":"https:\/\/motorpor.pt\/#\/schema\/logo\/image\/","url":"https:\/\/motorpor.pt\/wp-content\/uploads\/2024\/07\/Logo-Motorpor-Preto.svg","contentUrl":"https:\/\/motorpor.pt\/wp-content\/uploads\/2024\/07\/Logo-Motorpor-Preto.svg","width":493,"height":93,"caption":"Motorpor"},"image":{"@id":"https:\/\/motorpor.pt\/#\/schema\/logo\/image\/"},"sameAs":["https:\/\/www.linkedin.com\/company\/grupo-motorpor"]},{"@type":"Person","@id":"https:\/\/motorpor.pt\/#\/schema\/person\/b4bf07144e88efed7388a5af30522db7","name":"mktmotorpor","image":{"@type":"ImageObject","inLanguage":"fr-FR","@id":"https:\/\/secure.gravatar.com\/avatar\/8418b61b3175dbba0a8744cf0ee6bb5c7a9f6c67f1dbc4f41a62d7b9738259a2?s=96&d=mm&r=g","url":"https:\/\/secure.gravatar.com\/avatar\/8418b61b3175dbba0a8744cf0ee6bb5c7a9f6c67f1dbc4f41a62d7b9738259a2?s=96&d=mm&r=g","contentUrl":"https:\/\/secure.gravatar.com\/avatar\/8418b61b3175dbba0a8744cf0ee6bb5c7a9f6c67f1dbc4f41a62d7b9738259a2?s=96&d=mm&r=g","caption":"mktmotorpor"},"url":"https:\/\/motorpor.pt\/fr\/user\/mktmotorpor\/"}]}},"_links":{"self":[{"href":"https:\/\/motorpor.pt\/fr\/wp-json\/wp\/v2\/posts\/89849","targetHints":{"allow":["GET"]}}],"collection":[{"href":"https:\/\/motorpor.pt\/fr\/wp-json\/wp\/v2\/posts"}],"about":[{"href":"https:\/\/motorpor.pt\/fr\/wp-json\/wp\/v2\/types\/post"}],"author":[{"embeddable":true,"href":"https:\/\/motorpor.pt\/fr\/wp-json\/wp\/v2\/users\/85"}],"replies":[{"embeddable":true,"href":"https:\/\/motorpor.pt\/fr\/wp-json\/wp\/v2\/comments?post=89849"}],"version-history":[{"count":1,"href":"https:\/\/motorpor.pt\/fr\/wp-json\/wp\/v2\/posts\/89849\/revisions"}],"predecessor-version":[{"id":89861,"href":"https:\/\/motorpor.pt\/fr\/wp-json\/wp\/v2\/posts\/89849\/revisions\/89861"}],"wp:featuredmedia":[{"embeddable":true,"href":"https:\/\/motorpor.pt\/fr\/wp-json\/wp\/v2\/media\/89860"}],"wp:attachment":[{"href":"https:\/\/motorpor.pt\/fr\/wp-json\/wp\/v2\/media?parent=89849"}],"wp:term":[{"taxonomy":"category","embeddable":true,"href":"https:\/\/motorpor.pt\/fr\/wp-json\/wp\/v2\/categories?post=89849"},{"taxonomy":"post_tag","embeddable":true,"href":"https:\/\/motorpor.pt\/fr\/wp-json\/wp\/v2\/tags?post=89849"}],"curies":[{"name":"wp","href":"https:\/\/api.w.org\/{rel}","templated":true}]}}