{"id":90387,"date":"2024-07-19T14:27:06","date_gmt":"2024-07-19T13:27:06","guid":{"rendered":"https:\/\/motorpor.pt\/peugeot-5008-e-e-5008-o-suv-lider-do-mercado-chega-a-portugal-em-setembro\/"},"modified":"2024-07-19T15:55:27","modified_gmt":"2024-07-19T14:55:27","slug":"peugeot-5008-e-e-5008-o-suv-lider-do-mercado-chega-a-portugal-em-setembro","status":"publish","type":"post","link":"https:\/\/motorpor.pt\/fr\/peugeot-5008-e-e-5008-o-suv-lider-do-mercado-chega-a-portugal-em-setembro\/","title":{"rendered":"Peugeot 5008 e E-5008: O SUV lider do mercado chega a Portugal em setembro"},"content":{"rendered":"<h5>O novo Peugeot E-5008 estabelece uma nova refer\u00eancia ao tornar-se o \u00fanico SUV totalmente el\u00e9trico, com sete lugares e uma autonomia el\u00e9trica at\u00e9 660 quil\u00f3metros.<\/h5>\n<p>A Peugeot oferece uma total tranquilidade aos seus clientes, proporcionando ao Peugeot E-5008 uma garantia de 8 anos\/160.000 km atrav\u00e9s do seu programa <strong>ALLURE CARE<\/strong>.<\/p>\n<ul>\n<li><strong>Sedu\u00e7\u00e3o<\/strong>: um design que combina o dinamismo de um verdadeiro SUV com o requinte de um modelo de segmento superior.<\/li>\n<li><strong>Emo\u00e7\u00e3o<\/strong>: um espetacular i-Cockpit panor\u00e2mico e um ambiente interior acolhedor e de alta tecnologia.<\/li>\n<li><strong>Excel\u00eancia<\/strong>: um SUV \u00fanico, produzido em Fran\u00e7a, com sete lugares e uma performance el\u00e9trica com uma autonomia de at\u00e9 660 km.<\/li>\n<\/ul>\n<p><img fetchpriority=\"high\" decoding=\"async\" class=\"alignnone size-full wp-image-90385\" src=\"https:\/\/motorpor.pt\/wp-content\/uploads\/2024\/07\/PEUGEOT_E5008TESTDRIVE_2406TC0075-scaled.jpg\" alt=\"\" width=\"2560\" height=\"1708\" srcset=\"https:\/\/motorpor.pt\/wp-content\/uploads\/2024\/07\/PEUGEOT_E5008TESTDRIVE_2406TC0075-scaled.jpg 2560w, https:\/\/motorpor.pt\/wp-content\/uploads\/2024\/07\/PEUGEOT_E5008TESTDRIVE_2406TC0075-300x200.jpg 300w, https:\/\/motorpor.pt\/wp-content\/uploads\/2024\/07\/PEUGEOT_E5008TESTDRIVE_2406TC0075-1024x683.jpg 1024w, https:\/\/motorpor.pt\/wp-content\/uploads\/2024\/07\/PEUGEOT_E5008TESTDRIVE_2406TC0075-768x512.jpg 768w, https:\/\/motorpor.pt\/wp-content\/uploads\/2024\/07\/PEUGEOT_E5008TESTDRIVE_2406TC0075-1536x1025.jpg 1536w, https:\/\/motorpor.pt\/wp-content\/uploads\/2024\/07\/PEUGEOT_E5008TESTDRIVE_2406TC0075-2048x1366.jpg 2048w, https:\/\/motorpor.pt\/wp-content\/uploads\/2024\/07\/PEUGEOT_E5008TESTDRIVE_2406TC0075-18x12.jpg 18w, https:\/\/motorpor.pt\/wp-content\/uploads\/2024\/07\/PEUGEOT_E5008TESTDRIVE_2406TC0075-200x133.jpg 200w, https:\/\/motorpor.pt\/wp-content\/uploads\/2024\/07\/PEUGEOT_E5008TESTDRIVE_2406TC0075-165x110.jpg 165w\" sizes=\"(max-width: 2560px) 100vw, 2560px\" \/><\/p>\n<p>&#8220;Empenhada em tornar-se uma marca 100% el\u00e9trica, a Peugeot continua a expandir a sua gama para responder a todas as exig\u00eancias dos clientes.\u00a0 O novo E-5008 \u00e9 o \u00fanico modelo do seu segmento a oferecer uma mobilidade 100% el\u00e9trica para sete passageiros, beneficiando de um interior excecionalmente generoso e acolhedor.&#8221;<\/p>\n<p>Os novos Peugeot 5008 e E-5008 ser\u00e3o comercializados no outono de 2024. A gama oferece duas vers\u00f5es &#8211; Allure e GT &#8211; com tr\u00eas packs de op\u00e7\u00f5es para uma escolha f\u00e1cil, tr\u00eas motoriza\u00e7\u00f5es el\u00e9tricas (210 cv, 230 cv de autonomia longa e 320 cv Dual Motor com dois motores el\u00e9tricos e tra\u00e7\u00e3o \u00e0s 4 rodas), bem como duas mec\u00e2nicas eletrificadas, uma Hybrid 48V (136 cv) e uma Plug-in Hybrid(195 cv).<\/p>\n<p>Conhe\u00e7a as <a href=\"https:\/\/motorpor.pt\/fr\/novos\/peugeot\/\">viaturas Peugeot dispon\u00edveis no nosso site<\/a>.<\/p>","protected":false},"excerpt":{"rendered":"<p>O novo Peugeot E-5008 estabelece uma nova refer\u00eancia ao tornar-se o \u00fanico SUV totalmente el\u00e9trico, com sete lugares e uma autonomia el\u00e9trica at\u00e9 660 quil\u00f3metros. A Peugeot oferece uma total tranquilidade aos seus clientes, proporcionando ao Peugeot E-5008 uma garantia de 8 anos\/160.000 km atrav\u00e9s do seu programa ALLURE CARE. Sedu\u00e7\u00e3o: um design que combina [&hellip;]<\/p>\n","protected":false},"author":85,"featured_media":90386,"comment_status":"closed","ping_status":"open","sticky":false,"template":"","format":"standard","meta":{"_acf_changed":false,"footnotes":""},"categories":[2595,2592,3094],"tags":[],"class_list":["post-90387","post","type-post","status-publish","format-standard","has-post-thumbnail","hentry","category-atualidade","category-noticias","category-noticias-peugeot"],"acf":[],"yoast_head":"<!-- This site is optimized with the Yoast SEO plugin v27.5 - https:\/\/yoast.com\/product\/yoast-seo-wordpress\/ -->\n<title>Peugeot 5008 e E-5008: O SUV lider do mercado chega a Portugal em setembro - Motorpor<\/title>\n<meta name=\"robots\" content=\"index, follow, max-snippet:-1, max-image-preview:large, max-video-preview:-1\" \/>\n<link rel=\"canonical\" href=\"https:\/\/motorpor.pt\/fr\/peugeot-5008-e-e-5008-o-suv-lider-do-mercado-chega-a-portugal-em-setembro\/\" \/>\n<meta property=\"og:locale\" content=\"fr_FR\" \/>\n<meta property=\"og:type\" content=\"article\" \/>\n<meta property=\"og:title\" content=\"Peugeot 5008 e E-5008: O SUV lider do mercado chega a Portugal em setembro - Motorpor\" \/>\n<meta property=\"og:description\" content=\"O novo Peugeot E-5008 estabelece uma nova refer\u00eancia ao tornar-se o \u00fanico SUV totalmente el\u00e9trico, com sete lugares e uma autonomia el\u00e9trica at\u00e9 660 quil\u00f3metros. A Peugeot oferece uma total tranquilidade aos seus clientes, proporcionando ao Peugeot E-5008 uma garantia de 8 anos\/160.000 km atrav\u00e9s do seu programa ALLURE CARE. Sedu\u00e7\u00e3o: um design que combina [&hellip;]\" \/>\n<meta property=\"og:url\" content=\"https:\/\/motorpor.pt\/fr\/peugeot-5008-e-e-5008-o-suv-lider-do-mercado-chega-a-portugal-em-setembro\/\" \/>\n<meta property=\"og:site_name\" content=\"Motorpor\" \/>\n<meta property=\"article:published_time\" content=\"2024-07-19T13:27:06+00:00\" \/>\n<meta property=\"article:modified_time\" content=\"2024-07-19T14:55:27+00:00\" \/>\n<meta property=\"og:image\" content=\"https:\/\/motorpor.pt\/wp-content\/uploads\/2024\/07\/PEUGEOT_E5008TESTDRIVE_2406TC0652-scaled-1.jpg\" \/>\n\t<meta property=\"og:image:width\" content=\"2560\" \/>\n\t<meta property=\"og:image:height\" content=\"1708\" \/>\n\t<meta property=\"og:image:type\" content=\"image\/jpeg\" \/>\n<meta name=\"author\" content=\"mktmotorpor\" \/>\n<meta name=\"twitter:card\" content=\"summary_large_image\" \/>\n<meta name=\"twitter:label1\" content=\"\u00c9crit par\" \/>\n\t<meta name=\"twitter:data1\" content=\"mktmotorpor\" \/>\n\t<meta name=\"twitter:label2\" content=\"Dur\u00e9e de lecture estim\u00e9e\" \/>\n\t<meta name=\"twitter:data2\" content=\"1 minute\" \/>\n<script type=\"application\/ld+json\" class=\"yoast-schema-graph\">{\"@context\":\"https:\\\/\\\/schema.org\",\"@graph\":[{\"@type\":\"Article\",\"@id\":\"https:\\\/\\\/motorpor.pt\\\/peugeot-5008-e-e-5008-o-suv-lider-do-mercado-chega-a-portugal-em-setembro\\\/#article\",\"isPartOf\":{\"@id\":\"https:\\\/\\\/motorpor.pt\\\/peugeot-5008-e-e-5008-o-suv-lider-do-mercado-chega-a-portugal-em-setembro\\\/\"},\"author\":{\"name\":\"mktmotorpor\",\"@id\":\"https:\\\/\\\/motorpor.pt\\\/#\\\/schema\\\/person\\\/b4bf07144e88efed7388a5af30522db7\"},\"headline\":\"Peugeot 5008 e E-5008: O SUV lider do mercado chega a Portugal em setembro\",\"datePublished\":\"2024-07-19T13:27:06+00:00\",\"dateModified\":\"2024-07-19T14:55:27+00:00\",\"mainEntityOfPage\":{\"@id\":\"https:\\\/\\\/motorpor.pt\\\/peugeot-5008-e-e-5008-o-suv-lider-do-mercado-chega-a-portugal-em-setembro\\\/\"},\"wordCount\":260,\"publisher\":{\"@id\":\"https:\\\/\\\/motorpor.pt\\\/#organization\"},\"image\":{\"@id\":\"https:\\\/\\\/motorpor.pt\\\/peugeot-5008-e-e-5008-o-suv-lider-do-mercado-chega-a-portugal-em-setembro\\\/#primaryimage\"},\"thumbnailUrl\":\"https:\\\/\\\/motorpor.pt\\\/wp-content\\\/uploads\\\/2024\\\/07\\\/PEUGEOT_E5008TESTDRIVE_2406TC0652-scaled-1.jpg\",\"articleSection\":[\"Atualidade\",\"Not\u00edcias\",\"Not\u00edcias Peugeot\"],\"inLanguage\":\"fr-FR\"},{\"@type\":\"WebPage\",\"@id\":\"https:\\\/\\\/motorpor.pt\\\/peugeot-5008-e-e-5008-o-suv-lider-do-mercado-chega-a-portugal-em-setembro\\\/\",\"url\":\"https:\\\/\\\/motorpor.pt\\\/peugeot-5008-e-e-5008-o-suv-lider-do-mercado-chega-a-portugal-em-setembro\\\/\",\"name\":\"Peugeot 5008 e E-5008: O SUV lider do mercado chega a Portugal em setembro - Motorpor\",\"isPartOf\":{\"@id\":\"https:\\\/\\\/motorpor.pt\\\/#website\"},\"primaryImageOfPage\":{\"@id\":\"https:\\\/\\\/motorpor.pt\\\/peugeot-5008-e-e-5008-o-suv-lider-do-mercado-chega-a-portugal-em-setembro\\\/#primaryimage\"},\"image\":{\"@id\":\"https:\\\/\\\/motorpor.pt\\\/peugeot-5008-e-e-5008-o-suv-lider-do-mercado-chega-a-portugal-em-setembro\\\/#primaryimage\"},\"thumbnailUrl\":\"https:\\\/\\\/motorpor.pt\\\/wp-content\\\/uploads\\\/2024\\\/07\\\/PEUGEOT_E5008TESTDRIVE_2406TC0652-scaled-1.jpg\",\"datePublished\":\"2024-07-19T13:27:06+00:00\",\"dateModified\":\"2024-07-19T14:55:27+00:00\",\"breadcrumb\":{\"@id\":\"https:\\\/\\\/motorpor.pt\\\/peugeot-5008-e-e-5008-o-suv-lider-do-mercado-chega-a-portugal-em-setembro\\\/#breadcrumb\"},\"inLanguage\":\"fr-FR\",\"potentialAction\":[{\"@type\":\"ReadAction\",\"target\":[\"https:\\\/\\\/motorpor.pt\\\/peugeot-5008-e-e-5008-o-suv-lider-do-mercado-chega-a-portugal-em-setembro\\\/\"]}]},{\"@type\":\"ImageObject\",\"inLanguage\":\"fr-FR\",\"@id\":\"https:\\\/\\\/motorpor.pt\\\/peugeot-5008-e-e-5008-o-suv-lider-do-mercado-chega-a-portugal-em-setembro\\\/#primaryimage\",\"url\":\"https:\\\/\\\/motorpor.pt\\\/wp-content\\\/uploads\\\/2024\\\/07\\\/PEUGEOT_E5008TESTDRIVE_2406TC0652-scaled-1.jpg\",\"contentUrl\":\"https:\\\/\\\/motorpor.pt\\\/wp-content\\\/uploads\\\/2024\\\/07\\\/PEUGEOT_E5008TESTDRIVE_2406TC0652-scaled-1.jpg\",\"width\":2560,\"height\":1708},{\"@type\":\"BreadcrumbList\",\"@id\":\"https:\\\/\\\/motorpor.pt\\\/peugeot-5008-e-e-5008-o-suv-lider-do-mercado-chega-a-portugal-em-setembro\\\/#breadcrumb\",\"itemListElement\":[{\"@type\":\"ListItem\",\"position\":1,\"name\":\"In\u00edcio\",\"item\":\"https:\\\/\\\/motorpor.pt\\\/\"},{\"@type\":\"ListItem\",\"position\":2,\"name\":\"Peugeot 5008 e E-5008: O SUV lider do mercado chega a Portugal em setembro\"}]},{\"@type\":\"WebSite\",\"@id\":\"https:\\\/\\\/motorpor.pt\\\/#website\",\"url\":\"https:\\\/\\\/motorpor.pt\\\/\",\"name\":\"Motorpor\",\"description\":\"Comercio de Autom\u00f3veis Multimarcas\",\"publisher\":{\"@id\":\"https:\\\/\\\/motorpor.pt\\\/#organization\"},\"potentialAction\":[{\"@type\":\"SearchAction\",\"target\":{\"@type\":\"EntryPoint\",\"urlTemplate\":\"https:\\\/\\\/motorpor.pt\\\/?s={search_term_string}\"},\"query-input\":{\"@type\":\"PropertyValueSpecification\",\"valueRequired\":true,\"valueName\":\"search_term_string\"}}],\"inLanguage\":\"fr-FR\"},{\"@type\":\"Organization\",\"@id\":\"https:\\\/\\\/motorpor.pt\\\/#organization\",\"name\":\"Motorpor\",\"alternateName\":\"Motorpor\",\"url\":\"https:\\\/\\\/motorpor.pt\\\/\",\"logo\":{\"@type\":\"ImageObject\",\"inLanguage\":\"fr-FR\",\"@id\":\"https:\\\/\\\/motorpor.pt\\\/#\\\/schema\\\/logo\\\/image\\\/\",\"url\":\"https:\\\/\\\/motorpor.pt\\\/wp-content\\\/uploads\\\/2024\\\/07\\\/Logo-Motorpor-Preto.svg\",\"contentUrl\":\"https:\\\/\\\/motorpor.pt\\\/wp-content\\\/uploads\\\/2024\\\/07\\\/Logo-Motorpor-Preto.svg\",\"width\":493,\"height\":93,\"caption\":\"Motorpor\"},\"image\":{\"@id\":\"https:\\\/\\\/motorpor.pt\\\/#\\\/schema\\\/logo\\\/image\\\/\"},\"sameAs\":[\"https:\\\/\\\/www.linkedin.com\\\/company\\\/grupo-motorpor\"]},{\"@type\":\"Person\",\"@id\":\"https:\\\/\\\/motorpor.pt\\\/#\\\/schema\\\/person\\\/b4bf07144e88efed7388a5af30522db7\",\"name\":\"mktmotorpor\",\"image\":{\"@type\":\"ImageObject\",\"inLanguage\":\"fr-FR\",\"@id\":\"https:\\\/\\\/secure.gravatar.com\\\/avatar\\\/8418b61b3175dbba0a8744cf0ee6bb5c7a9f6c67f1dbc4f41a62d7b9738259a2?s=96&d=mm&r=g\",\"url\":\"https:\\\/\\\/secure.gravatar.com\\\/avatar\\\/8418b61b3175dbba0a8744cf0ee6bb5c7a9f6c67f1dbc4f41a62d7b9738259a2?s=96&d=mm&r=g\",\"contentUrl\":\"https:\\\/\\\/secure.gravatar.com\\\/avatar\\\/8418b61b3175dbba0a8744cf0ee6bb5c7a9f6c67f1dbc4f41a62d7b9738259a2?s=96&d=mm&r=g\",\"caption\":\"mktmotorpor\"},\"url\":\"https:\\\/\\\/motorpor.pt\\\/fr\\\/user\\\/mktmotorpor\\\/\"}]}<\/script>\n<!-- \/ Yoast SEO plugin. -->","yoast_head_json":{"title":"Peugeot 5008 e E-5008: O SUV lider do mercado chega a Portugal em setembro - Motorpor","robots":{"index":"index","follow":"follow","max-snippet":"max-snippet:-1","max-image-preview":"max-image-preview:large","max-video-preview":"max-video-preview:-1"},"canonical":"https:\/\/motorpor.pt\/fr\/peugeot-5008-e-e-5008-o-suv-lider-do-mercado-chega-a-portugal-em-setembro\/","og_locale":"fr_FR","og_type":"article","og_title":"Peugeot 5008 e E-5008: O SUV lider do mercado chega a Portugal em setembro - Motorpor","og_description":"O novo Peugeot E-5008 estabelece uma nova refer\u00eancia ao tornar-se o \u00fanico SUV totalmente el\u00e9trico, com sete lugares e uma autonomia el\u00e9trica at\u00e9 660 quil\u00f3metros. A Peugeot oferece uma total tranquilidade aos seus clientes, proporcionando ao Peugeot E-5008 uma garantia de 8 anos\/160.000 km atrav\u00e9s do seu programa ALLURE CARE. Sedu\u00e7\u00e3o: um design que combina [&hellip;]","og_url":"https:\/\/motorpor.pt\/fr\/peugeot-5008-e-e-5008-o-suv-lider-do-mercado-chega-a-portugal-em-setembro\/","og_site_name":"Motorpor","article_published_time":"2024-07-19T13:27:06+00:00","article_modified_time":"2024-07-19T14:55:27+00:00","og_image":[{"width":2560,"height":1708,"url":"https:\/\/motorpor.pt\/wp-content\/uploads\/2024\/07\/PEUGEOT_E5008TESTDRIVE_2406TC0652-scaled-1.jpg","type":"image\/jpeg"}],"author":"mktmotorpor","twitter_card":"summary_large_image","twitter_misc":{"\u00c9crit par":"mktmotorpor","Dur\u00e9e de lecture estim\u00e9e":"1 minute"},"schema":{"@context":"https:\/\/schema.org","@graph":[{"@type":"Article","@id":"https:\/\/motorpor.pt\/peugeot-5008-e-e-5008-o-suv-lider-do-mercado-chega-a-portugal-em-setembro\/#article","isPartOf":{"@id":"https:\/\/motorpor.pt\/peugeot-5008-e-e-5008-o-suv-lider-do-mercado-chega-a-portugal-em-setembro\/"},"author":{"name":"mktmotorpor","@id":"https:\/\/motorpor.pt\/#\/schema\/person\/b4bf07144e88efed7388a5af30522db7"},"headline":"Peugeot 5008 e E-5008: O SUV lider do mercado chega a Portugal em setembro","datePublished":"2024-07-19T13:27:06+00:00","dateModified":"2024-07-19T14:55:27+00:00","mainEntityOfPage":{"@id":"https:\/\/motorpor.pt\/peugeot-5008-e-e-5008-o-suv-lider-do-mercado-chega-a-portugal-em-setembro\/"},"wordCount":260,"publisher":{"@id":"https:\/\/motorpor.pt\/#organization"},"image":{"@id":"https:\/\/motorpor.pt\/peugeot-5008-e-e-5008-o-suv-lider-do-mercado-chega-a-portugal-em-setembro\/#primaryimage"},"thumbnailUrl":"https:\/\/motorpor.pt\/wp-content\/uploads\/2024\/07\/PEUGEOT_E5008TESTDRIVE_2406TC0652-scaled-1.jpg","articleSection":["Atualidade","Not\u00edcias","Not\u00edcias Peugeot"],"inLanguage":"fr-FR"},{"@type":"WebPage","@id":"https:\/\/motorpor.pt\/peugeot-5008-e-e-5008-o-suv-lider-do-mercado-chega-a-portugal-em-setembro\/","url":"https:\/\/motorpor.pt\/peugeot-5008-e-e-5008-o-suv-lider-do-mercado-chega-a-portugal-em-setembro\/","name":"Peugeot 5008 e E-5008: O SUV lider do mercado chega a Portugal em setembro - Motorpor","isPartOf":{"@id":"https:\/\/motorpor.pt\/#website"},"primaryImageOfPage":{"@id":"https:\/\/motorpor.pt\/peugeot-5008-e-e-5008-o-suv-lider-do-mercado-chega-a-portugal-em-setembro\/#primaryimage"},"image":{"@id":"https:\/\/motorpor.pt\/peugeot-5008-e-e-5008-o-suv-lider-do-mercado-chega-a-portugal-em-setembro\/#primaryimage"},"thumbnailUrl":"https:\/\/motorpor.pt\/wp-content\/uploads\/2024\/07\/PEUGEOT_E5008TESTDRIVE_2406TC0652-scaled-1.jpg","datePublished":"2024-07-19T13:27:06+00:00","dateModified":"2024-07-19T14:55:27+00:00","breadcrumb":{"@id":"https:\/\/motorpor.pt\/peugeot-5008-e-e-5008-o-suv-lider-do-mercado-chega-a-portugal-em-setembro\/#breadcrumb"},"inLanguage":"fr-FR","potentialAction":[{"@type":"ReadAction","target":["https:\/\/motorpor.pt\/peugeot-5008-e-e-5008-o-suv-lider-do-mercado-chega-a-portugal-em-setembro\/"]}]},{"@type":"ImageObject","inLanguage":"fr-FR","@id":"https:\/\/motorpor.pt\/peugeot-5008-e-e-5008-o-suv-lider-do-mercado-chega-a-portugal-em-setembro\/#primaryimage","url":"https:\/\/motorpor.pt\/wp-content\/uploads\/2024\/07\/PEUGEOT_E5008TESTDRIVE_2406TC0652-scaled-1.jpg","contentUrl":"https:\/\/motorpor.pt\/wp-content\/uploads\/2024\/07\/PEUGEOT_E5008TESTDRIVE_2406TC0652-scaled-1.jpg","width":2560,"height":1708},{"@type":"BreadcrumbList","@id":"https:\/\/motorpor.pt\/peugeot-5008-e-e-5008-o-suv-lider-do-mercado-chega-a-portugal-em-setembro\/#breadcrumb","itemListElement":[{"@type":"ListItem","position":1,"name":"In\u00edcio","item":"https:\/\/motorpor.pt\/"},{"@type":"ListItem","position":2,"name":"Peugeot 5008 e E-5008: O SUV lider do mercado chega a Portugal em setembro"}]},{"@type":"WebSite","@id":"https:\/\/motorpor.pt\/#website","url":"https:\/\/motorpor.pt\/","name":"motorpor","description":"Comercio de Autom\u00f3veis Multimarcas","publisher":{"@id":"https:\/\/motorpor.pt\/#organization"},"potentialAction":[{"@type":"SearchAction","target":{"@type":"EntryPoint","urlTemplate":"https:\/\/motorpor.pt\/?s={search_term_string}"},"query-input":{"@type":"PropertyValueSpecification","valueRequired":true,"valueName":"search_term_string"}}],"inLanguage":"fr-FR"},{"@type":"Organization","@id":"https:\/\/motorpor.pt\/#organization","name":"motorpor","alternateName":"Motorpor","url":"https:\/\/motorpor.pt\/","logo":{"@type":"ImageObject","inLanguage":"fr-FR","@id":"https:\/\/motorpor.pt\/#\/schema\/logo\/image\/","url":"https:\/\/motorpor.pt\/wp-content\/uploads\/2024\/07\/Logo-Motorpor-Preto.svg","contentUrl":"https:\/\/motorpor.pt\/wp-content\/uploads\/2024\/07\/Logo-Motorpor-Preto.svg","width":493,"height":93,"caption":"Motorpor"},"image":{"@id":"https:\/\/motorpor.pt\/#\/schema\/logo\/image\/"},"sameAs":["https:\/\/www.linkedin.com\/company\/grupo-motorpor"]},{"@type":"Person","@id":"https:\/\/motorpor.pt\/#\/schema\/person\/b4bf07144e88efed7388a5af30522db7","name":"mktmotorpor","image":{"@type":"ImageObject","inLanguage":"fr-FR","@id":"https:\/\/secure.gravatar.com\/avatar\/8418b61b3175dbba0a8744cf0ee6bb5c7a9f6c67f1dbc4f41a62d7b9738259a2?s=96&d=mm&r=g","url":"https:\/\/secure.gravatar.com\/avatar\/8418b61b3175dbba0a8744cf0ee6bb5c7a9f6c67f1dbc4f41a62d7b9738259a2?s=96&d=mm&r=g","contentUrl":"https:\/\/secure.gravatar.com\/avatar\/8418b61b3175dbba0a8744cf0ee6bb5c7a9f6c67f1dbc4f41a62d7b9738259a2?s=96&d=mm&r=g","caption":"mktmotorpor"},"url":"https:\/\/motorpor.pt\/fr\/user\/mktmotorpor\/"}]}},"_links":{"self":[{"href":"https:\/\/motorpor.pt\/fr\/wp-json\/wp\/v2\/posts\/90387","targetHints":{"allow":["GET"]}}],"collection":[{"href":"https:\/\/motorpor.pt\/fr\/wp-json\/wp\/v2\/posts"}],"about":[{"href":"https:\/\/motorpor.pt\/fr\/wp-json\/wp\/v2\/types\/post"}],"author":[{"embeddable":true,"href":"https:\/\/motorpor.pt\/fr\/wp-json\/wp\/v2\/users\/85"}],"replies":[{"embeddable":true,"href":"https:\/\/motorpor.pt\/fr\/wp-json\/wp\/v2\/comments?post=90387"}],"version-history":[{"count":1,"href":"https:\/\/motorpor.pt\/fr\/wp-json\/wp\/v2\/posts\/90387\/revisions"}],"predecessor-version":[{"id":90388,"href":"https:\/\/motorpor.pt\/fr\/wp-json\/wp\/v2\/posts\/90387\/revisions\/90388"}],"wp:featuredmedia":[{"embeddable":true,"href":"https:\/\/motorpor.pt\/fr\/wp-json\/wp\/v2\/media\/90386"}],"wp:attachment":[{"href":"https:\/\/motorpor.pt\/fr\/wp-json\/wp\/v2\/media?parent=90387"}],"wp:term":[{"taxonomy":"category","embeddable":true,"href":"https:\/\/motorpor.pt\/fr\/wp-json\/wp\/v2\/categories?post=90387"},{"taxonomy":"post_tag","embeddable":true,"href":"https:\/\/motorpor.pt\/fr\/wp-json\/wp\/v2\/tags?post=90387"}],"curies":[{"name":"wp","href":"https:\/\/api.w.org\/{rel}","templated":true}]}}