{"id":90757,"date":"2024-07-30T10:30:40","date_gmt":"2024-07-30T09:30:40","guid":{"rendered":"https:\/\/motorpor.pt\/fiat-continua-a-crescer-vendas-globais-aumentaram-22-no-primeiro-semestre-de-2024\/"},"modified":"2024-08-01T16:07:13","modified_gmt":"2024-08-01T15:07:13","slug":"fiat-continua-a-crescer-vendas-globais-aumentaram-22-no-primeiro-semestre-de-2024","status":"publish","type":"post","link":"https:\/\/motorpor.pt\/fr\/fiat-continua-a-crescer-vendas-globais-aumentaram-22-no-primeiro-semestre-de-2024\/","title":{"rendered":"FIAT continua a crescer: Vendas globais aumentaram 2,2% no primeiro semestre de 2024"},"content":{"rendered":"<h5>No primeiro semestre de 2024, a FIAT solidificou a sua posi\u00e7\u00e3o como a principal marca Stellantis com mais de 660.200 unidades vendidas.<\/h5>\n<p>No ano em que celebra 125 anos, a FIAT regista resultados de vendas semestrais positivos e solidifica a sua posi\u00e7\u00e3o no mercado. Com mais de 660.200 unidades vendidas globalmente, a marca alcan\u00e7ou um aumento de 2,2% em compara\u00e7\u00e3o com o mesmo per\u00edodo do ano passado.<\/p>\n<p>Neste ano memor\u00e1vel, a FIAT continua a sorrir para o futuro e antecipa v\u00e1rios projetos: a seguir ao ver\u00e3o, o Fiat Grande Panda estar\u00e1 dispon\u00edvel para encomenda e, logo depois, o Abarth 600e e o Fiat 500e Giorgio Armani.<\/p>\n<p>&#8220;Atualmente, a FIAT lan\u00e7ou o seu regresso ao mercado global com base em tr\u00eas pilares: Design e desenvolvimento italianos, plataforma global e relev\u00e2ncia local &#8211; e o Grande Panda \u00e9 o primeiro membro da nova fam\u00edlia global da FIAT. Por conseguinte, durante a pr\u00f3xima d\u00e9cada, a marca ter\u00e1 a oferta certa para cada cliente. Porque o cliente est\u00e1 no centro de tudo.&#8221;<\/p>\n<p>De facto, os resultados de vendas do primeiro semestre de 2024 destacam o impressionante aumento de vendas da marca em v\u00e1rias regi\u00f5es em termos de volumes. Na Am\u00e9rica do Norte, a marca alcan\u00e7ou um aumento de 24%, impulsionado pelas entregas iniciais do Fiat 500e. Na Europa, no primeiro semestre do ano, a FIAT garantiu o seu dom\u00ednio do mercado, principalmente em It\u00e1lia, onde mant\u00e9m uma lideran\u00e7a dominante com 95.779 registos, marcando um aumento de 2% em compara\u00e7\u00e3o com o mesmo per\u00edodo em 2023. Noutros mercados europeus, a marca italiana registou um desempenho not\u00e1vel.<\/p>\n<p>Fa\u00e7a parte dos incr\u00edveis n\u00fameros da FIAT. <a href=\"https:\/\/motorpor.pt\/fr\/novos\/fiat\/\">Descubra as viaturas dispon\u00edveis no nosso site<\/a>.<\/p>","protected":false},"excerpt":{"rendered":"<p>No primeiro semestre de 2024, a FIAT solidificou a sua posi\u00e7\u00e3o como a principal marca Stellantis com mais de 660.200 unidades vendidas. No ano em que celebra 125 anos, a FIAT regista resultados de vendas semestrais positivos e solidifica a sua posi\u00e7\u00e3o no mercado. Com mais de 660.200 unidades vendidas globalmente, a marca alcan\u00e7ou um [&hellip;]<\/p>\n","protected":false},"author":85,"featured_media":90756,"comment_status":"closed","ping_status":"open","sticky":false,"template":"","format":"standard","meta":{"_acf_changed":false,"footnotes":""},"categories":[2595,2592,3090],"tags":[],"class_list":["post-90757","post","type-post","status-publish","format-standard","has-post-thumbnail","hentry","category-atualidade","category-noticias","category-noticias-fiat"],"acf":[],"yoast_head":"<!-- This site is optimized with the Yoast SEO plugin v27.5 - https:\/\/yoast.com\/product\/yoast-seo-wordpress\/ -->\n<title>FIAT continua a crescer: Vendas globais aumentaram 2,2% no primeiro semestre de 2024 - Motorpor<\/title>\n<meta name=\"robots\" content=\"index, follow, max-snippet:-1, max-image-preview:large, max-video-preview:-1\" \/>\n<link rel=\"canonical\" href=\"https:\/\/motorpor.pt\/fr\/fiat-continua-a-crescer-vendas-globais-aumentaram-22-no-primeiro-semestre-de-2024\/\" \/>\n<meta property=\"og:locale\" content=\"fr_FR\" \/>\n<meta property=\"og:type\" content=\"article\" \/>\n<meta property=\"og:title\" content=\"FIAT continua a crescer: Vendas globais aumentaram 2,2% no primeiro semestre de 2024 - Motorpor\" \/>\n<meta property=\"og:description\" content=\"No primeiro semestre de 2024, a FIAT solidificou a sua posi\u00e7\u00e3o como a principal marca Stellantis com mais de 660.200 unidades vendidas. No ano em que celebra 125 anos, a FIAT regista resultados de vendas semestrais positivos e solidifica a sua posi\u00e7\u00e3o no mercado. Com mais de 660.200 unidades vendidas globalmente, a marca alcan\u00e7ou um [&hellip;]\" \/>\n<meta property=\"og:url\" content=\"https:\/\/motorpor.pt\/fr\/fiat-continua-a-crescer-vendas-globais-aumentaram-22-no-primeiro-semestre-de-2024\/\" \/>\n<meta property=\"og:site_name\" content=\"Motorpor\" \/>\n<meta property=\"article:published_time\" content=\"2024-07-30T09:30:40+00:00\" \/>\n<meta property=\"article:modified_time\" content=\"2024-08-01T15:07:13+00:00\" \/>\n<meta property=\"og:image\" content=\"https:\/\/motorpor.pt\/wp-content\/uploads\/2024\/07\/FIAT-1.jpg\" \/>\n\t<meta property=\"og:image:width\" content=\"1920\" \/>\n\t<meta property=\"og:image:height\" content=\"1080\" \/>\n\t<meta property=\"og:image:type\" content=\"image\/jpeg\" \/>\n<meta name=\"author\" content=\"mktmotorpor\" \/>\n<meta name=\"twitter:card\" content=\"summary_large_image\" \/>\n<meta name=\"twitter:label1\" content=\"\u00c9crit par\" \/>\n\t<meta name=\"twitter:data1\" content=\"mktmotorpor\" \/>\n\t<meta name=\"twitter:label2\" content=\"Dur\u00e9e de lecture estim\u00e9e\" \/>\n\t<meta name=\"twitter:data2\" content=\"1 minute\" \/>\n<script type=\"application\/ld+json\" class=\"yoast-schema-graph\">{\"@context\":\"https:\\\/\\\/schema.org\",\"@graph\":[{\"@type\":\"Article\",\"@id\":\"https:\\\/\\\/motorpor.pt\\\/fiat-continua-a-crescer-vendas-globais-aumentaram-22-no-primeiro-semestre-de-2024\\\/#article\",\"isPartOf\":{\"@id\":\"https:\\\/\\\/motorpor.pt\\\/fiat-continua-a-crescer-vendas-globais-aumentaram-22-no-primeiro-semestre-de-2024\\\/\"},\"author\":{\"name\":\"mktmotorpor\",\"@id\":\"https:\\\/\\\/motorpor.pt\\\/#\\\/schema\\\/person\\\/b4bf07144e88efed7388a5af30522db7\"},\"headline\":\"FIAT continua a crescer: Vendas globais aumentaram 2,2% no primeiro semestre de 2024\",\"datePublished\":\"2024-07-30T09:30:40+00:00\",\"dateModified\":\"2024-08-01T15:07:13+00:00\",\"mainEntityOfPage\":{\"@id\":\"https:\\\/\\\/motorpor.pt\\\/fiat-continua-a-crescer-vendas-globais-aumentaram-22-no-primeiro-semestre-de-2024\\\/\"},\"wordCount\":305,\"publisher\":{\"@id\":\"https:\\\/\\\/motorpor.pt\\\/#organization\"},\"image\":{\"@id\":\"https:\\\/\\\/motorpor.pt\\\/fiat-continua-a-crescer-vendas-globais-aumentaram-22-no-primeiro-semestre-de-2024\\\/#primaryimage\"},\"thumbnailUrl\":\"https:\\\/\\\/motorpor.pt\\\/wp-content\\\/uploads\\\/2024\\\/07\\\/FIAT-1.jpg\",\"articleSection\":[\"Atualidade\",\"Not\u00edcias\",\"Not\u00edcias Fiat\"],\"inLanguage\":\"fr-FR\"},{\"@type\":\"WebPage\",\"@id\":\"https:\\\/\\\/motorpor.pt\\\/fiat-continua-a-crescer-vendas-globais-aumentaram-22-no-primeiro-semestre-de-2024\\\/\",\"url\":\"https:\\\/\\\/motorpor.pt\\\/fiat-continua-a-crescer-vendas-globais-aumentaram-22-no-primeiro-semestre-de-2024\\\/\",\"name\":\"FIAT continua a crescer: Vendas globais aumentaram 2,2% no primeiro semestre de 2024 - Motorpor\",\"isPartOf\":{\"@id\":\"https:\\\/\\\/motorpor.pt\\\/#website\"},\"primaryImageOfPage\":{\"@id\":\"https:\\\/\\\/motorpor.pt\\\/fiat-continua-a-crescer-vendas-globais-aumentaram-22-no-primeiro-semestre-de-2024\\\/#primaryimage\"},\"image\":{\"@id\":\"https:\\\/\\\/motorpor.pt\\\/fiat-continua-a-crescer-vendas-globais-aumentaram-22-no-primeiro-semestre-de-2024\\\/#primaryimage\"},\"thumbnailUrl\":\"https:\\\/\\\/motorpor.pt\\\/wp-content\\\/uploads\\\/2024\\\/07\\\/FIAT-1.jpg\",\"datePublished\":\"2024-07-30T09:30:40+00:00\",\"dateModified\":\"2024-08-01T15:07:13+00:00\",\"breadcrumb\":{\"@id\":\"https:\\\/\\\/motorpor.pt\\\/fiat-continua-a-crescer-vendas-globais-aumentaram-22-no-primeiro-semestre-de-2024\\\/#breadcrumb\"},\"inLanguage\":\"fr-FR\",\"potentialAction\":[{\"@type\":\"ReadAction\",\"target\":[\"https:\\\/\\\/motorpor.pt\\\/fiat-continua-a-crescer-vendas-globais-aumentaram-22-no-primeiro-semestre-de-2024\\\/\"]}]},{\"@type\":\"ImageObject\",\"inLanguage\":\"fr-FR\",\"@id\":\"https:\\\/\\\/motorpor.pt\\\/fiat-continua-a-crescer-vendas-globais-aumentaram-22-no-primeiro-semestre-de-2024\\\/#primaryimage\",\"url\":\"https:\\\/\\\/motorpor.pt\\\/wp-content\\\/uploads\\\/2024\\\/07\\\/FIAT-1.jpg\",\"contentUrl\":\"https:\\\/\\\/motorpor.pt\\\/wp-content\\\/uploads\\\/2024\\\/07\\\/FIAT-1.jpg\",\"width\":1920,\"height\":1080},{\"@type\":\"BreadcrumbList\",\"@id\":\"https:\\\/\\\/motorpor.pt\\\/fiat-continua-a-crescer-vendas-globais-aumentaram-22-no-primeiro-semestre-de-2024\\\/#breadcrumb\",\"itemListElement\":[{\"@type\":\"ListItem\",\"position\":1,\"name\":\"In\u00edcio\",\"item\":\"https:\\\/\\\/motorpor.pt\\\/\"},{\"@type\":\"ListItem\",\"position\":2,\"name\":\"FIAT continua a crescer: Vendas globais aumentaram 2,2% no primeiro semestre de 2024\"}]},{\"@type\":\"WebSite\",\"@id\":\"https:\\\/\\\/motorpor.pt\\\/#website\",\"url\":\"https:\\\/\\\/motorpor.pt\\\/\",\"name\":\"Motorpor\",\"description\":\"Comercio de Autom\u00f3veis Multimarcas\",\"publisher\":{\"@id\":\"https:\\\/\\\/motorpor.pt\\\/#organization\"},\"potentialAction\":[{\"@type\":\"SearchAction\",\"target\":{\"@type\":\"EntryPoint\",\"urlTemplate\":\"https:\\\/\\\/motorpor.pt\\\/?s={search_term_string}\"},\"query-input\":{\"@type\":\"PropertyValueSpecification\",\"valueRequired\":true,\"valueName\":\"search_term_string\"}}],\"inLanguage\":\"fr-FR\"},{\"@type\":\"Organization\",\"@id\":\"https:\\\/\\\/motorpor.pt\\\/#organization\",\"name\":\"Motorpor\",\"alternateName\":\"Motorpor\",\"url\":\"https:\\\/\\\/motorpor.pt\\\/\",\"logo\":{\"@type\":\"ImageObject\",\"inLanguage\":\"fr-FR\",\"@id\":\"https:\\\/\\\/motorpor.pt\\\/#\\\/schema\\\/logo\\\/image\\\/\",\"url\":\"https:\\\/\\\/motorpor.pt\\\/wp-content\\\/uploads\\\/2024\\\/07\\\/Logo-Motorpor-Preto.svg\",\"contentUrl\":\"https:\\\/\\\/motorpor.pt\\\/wp-content\\\/uploads\\\/2024\\\/07\\\/Logo-Motorpor-Preto.svg\",\"width\":493,\"height\":93,\"caption\":\"Motorpor\"},\"image\":{\"@id\":\"https:\\\/\\\/motorpor.pt\\\/#\\\/schema\\\/logo\\\/image\\\/\"},\"sameAs\":[\"https:\\\/\\\/www.linkedin.com\\\/company\\\/grupo-motorpor\"]},{\"@type\":\"Person\",\"@id\":\"https:\\\/\\\/motorpor.pt\\\/#\\\/schema\\\/person\\\/b4bf07144e88efed7388a5af30522db7\",\"name\":\"mktmotorpor\",\"image\":{\"@type\":\"ImageObject\",\"inLanguage\":\"fr-FR\",\"@id\":\"https:\\\/\\\/secure.gravatar.com\\\/avatar\\\/8418b61b3175dbba0a8744cf0ee6bb5c7a9f6c67f1dbc4f41a62d7b9738259a2?s=96&d=mm&r=g\",\"url\":\"https:\\\/\\\/secure.gravatar.com\\\/avatar\\\/8418b61b3175dbba0a8744cf0ee6bb5c7a9f6c67f1dbc4f41a62d7b9738259a2?s=96&d=mm&r=g\",\"contentUrl\":\"https:\\\/\\\/secure.gravatar.com\\\/avatar\\\/8418b61b3175dbba0a8744cf0ee6bb5c7a9f6c67f1dbc4f41a62d7b9738259a2?s=96&d=mm&r=g\",\"caption\":\"mktmotorpor\"},\"url\":\"https:\\\/\\\/motorpor.pt\\\/fr\\\/user\\\/mktmotorpor\\\/\"}]}<\/script>\n<!-- \/ Yoast SEO plugin. -->","yoast_head_json":{"title":"FIAT continua a crescer: Vendas globais aumentaram 2,2% no primeiro semestre de 2024 - Motorpor","robots":{"index":"index","follow":"follow","max-snippet":"max-snippet:-1","max-image-preview":"max-image-preview:large","max-video-preview":"max-video-preview:-1"},"canonical":"https:\/\/motorpor.pt\/fr\/fiat-continua-a-crescer-vendas-globais-aumentaram-22-no-primeiro-semestre-de-2024\/","og_locale":"fr_FR","og_type":"article","og_title":"FIAT continua a crescer: Vendas globais aumentaram 2,2% no primeiro semestre de 2024 - Motorpor","og_description":"No primeiro semestre de 2024, a FIAT solidificou a sua posi\u00e7\u00e3o como a principal marca Stellantis com mais de 660.200 unidades vendidas. No ano em que celebra 125 anos, a FIAT regista resultados de vendas semestrais positivos e solidifica a sua posi\u00e7\u00e3o no mercado. Com mais de 660.200 unidades vendidas globalmente, a marca alcan\u00e7ou um [&hellip;]","og_url":"https:\/\/motorpor.pt\/fr\/fiat-continua-a-crescer-vendas-globais-aumentaram-22-no-primeiro-semestre-de-2024\/","og_site_name":"Motorpor","article_published_time":"2024-07-30T09:30:40+00:00","article_modified_time":"2024-08-01T15:07:13+00:00","og_image":[{"width":1920,"height":1080,"url":"https:\/\/motorpor.pt\/wp-content\/uploads\/2024\/07\/FIAT-1.jpg","type":"image\/jpeg"}],"author":"mktmotorpor","twitter_card":"summary_large_image","twitter_misc":{"\u00c9crit par":"mktmotorpor","Dur\u00e9e de lecture estim\u00e9e":"1 minute"},"schema":{"@context":"https:\/\/schema.org","@graph":[{"@type":"Article","@id":"https:\/\/motorpor.pt\/fiat-continua-a-crescer-vendas-globais-aumentaram-22-no-primeiro-semestre-de-2024\/#article","isPartOf":{"@id":"https:\/\/motorpor.pt\/fiat-continua-a-crescer-vendas-globais-aumentaram-22-no-primeiro-semestre-de-2024\/"},"author":{"name":"mktmotorpor","@id":"https:\/\/motorpor.pt\/#\/schema\/person\/b4bf07144e88efed7388a5af30522db7"},"headline":"FIAT continua a crescer: Vendas globais aumentaram 2,2% no primeiro semestre de 2024","datePublished":"2024-07-30T09:30:40+00:00","dateModified":"2024-08-01T15:07:13+00:00","mainEntityOfPage":{"@id":"https:\/\/motorpor.pt\/fiat-continua-a-crescer-vendas-globais-aumentaram-22-no-primeiro-semestre-de-2024\/"},"wordCount":305,"publisher":{"@id":"https:\/\/motorpor.pt\/#organization"},"image":{"@id":"https:\/\/motorpor.pt\/fiat-continua-a-crescer-vendas-globais-aumentaram-22-no-primeiro-semestre-de-2024\/#primaryimage"},"thumbnailUrl":"https:\/\/motorpor.pt\/wp-content\/uploads\/2024\/07\/FIAT-1.jpg","articleSection":["Atualidade","Not\u00edcias","Not\u00edcias Fiat"],"inLanguage":"fr-FR"},{"@type":"WebPage","@id":"https:\/\/motorpor.pt\/fiat-continua-a-crescer-vendas-globais-aumentaram-22-no-primeiro-semestre-de-2024\/","url":"https:\/\/motorpor.pt\/fiat-continua-a-crescer-vendas-globais-aumentaram-22-no-primeiro-semestre-de-2024\/","name":"FIAT continua a crescer: Vendas globais aumentaram 2,2% no primeiro semestre de 2024 - Motorpor","isPartOf":{"@id":"https:\/\/motorpor.pt\/#website"},"primaryImageOfPage":{"@id":"https:\/\/motorpor.pt\/fiat-continua-a-crescer-vendas-globais-aumentaram-22-no-primeiro-semestre-de-2024\/#primaryimage"},"image":{"@id":"https:\/\/motorpor.pt\/fiat-continua-a-crescer-vendas-globais-aumentaram-22-no-primeiro-semestre-de-2024\/#primaryimage"},"thumbnailUrl":"https:\/\/motorpor.pt\/wp-content\/uploads\/2024\/07\/FIAT-1.jpg","datePublished":"2024-07-30T09:30:40+00:00","dateModified":"2024-08-01T15:07:13+00:00","breadcrumb":{"@id":"https:\/\/motorpor.pt\/fiat-continua-a-crescer-vendas-globais-aumentaram-22-no-primeiro-semestre-de-2024\/#breadcrumb"},"inLanguage":"fr-FR","potentialAction":[{"@type":"ReadAction","target":["https:\/\/motorpor.pt\/fiat-continua-a-crescer-vendas-globais-aumentaram-22-no-primeiro-semestre-de-2024\/"]}]},{"@type":"ImageObject","inLanguage":"fr-FR","@id":"https:\/\/motorpor.pt\/fiat-continua-a-crescer-vendas-globais-aumentaram-22-no-primeiro-semestre-de-2024\/#primaryimage","url":"https:\/\/motorpor.pt\/wp-content\/uploads\/2024\/07\/FIAT-1.jpg","contentUrl":"https:\/\/motorpor.pt\/wp-content\/uploads\/2024\/07\/FIAT-1.jpg","width":1920,"height":1080},{"@type":"BreadcrumbList","@id":"https:\/\/motorpor.pt\/fiat-continua-a-crescer-vendas-globais-aumentaram-22-no-primeiro-semestre-de-2024\/#breadcrumb","itemListElement":[{"@type":"ListItem","position":1,"name":"In\u00edcio","item":"https:\/\/motorpor.pt\/"},{"@type":"ListItem","position":2,"name":"FIAT continua a crescer: Vendas globais aumentaram 2,2% no primeiro semestre de 2024"}]},{"@type":"WebSite","@id":"https:\/\/motorpor.pt\/#website","url":"https:\/\/motorpor.pt\/","name":"motorpor","description":"Comercio de Autom\u00f3veis Multimarcas","publisher":{"@id":"https:\/\/motorpor.pt\/#organization"},"potentialAction":[{"@type":"SearchAction","target":{"@type":"EntryPoint","urlTemplate":"https:\/\/motorpor.pt\/?s={search_term_string}"},"query-input":{"@type":"PropertyValueSpecification","valueRequired":true,"valueName":"search_term_string"}}],"inLanguage":"fr-FR"},{"@type":"Organization","@id":"https:\/\/motorpor.pt\/#organization","name":"motorpor","alternateName":"Motorpor","url":"https:\/\/motorpor.pt\/","logo":{"@type":"ImageObject","inLanguage":"fr-FR","@id":"https:\/\/motorpor.pt\/#\/schema\/logo\/image\/","url":"https:\/\/motorpor.pt\/wp-content\/uploads\/2024\/07\/Logo-Motorpor-Preto.svg","contentUrl":"https:\/\/motorpor.pt\/wp-content\/uploads\/2024\/07\/Logo-Motorpor-Preto.svg","width":493,"height":93,"caption":"Motorpor"},"image":{"@id":"https:\/\/motorpor.pt\/#\/schema\/logo\/image\/"},"sameAs":["https:\/\/www.linkedin.com\/company\/grupo-motorpor"]},{"@type":"Person","@id":"https:\/\/motorpor.pt\/#\/schema\/person\/b4bf07144e88efed7388a5af30522db7","name":"mktmotorpor","image":{"@type":"ImageObject","inLanguage":"fr-FR","@id":"https:\/\/secure.gravatar.com\/avatar\/8418b61b3175dbba0a8744cf0ee6bb5c7a9f6c67f1dbc4f41a62d7b9738259a2?s=96&d=mm&r=g","url":"https:\/\/secure.gravatar.com\/avatar\/8418b61b3175dbba0a8744cf0ee6bb5c7a9f6c67f1dbc4f41a62d7b9738259a2?s=96&d=mm&r=g","contentUrl":"https:\/\/secure.gravatar.com\/avatar\/8418b61b3175dbba0a8744cf0ee6bb5c7a9f6c67f1dbc4f41a62d7b9738259a2?s=96&d=mm&r=g","caption":"mktmotorpor"},"url":"https:\/\/motorpor.pt\/fr\/user\/mktmotorpor\/"}]}},"_links":{"self":[{"href":"https:\/\/motorpor.pt\/fr\/wp-json\/wp\/v2\/posts\/90757","targetHints":{"allow":["GET"]}}],"collection":[{"href":"https:\/\/motorpor.pt\/fr\/wp-json\/wp\/v2\/posts"}],"about":[{"href":"https:\/\/motorpor.pt\/fr\/wp-json\/wp\/v2\/types\/post"}],"author":[{"embeddable":true,"href":"https:\/\/motorpor.pt\/fr\/wp-json\/wp\/v2\/users\/85"}],"replies":[{"embeddable":true,"href":"https:\/\/motorpor.pt\/fr\/wp-json\/wp\/v2\/comments?post=90757"}],"version-history":[{"count":1,"href":"https:\/\/motorpor.pt\/fr\/wp-json\/wp\/v2\/posts\/90757\/revisions"}],"predecessor-version":[{"id":91022,"href":"https:\/\/motorpor.pt\/fr\/wp-json\/wp\/v2\/posts\/90757\/revisions\/91022"}],"wp:featuredmedia":[{"embeddable":true,"href":"https:\/\/motorpor.pt\/fr\/wp-json\/wp\/v2\/media\/90756"}],"wp:attachment":[{"href":"https:\/\/motorpor.pt\/fr\/wp-json\/wp\/v2\/media?parent=90757"}],"wp:term":[{"taxonomy":"category","embeddable":true,"href":"https:\/\/motorpor.pt\/fr\/wp-json\/wp\/v2\/categories?post=90757"},{"taxonomy":"post_tag","embeddable":true,"href":"https:\/\/motorpor.pt\/fr\/wp-json\/wp\/v2\/tags?post=90757"}],"curies":[{"name":"wp","href":"https:\/\/api.w.org\/{rel}","templated":true}]}}