{"id":91219,"date":"2024-08-09T12:25:26","date_gmt":"2024-08-09T11:25:26","guid":{"rendered":"https:\/\/motorpor.pt\/o-novo-opel-movano-estabelece-novas-referencias-com-a-nova-transmissao-de-oito-velocidades\/"},"modified":"2024-08-19T17:59:30","modified_gmt":"2024-08-19T16:59:30","slug":"o-novo-opel-movano-estabelece-novas-referencias-com-a-nova-transmissao-de-oito-velocidades","status":"publish","type":"post","link":"https:\/\/motorpor.pt\/fr\/o-novo-opel-movano-estabelece-novas-referencias-com-a-nova-transmissao-de-oito-velocidades\/","title":{"rendered":"O novo Opel Movano estabelece novas refer\u00eancias com a nova transmiss\u00e3o de oito velocidades"},"content":{"rendered":"<h5>Movano com motor Diesel com a nova transmiss\u00e3o de oito velocidades complementa a oferta do Movano Electric, el\u00e9trico a bateria e sem emiss\u00f5es locais.<\/h5>\n<p>&#8220;O novo Opel Movano estabelece a refer\u00eancia entre os ve\u00edculos comerciais ligeiros no sector das frotas. Isto inclui n\u00e3o s\u00f3 as in\u00fameras op\u00e7\u00f5es de configura\u00e7\u00e3o, um volume de carga de at\u00e9 17 m3, uma carga \u00fatil de at\u00e9 2 toneladas e novos sistemas de assist\u00eancia l\u00edderes na sua classe que permitem, pela primeira vez, uma condu\u00e7\u00e3o com assist\u00eancia de n\u00edvel 2.&#8221;<\/p>\n<p>O maior membro da fam\u00edlia de ve\u00edculos comerciais ligeiros da Opel oferece um desempenho potente e altamente eficiente. A marca oferece aos\u00a0 seus clientes uma unidade de propuls\u00e3o para cada perfil de utilizador, desde a vers\u00e3o a diesel, com transmiss\u00e3o autom\u00e1tica de oito velocidades (dispon\u00edvel em v\u00e1rias configura\u00e7\u00f5es de ve\u00edculo e estilos de carro\u00e7aria), at\u00e9 ao potente Movano Electric.<\/p>\n<p><img fetchpriority=\"high\" decoding=\"async\" class=\"alignnone size-full wp-image-91217\" src=\"https:\/\/motorpor.pt\/wp-content\/uploads\/2024\/08\/OpelMovano-1-scaled.jpg\" alt=\"\" width=\"2560\" height=\"1440\" srcset=\"https:\/\/motorpor.pt\/wp-content\/uploads\/2024\/08\/OpelMovano-1-scaled.jpg 2560w, https:\/\/motorpor.pt\/wp-content\/uploads\/2024\/08\/OpelMovano-1-300x169.jpg 300w, https:\/\/motorpor.pt\/wp-content\/uploads\/2024\/08\/OpelMovano-1-1024x576.jpg 1024w, https:\/\/motorpor.pt\/wp-content\/uploads\/2024\/08\/OpelMovano-1-768x432.jpg 768w, https:\/\/motorpor.pt\/wp-content\/uploads\/2024\/08\/OpelMovano-1-1536x864.jpg 1536w, https:\/\/motorpor.pt\/wp-content\/uploads\/2024\/08\/OpelMovano-1-2048x1152.jpg 2048w, https:\/\/motorpor.pt\/wp-content\/uploads\/2024\/08\/OpelMovano-1-18x10.jpg 18w, https:\/\/motorpor.pt\/wp-content\/uploads\/2024\/08\/OpelMovano-1-200x113.jpg 200w, https:\/\/motorpor.pt\/wp-content\/uploads\/2024\/08\/OpelMovano-1-167x93.jpg 167w, https:\/\/motorpor.pt\/wp-content\/uploads\/2024\/08\/OpelMovano-1-165x93.jpg 165w\" sizes=\"(max-width: 2560px) 100vw, 2560px\" \/><\/p>\n<p>A mais recente gera\u00e7\u00e3o do furg\u00e3o el\u00e9trico a bateria \u00e9 a primeira com um motor el\u00e9trico de 200 kW (272 cv) e 410 Nm de bin\u00e1rio. Gra\u00e7as \u00e0 nova bateria de 110 kWh, o novo Movano Electric pode agora percorrer at\u00e9 420 quil\u00f3metros, de acordo com o WLTP, sem parar para carregar. \u00c9 tamb\u00e9m o primeiro Opel a ter a op\u00e7\u00e3o de carregamento com corrente cont\u00ednua DC at\u00e9 150 kW. Para atingir os 80% de bateria, basta colocar a viatura a carregar numa esta\u00e7\u00e3o p\u00fablica de carregamento r\u00e1pido apenas em 55 minutos.<\/p>\n<p>Descubra as <a href=\"https:\/\/motorpor.pt\/fr\/novos\/opel\/\">viaturas Opel dispon\u00edveis no nosso site<\/a>.<\/p>","protected":false},"excerpt":{"rendered":"<p>Movano com motor Diesel com a nova transmiss\u00e3o de oito velocidades complementa a oferta do Movano Electric, el\u00e9trico a bateria e sem emiss\u00f5es locais. &#8220;O novo Opel Movano estabelece a refer\u00eancia entre os ve\u00edculos comerciais ligeiros no sector das frotas. Isto inclui n\u00e3o s\u00f3 as in\u00fameras op\u00e7\u00f5es de configura\u00e7\u00e3o, um volume de carga de at\u00e9 [&hellip;]<\/p>\n","protected":false},"author":85,"featured_media":91471,"comment_status":"closed","ping_status":"open","sticky":false,"template":"","format":"standard","meta":{"_acf_changed":false,"footnotes":""},"categories":[2595,2594,2592,3093],"tags":[],"class_list":["post-91219","post","type-post","status-publish","format-standard","has-post-thumbnail","hentry","category-atualidade","category-destaques","category-noticias","category-noticias-opel"],"acf":[],"yoast_head":"<!-- This site is optimized with the Yoast SEO plugin v27.5 - https:\/\/yoast.com\/product\/yoast-seo-wordpress\/ -->\n<title>O novo Opel Movano estabelece novas refer\u00eancias com a nova transmiss\u00e3o de oito velocidades - Motorpor<\/title>\n<meta name=\"robots\" content=\"index, follow, max-snippet:-1, max-image-preview:large, max-video-preview:-1\" \/>\n<link rel=\"canonical\" href=\"https:\/\/motorpor.pt\/fr\/o-novo-opel-movano-estabelece-novas-referencias-com-a-nova-transmissao-de-oito-velocidades\/\" \/>\n<meta property=\"og:locale\" content=\"fr_FR\" \/>\n<meta property=\"og:type\" content=\"article\" \/>\n<meta property=\"og:title\" content=\"O novo Opel Movano estabelece novas refer\u00eancias com a nova transmiss\u00e3o de oito velocidades - Motorpor\" \/>\n<meta property=\"og:description\" content=\"Movano com motor Diesel com a nova transmiss\u00e3o de oito velocidades complementa a oferta do Movano Electric, el\u00e9trico a bateria e sem emiss\u00f5es locais. &#8220;O novo Opel Movano estabelece a refer\u00eancia entre os ve\u00edculos comerciais ligeiros no sector das frotas. Isto inclui n\u00e3o s\u00f3 as in\u00fameras op\u00e7\u00f5es de configura\u00e7\u00e3o, um volume de carga de at\u00e9 [&hellip;]\" \/>\n<meta property=\"og:url\" content=\"https:\/\/motorpor.pt\/fr\/o-novo-opel-movano-estabelece-novas-referencias-com-a-nova-transmissao-de-oito-velocidades\/\" \/>\n<meta property=\"og:site_name\" content=\"Motorpor\" \/>\n<meta property=\"article:published_time\" content=\"2024-08-09T11:25:26+00:00\" \/>\n<meta property=\"article:modified_time\" content=\"2024-08-19T16:59:30+00:00\" \/>\n<meta property=\"og:image\" content=\"https:\/\/motorpor.pt\/wp-content\/uploads\/2024\/08\/OpelMovano.jpg\" \/>\n\t<meta property=\"og:image:width\" content=\"1200\" \/>\n\t<meta property=\"og:image:height\" content=\"675\" \/>\n\t<meta property=\"og:image:type\" content=\"image\/jpeg\" \/>\n<meta name=\"author\" content=\"mktmotorpor\" \/>\n<meta name=\"twitter:card\" content=\"summary_large_image\" \/>\n<meta name=\"twitter:label1\" content=\"\u00c9crit par\" \/>\n\t<meta name=\"twitter:data1\" content=\"mktmotorpor\" \/>\n\t<meta name=\"twitter:label2\" content=\"Dur\u00e9e de lecture estim\u00e9e\" \/>\n\t<meta name=\"twitter:data2\" content=\"2 minutes\" \/>\n<script type=\"application\/ld+json\" class=\"yoast-schema-graph\">{\"@context\":\"https:\\\/\\\/schema.org\",\"@graph\":[{\"@type\":\"Article\",\"@id\":\"https:\\\/\\\/motorpor.pt\\\/o-novo-opel-movano-estabelece-novas-referencias-com-a-nova-transmissao-de-oito-velocidades\\\/#article\",\"isPartOf\":{\"@id\":\"https:\\\/\\\/motorpor.pt\\\/o-novo-opel-movano-estabelece-novas-referencias-com-a-nova-transmissao-de-oito-velocidades\\\/\"},\"author\":{\"name\":\"mktmotorpor\",\"@id\":\"https:\\\/\\\/motorpor.pt\\\/#\\\/schema\\\/person\\\/b4bf07144e88efed7388a5af30522db7\"},\"headline\":\"O novo Opel Movano estabelece novas refer\u00eancias com a nova transmiss\u00e3o de oito velocidades\",\"datePublished\":\"2024-08-09T11:25:26+00:00\",\"dateModified\":\"2024-08-19T16:59:30+00:00\",\"mainEntityOfPage\":{\"@id\":\"https:\\\/\\\/motorpor.pt\\\/o-novo-opel-movano-estabelece-novas-referencias-com-a-nova-transmissao-de-oito-velocidades\\\/\"},\"wordCount\":285,\"publisher\":{\"@id\":\"https:\\\/\\\/motorpor.pt\\\/#organization\"},\"image\":{\"@id\":\"https:\\\/\\\/motorpor.pt\\\/o-novo-opel-movano-estabelece-novas-referencias-com-a-nova-transmissao-de-oito-velocidades\\\/#primaryimage\"},\"thumbnailUrl\":\"https:\\\/\\\/motorpor.pt\\\/wp-content\\\/uploads\\\/2024\\\/08\\\/OpelMovano.jpg\",\"articleSection\":[\"Atualidade\",\"Destaques\",\"Not\u00edcias\",\"Not\u00edcias Opel\"],\"inLanguage\":\"fr-FR\"},{\"@type\":\"WebPage\",\"@id\":\"https:\\\/\\\/motorpor.pt\\\/o-novo-opel-movano-estabelece-novas-referencias-com-a-nova-transmissao-de-oito-velocidades\\\/\",\"url\":\"https:\\\/\\\/motorpor.pt\\\/o-novo-opel-movano-estabelece-novas-referencias-com-a-nova-transmissao-de-oito-velocidades\\\/\",\"name\":\"O novo Opel Movano estabelece novas refer\u00eancias com a nova transmiss\u00e3o de oito velocidades - Motorpor\",\"isPartOf\":{\"@id\":\"https:\\\/\\\/motorpor.pt\\\/#website\"},\"primaryImageOfPage\":{\"@id\":\"https:\\\/\\\/motorpor.pt\\\/o-novo-opel-movano-estabelece-novas-referencias-com-a-nova-transmissao-de-oito-velocidades\\\/#primaryimage\"},\"image\":{\"@id\":\"https:\\\/\\\/motorpor.pt\\\/o-novo-opel-movano-estabelece-novas-referencias-com-a-nova-transmissao-de-oito-velocidades\\\/#primaryimage\"},\"thumbnailUrl\":\"https:\\\/\\\/motorpor.pt\\\/wp-content\\\/uploads\\\/2024\\\/08\\\/OpelMovano.jpg\",\"datePublished\":\"2024-08-09T11:25:26+00:00\",\"dateModified\":\"2024-08-19T16:59:30+00:00\",\"breadcrumb\":{\"@id\":\"https:\\\/\\\/motorpor.pt\\\/o-novo-opel-movano-estabelece-novas-referencias-com-a-nova-transmissao-de-oito-velocidades\\\/#breadcrumb\"},\"inLanguage\":\"fr-FR\",\"potentialAction\":[{\"@type\":\"ReadAction\",\"target\":[\"https:\\\/\\\/motorpor.pt\\\/o-novo-opel-movano-estabelece-novas-referencias-com-a-nova-transmissao-de-oito-velocidades\\\/\"]}]},{\"@type\":\"ImageObject\",\"inLanguage\":\"fr-FR\",\"@id\":\"https:\\\/\\\/motorpor.pt\\\/o-novo-opel-movano-estabelece-novas-referencias-com-a-nova-transmissao-de-oito-velocidades\\\/#primaryimage\",\"url\":\"https:\\\/\\\/motorpor.pt\\\/wp-content\\\/uploads\\\/2024\\\/08\\\/OpelMovano.jpg\",\"contentUrl\":\"https:\\\/\\\/motorpor.pt\\\/wp-content\\\/uploads\\\/2024\\\/08\\\/OpelMovano.jpg\",\"width\":1200,\"height\":675},{\"@type\":\"BreadcrumbList\",\"@id\":\"https:\\\/\\\/motorpor.pt\\\/o-novo-opel-movano-estabelece-novas-referencias-com-a-nova-transmissao-de-oito-velocidades\\\/#breadcrumb\",\"itemListElement\":[{\"@type\":\"ListItem\",\"position\":1,\"name\":\"In\u00edcio\",\"item\":\"https:\\\/\\\/motorpor.pt\\\/\"},{\"@type\":\"ListItem\",\"position\":2,\"name\":\"O novo Opel Movano estabelece novas refer\u00eancias com a nova transmiss\u00e3o de oito velocidades\"}]},{\"@type\":\"WebSite\",\"@id\":\"https:\\\/\\\/motorpor.pt\\\/#website\",\"url\":\"https:\\\/\\\/motorpor.pt\\\/\",\"name\":\"Motorpor\",\"description\":\"Comercio de Autom\u00f3veis Multimarcas\",\"publisher\":{\"@id\":\"https:\\\/\\\/motorpor.pt\\\/#organization\"},\"potentialAction\":[{\"@type\":\"SearchAction\",\"target\":{\"@type\":\"EntryPoint\",\"urlTemplate\":\"https:\\\/\\\/motorpor.pt\\\/?s={search_term_string}\"},\"query-input\":{\"@type\":\"PropertyValueSpecification\",\"valueRequired\":true,\"valueName\":\"search_term_string\"}}],\"inLanguage\":\"fr-FR\"},{\"@type\":\"Organization\",\"@id\":\"https:\\\/\\\/motorpor.pt\\\/#organization\",\"name\":\"Motorpor\",\"alternateName\":\"Motorpor\",\"url\":\"https:\\\/\\\/motorpor.pt\\\/\",\"logo\":{\"@type\":\"ImageObject\",\"inLanguage\":\"fr-FR\",\"@id\":\"https:\\\/\\\/motorpor.pt\\\/#\\\/schema\\\/logo\\\/image\\\/\",\"url\":\"https:\\\/\\\/motorpor.pt\\\/wp-content\\\/uploads\\\/2024\\\/07\\\/Logo-Motorpor-Preto.svg\",\"contentUrl\":\"https:\\\/\\\/motorpor.pt\\\/wp-content\\\/uploads\\\/2024\\\/07\\\/Logo-Motorpor-Preto.svg\",\"width\":493,\"height\":93,\"caption\":\"Motorpor\"},\"image\":{\"@id\":\"https:\\\/\\\/motorpor.pt\\\/#\\\/schema\\\/logo\\\/image\\\/\"},\"sameAs\":[\"https:\\\/\\\/www.linkedin.com\\\/company\\\/grupo-motorpor\"]},{\"@type\":\"Person\",\"@id\":\"https:\\\/\\\/motorpor.pt\\\/#\\\/schema\\\/person\\\/b4bf07144e88efed7388a5af30522db7\",\"name\":\"mktmotorpor\",\"image\":{\"@type\":\"ImageObject\",\"inLanguage\":\"fr-FR\",\"@id\":\"https:\\\/\\\/secure.gravatar.com\\\/avatar\\\/8418b61b3175dbba0a8744cf0ee6bb5c7a9f6c67f1dbc4f41a62d7b9738259a2?s=96&d=mm&r=g\",\"url\":\"https:\\\/\\\/secure.gravatar.com\\\/avatar\\\/8418b61b3175dbba0a8744cf0ee6bb5c7a9f6c67f1dbc4f41a62d7b9738259a2?s=96&d=mm&r=g\",\"contentUrl\":\"https:\\\/\\\/secure.gravatar.com\\\/avatar\\\/8418b61b3175dbba0a8744cf0ee6bb5c7a9f6c67f1dbc4f41a62d7b9738259a2?s=96&d=mm&r=g\",\"caption\":\"mktmotorpor\"},\"url\":\"https:\\\/\\\/motorpor.pt\\\/fr\\\/user\\\/mktmotorpor\\\/\"}]}<\/script>\n<!-- \/ Yoast SEO plugin. -->","yoast_head_json":{"title":"O novo Opel Movano estabelece novas refer\u00eancias com a nova transmiss\u00e3o de oito velocidades - Motorpor","robots":{"index":"index","follow":"follow","max-snippet":"max-snippet:-1","max-image-preview":"max-image-preview:large","max-video-preview":"max-video-preview:-1"},"canonical":"https:\/\/motorpor.pt\/fr\/o-novo-opel-movano-estabelece-novas-referencias-com-a-nova-transmissao-de-oito-velocidades\/","og_locale":"fr_FR","og_type":"article","og_title":"O novo Opel Movano estabelece novas refer\u00eancias com a nova transmiss\u00e3o de oito velocidades - Motorpor","og_description":"Movano com motor Diesel com a nova transmiss\u00e3o de oito velocidades complementa a oferta do Movano Electric, el\u00e9trico a bateria e sem emiss\u00f5es locais. &#8220;O novo Opel Movano estabelece a refer\u00eancia entre os ve\u00edculos comerciais ligeiros no sector das frotas. Isto inclui n\u00e3o s\u00f3 as in\u00fameras op\u00e7\u00f5es de configura\u00e7\u00e3o, um volume de carga de at\u00e9 [&hellip;]","og_url":"https:\/\/motorpor.pt\/fr\/o-novo-opel-movano-estabelece-novas-referencias-com-a-nova-transmissao-de-oito-velocidades\/","og_site_name":"Motorpor","article_published_time":"2024-08-09T11:25:26+00:00","article_modified_time":"2024-08-19T16:59:30+00:00","og_image":[{"width":1200,"height":675,"url":"https:\/\/motorpor.pt\/wp-content\/uploads\/2024\/08\/OpelMovano.jpg","type":"image\/jpeg"}],"author":"mktmotorpor","twitter_card":"summary_large_image","twitter_misc":{"\u00c9crit par":"mktmotorpor","Dur\u00e9e de lecture estim\u00e9e":"2 minutes"},"schema":{"@context":"https:\/\/schema.org","@graph":[{"@type":"Article","@id":"https:\/\/motorpor.pt\/o-novo-opel-movano-estabelece-novas-referencias-com-a-nova-transmissao-de-oito-velocidades\/#article","isPartOf":{"@id":"https:\/\/motorpor.pt\/o-novo-opel-movano-estabelece-novas-referencias-com-a-nova-transmissao-de-oito-velocidades\/"},"author":{"name":"mktmotorpor","@id":"https:\/\/motorpor.pt\/#\/schema\/person\/b4bf07144e88efed7388a5af30522db7"},"headline":"O novo Opel Movano estabelece novas refer\u00eancias com a nova transmiss\u00e3o de oito velocidades","datePublished":"2024-08-09T11:25:26+00:00","dateModified":"2024-08-19T16:59:30+00:00","mainEntityOfPage":{"@id":"https:\/\/motorpor.pt\/o-novo-opel-movano-estabelece-novas-referencias-com-a-nova-transmissao-de-oito-velocidades\/"},"wordCount":285,"publisher":{"@id":"https:\/\/motorpor.pt\/#organization"},"image":{"@id":"https:\/\/motorpor.pt\/o-novo-opel-movano-estabelece-novas-referencias-com-a-nova-transmissao-de-oito-velocidades\/#primaryimage"},"thumbnailUrl":"https:\/\/motorpor.pt\/wp-content\/uploads\/2024\/08\/OpelMovano.jpg","articleSection":["Atualidade","Destaques","Not\u00edcias","Not\u00edcias Opel"],"inLanguage":"fr-FR"},{"@type":"WebPage","@id":"https:\/\/motorpor.pt\/o-novo-opel-movano-estabelece-novas-referencias-com-a-nova-transmissao-de-oito-velocidades\/","url":"https:\/\/motorpor.pt\/o-novo-opel-movano-estabelece-novas-referencias-com-a-nova-transmissao-de-oito-velocidades\/","name":"O novo Opel Movano estabelece novas refer\u00eancias com a nova transmiss\u00e3o de oito velocidades - Motorpor","isPartOf":{"@id":"https:\/\/motorpor.pt\/#website"},"primaryImageOfPage":{"@id":"https:\/\/motorpor.pt\/o-novo-opel-movano-estabelece-novas-referencias-com-a-nova-transmissao-de-oito-velocidades\/#primaryimage"},"image":{"@id":"https:\/\/motorpor.pt\/o-novo-opel-movano-estabelece-novas-referencias-com-a-nova-transmissao-de-oito-velocidades\/#primaryimage"},"thumbnailUrl":"https:\/\/motorpor.pt\/wp-content\/uploads\/2024\/08\/OpelMovano.jpg","datePublished":"2024-08-09T11:25:26+00:00","dateModified":"2024-08-19T16:59:30+00:00","breadcrumb":{"@id":"https:\/\/motorpor.pt\/o-novo-opel-movano-estabelece-novas-referencias-com-a-nova-transmissao-de-oito-velocidades\/#breadcrumb"},"inLanguage":"fr-FR","potentialAction":[{"@type":"ReadAction","target":["https:\/\/motorpor.pt\/o-novo-opel-movano-estabelece-novas-referencias-com-a-nova-transmissao-de-oito-velocidades\/"]}]},{"@type":"ImageObject","inLanguage":"fr-FR","@id":"https:\/\/motorpor.pt\/o-novo-opel-movano-estabelece-novas-referencias-com-a-nova-transmissao-de-oito-velocidades\/#primaryimage","url":"https:\/\/motorpor.pt\/wp-content\/uploads\/2024\/08\/OpelMovano.jpg","contentUrl":"https:\/\/motorpor.pt\/wp-content\/uploads\/2024\/08\/OpelMovano.jpg","width":1200,"height":675},{"@type":"BreadcrumbList","@id":"https:\/\/motorpor.pt\/o-novo-opel-movano-estabelece-novas-referencias-com-a-nova-transmissao-de-oito-velocidades\/#breadcrumb","itemListElement":[{"@type":"ListItem","position":1,"name":"In\u00edcio","item":"https:\/\/motorpor.pt\/"},{"@type":"ListItem","position":2,"name":"O novo Opel Movano estabelece novas refer\u00eancias com a nova transmiss\u00e3o de oito velocidades"}]},{"@type":"WebSite","@id":"https:\/\/motorpor.pt\/#website","url":"https:\/\/motorpor.pt\/","name":"motorpor","description":"Comercio de Autom\u00f3veis Multimarcas","publisher":{"@id":"https:\/\/motorpor.pt\/#organization"},"potentialAction":[{"@type":"SearchAction","target":{"@type":"EntryPoint","urlTemplate":"https:\/\/motorpor.pt\/?s={search_term_string}"},"query-input":{"@type":"PropertyValueSpecification","valueRequired":true,"valueName":"search_term_string"}}],"inLanguage":"fr-FR"},{"@type":"Organization","@id":"https:\/\/motorpor.pt\/#organization","name":"motorpor","alternateName":"Motorpor","url":"https:\/\/motorpor.pt\/","logo":{"@type":"ImageObject","inLanguage":"fr-FR","@id":"https:\/\/motorpor.pt\/#\/schema\/logo\/image\/","url":"https:\/\/motorpor.pt\/wp-content\/uploads\/2024\/07\/Logo-Motorpor-Preto.svg","contentUrl":"https:\/\/motorpor.pt\/wp-content\/uploads\/2024\/07\/Logo-Motorpor-Preto.svg","width":493,"height":93,"caption":"Motorpor"},"image":{"@id":"https:\/\/motorpor.pt\/#\/schema\/logo\/image\/"},"sameAs":["https:\/\/www.linkedin.com\/company\/grupo-motorpor"]},{"@type":"Person","@id":"https:\/\/motorpor.pt\/#\/schema\/person\/b4bf07144e88efed7388a5af30522db7","name":"mktmotorpor","image":{"@type":"ImageObject","inLanguage":"fr-FR","@id":"https:\/\/secure.gravatar.com\/avatar\/8418b61b3175dbba0a8744cf0ee6bb5c7a9f6c67f1dbc4f41a62d7b9738259a2?s=96&d=mm&r=g","url":"https:\/\/secure.gravatar.com\/avatar\/8418b61b3175dbba0a8744cf0ee6bb5c7a9f6c67f1dbc4f41a62d7b9738259a2?s=96&d=mm&r=g","contentUrl":"https:\/\/secure.gravatar.com\/avatar\/8418b61b3175dbba0a8744cf0ee6bb5c7a9f6c67f1dbc4f41a62d7b9738259a2?s=96&d=mm&r=g","caption":"mktmotorpor"},"url":"https:\/\/motorpor.pt\/fr\/user\/mktmotorpor\/"}]}},"_links":{"self":[{"href":"https:\/\/motorpor.pt\/fr\/wp-json\/wp\/v2\/posts\/91219","targetHints":{"allow":["GET"]}}],"collection":[{"href":"https:\/\/motorpor.pt\/fr\/wp-json\/wp\/v2\/posts"}],"about":[{"href":"https:\/\/motorpor.pt\/fr\/wp-json\/wp\/v2\/types\/post"}],"author":[{"embeddable":true,"href":"https:\/\/motorpor.pt\/fr\/wp-json\/wp\/v2\/users\/85"}],"replies":[{"embeddable":true,"href":"https:\/\/motorpor.pt\/fr\/wp-json\/wp\/v2\/comments?post=91219"}],"version-history":[{"count":1,"href":"https:\/\/motorpor.pt\/fr\/wp-json\/wp\/v2\/posts\/91219\/revisions"}],"predecessor-version":[{"id":91473,"href":"https:\/\/motorpor.pt\/fr\/wp-json\/wp\/v2\/posts\/91219\/revisions\/91473"}],"wp:featuredmedia":[{"embeddable":true,"href":"https:\/\/motorpor.pt\/fr\/wp-json\/wp\/v2\/media\/91471"}],"wp:attachment":[{"href":"https:\/\/motorpor.pt\/fr\/wp-json\/wp\/v2\/media?parent=91219"}],"wp:term":[{"taxonomy":"category","embeddable":true,"href":"https:\/\/motorpor.pt\/fr\/wp-json\/wp\/v2\/categories?post=91219"},{"taxonomy":"post_tag","embeddable":true,"href":"https:\/\/motorpor.pt\/fr\/wp-json\/wp\/v2\/tags?post=91219"}],"curies":[{"name":"wp","href":"https:\/\/api.w.org\/{rel}","templated":true}]}}