{"id":93865,"date":"2024-09-06T16:07:15","date_gmt":"2024-09-06T15:07:15","guid":{"rendered":"https:\/\/motorpor.pt\/mg4-por-28-320e-com-iva-incluido\/"},"modified":"2024-09-10T16:12:03","modified_gmt":"2024-09-10T15:12:03","slug":"mg4-por-28-320e-com-iva-incluido","status":"publish","type":"post","link":"https:\/\/motorpor.pt\/fr\/mg4-por-28-320e-com-iva-incluido\/","title":{"rendered":"MG4 por 28.320\u20ac com IVA inclu\u00eddo"},"content":{"rendered":"<h2>Atualize a sua frota com o MG4 a 28.320\u20ac c\/IVA!<\/h2>\n<p>\u00a0<\/p>\n<div>Aproveite a oferta especial de:<\/div>\n<div><\/div>\n<ul>\n<li>Contrato de manuten\u00e7\u00e3o de 3 anos*<\/li>\n<li>Cabo de carregamento<\/li>\n<li>IVA dedut\u00edvel para empresas<\/li>\n<\/ul>\n<div><\/div>\n<div>\n<div id='gallery-1' class='gallery galleryid-93865 gallery-columns-3 gallery-size-full'><figure class='gallery-item'>\n\t\t\t<div class='gallery-icon landscape'>\n\t\t\t\t<a href='https:\/\/motorpor.pt\/wp-content\/uploads\/2024\/09\/Campanha-MG4-Empresas_1.jpg'><img fetchpriority=\"high\" decoding=\"async\" width=\"2250\" height=\"2250\" src=\"https:\/\/motorpor.pt\/wp-content\/uploads\/2024\/09\/Campanha-MG4-Empresas_1.jpg\" class=\"attachment-full size-full\" alt=\"\" srcset=\"https:\/\/motorpor.pt\/wp-content\/uploads\/2024\/09\/Campanha-MG4-Empresas_1.jpg 2250w, https:\/\/motorpor.pt\/wp-content\/uploads\/2024\/09\/Campanha-MG4-Empresas_1-300x300.jpg 300w, https:\/\/motorpor.pt\/wp-content\/uploads\/2024\/09\/Campanha-MG4-Empresas_1-1024x1024.jpg 1024w, https:\/\/motorpor.pt\/wp-content\/uploads\/2024\/09\/Campanha-MG4-Empresas_1-150x150.jpg 150w, https:\/\/motorpor.pt\/wp-content\/uploads\/2024\/09\/Campanha-MG4-Empresas_1-768x768.jpg 768w, https:\/\/motorpor.pt\/wp-content\/uploads\/2024\/09\/Campanha-MG4-Empresas_1-1536x1536.jpg 1536w, https:\/\/motorpor.pt\/wp-content\/uploads\/2024\/09\/Campanha-MG4-Empresas_1-2048x2048.jpg 2048w, https:\/\/motorpor.pt\/wp-content\/uploads\/2024\/09\/Campanha-MG4-Empresas_1-12x12.jpg 12w, https:\/\/motorpor.pt\/wp-content\/uploads\/2024\/09\/Campanha-MG4-Empresas_1-200x200.jpg 200w, https:\/\/motorpor.pt\/wp-content\/uploads\/2024\/09\/Campanha-MG4-Empresas_1-100x100.jpg 100w, https:\/\/motorpor.pt\/wp-content\/uploads\/2024\/09\/Campanha-MG4-Empresas_1-165x165.jpg 165w\" sizes=\"(max-width: 2250px) 100vw, 2250px\" \/><\/a>\n\t\t\t<\/div><\/figure><figure class='gallery-item'>\n\t\t\t<div class='gallery-icon landscape'>\n\t\t\t\t<a href='https:\/\/motorpor.pt\/wp-content\/uploads\/2024\/09\/Campanha-MG4-Empresas_2.jpg'><img decoding=\"async\" width=\"2250\" height=\"2250\" src=\"https:\/\/motorpor.pt\/wp-content\/uploads\/2024\/09\/Campanha-MG4-Empresas_2.jpg\" class=\"attachment-full size-full\" alt=\"\" srcset=\"https:\/\/motorpor.pt\/wp-content\/uploads\/2024\/09\/Campanha-MG4-Empresas_2.jpg 2250w, https:\/\/motorpor.pt\/wp-content\/uploads\/2024\/09\/Campanha-MG4-Empresas_2-300x300.jpg 300w, https:\/\/motorpor.pt\/wp-content\/uploads\/2024\/09\/Campanha-MG4-Empresas_2-1024x1024.jpg 1024w, https:\/\/motorpor.pt\/wp-content\/uploads\/2024\/09\/Campanha-MG4-Empresas_2-150x150.jpg 150w, https:\/\/motorpor.pt\/wp-content\/uploads\/2024\/09\/Campanha-MG4-Empresas_2-768x768.jpg 768w, https:\/\/motorpor.pt\/wp-content\/uploads\/2024\/09\/Campanha-MG4-Empresas_2-1536x1536.jpg 1536w, https:\/\/motorpor.pt\/wp-content\/uploads\/2024\/09\/Campanha-MG4-Empresas_2-2048x2048.jpg 2048w, https:\/\/motorpor.pt\/wp-content\/uploads\/2024\/09\/Campanha-MG4-Empresas_2-12x12.jpg 12w, https:\/\/motorpor.pt\/wp-content\/uploads\/2024\/09\/Campanha-MG4-Empresas_2-200x200.jpg 200w, https:\/\/motorpor.pt\/wp-content\/uploads\/2024\/09\/Campanha-MG4-Empresas_2-100x100.jpg 100w, https:\/\/motorpor.pt\/wp-content\/uploads\/2024\/09\/Campanha-MG4-Empresas_2-165x165.jpg 165w\" sizes=\"(max-width: 2250px) 100vw, 2250px\" \/><\/a>\n\t\t\t<\/div><\/figure><figure class='gallery-item'>\n\t\t\t<div class='gallery-icon landscape'>\n\t\t\t\t<a href='https:\/\/motorpor.pt\/wp-content\/uploads\/2024\/09\/Campanha-MG4-Empresas_3.jpg'><img decoding=\"async\" width=\"2250\" height=\"2250\" src=\"https:\/\/motorpor.pt\/wp-content\/uploads\/2024\/09\/Campanha-MG4-Empresas_3.jpg\" class=\"attachment-full size-full\" alt=\"\" srcset=\"https:\/\/motorpor.pt\/wp-content\/uploads\/2024\/09\/Campanha-MG4-Empresas_3.jpg 2250w, https:\/\/motorpor.pt\/wp-content\/uploads\/2024\/09\/Campanha-MG4-Empresas_3-300x300.jpg 300w, https:\/\/motorpor.pt\/wp-content\/uploads\/2024\/09\/Campanha-MG4-Empresas_3-1024x1024.jpg 1024w, https:\/\/motorpor.pt\/wp-content\/uploads\/2024\/09\/Campanha-MG4-Empresas_3-150x150.jpg 150w, https:\/\/motorpor.pt\/wp-content\/uploads\/2024\/09\/Campanha-MG4-Empresas_3-768x768.jpg 768w, https:\/\/motorpor.pt\/wp-content\/uploads\/2024\/09\/Campanha-MG4-Empresas_3-1536x1536.jpg 1536w, https:\/\/motorpor.pt\/wp-content\/uploads\/2024\/09\/Campanha-MG4-Empresas_3-2048x2048.jpg 2048w, https:\/\/motorpor.pt\/wp-content\/uploads\/2024\/09\/Campanha-MG4-Empresas_3-12x12.jpg 12w, https:\/\/motorpor.pt\/wp-content\/uploads\/2024\/09\/Campanha-MG4-Empresas_3-200x200.jpg 200w, https:\/\/motorpor.pt\/wp-content\/uploads\/2024\/09\/Campanha-MG4-Empresas_3-100x100.jpg 100w, https:\/\/motorpor.pt\/wp-content\/uploads\/2024\/09\/Campanha-MG4-Empresas_3-165x165.jpg 165w\" sizes=\"(max-width: 2250px) 100vw, 2250px\" \/><\/a>\n\t\t\t<\/div><\/figure><figure class='gallery-item'>\n\t\t\t<div class='gallery-icon landscape'>\n\t\t\t\t<a href='https:\/\/motorpor.pt\/wp-content\/uploads\/2024\/09\/Campanha-MG4-Empresas_4.jpg'><img loading=\"lazy\" decoding=\"async\" width=\"2250\" height=\"2250\" src=\"https:\/\/motorpor.pt\/wp-content\/uploads\/2024\/09\/Campanha-MG4-Empresas_4.jpg\" class=\"attachment-full size-full\" alt=\"\" srcset=\"https:\/\/motorpor.pt\/wp-content\/uploads\/2024\/09\/Campanha-MG4-Empresas_4.jpg 2250w, https:\/\/motorpor.pt\/wp-content\/uploads\/2024\/09\/Campanha-MG4-Empresas_4-300x300.jpg 300w, https:\/\/motorpor.pt\/wp-content\/uploads\/2024\/09\/Campanha-MG4-Empresas_4-1024x1024.jpg 1024w, https:\/\/motorpor.pt\/wp-content\/uploads\/2024\/09\/Campanha-MG4-Empresas_4-150x150.jpg 150w, https:\/\/motorpor.pt\/wp-content\/uploads\/2024\/09\/Campanha-MG4-Empresas_4-768x768.jpg 768w, https:\/\/motorpor.pt\/wp-content\/uploads\/2024\/09\/Campanha-MG4-Empresas_4-1536x1536.jpg 1536w, https:\/\/motorpor.pt\/wp-content\/uploads\/2024\/09\/Campanha-MG4-Empresas_4-2048x2048.jpg 2048w, https:\/\/motorpor.pt\/wp-content\/uploads\/2024\/09\/Campanha-MG4-Empresas_4-12x12.jpg 12w, https:\/\/motorpor.pt\/wp-content\/uploads\/2024\/09\/Campanha-MG4-Empresas_4-200x200.jpg 200w, https:\/\/motorpor.pt\/wp-content\/uploads\/2024\/09\/Campanha-MG4-Empresas_4-100x100.jpg 100w, https:\/\/motorpor.pt\/wp-content\/uploads\/2024\/09\/Campanha-MG4-Empresas_4-165x165.jpg 165w\" sizes=\"(max-width: 2250px) 100vw, 2250px\" \/><\/a>\n\t\t\t<\/div><\/figure><figure class='gallery-item'>\n\t\t\t<div class='gallery-icon landscape'>\n\t\t\t\t<a href='https:\/\/motorpor.pt\/wp-content\/uploads\/2024\/09\/Campanha-MG4-Empresas_5.jpg'><img loading=\"lazy\" decoding=\"async\" width=\"2250\" height=\"2250\" src=\"https:\/\/motorpor.pt\/wp-content\/uploads\/2024\/09\/Campanha-MG4-Empresas_5.jpg\" class=\"attachment-full size-full\" alt=\"\" srcset=\"https:\/\/motorpor.pt\/wp-content\/uploads\/2024\/09\/Campanha-MG4-Empresas_5.jpg 2250w, https:\/\/motorpor.pt\/wp-content\/uploads\/2024\/09\/Campanha-MG4-Empresas_5-300x300.jpg 300w, https:\/\/motorpor.pt\/wp-content\/uploads\/2024\/09\/Campanha-MG4-Empresas_5-1024x1024.jpg 1024w, https:\/\/motorpor.pt\/wp-content\/uploads\/2024\/09\/Campanha-MG4-Empresas_5-150x150.jpg 150w, https:\/\/motorpor.pt\/wp-content\/uploads\/2024\/09\/Campanha-MG4-Empresas_5-768x768.jpg 768w, https:\/\/motorpor.pt\/wp-content\/uploads\/2024\/09\/Campanha-MG4-Empresas_5-1536x1536.jpg 1536w, https:\/\/motorpor.pt\/wp-content\/uploads\/2024\/09\/Campanha-MG4-Empresas_5-2048x2048.jpg 2048w, https:\/\/motorpor.pt\/wp-content\/uploads\/2024\/09\/Campanha-MG4-Empresas_5-12x12.jpg 12w, https:\/\/motorpor.pt\/wp-content\/uploads\/2024\/09\/Campanha-MG4-Empresas_5-200x200.jpg 200w, https:\/\/motorpor.pt\/wp-content\/uploads\/2024\/09\/Campanha-MG4-Empresas_5-100x100.jpg 100w, https:\/\/motorpor.pt\/wp-content\/uploads\/2024\/09\/Campanha-MG4-Empresas_5-165x165.jpg 165w\" sizes=\"(max-width: 2250px) 100vw, 2250px\" \/><\/a>\n\t\t\t<\/div><\/figure><figure class='gallery-item'>\n\t\t\t<div class='gallery-icon landscape'>\n\t\t\t\t<a href='https:\/\/motorpor.pt\/wp-content\/uploads\/2024\/09\/Campanha-MG4-Empresas_6.jpg'><img loading=\"lazy\" decoding=\"async\" width=\"2250\" height=\"2250\" src=\"https:\/\/motorpor.pt\/wp-content\/uploads\/2024\/09\/Campanha-MG4-Empresas_6.jpg\" class=\"attachment-full size-full\" alt=\"\" srcset=\"https:\/\/motorpor.pt\/wp-content\/uploads\/2024\/09\/Campanha-MG4-Empresas_6.jpg 2250w, https:\/\/motorpor.pt\/wp-content\/uploads\/2024\/09\/Campanha-MG4-Empresas_6-300x300.jpg 300w, https:\/\/motorpor.pt\/wp-content\/uploads\/2024\/09\/Campanha-MG4-Empresas_6-1024x1024.jpg 1024w, https:\/\/motorpor.pt\/wp-content\/uploads\/2024\/09\/Campanha-MG4-Empresas_6-150x150.jpg 150w, https:\/\/motorpor.pt\/wp-content\/uploads\/2024\/09\/Campanha-MG4-Empresas_6-768x768.jpg 768w, https:\/\/motorpor.pt\/wp-content\/uploads\/2024\/09\/Campanha-MG4-Empresas_6-1536x1536.jpg 1536w, https:\/\/motorpor.pt\/wp-content\/uploads\/2024\/09\/Campanha-MG4-Empresas_6-2048x2048.jpg 2048w, https:\/\/motorpor.pt\/wp-content\/uploads\/2024\/09\/Campanha-MG4-Empresas_6-12x12.jpg 12w, https:\/\/motorpor.pt\/wp-content\/uploads\/2024\/09\/Campanha-MG4-Empresas_6-200x200.jpg 200w, https:\/\/motorpor.pt\/wp-content\/uploads\/2024\/09\/Campanha-MG4-Empresas_6-100x100.jpg 100w, https:\/\/motorpor.pt\/wp-content\/uploads\/2024\/09\/Campanha-MG4-Empresas_6-165x165.jpg 165w\" sizes=\"(max-width: 2250px) 100vw, 2250px\" \/><\/a>\n\t\t\t<\/div><\/figure>\n\t\t<\/div>\n\n<\/div>\n<div><\/div>\n<div><\/div>\n<div>*inclu\u00ed m\u00e1ximo de 3 revis\u00f5es<\/div>","protected":false},"excerpt":{"rendered":"<p>Atualize a sua frota com o MG4 a 28.320\u20ac c\/IVA! \u00a0 Aproveite a oferta especial de: Contrato de manuten\u00e7\u00e3o de 3 anos* Cabo de carregamento IVA dedut\u00edvel para empresas *inclu\u00ed m\u00e1ximo de 3 revis\u00f5es<\/p>","protected":false},"author":85,"featured_media":94154,"comment_status":"closed","ping_status":"open","sticky":false,"template":"","format":"standard","meta":{"_acf_changed":false,"footnotes":""},"categories":[2495,3074,2584],"tags":[],"class_list":["post-93865","post","type-post","status-publish","format-standard","has-post-thumbnail","hentry","category-campanhas","category-mg","category-novos"],"acf":[],"yoast_head":"<!-- This site is optimized with the Yoast SEO plugin v27.5 - https:\/\/yoast.com\/product\/yoast-seo-wordpress\/ -->\n<title>MG4 por 28.320\u20ac com IVA inclu\u00eddo - Motorpor<\/title>\n<meta name=\"robots\" content=\"index, follow, max-snippet:-1, max-image-preview:large, max-video-preview:-1\" \/>\n<link rel=\"canonical\" href=\"https:\/\/motorpor.pt\/fr\/mg4-por-28-320e-com-iva-incluido\/\" \/>\n<meta property=\"og:locale\" content=\"fr_FR\" \/>\n<meta property=\"og:type\" content=\"article\" \/>\n<meta property=\"og:title\" content=\"MG4 por 28.320\u20ac com IVA inclu\u00eddo - Motorpor\" \/>\n<meta property=\"og:description\" content=\"Atualize a sua frota com o MG4 a 28.320\u20ac c\/IVA! \u00a0 Aproveite a oferta especial de: Contrato de manuten\u00e7\u00e3o de 3 anos* Cabo de carregamento IVA dedut\u00edvel para empresas *inclu\u00ed m\u00e1ximo de 3 revis\u00f5es\" \/>\n<meta property=\"og:url\" content=\"https:\/\/motorpor.pt\/fr\/mg4-por-28-320e-com-iva-incluido\/\" \/>\n<meta property=\"og:site_name\" content=\"Motorpor\" \/>\n<meta property=\"article:published_time\" content=\"2024-09-06T15:07:15+00:00\" \/>\n<meta property=\"article:modified_time\" content=\"2024-09-10T15:12:03+00:00\" \/>\n<meta property=\"og:image\" content=\"https:\/\/motorpor.pt\/wp-content\/uploads\/2024\/09\/ADS-Campanha-MG4-Empresas_1920x500-scaled-1.jpg\" \/>\n\t<meta property=\"og:image:width\" content=\"2560\" \/>\n\t<meta property=\"og:image:height\" content=\"667\" \/>\n\t<meta property=\"og:image:type\" content=\"image\/jpeg\" \/>\n<meta name=\"author\" content=\"mktmotorpor\" \/>\n<meta name=\"twitter:card\" content=\"summary_large_image\" \/>\n<meta name=\"twitter:label1\" content=\"\u00c9crit par\" \/>\n\t<meta name=\"twitter:data1\" content=\"mktmotorpor\" \/>\n<script type=\"application\/ld+json\" class=\"yoast-schema-graph\">{\"@context\":\"https:\\\/\\\/schema.org\",\"@graph\":[{\"@type\":\"Article\",\"@id\":\"https:\\\/\\\/motorpor.pt\\\/mg4-por-28-320e-com-iva-incluido\\\/#article\",\"isPartOf\":{\"@id\":\"https:\\\/\\\/motorpor.pt\\\/mg4-por-28-320e-com-iva-incluido\\\/\"},\"author\":{\"name\":\"mktmotorpor\",\"@id\":\"https:\\\/\\\/motorpor.pt\\\/#\\\/schema\\\/person\\\/b4bf07144e88efed7388a5af30522db7\"},\"headline\":\"MG4 por 28.320\u20ac com IVA inclu\u00eddo\",\"datePublished\":\"2024-09-06T15:07:15+00:00\",\"dateModified\":\"2024-09-10T15:12:03+00:00\",\"mainEntityOfPage\":{\"@id\":\"https:\\\/\\\/motorpor.pt\\\/mg4-por-28-320e-com-iva-incluido\\\/\"},\"wordCount\":47,\"publisher\":{\"@id\":\"https:\\\/\\\/motorpor.pt\\\/#organization\"},\"image\":{\"@id\":\"https:\\\/\\\/motorpor.pt\\\/mg4-por-28-320e-com-iva-incluido\\\/#primaryimage\"},\"thumbnailUrl\":\"https:\\\/\\\/motorpor.pt\\\/wp-content\\\/uploads\\\/2024\\\/09\\\/ADS-Campanha-MG4-Empresas-1024x576-1-1.png\",\"articleSection\":[\"Campanhas\",\"MG\",\"Novos\"],\"inLanguage\":\"fr-FR\"},{\"@type\":\"WebPage\",\"@id\":\"https:\\\/\\\/motorpor.pt\\\/mg4-por-28-320e-com-iva-incluido\\\/\",\"url\":\"https:\\\/\\\/motorpor.pt\\\/mg4-por-28-320e-com-iva-incluido\\\/\",\"name\":\"MG4 por 28.320\u20ac com IVA inclu\u00eddo - Motorpor\",\"isPartOf\":{\"@id\":\"https:\\\/\\\/motorpor.pt\\\/#website\"},\"primaryImageOfPage\":{\"@id\":\"https:\\\/\\\/motorpor.pt\\\/mg4-por-28-320e-com-iva-incluido\\\/#primaryimage\"},\"image\":{\"@id\":\"https:\\\/\\\/motorpor.pt\\\/mg4-por-28-320e-com-iva-incluido\\\/#primaryimage\"},\"thumbnailUrl\":\"https:\\\/\\\/motorpor.pt\\\/wp-content\\\/uploads\\\/2024\\\/09\\\/ADS-Campanha-MG4-Empresas-1024x576-1-1.png\",\"datePublished\":\"2024-09-06T15:07:15+00:00\",\"dateModified\":\"2024-09-10T15:12:03+00:00\",\"breadcrumb\":{\"@id\":\"https:\\\/\\\/motorpor.pt\\\/mg4-por-28-320e-com-iva-incluido\\\/#breadcrumb\"},\"inLanguage\":\"fr-FR\",\"potentialAction\":[{\"@type\":\"ReadAction\",\"target\":[\"https:\\\/\\\/motorpor.pt\\\/mg4-por-28-320e-com-iva-incluido\\\/\"]}]},{\"@type\":\"ImageObject\",\"inLanguage\":\"fr-FR\",\"@id\":\"https:\\\/\\\/motorpor.pt\\\/mg4-por-28-320e-com-iva-incluido\\\/#primaryimage\",\"url\":\"https:\\\/\\\/motorpor.pt\\\/wp-content\\\/uploads\\\/2024\\\/09\\\/ADS-Campanha-MG4-Empresas-1024x576-1-1.png\",\"contentUrl\":\"https:\\\/\\\/motorpor.pt\\\/wp-content\\\/uploads\\\/2024\\\/09\\\/ADS-Campanha-MG4-Empresas-1024x576-1-1.png\",\"width\":1024,\"height\":576},{\"@type\":\"BreadcrumbList\",\"@id\":\"https:\\\/\\\/motorpor.pt\\\/mg4-por-28-320e-com-iva-incluido\\\/#breadcrumb\",\"itemListElement\":[{\"@type\":\"ListItem\",\"position\":1,\"name\":\"In\u00edcio\",\"item\":\"https:\\\/\\\/motorpor.pt\\\/\"},{\"@type\":\"ListItem\",\"position\":2,\"name\":\"MG4 por 28.320\u20ac com IVA inclu\u00eddo\"}]},{\"@type\":\"WebSite\",\"@id\":\"https:\\\/\\\/motorpor.pt\\\/#website\",\"url\":\"https:\\\/\\\/motorpor.pt\\\/\",\"name\":\"Motorpor\",\"description\":\"Comercio de Autom\u00f3veis Multimarcas\",\"publisher\":{\"@id\":\"https:\\\/\\\/motorpor.pt\\\/#organization\"},\"potentialAction\":[{\"@type\":\"SearchAction\",\"target\":{\"@type\":\"EntryPoint\",\"urlTemplate\":\"https:\\\/\\\/motorpor.pt\\\/?s={search_term_string}\"},\"query-input\":{\"@type\":\"PropertyValueSpecification\",\"valueRequired\":true,\"valueName\":\"search_term_string\"}}],\"inLanguage\":\"fr-FR\"},{\"@type\":\"Organization\",\"@id\":\"https:\\\/\\\/motorpor.pt\\\/#organization\",\"name\":\"Motorpor\",\"alternateName\":\"Motorpor\",\"url\":\"https:\\\/\\\/motorpor.pt\\\/\",\"logo\":{\"@type\":\"ImageObject\",\"inLanguage\":\"fr-FR\",\"@id\":\"https:\\\/\\\/motorpor.pt\\\/#\\\/schema\\\/logo\\\/image\\\/\",\"url\":\"https:\\\/\\\/motorpor.pt\\\/wp-content\\\/uploads\\\/2024\\\/07\\\/Logo-Motorpor-Preto.svg\",\"contentUrl\":\"https:\\\/\\\/motorpor.pt\\\/wp-content\\\/uploads\\\/2024\\\/07\\\/Logo-Motorpor-Preto.svg\",\"width\":493,\"height\":93,\"caption\":\"Motorpor\"},\"image\":{\"@id\":\"https:\\\/\\\/motorpor.pt\\\/#\\\/schema\\\/logo\\\/image\\\/\"},\"sameAs\":[\"https:\\\/\\\/www.linkedin.com\\\/company\\\/grupo-motorpor\"]},{\"@type\":\"Person\",\"@id\":\"https:\\\/\\\/motorpor.pt\\\/#\\\/schema\\\/person\\\/b4bf07144e88efed7388a5af30522db7\",\"name\":\"mktmotorpor\",\"image\":{\"@type\":\"ImageObject\",\"inLanguage\":\"fr-FR\",\"@id\":\"https:\\\/\\\/secure.gravatar.com\\\/avatar\\\/8418b61b3175dbba0a8744cf0ee6bb5c7a9f6c67f1dbc4f41a62d7b9738259a2?s=96&d=mm&r=g\",\"url\":\"https:\\\/\\\/secure.gravatar.com\\\/avatar\\\/8418b61b3175dbba0a8744cf0ee6bb5c7a9f6c67f1dbc4f41a62d7b9738259a2?s=96&d=mm&r=g\",\"contentUrl\":\"https:\\\/\\\/secure.gravatar.com\\\/avatar\\\/8418b61b3175dbba0a8744cf0ee6bb5c7a9f6c67f1dbc4f41a62d7b9738259a2?s=96&d=mm&r=g\",\"caption\":\"mktmotorpor\"},\"url\":\"https:\\\/\\\/motorpor.pt\\\/fr\\\/user\\\/mktmotorpor\\\/\"}]}<\/script>\n<!-- \/ Yoast SEO plugin. -->","yoast_head_json":{"title":"MG4 por 28.320\u20ac com IVA inclu\u00eddo - Motorpor","robots":{"index":"index","follow":"follow","max-snippet":"max-snippet:-1","max-image-preview":"max-image-preview:large","max-video-preview":"max-video-preview:-1"},"canonical":"https:\/\/motorpor.pt\/fr\/mg4-por-28-320e-com-iva-incluido\/","og_locale":"fr_FR","og_type":"article","og_title":"MG4 por 28.320\u20ac com IVA inclu\u00eddo - Motorpor","og_description":"Atualize a sua frota com o MG4 a 28.320\u20ac c\/IVA! \u00a0 Aproveite a oferta especial de: Contrato de manuten\u00e7\u00e3o de 3 anos* Cabo de carregamento IVA dedut\u00edvel para empresas *inclu\u00ed m\u00e1ximo de 3 revis\u00f5es","og_url":"https:\/\/motorpor.pt\/fr\/mg4-por-28-320e-com-iva-incluido\/","og_site_name":"Motorpor","article_published_time":"2024-09-06T15:07:15+00:00","article_modified_time":"2024-09-10T15:12:03+00:00","og_image":[{"width":2560,"height":667,"url":"https:\/\/motorpor.pt\/wp-content\/uploads\/2024\/09\/ADS-Campanha-MG4-Empresas_1920x500-scaled-1.jpg","type":"image\/jpeg"}],"author":"mktmotorpor","twitter_card":"summary_large_image","twitter_misc":{"\u00c9crit par":"mktmotorpor"},"schema":{"@context":"https:\/\/schema.org","@graph":[{"@type":"Article","@id":"https:\/\/motorpor.pt\/mg4-por-28-320e-com-iva-incluido\/#article","isPartOf":{"@id":"https:\/\/motorpor.pt\/mg4-por-28-320e-com-iva-incluido\/"},"author":{"name":"mktmotorpor","@id":"https:\/\/motorpor.pt\/#\/schema\/person\/b4bf07144e88efed7388a5af30522db7"},"headline":"MG4 por 28.320\u20ac com IVA inclu\u00eddo","datePublished":"2024-09-06T15:07:15+00:00","dateModified":"2024-09-10T15:12:03+00:00","mainEntityOfPage":{"@id":"https:\/\/motorpor.pt\/mg4-por-28-320e-com-iva-incluido\/"},"wordCount":47,"publisher":{"@id":"https:\/\/motorpor.pt\/#organization"},"image":{"@id":"https:\/\/motorpor.pt\/mg4-por-28-320e-com-iva-incluido\/#primaryimage"},"thumbnailUrl":"https:\/\/motorpor.pt\/wp-content\/uploads\/2024\/09\/ADS-Campanha-MG4-Empresas-1024x576-1-1.png","articleSection":["Campanhas","MG","Novos"],"inLanguage":"fr-FR"},{"@type":"WebPage","@id":"https:\/\/motorpor.pt\/mg4-por-28-320e-com-iva-incluido\/","url":"https:\/\/motorpor.pt\/mg4-por-28-320e-com-iva-incluido\/","name":"MG4 por 28.320\u20ac com IVA inclu\u00eddo - Motorpor","isPartOf":{"@id":"https:\/\/motorpor.pt\/#website"},"primaryImageOfPage":{"@id":"https:\/\/motorpor.pt\/mg4-por-28-320e-com-iva-incluido\/#primaryimage"},"image":{"@id":"https:\/\/motorpor.pt\/mg4-por-28-320e-com-iva-incluido\/#primaryimage"},"thumbnailUrl":"https:\/\/motorpor.pt\/wp-content\/uploads\/2024\/09\/ADS-Campanha-MG4-Empresas-1024x576-1-1.png","datePublished":"2024-09-06T15:07:15+00:00","dateModified":"2024-09-10T15:12:03+00:00","breadcrumb":{"@id":"https:\/\/motorpor.pt\/mg4-por-28-320e-com-iva-incluido\/#breadcrumb"},"inLanguage":"fr-FR","potentialAction":[{"@type":"ReadAction","target":["https:\/\/motorpor.pt\/mg4-por-28-320e-com-iva-incluido\/"]}]},{"@type":"ImageObject","inLanguage":"fr-FR","@id":"https:\/\/motorpor.pt\/mg4-por-28-320e-com-iva-incluido\/#primaryimage","url":"https:\/\/motorpor.pt\/wp-content\/uploads\/2024\/09\/ADS-Campanha-MG4-Empresas-1024x576-1-1.png","contentUrl":"https:\/\/motorpor.pt\/wp-content\/uploads\/2024\/09\/ADS-Campanha-MG4-Empresas-1024x576-1-1.png","width":1024,"height":576},{"@type":"BreadcrumbList","@id":"https:\/\/motorpor.pt\/mg4-por-28-320e-com-iva-incluido\/#breadcrumb","itemListElement":[{"@type":"ListItem","position":1,"name":"In\u00edcio","item":"https:\/\/motorpor.pt\/"},{"@type":"ListItem","position":2,"name":"MG4 por 28.320\u20ac com IVA inclu\u00eddo"}]},{"@type":"WebSite","@id":"https:\/\/motorpor.pt\/#website","url":"https:\/\/motorpor.pt\/","name":"motorpor","description":"Comercio de Autom\u00f3veis Multimarcas","publisher":{"@id":"https:\/\/motorpor.pt\/#organization"},"potentialAction":[{"@type":"SearchAction","target":{"@type":"EntryPoint","urlTemplate":"https:\/\/motorpor.pt\/?s={search_term_string}"},"query-input":{"@type":"PropertyValueSpecification","valueRequired":true,"valueName":"search_term_string"}}],"inLanguage":"fr-FR"},{"@type":"Organization","@id":"https:\/\/motorpor.pt\/#organization","name":"motorpor","alternateName":"Motorpor","url":"https:\/\/motorpor.pt\/","logo":{"@type":"ImageObject","inLanguage":"fr-FR","@id":"https:\/\/motorpor.pt\/#\/schema\/logo\/image\/","url":"https:\/\/motorpor.pt\/wp-content\/uploads\/2024\/07\/Logo-Motorpor-Preto.svg","contentUrl":"https:\/\/motorpor.pt\/wp-content\/uploads\/2024\/07\/Logo-Motorpor-Preto.svg","width":493,"height":93,"caption":"Motorpor"},"image":{"@id":"https:\/\/motorpor.pt\/#\/schema\/logo\/image\/"},"sameAs":["https:\/\/www.linkedin.com\/company\/grupo-motorpor"]},{"@type":"Person","@id":"https:\/\/motorpor.pt\/#\/schema\/person\/b4bf07144e88efed7388a5af30522db7","name":"mktmotorpor","image":{"@type":"ImageObject","inLanguage":"fr-FR","@id":"https:\/\/secure.gravatar.com\/avatar\/8418b61b3175dbba0a8744cf0ee6bb5c7a9f6c67f1dbc4f41a62d7b9738259a2?s=96&d=mm&r=g","url":"https:\/\/secure.gravatar.com\/avatar\/8418b61b3175dbba0a8744cf0ee6bb5c7a9f6c67f1dbc4f41a62d7b9738259a2?s=96&d=mm&r=g","contentUrl":"https:\/\/secure.gravatar.com\/avatar\/8418b61b3175dbba0a8744cf0ee6bb5c7a9f6c67f1dbc4f41a62d7b9738259a2?s=96&d=mm&r=g","caption":"mktmotorpor"},"url":"https:\/\/motorpor.pt\/fr\/user\/mktmotorpor\/"}]}},"_links":{"self":[{"href":"https:\/\/motorpor.pt\/fr\/wp-json\/wp\/v2\/posts\/93865","targetHints":{"allow":["GET"]}}],"collection":[{"href":"https:\/\/motorpor.pt\/fr\/wp-json\/wp\/v2\/posts"}],"about":[{"href":"https:\/\/motorpor.pt\/fr\/wp-json\/wp\/v2\/types\/post"}],"author":[{"embeddable":true,"href":"https:\/\/motorpor.pt\/fr\/wp-json\/wp\/v2\/users\/85"}],"replies":[{"embeddable":true,"href":"https:\/\/motorpor.pt\/fr\/wp-json\/wp\/v2\/comments?post=93865"}],"version-history":[{"count":7,"href":"https:\/\/motorpor.pt\/fr\/wp-json\/wp\/v2\/posts\/93865\/revisions"}],"predecessor-version":[{"id":94155,"href":"https:\/\/motorpor.pt\/fr\/wp-json\/wp\/v2\/posts\/93865\/revisions\/94155"}],"wp:featuredmedia":[{"embeddable":true,"href":"https:\/\/motorpor.pt\/fr\/wp-json\/wp\/v2\/media\/94154"}],"wp:attachment":[{"href":"https:\/\/motorpor.pt\/fr\/wp-json\/wp\/v2\/media?parent=93865"}],"wp:term":[{"taxonomy":"category","embeddable":true,"href":"https:\/\/motorpor.pt\/fr\/wp-json\/wp\/v2\/categories?post=93865"},{"taxonomy":"post_tag","embeddable":true,"href":"https:\/\/motorpor.pt\/fr\/wp-json\/wp\/v2\/tags?post=93865"}],"curies":[{"name":"wp","href":"https:\/\/api.w.org\/{rel}","templated":true}]}}