{"id":94033,"date":"2024-09-09T11:51:01","date_gmt":"2024-09-09T10:51:01","guid":{"rendered":"https:\/\/motorpor.pt\/a-peugeot-torna-se-o-parceiro-oficial-para-a-educacao-da-exploracao-under-the-pole\/"},"modified":"2024-09-09T11:51:01","modified_gmt":"2024-09-09T10:51:01","slug":"a-peugeot-torna-se-o-parceiro-oficial-para-a-educacao-da-exploracao-under-the-pole","status":"publish","type":"post","link":"https:\/\/motorpor.pt\/fr\/a-peugeot-torna-se-o-parceiro-oficial-para-a-educacao-da-exploracao-under-the-pole\/","title":{"rendered":"A Peugeot torna-se o \u201cParceiro Oficial para a Educa\u00e7\u00e3o\u201d da explora\u00e7\u00e3o \u201cUNDER THE POLE\u201d"},"content":{"rendered":"<h5>Desde maio de 2024, a Peugeot est\u00e1 a levar ainda mais longe a sua parceria com o programa de explora\u00e7\u00e3o subaqu\u00e1tica &#8220;UNDER THE POLE&#8221;.<\/h5>\n<p>O programa &#8220;UNDER THE POLE&#8221; foi fundado por Ghislain Bardout e Emmanuelle P\u00e9ri\u00e9-Bardout em 2008 em Concarneau, Fran\u00e7a. Partilha com a Peugeot a ambi\u00e7\u00e3o de utilizar a ci\u00eancia e a tecnologia para a prote\u00e7\u00e3o do ambiente, nomeadamente dos oceanos. &#8220;A Peugeot partilha esta filosofia: a marca decidiu colocar a EDUCA\u00c7\u00c3O no centro da sua estrat\u00e9gia de responsabilidade e concentrar a sua contribui\u00e7\u00e3o em a\u00e7\u00f5es educacionais concretas com impacto no ambiente.&#8221;<\/p>\n<p>O &#8220;UNDER THE POLE&#8221; explora tr\u00eas grandes miss\u00f5es:<\/p>\n<ol>\n<li>Organizar expedi\u00e7\u00f5es inovadoras em todo o mundo;<\/li>\n<li>Apoiar a investiga\u00e7\u00e3o cient\u00edfica;<\/li>\n<li>Trabalho de sensibiliza\u00e7\u00e3o e de conserva\u00e7\u00e3o dos oceanos.<\/li>\n<\/ol>\n<div id='gallery-1' class='gallery galleryid-94033 gallery-columns-3 gallery-size-full'><figure class='gallery-item'>\n\t\t\t<div class='gallery-icon landscape'>\n\t\t\t\t<a href='https:\/\/motorpor.pt\/fr\/20240606_utpiv_deeplife_av-4155\/'><img fetchpriority=\"high\" decoding=\"async\" width=\"2560\" height=\"1708\" src=\"https:\/\/motorpor.pt\/wp-content\/uploads\/2024\/09\/20240606_UTPIV_DEEPLIFE_AV-4155-scaled.jpg\" class=\"attachment-full size-full\" alt=\"\" srcset=\"https:\/\/motorpor.pt\/wp-content\/uploads\/2024\/09\/20240606_UTPIV_DEEPLIFE_AV-4155-scaled.jpg 2560w, https:\/\/motorpor.pt\/wp-content\/uploads\/2024\/09\/20240606_UTPIV_DEEPLIFE_AV-4155-300x200.jpg 300w, https:\/\/motorpor.pt\/wp-content\/uploads\/2024\/09\/20240606_UTPIV_DEEPLIFE_AV-4155-1024x683.jpg 1024w, https:\/\/motorpor.pt\/wp-content\/uploads\/2024\/09\/20240606_UTPIV_DEEPLIFE_AV-4155-768x513.jpg 768w, https:\/\/motorpor.pt\/wp-content\/uploads\/2024\/09\/20240606_UTPIV_DEEPLIFE_AV-4155-1536x1025.jpg 1536w, https:\/\/motorpor.pt\/wp-content\/uploads\/2024\/09\/20240606_UTPIV_DEEPLIFE_AV-4155-2048x1367.jpg 2048w, https:\/\/motorpor.pt\/wp-content\/uploads\/2024\/09\/20240606_UTPIV_DEEPLIFE_AV-4155-18x12.jpg 18w, https:\/\/motorpor.pt\/wp-content\/uploads\/2024\/09\/20240606_UTPIV_DEEPLIFE_AV-4155-200x133.jpg 200w, https:\/\/motorpor.pt\/wp-content\/uploads\/2024\/09\/20240606_UTPIV_DEEPLIFE_AV-4155-165x110.jpg 165w\" sizes=\"(max-width: 2560px) 100vw, 2560px\" \/><\/a>\n\t\t\t<\/div><\/figure><figure class='gallery-item'>\n\t\t\t<div class='gallery-icon landscape'>\n\t\t\t\t<a href='https:\/\/motorpor.pt\/fr\/whynavigation1\/'><img decoding=\"async\" width=\"1764\" height=\"905\" src=\"https:\/\/motorpor.pt\/wp-content\/uploads\/2024\/09\/Whynavigation1.png\" class=\"attachment-full size-full\" alt=\"\" srcset=\"https:\/\/motorpor.pt\/wp-content\/uploads\/2024\/09\/Whynavigation1.png 1764w, https:\/\/motorpor.pt\/wp-content\/uploads\/2024\/09\/Whynavigation1-300x154.png 300w, https:\/\/motorpor.pt\/wp-content\/uploads\/2024\/09\/Whynavigation1-1024x525.png 1024w, https:\/\/motorpor.pt\/wp-content\/uploads\/2024\/09\/Whynavigation1-768x394.png 768w, https:\/\/motorpor.pt\/wp-content\/uploads\/2024\/09\/Whynavigation1-1536x788.png 1536w, https:\/\/motorpor.pt\/wp-content\/uploads\/2024\/09\/Whynavigation1-18x9.png 18w, https:\/\/motorpor.pt\/wp-content\/uploads\/2024\/09\/Whynavigation1-200x103.png 200w, https:\/\/motorpor.pt\/wp-content\/uploads\/2024\/09\/Whynavigation1-165x85.png 165w\" sizes=\"(max-width: 1764px) 100vw, 1764px\" \/><\/a>\n\t\t\t<\/div><\/figure><figure class='gallery-item'>\n\t\t\t<div class='gallery-icon landscape'>\n\t\t\t\t<a href='https:\/\/motorpor.pt\/fr\/20240606_utpiv_deeplife_av-4112\/'><img decoding=\"async\" width=\"2560\" height=\"1708\" src=\"https:\/\/motorpor.pt\/wp-content\/uploads\/2024\/09\/20240606_UTPIV_DEEPLIFE_AV-4112-scaled.jpg\" class=\"attachment-full size-full\" alt=\"\" srcset=\"https:\/\/motorpor.pt\/wp-content\/uploads\/2024\/09\/20240606_UTPIV_DEEPLIFE_AV-4112-scaled.jpg 2560w, https:\/\/motorpor.pt\/wp-content\/uploads\/2024\/09\/20240606_UTPIV_DEEPLIFE_AV-4112-300x200.jpg 300w, https:\/\/motorpor.pt\/wp-content\/uploads\/2024\/09\/20240606_UTPIV_DEEPLIFE_AV-4112-1024x683.jpg 1024w, https:\/\/motorpor.pt\/wp-content\/uploads\/2024\/09\/20240606_UTPIV_DEEPLIFE_AV-4112-768x513.jpg 768w, https:\/\/motorpor.pt\/wp-content\/uploads\/2024\/09\/20240606_UTPIV_DEEPLIFE_AV-4112-1536x1025.jpg 1536w, https:\/\/motorpor.pt\/wp-content\/uploads\/2024\/09\/20240606_UTPIV_DEEPLIFE_AV-4112-2048x1367.jpg 2048w, https:\/\/motorpor.pt\/wp-content\/uploads\/2024\/09\/20240606_UTPIV_DEEPLIFE_AV-4112-18x12.jpg 18w, https:\/\/motorpor.pt\/wp-content\/uploads\/2024\/09\/20240606_UTPIV_DEEPLIFE_AV-4112-200x133.jpg 200w, https:\/\/motorpor.pt\/wp-content\/uploads\/2024\/09\/20240606_UTPIV_DEEPLIFE_AV-4112-165x110.jpg 165w\" sizes=\"(max-width: 2560px) 100vw, 2560px\" \/><\/a>\n\t\t\t<\/div><\/figure>\n\t\t<\/div>\n\n<p>Em linha com estas atividades educacionais, \u00e9 natural que a marca se torne o \u201cParceiro Oficial para a Educa\u00e7\u00e3o\u201d da &#8220;UNDER THE POLE&#8221;. Este novo compromisso da Peugeot assume quatro formas:<\/p>\n<ol>\n<li>Cocria\u00e7\u00e3o de conte\u00fados pedag\u00f3gicos dedicados aos bastidores das expedi\u00e7\u00f5es;<\/li>\n<li>Organizar jornadas pedag\u00f3gicas durante as etapas grega e francesa da miss\u00e3o no Mediterr\u00e2neo, entre abril e outubro de 2024;<\/li>\n<li>Destaque da marca Peugeot como Parceiro Oficial para a Educa\u00e7\u00e3o nas velas e no casco do barco de expedi\u00e7\u00e3o;<\/li>\n<li>;Disponibilizando dois Peugeot Boxer para transportar todo o equipamento necess\u00e1rio \u00e0s diferentes miss\u00f5es do programa.<\/li>\n<\/ol>\n<p>A Peugeot est\u00e1 particularmente orgulhosa desta parceria com a &#8220;UNDER THE POLE&#8221;, que permite a implementa\u00e7\u00e3o de a\u00e7\u00f5es concretas e \u00fateis para a preserva\u00e7\u00e3o do nosso ambiente. Estas a\u00e7\u00f5es educacionais s\u00e3o elementos importantes do compromisso respons\u00e1vel da Marca.<\/p>","protected":false},"excerpt":{"rendered":"<p>Desde maio de 2024, a Peugeot est\u00e1 a levar ainda mais longe a sua parceria com o programa de explora\u00e7\u00e3o subaqu\u00e1tica &#8220;UNDER THE POLE&#8221;. O programa &#8220;UNDER THE POLE&#8221; foi fundado por Ghislain Bardout e Emmanuelle P\u00e9ri\u00e9-Bardout em 2008 em Concarneau, Fran\u00e7a. Partilha com a Peugeot a ambi\u00e7\u00e3o de utilizar a ci\u00eancia e a tecnologia [&hellip;]<\/p>\n","protected":false},"author":85,"featured_media":94032,"comment_status":"","ping_status":"open","sticky":false,"template":"","format":"standard","meta":{"_acf_changed":false,"footnotes":""},"categories":[2595,2594,2592,3094],"tags":[],"class_list":["post-94033","post","type-post","status-publish","format-standard","has-post-thumbnail","hentry","category-atualidade","category-destaques","category-noticias","category-noticias-peugeot"],"acf":[],"yoast_head":"<!-- This site is optimized with the Yoast SEO plugin v27.5 - https:\/\/yoast.com\/product\/yoast-seo-wordpress\/ -->\n<title>A Peugeot torna-se o \u201cParceiro Oficial para a Educa\u00e7\u00e3o\u201d da explora\u00e7\u00e3o \u201cUNDER THE POLE\u201d - Motorpor<\/title>\n<meta name=\"robots\" content=\"index, follow, max-snippet:-1, max-image-preview:large, max-video-preview:-1\" \/>\n<link rel=\"canonical\" href=\"https:\/\/motorpor.pt\/fr\/a-peugeot-torna-se-o-parceiro-oficial-para-a-educacao-da-exploracao-under-the-pole\/\" \/>\n<meta property=\"og:locale\" content=\"fr_FR\" \/>\n<meta property=\"og:type\" content=\"article\" \/>\n<meta property=\"og:title\" content=\"A Peugeot torna-se o \u201cParceiro Oficial para a Educa\u00e7\u00e3o\u201d da explora\u00e7\u00e3o \u201cUNDER THE POLE\u201d - Motorpor\" \/>\n<meta property=\"og:description\" content=\"Desde maio de 2024, a Peugeot est\u00e1 a levar ainda mais longe a sua parceria com o programa de explora\u00e7\u00e3o subaqu\u00e1tica &#8220;UNDER THE POLE&#8221;. O programa &#8220;UNDER THE POLE&#8221; foi fundado por Ghislain Bardout e Emmanuelle P\u00e9ri\u00e9-Bardout em 2008 em Concarneau, Fran\u00e7a. Partilha com a Peugeot a ambi\u00e7\u00e3o de utilizar a ci\u00eancia e a tecnologia [&hellip;]\" \/>\n<meta property=\"og:url\" content=\"https:\/\/motorpor.pt\/fr\/a-peugeot-torna-se-o-parceiro-oficial-para-a-educacao-da-exploracao-under-the-pole\/\" \/>\n<meta property=\"og:site_name\" content=\"Motorpor\" \/>\n<meta property=\"article:published_time\" content=\"2024-09-09T10:51:01+00:00\" \/>\n<meta property=\"og:image\" content=\"https:\/\/motorpor.pt\/wp-content\/uploads\/2024\/09\/20240606_UTPIV_DEEPLIFE_AV-4155-scaled.jpg\" \/>\n<meta name=\"author\" content=\"mktmotorpor\" \/>\n<meta name=\"twitter:card\" content=\"summary_large_image\" \/>\n<meta name=\"twitter:label1\" content=\"\u00c9crit par\" \/>\n\t<meta name=\"twitter:data1\" content=\"mktmotorpor\" \/>\n\t<meta name=\"twitter:label2\" content=\"Dur\u00e9e de lecture estim\u00e9e\" \/>\n\t<meta name=\"twitter:data2\" content=\"1 minute\" \/>\n<script type=\"application\/ld+json\" class=\"yoast-schema-graph\">{\"@context\":\"https:\\\/\\\/schema.org\",\"@graph\":[{\"@type\":\"Article\",\"@id\":\"https:\\\/\\\/motorpor.pt\\\/a-peugeot-torna-se-o-parceiro-oficial-para-a-educacao-da-exploracao-under-the-pole\\\/#article\",\"isPartOf\":{\"@id\":\"https:\\\/\\\/motorpor.pt\\\/a-peugeot-torna-se-o-parceiro-oficial-para-a-educacao-da-exploracao-under-the-pole\\\/\"},\"author\":{\"name\":\"mktmotorpor\",\"@id\":\"https:\\\/\\\/motorpor.pt\\\/#\\\/schema\\\/person\\\/b4bf07144e88efed7388a5af30522db7\"},\"headline\":\"A Peugeot torna-se o \u201cParceiro Oficial para a Educa\u00e7\u00e3o\u201d da explora\u00e7\u00e3o \u201cUNDER THE POLE\u201d\",\"datePublished\":\"2024-09-09T10:51:01+00:00\",\"mainEntityOfPage\":{\"@id\":\"https:\\\/\\\/motorpor.pt\\\/a-peugeot-torna-se-o-parceiro-oficial-para-a-educacao-da-exploracao-under-the-pole\\\/\"},\"wordCount\":305,\"publisher\":{\"@id\":\"https:\\\/\\\/motorpor.pt\\\/#organization\"},\"image\":{\"@id\":\"https:\\\/\\\/motorpor.pt\\\/a-peugeot-torna-se-o-parceiro-oficial-para-a-educacao-da-exploracao-under-the-pole\\\/#primaryimage\"},\"thumbnailUrl\":\"https:\\\/\\\/motorpor.pt\\\/wp-content\\\/uploads\\\/2024\\\/09\\\/20240507_UTPIV_DEEPLIFE_AV-60-scaled-1.jpg\",\"articleSection\":[\"Atualidade\",\"Destaques\",\"Not\u00edcias\",\"Not\u00edcias Peugeot\"],\"inLanguage\":\"fr-FR\"},{\"@type\":\"WebPage\",\"@id\":\"https:\\\/\\\/motorpor.pt\\\/a-peugeot-torna-se-o-parceiro-oficial-para-a-educacao-da-exploracao-under-the-pole\\\/\",\"url\":\"https:\\\/\\\/motorpor.pt\\\/a-peugeot-torna-se-o-parceiro-oficial-para-a-educacao-da-exploracao-under-the-pole\\\/\",\"name\":\"A Peugeot torna-se o \u201cParceiro Oficial para a Educa\u00e7\u00e3o\u201d da explora\u00e7\u00e3o \u201cUNDER THE POLE\u201d - Motorpor\",\"isPartOf\":{\"@id\":\"https:\\\/\\\/motorpor.pt\\\/#website\"},\"primaryImageOfPage\":{\"@id\":\"https:\\\/\\\/motorpor.pt\\\/a-peugeot-torna-se-o-parceiro-oficial-para-a-educacao-da-exploracao-under-the-pole\\\/#primaryimage\"},\"image\":{\"@id\":\"https:\\\/\\\/motorpor.pt\\\/a-peugeot-torna-se-o-parceiro-oficial-para-a-educacao-da-exploracao-under-the-pole\\\/#primaryimage\"},\"thumbnailUrl\":\"https:\\\/\\\/motorpor.pt\\\/wp-content\\\/uploads\\\/2024\\\/09\\\/20240507_UTPIV_DEEPLIFE_AV-60-scaled-1.jpg\",\"datePublished\":\"2024-09-09T10:51:01+00:00\",\"breadcrumb\":{\"@id\":\"https:\\\/\\\/motorpor.pt\\\/a-peugeot-torna-se-o-parceiro-oficial-para-a-educacao-da-exploracao-under-the-pole\\\/#breadcrumb\"},\"inLanguage\":\"fr-FR\",\"potentialAction\":[{\"@type\":\"ReadAction\",\"target\":[\"https:\\\/\\\/motorpor.pt\\\/a-peugeot-torna-se-o-parceiro-oficial-para-a-educacao-da-exploracao-under-the-pole\\\/\"]}]},{\"@type\":\"ImageObject\",\"inLanguage\":\"fr-FR\",\"@id\":\"https:\\\/\\\/motorpor.pt\\\/a-peugeot-torna-se-o-parceiro-oficial-para-a-educacao-da-exploracao-under-the-pole\\\/#primaryimage\",\"url\":\"https:\\\/\\\/motorpor.pt\\\/wp-content\\\/uploads\\\/2024\\\/09\\\/20240507_UTPIV_DEEPLIFE_AV-60-scaled-1.jpg\",\"contentUrl\":\"https:\\\/\\\/motorpor.pt\\\/wp-content\\\/uploads\\\/2024\\\/09\\\/20240507_UTPIV_DEEPLIFE_AV-60-scaled-1.jpg\",\"width\":2560,\"height\":1438,\"caption\":\"default\"},{\"@type\":\"BreadcrumbList\",\"@id\":\"https:\\\/\\\/motorpor.pt\\\/a-peugeot-torna-se-o-parceiro-oficial-para-a-educacao-da-exploracao-under-the-pole\\\/#breadcrumb\",\"itemListElement\":[{\"@type\":\"ListItem\",\"position\":1,\"name\":\"In\u00edcio\",\"item\":\"https:\\\/\\\/motorpor.pt\\\/\"},{\"@type\":\"ListItem\",\"position\":2,\"name\":\"A Peugeot torna-se o \u201cParceiro Oficial para a Educa\u00e7\u00e3o\u201d da explora\u00e7\u00e3o \u201cUNDER THE POLE\u201d\"}]},{\"@type\":\"WebSite\",\"@id\":\"https:\\\/\\\/motorpor.pt\\\/#website\",\"url\":\"https:\\\/\\\/motorpor.pt\\\/\",\"name\":\"Motorpor\",\"description\":\"Comercio de Autom\u00f3veis Multimarcas\",\"publisher\":{\"@id\":\"https:\\\/\\\/motorpor.pt\\\/#organization\"},\"potentialAction\":[{\"@type\":\"SearchAction\",\"target\":{\"@type\":\"EntryPoint\",\"urlTemplate\":\"https:\\\/\\\/motorpor.pt\\\/?s={search_term_string}\"},\"query-input\":{\"@type\":\"PropertyValueSpecification\",\"valueRequired\":true,\"valueName\":\"search_term_string\"}}],\"inLanguage\":\"fr-FR\"},{\"@type\":\"Organization\",\"@id\":\"https:\\\/\\\/motorpor.pt\\\/#organization\",\"name\":\"Motorpor\",\"alternateName\":\"Motorpor\",\"url\":\"https:\\\/\\\/motorpor.pt\\\/\",\"logo\":{\"@type\":\"ImageObject\",\"inLanguage\":\"fr-FR\",\"@id\":\"https:\\\/\\\/motorpor.pt\\\/#\\\/schema\\\/logo\\\/image\\\/\",\"url\":\"https:\\\/\\\/motorpor.pt\\\/wp-content\\\/uploads\\\/2024\\\/07\\\/Logo-Motorpor-Preto.svg\",\"contentUrl\":\"https:\\\/\\\/motorpor.pt\\\/wp-content\\\/uploads\\\/2024\\\/07\\\/Logo-Motorpor-Preto.svg\",\"width\":493,\"height\":93,\"caption\":\"Motorpor\"},\"image\":{\"@id\":\"https:\\\/\\\/motorpor.pt\\\/#\\\/schema\\\/logo\\\/image\\\/\"},\"sameAs\":[\"https:\\\/\\\/www.linkedin.com\\\/company\\\/grupo-motorpor\"]},{\"@type\":\"Person\",\"@id\":\"https:\\\/\\\/motorpor.pt\\\/#\\\/schema\\\/person\\\/b4bf07144e88efed7388a5af30522db7\",\"name\":\"mktmotorpor\",\"image\":{\"@type\":\"ImageObject\",\"inLanguage\":\"fr-FR\",\"@id\":\"https:\\\/\\\/secure.gravatar.com\\\/avatar\\\/8418b61b3175dbba0a8744cf0ee6bb5c7a9f6c67f1dbc4f41a62d7b9738259a2?s=96&d=mm&r=g\",\"url\":\"https:\\\/\\\/secure.gravatar.com\\\/avatar\\\/8418b61b3175dbba0a8744cf0ee6bb5c7a9f6c67f1dbc4f41a62d7b9738259a2?s=96&d=mm&r=g\",\"contentUrl\":\"https:\\\/\\\/secure.gravatar.com\\\/avatar\\\/8418b61b3175dbba0a8744cf0ee6bb5c7a9f6c67f1dbc4f41a62d7b9738259a2?s=96&d=mm&r=g\",\"caption\":\"mktmotorpor\"},\"url\":\"https:\\\/\\\/motorpor.pt\\\/fr\\\/user\\\/mktmotorpor\\\/\"}]}<\/script>\n<!-- \/ Yoast SEO plugin. -->","yoast_head_json":{"title":"A Peugeot torna-se o \u201cParceiro Oficial para a Educa\u00e7\u00e3o\u201d da explora\u00e7\u00e3o \u201cUNDER THE POLE\u201d - Motorpor","robots":{"index":"index","follow":"follow","max-snippet":"max-snippet:-1","max-image-preview":"max-image-preview:large","max-video-preview":"max-video-preview:-1"},"canonical":"https:\/\/motorpor.pt\/fr\/a-peugeot-torna-se-o-parceiro-oficial-para-a-educacao-da-exploracao-under-the-pole\/","og_locale":"fr_FR","og_type":"article","og_title":"A Peugeot torna-se o \u201cParceiro Oficial para a Educa\u00e7\u00e3o\u201d da explora\u00e7\u00e3o \u201cUNDER THE POLE\u201d - Motorpor","og_description":"Desde maio de 2024, a Peugeot est\u00e1 a levar ainda mais longe a sua parceria com o programa de explora\u00e7\u00e3o subaqu\u00e1tica &#8220;UNDER THE POLE&#8221;. O programa &#8220;UNDER THE POLE&#8221; foi fundado por Ghislain Bardout e Emmanuelle P\u00e9ri\u00e9-Bardout em 2008 em Concarneau, Fran\u00e7a. Partilha com a Peugeot a ambi\u00e7\u00e3o de utilizar a ci\u00eancia e a tecnologia [&hellip;]","og_url":"https:\/\/motorpor.pt\/fr\/a-peugeot-torna-se-o-parceiro-oficial-para-a-educacao-da-exploracao-under-the-pole\/","og_site_name":"Motorpor","article_published_time":"2024-09-09T10:51:01+00:00","og_image":[{"url":"https:\/\/motorpor.pt\/wp-content\/uploads\/2024\/09\/20240606_UTPIV_DEEPLIFE_AV-4155-scaled.jpg","type":"","width":"","height":""}],"author":"mktmotorpor","twitter_card":"summary_large_image","twitter_misc":{"\u00c9crit par":"mktmotorpor","Dur\u00e9e de lecture estim\u00e9e":"1 minute"},"schema":{"@context":"https:\/\/schema.org","@graph":[{"@type":"Article","@id":"https:\/\/motorpor.pt\/a-peugeot-torna-se-o-parceiro-oficial-para-a-educacao-da-exploracao-under-the-pole\/#article","isPartOf":{"@id":"https:\/\/motorpor.pt\/a-peugeot-torna-se-o-parceiro-oficial-para-a-educacao-da-exploracao-under-the-pole\/"},"author":{"name":"mktmotorpor","@id":"https:\/\/motorpor.pt\/#\/schema\/person\/b4bf07144e88efed7388a5af30522db7"},"headline":"A Peugeot torna-se o \u201cParceiro Oficial para a Educa\u00e7\u00e3o\u201d da explora\u00e7\u00e3o \u201cUNDER THE POLE\u201d","datePublished":"2024-09-09T10:51:01+00:00","mainEntityOfPage":{"@id":"https:\/\/motorpor.pt\/a-peugeot-torna-se-o-parceiro-oficial-para-a-educacao-da-exploracao-under-the-pole\/"},"wordCount":305,"publisher":{"@id":"https:\/\/motorpor.pt\/#organization"},"image":{"@id":"https:\/\/motorpor.pt\/a-peugeot-torna-se-o-parceiro-oficial-para-a-educacao-da-exploracao-under-the-pole\/#primaryimage"},"thumbnailUrl":"https:\/\/motorpor.pt\/wp-content\/uploads\/2024\/09\/20240507_UTPIV_DEEPLIFE_AV-60-scaled-1.jpg","articleSection":["Atualidade","Destaques","Not\u00edcias","Not\u00edcias Peugeot"],"inLanguage":"fr-FR"},{"@type":"WebPage","@id":"https:\/\/motorpor.pt\/a-peugeot-torna-se-o-parceiro-oficial-para-a-educacao-da-exploracao-under-the-pole\/","url":"https:\/\/motorpor.pt\/a-peugeot-torna-se-o-parceiro-oficial-para-a-educacao-da-exploracao-under-the-pole\/","name":"A Peugeot torna-se o \u201cParceiro Oficial para a Educa\u00e7\u00e3o\u201d da explora\u00e7\u00e3o \u201cUNDER THE POLE\u201d - Motorpor","isPartOf":{"@id":"https:\/\/motorpor.pt\/#website"},"primaryImageOfPage":{"@id":"https:\/\/motorpor.pt\/a-peugeot-torna-se-o-parceiro-oficial-para-a-educacao-da-exploracao-under-the-pole\/#primaryimage"},"image":{"@id":"https:\/\/motorpor.pt\/a-peugeot-torna-se-o-parceiro-oficial-para-a-educacao-da-exploracao-under-the-pole\/#primaryimage"},"thumbnailUrl":"https:\/\/motorpor.pt\/wp-content\/uploads\/2024\/09\/20240507_UTPIV_DEEPLIFE_AV-60-scaled-1.jpg","datePublished":"2024-09-09T10:51:01+00:00","breadcrumb":{"@id":"https:\/\/motorpor.pt\/a-peugeot-torna-se-o-parceiro-oficial-para-a-educacao-da-exploracao-under-the-pole\/#breadcrumb"},"inLanguage":"fr-FR","potentialAction":[{"@type":"ReadAction","target":["https:\/\/motorpor.pt\/a-peugeot-torna-se-o-parceiro-oficial-para-a-educacao-da-exploracao-under-the-pole\/"]}]},{"@type":"ImageObject","inLanguage":"fr-FR","@id":"https:\/\/motorpor.pt\/a-peugeot-torna-se-o-parceiro-oficial-para-a-educacao-da-exploracao-under-the-pole\/#primaryimage","url":"https:\/\/motorpor.pt\/wp-content\/uploads\/2024\/09\/20240507_UTPIV_DEEPLIFE_AV-60-scaled-1.jpg","contentUrl":"https:\/\/motorpor.pt\/wp-content\/uploads\/2024\/09\/20240507_UTPIV_DEEPLIFE_AV-60-scaled-1.jpg","width":2560,"height":1438,"caption":"default"},{"@type":"BreadcrumbList","@id":"https:\/\/motorpor.pt\/a-peugeot-torna-se-o-parceiro-oficial-para-a-educacao-da-exploracao-under-the-pole\/#breadcrumb","itemListElement":[{"@type":"ListItem","position":1,"name":"In\u00edcio","item":"https:\/\/motorpor.pt\/"},{"@type":"ListItem","position":2,"name":"A Peugeot torna-se o \u201cParceiro Oficial para a Educa\u00e7\u00e3o\u201d da explora\u00e7\u00e3o \u201cUNDER THE POLE\u201d"}]},{"@type":"WebSite","@id":"https:\/\/motorpor.pt\/#website","url":"https:\/\/motorpor.pt\/","name":"motorpor","description":"Comercio de Autom\u00f3veis Multimarcas","publisher":{"@id":"https:\/\/motorpor.pt\/#organization"},"potentialAction":[{"@type":"SearchAction","target":{"@type":"EntryPoint","urlTemplate":"https:\/\/motorpor.pt\/?s={search_term_string}"},"query-input":{"@type":"PropertyValueSpecification","valueRequired":true,"valueName":"search_term_string"}}],"inLanguage":"fr-FR"},{"@type":"Organization","@id":"https:\/\/motorpor.pt\/#organization","name":"motorpor","alternateName":"Motorpor","url":"https:\/\/motorpor.pt\/","logo":{"@type":"ImageObject","inLanguage":"fr-FR","@id":"https:\/\/motorpor.pt\/#\/schema\/logo\/image\/","url":"https:\/\/motorpor.pt\/wp-content\/uploads\/2024\/07\/Logo-Motorpor-Preto.svg","contentUrl":"https:\/\/motorpor.pt\/wp-content\/uploads\/2024\/07\/Logo-Motorpor-Preto.svg","width":493,"height":93,"caption":"Motorpor"},"image":{"@id":"https:\/\/motorpor.pt\/#\/schema\/logo\/image\/"},"sameAs":["https:\/\/www.linkedin.com\/company\/grupo-motorpor"]},{"@type":"Person","@id":"https:\/\/motorpor.pt\/#\/schema\/person\/b4bf07144e88efed7388a5af30522db7","name":"mktmotorpor","image":{"@type":"ImageObject","inLanguage":"fr-FR","@id":"https:\/\/secure.gravatar.com\/avatar\/8418b61b3175dbba0a8744cf0ee6bb5c7a9f6c67f1dbc4f41a62d7b9738259a2?s=96&d=mm&r=g","url":"https:\/\/secure.gravatar.com\/avatar\/8418b61b3175dbba0a8744cf0ee6bb5c7a9f6c67f1dbc4f41a62d7b9738259a2?s=96&d=mm&r=g","contentUrl":"https:\/\/secure.gravatar.com\/avatar\/8418b61b3175dbba0a8744cf0ee6bb5c7a9f6c67f1dbc4f41a62d7b9738259a2?s=96&d=mm&r=g","caption":"mktmotorpor"},"url":"https:\/\/motorpor.pt\/fr\/user\/mktmotorpor\/"}]}},"_links":{"self":[{"href":"https:\/\/motorpor.pt\/fr\/wp-json\/wp\/v2\/posts\/94033","targetHints":{"allow":["GET"]}}],"collection":[{"href":"https:\/\/motorpor.pt\/fr\/wp-json\/wp\/v2\/posts"}],"about":[{"href":"https:\/\/motorpor.pt\/fr\/wp-json\/wp\/v2\/types\/post"}],"author":[{"embeddable":true,"href":"https:\/\/motorpor.pt\/fr\/wp-json\/wp\/v2\/users\/85"}],"replies":[{"embeddable":true,"href":"https:\/\/motorpor.pt\/fr\/wp-json\/wp\/v2\/comments?post=94033"}],"version-history":[{"count":0,"href":"https:\/\/motorpor.pt\/fr\/wp-json\/wp\/v2\/posts\/94033\/revisions"}],"wp:featuredmedia":[{"embeddable":true,"href":"https:\/\/motorpor.pt\/fr\/wp-json\/wp\/v2\/media\/94032"}],"wp:attachment":[{"href":"https:\/\/motorpor.pt\/fr\/wp-json\/wp\/v2\/media?parent=94033"}],"wp:term":[{"taxonomy":"category","embeddable":true,"href":"https:\/\/motorpor.pt\/fr\/wp-json\/wp\/v2\/categories?post=94033"},{"taxonomy":"post_tag","embeddable":true,"href":"https:\/\/motorpor.pt\/fr\/wp-json\/wp\/v2\/tags?post=94033"}],"curies":[{"name":"wp","href":"https:\/\/api.w.org\/{rel}","templated":true}]}}