{"id":94519,"date":"2024-09-20T15:39:18","date_gmt":"2024-09-20T14:39:18","guid":{"rendered":"https:\/\/motorpor.pt\/opel-movano-hydrogen-para-uma-gama-ainda-mais-completa\/"},"modified":"2024-09-20T15:39:18","modified_gmt":"2024-09-20T14:39:18","slug":"opel-movano-hydrogen-para-uma-gama-ainda-mais-completa","status":"publish","type":"post","link":"https:\/\/motorpor.pt\/fr\/opel-movano-hydrogen-para-uma-gama-ainda-mais-completa\/","title":{"rendered":"Opel Movano HYDROGEN: \u201cPara uma gama ainda mais completa\u201d"},"content":{"rendered":"<h5>O rec\u00e9m-chegado modelo a hidrog\u00e9nio: Movano HYDROGEN celebra a estreia mundial no IAA Transportation.<\/h5>\n<p>Com a sua combina\u00e7\u00e3o de propuls\u00e3o por pilha de combust\u00edvel de hidrog\u00e9nio e bateria plug-in, o novo\u00a0<strong>Opel Movano HYDROGEN<\/strong> pode percorrer mais de 500 quil\u00f3metros (WLTP2) e pode ser reabastecido com hidrog\u00e9nio em menos de 5 minutos. O destaque da gama Opel foi o Movano HYDROGEN. \u201c<em>Pela primeira vez, ofereceremos o maior membro da fam\u00edlia de VCL da Opel como um ve\u00edculo el\u00e9trico equipado com pilha de combust\u00edvel de hidrog\u00e9nio<\/em>\u201d, disse Huettl.<\/p>\n<p><img fetchpriority=\"high\" decoding=\"async\" class=\"alignnone size-full wp-image-94517\" src=\"https:\/\/motorpor.pt\/wp-content\/uploads\/2024\/09\/OpelMovanoHYDROGEN-scaled.jpg\" alt=\"\" width=\"2560\" height=\"1730\" srcset=\"https:\/\/motorpor.pt\/wp-content\/uploads\/2024\/09\/OpelMovanoHYDROGEN-scaled.jpg 2560w, https:\/\/motorpor.pt\/wp-content\/uploads\/2024\/09\/OpelMovanoHYDROGEN-300x203.jpg 300w, https:\/\/motorpor.pt\/wp-content\/uploads\/2024\/09\/OpelMovanoHYDROGEN-1024x692.jpg 1024w, https:\/\/motorpor.pt\/wp-content\/uploads\/2024\/09\/OpelMovanoHYDROGEN-768x519.jpg 768w, https:\/\/motorpor.pt\/wp-content\/uploads\/2024\/09\/OpelMovanoHYDROGEN-1536x1038.jpg 1536w, https:\/\/motorpor.pt\/wp-content\/uploads\/2024\/09\/OpelMovanoHYDROGEN-2048x1384.jpg 2048w, https:\/\/motorpor.pt\/wp-content\/uploads\/2024\/09\/OpelMovanoHYDROGEN-18x12.jpg 18w, https:\/\/motorpor.pt\/wp-content\/uploads\/2024\/09\/OpelMovanoHYDROGEN-200x135.jpg 200w, https:\/\/motorpor.pt\/wp-content\/uploads\/2024\/09\/OpelMovanoHYDROGEN-165x112.jpg 165w\" sizes=\"(max-width: 2560px) 100vw, 2560px\" \/><\/p>\n<p>O motor el\u00e9trico oferece 110 kW (150 cv) de pot\u00eancia e um bin\u00e1rio m\u00e1ximo de 410 Nm. A bateria de i\u00f5es de l\u00edtio de 11 kWh fornece apoio no arranque ou nas fases de acelera\u00e7\u00e3o. Outra grande vantagem do sistema deste novo modelo da Opel \u00e9 a energia de travagem que pode ser recuperada e introduzida na bateria como eletricidade atrav\u00e9s do motor el\u00e9trico.<\/p>\n<p>\u201c<em>Obviamente, o nosso rec\u00e9m-chegado modelo herda todas as virtudes dos seus irm\u00e3os el\u00e9tricos a bateria e com motor Diesel<\/em>.\u201d Isto inclui uma vasta gama de ajudas eletr\u00f3nicas que colocam o Opel Movano na vanguarda do seu segmento. \u201c<em>O novo Movano tem tudo o que \u00e9 necess\u00e1rio para satisfazer as exig\u00eancias dos nossos clientes &#8211; mesmo que precisem de transportar um Rocks Electric<\/em>\u201d, afirmou Huet.<\/p>\n<p>Conhe\u00e7a as <a href=\"https:\/\/motorpor.pt\/fr\/novos\/opel\/\">viaturas Open dispon\u00edveis no nosso site<\/a>.<\/p>","protected":false},"excerpt":{"rendered":"<p>O rec\u00e9m-chegado modelo a hidrog\u00e9nio: Movano HYDROGEN celebra a estreia mundial no IAA Transportation. Com a sua combina\u00e7\u00e3o de propuls\u00e3o por pilha de combust\u00edvel de hidrog\u00e9nio e bateria plug-in, o novo\u00a0Opel Movano HYDROGEN pode percorrer mais de 500 quil\u00f3metros (WLTP2) e pode ser reabastecido com hidrog\u00e9nio em menos de 5 minutos. O destaque da gama [&hellip;]<\/p>\n","protected":false},"author":85,"featured_media":94518,"comment_status":"","ping_status":"open","sticky":false,"template":"","format":"standard","meta":{"_acf_changed":false,"footnotes":""},"categories":[2595,2594,2592,3093],"tags":[],"class_list":["post-94519","post","type-post","status-publish","format-standard","has-post-thumbnail","hentry","category-atualidade","category-destaques","category-noticias","category-noticias-opel"],"acf":[],"yoast_head":"<!-- This site is optimized with the Yoast SEO plugin v27.5 - https:\/\/yoast.com\/product\/yoast-seo-wordpress\/ -->\n<title>Opel Movano HYDROGEN: \u201cPara uma gama ainda mais completa\u201d - Motorpor<\/title>\n<meta name=\"robots\" content=\"index, follow, max-snippet:-1, max-image-preview:large, max-video-preview:-1\" \/>\n<link rel=\"canonical\" href=\"https:\/\/motorpor.pt\/fr\/opel-movano-hydrogen-para-uma-gama-ainda-mais-completa\/\" \/>\n<meta property=\"og:locale\" content=\"fr_FR\" \/>\n<meta property=\"og:type\" content=\"article\" \/>\n<meta property=\"og:title\" content=\"Opel Movano HYDROGEN: \u201cPara uma gama ainda mais completa\u201d - Motorpor\" \/>\n<meta property=\"og:description\" content=\"O rec\u00e9m-chegado modelo a hidrog\u00e9nio: Movano HYDROGEN celebra a estreia mundial no IAA Transportation. Com a sua combina\u00e7\u00e3o de propuls\u00e3o por pilha de combust\u00edvel de hidrog\u00e9nio e bateria plug-in, o novo\u00a0Opel Movano HYDROGEN pode percorrer mais de 500 quil\u00f3metros (WLTP2) e pode ser reabastecido com hidrog\u00e9nio em menos de 5 minutos. O destaque da gama [&hellip;]\" \/>\n<meta property=\"og:url\" content=\"https:\/\/motorpor.pt\/fr\/opel-movano-hydrogen-para-uma-gama-ainda-mais-completa\/\" \/>\n<meta property=\"og:site_name\" content=\"Motorpor\" \/>\n<meta property=\"article:published_time\" content=\"2024-09-20T14:39:18+00:00\" \/>\n<meta property=\"og:image\" content=\"https:\/\/motorpor.pt\/wp-content\/uploads\/2024\/09\/OpelMovanoHYDROGEN-scaled.jpg\" \/>\n<meta name=\"author\" content=\"mktmotorpor\" \/>\n<meta name=\"twitter:card\" content=\"summary_large_image\" \/>\n<meta name=\"twitter:label1\" content=\"\u00c9crit par\" \/>\n\t<meta name=\"twitter:data1\" content=\"mktmotorpor\" \/>\n\t<meta name=\"twitter:label2\" content=\"Dur\u00e9e de lecture estim\u00e9e\" \/>\n\t<meta name=\"twitter:data2\" content=\"1 minute\" \/>\n<script type=\"application\/ld+json\" class=\"yoast-schema-graph\">{\"@context\":\"https:\\\/\\\/schema.org\",\"@graph\":[{\"@type\":\"Article\",\"@id\":\"https:\\\/\\\/motorpor.pt\\\/opel-movano-hydrogen-para-uma-gama-ainda-mais-completa\\\/#article\",\"isPartOf\":{\"@id\":\"https:\\\/\\\/motorpor.pt\\\/opel-movano-hydrogen-para-uma-gama-ainda-mais-completa\\\/\"},\"author\":{\"name\":\"mktmotorpor\",\"@id\":\"https:\\\/\\\/motorpor.pt\\\/#\\\/schema\\\/person\\\/b4bf07144e88efed7388a5af30522db7\"},\"headline\":\"Opel Movano HYDROGEN: \u201cPara uma gama ainda mais completa\u201d\",\"datePublished\":\"2024-09-20T14:39:18+00:00\",\"mainEntityOfPage\":{\"@id\":\"https:\\\/\\\/motorpor.pt\\\/opel-movano-hydrogen-para-uma-gama-ainda-mais-completa\\\/\"},\"wordCount\":254,\"publisher\":{\"@id\":\"https:\\\/\\\/motorpor.pt\\\/#organization\"},\"image\":{\"@id\":\"https:\\\/\\\/motorpor.pt\\\/opel-movano-hydrogen-para-uma-gama-ainda-mais-completa\\\/#primaryimage\"},\"thumbnailUrl\":\"https:\\\/\\\/motorpor.pt\\\/wp-content\\\/uploads\\\/2024\\\/09\\\/WorldpremiereOpelCEOFlorianHuettlpresentsthenewOpelMovanoHYDROGENleftforthefirsttimeattheIAATransportationinHanover.Thebattery-electricOpelComboElectricrightandOpelRocksElectricarealsoondisplay-scaled-1.jpg\",\"articleSection\":[\"Atualidade\",\"Destaques\",\"Not\u00edcias\",\"Not\u00edcias Opel\"],\"inLanguage\":\"fr-FR\"},{\"@type\":\"WebPage\",\"@id\":\"https:\\\/\\\/motorpor.pt\\\/opel-movano-hydrogen-para-uma-gama-ainda-mais-completa\\\/\",\"url\":\"https:\\\/\\\/motorpor.pt\\\/opel-movano-hydrogen-para-uma-gama-ainda-mais-completa\\\/\",\"name\":\"Opel Movano HYDROGEN: \u201cPara uma gama ainda mais completa\u201d - Motorpor\",\"isPartOf\":{\"@id\":\"https:\\\/\\\/motorpor.pt\\\/#website\"},\"primaryImageOfPage\":{\"@id\":\"https:\\\/\\\/motorpor.pt\\\/opel-movano-hydrogen-para-uma-gama-ainda-mais-completa\\\/#primaryimage\"},\"image\":{\"@id\":\"https:\\\/\\\/motorpor.pt\\\/opel-movano-hydrogen-para-uma-gama-ainda-mais-completa\\\/#primaryimage\"},\"thumbnailUrl\":\"https:\\\/\\\/motorpor.pt\\\/wp-content\\\/uploads\\\/2024\\\/09\\\/WorldpremiereOpelCEOFlorianHuettlpresentsthenewOpelMovanoHYDROGENleftforthefirsttimeattheIAATransportationinHanover.Thebattery-electricOpelComboElectricrightandOpelRocksElectricarealsoondisplay-scaled-1.jpg\",\"datePublished\":\"2024-09-20T14:39:18+00:00\",\"breadcrumb\":{\"@id\":\"https:\\\/\\\/motorpor.pt\\\/opel-movano-hydrogen-para-uma-gama-ainda-mais-completa\\\/#breadcrumb\"},\"inLanguage\":\"fr-FR\",\"potentialAction\":[{\"@type\":\"ReadAction\",\"target\":[\"https:\\\/\\\/motorpor.pt\\\/opel-movano-hydrogen-para-uma-gama-ainda-mais-completa\\\/\"]}]},{\"@type\":\"ImageObject\",\"inLanguage\":\"fr-FR\",\"@id\":\"https:\\\/\\\/motorpor.pt\\\/opel-movano-hydrogen-para-uma-gama-ainda-mais-completa\\\/#primaryimage\",\"url\":\"https:\\\/\\\/motorpor.pt\\\/wp-content\\\/uploads\\\/2024\\\/09\\\/WorldpremiereOpelCEOFlorianHuettlpresentsthenewOpelMovanoHYDROGENleftforthefirsttimeattheIAATransportationinHanover.Thebattery-electricOpelComboElectricrightandOpelRocksElectricarealsoondisplay-scaled-1.jpg\",\"contentUrl\":\"https:\\\/\\\/motorpor.pt\\\/wp-content\\\/uploads\\\/2024\\\/09\\\/WorldpremiereOpelCEOFlorianHuettlpresentsthenewOpelMovanoHYDROGENleftforthefirsttimeattheIAATransportationinHanover.Thebattery-electricOpelComboElectricrightandOpelRocksElectricarealsoondisplay-scaled-1.jpg\",\"width\":2560,\"height\":1600},{\"@type\":\"BreadcrumbList\",\"@id\":\"https:\\\/\\\/motorpor.pt\\\/opel-movano-hydrogen-para-uma-gama-ainda-mais-completa\\\/#breadcrumb\",\"itemListElement\":[{\"@type\":\"ListItem\",\"position\":1,\"name\":\"In\u00edcio\",\"item\":\"https:\\\/\\\/motorpor.pt\\\/\"},{\"@type\":\"ListItem\",\"position\":2,\"name\":\"Opel Movano HYDROGEN: \u201cPara uma gama ainda mais completa\u201d\"}]},{\"@type\":\"WebSite\",\"@id\":\"https:\\\/\\\/motorpor.pt\\\/#website\",\"url\":\"https:\\\/\\\/motorpor.pt\\\/\",\"name\":\"Motorpor\",\"description\":\"Comercio de Autom\u00f3veis Multimarcas\",\"publisher\":{\"@id\":\"https:\\\/\\\/motorpor.pt\\\/#organization\"},\"potentialAction\":[{\"@type\":\"SearchAction\",\"target\":{\"@type\":\"EntryPoint\",\"urlTemplate\":\"https:\\\/\\\/motorpor.pt\\\/?s={search_term_string}\"},\"query-input\":{\"@type\":\"PropertyValueSpecification\",\"valueRequired\":true,\"valueName\":\"search_term_string\"}}],\"inLanguage\":\"fr-FR\"},{\"@type\":\"Organization\",\"@id\":\"https:\\\/\\\/motorpor.pt\\\/#organization\",\"name\":\"Motorpor\",\"alternateName\":\"Motorpor\",\"url\":\"https:\\\/\\\/motorpor.pt\\\/\",\"logo\":{\"@type\":\"ImageObject\",\"inLanguage\":\"fr-FR\",\"@id\":\"https:\\\/\\\/motorpor.pt\\\/#\\\/schema\\\/logo\\\/image\\\/\",\"url\":\"https:\\\/\\\/motorpor.pt\\\/wp-content\\\/uploads\\\/2024\\\/07\\\/Logo-Motorpor-Preto.svg\",\"contentUrl\":\"https:\\\/\\\/motorpor.pt\\\/wp-content\\\/uploads\\\/2024\\\/07\\\/Logo-Motorpor-Preto.svg\",\"width\":493,\"height\":93,\"caption\":\"Motorpor\"},\"image\":{\"@id\":\"https:\\\/\\\/motorpor.pt\\\/#\\\/schema\\\/logo\\\/image\\\/\"},\"sameAs\":[\"https:\\\/\\\/www.linkedin.com\\\/company\\\/grupo-motorpor\"]},{\"@type\":\"Person\",\"@id\":\"https:\\\/\\\/motorpor.pt\\\/#\\\/schema\\\/person\\\/b4bf07144e88efed7388a5af30522db7\",\"name\":\"mktmotorpor\",\"image\":{\"@type\":\"ImageObject\",\"inLanguage\":\"fr-FR\",\"@id\":\"https:\\\/\\\/secure.gravatar.com\\\/avatar\\\/8418b61b3175dbba0a8744cf0ee6bb5c7a9f6c67f1dbc4f41a62d7b9738259a2?s=96&d=mm&r=g\",\"url\":\"https:\\\/\\\/secure.gravatar.com\\\/avatar\\\/8418b61b3175dbba0a8744cf0ee6bb5c7a9f6c67f1dbc4f41a62d7b9738259a2?s=96&d=mm&r=g\",\"contentUrl\":\"https:\\\/\\\/secure.gravatar.com\\\/avatar\\\/8418b61b3175dbba0a8744cf0ee6bb5c7a9f6c67f1dbc4f41a62d7b9738259a2?s=96&d=mm&r=g\",\"caption\":\"mktmotorpor\"},\"url\":\"https:\\\/\\\/motorpor.pt\\\/fr\\\/user\\\/mktmotorpor\\\/\"}]}<\/script>\n<!-- \/ Yoast SEO plugin. -->","yoast_head_json":{"title":"Opel Movano HYDROGEN: \u201cPara uma gama ainda mais completa\u201d - Motorpor","robots":{"index":"index","follow":"follow","max-snippet":"max-snippet:-1","max-image-preview":"max-image-preview:large","max-video-preview":"max-video-preview:-1"},"canonical":"https:\/\/motorpor.pt\/fr\/opel-movano-hydrogen-para-uma-gama-ainda-mais-completa\/","og_locale":"fr_FR","og_type":"article","og_title":"Opel Movano HYDROGEN: \u201cPara uma gama ainda mais completa\u201d - Motorpor","og_description":"O rec\u00e9m-chegado modelo a hidrog\u00e9nio: Movano HYDROGEN celebra a estreia mundial no IAA Transportation. Com a sua combina\u00e7\u00e3o de propuls\u00e3o por pilha de combust\u00edvel de hidrog\u00e9nio e bateria plug-in, o novo\u00a0Opel Movano HYDROGEN pode percorrer mais de 500 quil\u00f3metros (WLTP2) e pode ser reabastecido com hidrog\u00e9nio em menos de 5 minutos. O destaque da gama [&hellip;]","og_url":"https:\/\/motorpor.pt\/fr\/opel-movano-hydrogen-para-uma-gama-ainda-mais-completa\/","og_site_name":"Motorpor","article_published_time":"2024-09-20T14:39:18+00:00","og_image":[{"url":"https:\/\/motorpor.pt\/wp-content\/uploads\/2024\/09\/OpelMovanoHYDROGEN-scaled.jpg","type":"","width":"","height":""}],"author":"mktmotorpor","twitter_card":"summary_large_image","twitter_misc":{"\u00c9crit par":"mktmotorpor","Dur\u00e9e de lecture estim\u00e9e":"1 minute"},"schema":{"@context":"https:\/\/schema.org","@graph":[{"@type":"Article","@id":"https:\/\/motorpor.pt\/opel-movano-hydrogen-para-uma-gama-ainda-mais-completa\/#article","isPartOf":{"@id":"https:\/\/motorpor.pt\/opel-movano-hydrogen-para-uma-gama-ainda-mais-completa\/"},"author":{"name":"mktmotorpor","@id":"https:\/\/motorpor.pt\/#\/schema\/person\/b4bf07144e88efed7388a5af30522db7"},"headline":"Opel Movano HYDROGEN: \u201cPara uma gama ainda mais completa\u201d","datePublished":"2024-09-20T14:39:18+00:00","mainEntityOfPage":{"@id":"https:\/\/motorpor.pt\/opel-movano-hydrogen-para-uma-gama-ainda-mais-completa\/"},"wordCount":254,"publisher":{"@id":"https:\/\/motorpor.pt\/#organization"},"image":{"@id":"https:\/\/motorpor.pt\/opel-movano-hydrogen-para-uma-gama-ainda-mais-completa\/#primaryimage"},"thumbnailUrl":"https:\/\/motorpor.pt\/wp-content\/uploads\/2024\/09\/WorldpremiereOpelCEOFlorianHuettlpresentsthenewOpelMovanoHYDROGENleftforthefirsttimeattheIAATransportationinHanover.Thebattery-electricOpelComboElectricrightandOpelRocksElectricarealsoondisplay-scaled-1.jpg","articleSection":["Atualidade","Destaques","Not\u00edcias","Not\u00edcias Opel"],"inLanguage":"fr-FR"},{"@type":"WebPage","@id":"https:\/\/motorpor.pt\/opel-movano-hydrogen-para-uma-gama-ainda-mais-completa\/","url":"https:\/\/motorpor.pt\/opel-movano-hydrogen-para-uma-gama-ainda-mais-completa\/","name":"Opel Movano HYDROGEN: \u201cPara uma gama ainda mais completa\u201d - Motorpor","isPartOf":{"@id":"https:\/\/motorpor.pt\/#website"},"primaryImageOfPage":{"@id":"https:\/\/motorpor.pt\/opel-movano-hydrogen-para-uma-gama-ainda-mais-completa\/#primaryimage"},"image":{"@id":"https:\/\/motorpor.pt\/opel-movano-hydrogen-para-uma-gama-ainda-mais-completa\/#primaryimage"},"thumbnailUrl":"https:\/\/motorpor.pt\/wp-content\/uploads\/2024\/09\/WorldpremiereOpelCEOFlorianHuettlpresentsthenewOpelMovanoHYDROGENleftforthefirsttimeattheIAATransportationinHanover.Thebattery-electricOpelComboElectricrightandOpelRocksElectricarealsoondisplay-scaled-1.jpg","datePublished":"2024-09-20T14:39:18+00:00","breadcrumb":{"@id":"https:\/\/motorpor.pt\/opel-movano-hydrogen-para-uma-gama-ainda-mais-completa\/#breadcrumb"},"inLanguage":"fr-FR","potentialAction":[{"@type":"ReadAction","target":["https:\/\/motorpor.pt\/opel-movano-hydrogen-para-uma-gama-ainda-mais-completa\/"]}]},{"@type":"ImageObject","inLanguage":"fr-FR","@id":"https:\/\/motorpor.pt\/opel-movano-hydrogen-para-uma-gama-ainda-mais-completa\/#primaryimage","url":"https:\/\/motorpor.pt\/wp-content\/uploads\/2024\/09\/WorldpremiereOpelCEOFlorianHuettlpresentsthenewOpelMovanoHYDROGENleftforthefirsttimeattheIAATransportationinHanover.Thebattery-electricOpelComboElectricrightandOpelRocksElectricarealsoondisplay-scaled-1.jpg","contentUrl":"https:\/\/motorpor.pt\/wp-content\/uploads\/2024\/09\/WorldpremiereOpelCEOFlorianHuettlpresentsthenewOpelMovanoHYDROGENleftforthefirsttimeattheIAATransportationinHanover.Thebattery-electricOpelComboElectricrightandOpelRocksElectricarealsoondisplay-scaled-1.jpg","width":2560,"height":1600},{"@type":"BreadcrumbList","@id":"https:\/\/motorpor.pt\/opel-movano-hydrogen-para-uma-gama-ainda-mais-completa\/#breadcrumb","itemListElement":[{"@type":"ListItem","position":1,"name":"In\u00edcio","item":"https:\/\/motorpor.pt\/"},{"@type":"ListItem","position":2,"name":"Opel Movano HYDROGEN: \u201cPara uma gama ainda mais completa\u201d"}]},{"@type":"WebSite","@id":"https:\/\/motorpor.pt\/#website","url":"https:\/\/motorpor.pt\/","name":"motorpor","description":"Comercio de Autom\u00f3veis Multimarcas","publisher":{"@id":"https:\/\/motorpor.pt\/#organization"},"potentialAction":[{"@type":"SearchAction","target":{"@type":"EntryPoint","urlTemplate":"https:\/\/motorpor.pt\/?s={search_term_string}"},"query-input":{"@type":"PropertyValueSpecification","valueRequired":true,"valueName":"search_term_string"}}],"inLanguage":"fr-FR"},{"@type":"Organization","@id":"https:\/\/motorpor.pt\/#organization","name":"motorpor","alternateName":"Motorpor","url":"https:\/\/motorpor.pt\/","logo":{"@type":"ImageObject","inLanguage":"fr-FR","@id":"https:\/\/motorpor.pt\/#\/schema\/logo\/image\/","url":"https:\/\/motorpor.pt\/wp-content\/uploads\/2024\/07\/Logo-Motorpor-Preto.svg","contentUrl":"https:\/\/motorpor.pt\/wp-content\/uploads\/2024\/07\/Logo-Motorpor-Preto.svg","width":493,"height":93,"caption":"Motorpor"},"image":{"@id":"https:\/\/motorpor.pt\/#\/schema\/logo\/image\/"},"sameAs":["https:\/\/www.linkedin.com\/company\/grupo-motorpor"]},{"@type":"Person","@id":"https:\/\/motorpor.pt\/#\/schema\/person\/b4bf07144e88efed7388a5af30522db7","name":"mktmotorpor","image":{"@type":"ImageObject","inLanguage":"fr-FR","@id":"https:\/\/secure.gravatar.com\/avatar\/8418b61b3175dbba0a8744cf0ee6bb5c7a9f6c67f1dbc4f41a62d7b9738259a2?s=96&d=mm&r=g","url":"https:\/\/secure.gravatar.com\/avatar\/8418b61b3175dbba0a8744cf0ee6bb5c7a9f6c67f1dbc4f41a62d7b9738259a2?s=96&d=mm&r=g","contentUrl":"https:\/\/secure.gravatar.com\/avatar\/8418b61b3175dbba0a8744cf0ee6bb5c7a9f6c67f1dbc4f41a62d7b9738259a2?s=96&d=mm&r=g","caption":"mktmotorpor"},"url":"https:\/\/motorpor.pt\/fr\/user\/mktmotorpor\/"}]}},"_links":{"self":[{"href":"https:\/\/motorpor.pt\/fr\/wp-json\/wp\/v2\/posts\/94519","targetHints":{"allow":["GET"]}}],"collection":[{"href":"https:\/\/motorpor.pt\/fr\/wp-json\/wp\/v2\/posts"}],"about":[{"href":"https:\/\/motorpor.pt\/fr\/wp-json\/wp\/v2\/types\/post"}],"author":[{"embeddable":true,"href":"https:\/\/motorpor.pt\/fr\/wp-json\/wp\/v2\/users\/85"}],"replies":[{"embeddable":true,"href":"https:\/\/motorpor.pt\/fr\/wp-json\/wp\/v2\/comments?post=94519"}],"version-history":[{"count":0,"href":"https:\/\/motorpor.pt\/fr\/wp-json\/wp\/v2\/posts\/94519\/revisions"}],"wp:featuredmedia":[{"embeddable":true,"href":"https:\/\/motorpor.pt\/fr\/wp-json\/wp\/v2\/media\/94518"}],"wp:attachment":[{"href":"https:\/\/motorpor.pt\/fr\/wp-json\/wp\/v2\/media?parent=94519"}],"wp:term":[{"taxonomy":"category","embeddable":true,"href":"https:\/\/motorpor.pt\/fr\/wp-json\/wp\/v2\/categories?post=94519"},{"taxonomy":"post_tag","embeddable":true,"href":"https:\/\/motorpor.pt\/fr\/wp-json\/wp\/v2\/tags?post=94519"}],"curies":[{"name":"wp","href":"https:\/\/api.w.org\/{rel}","templated":true}]}}