{"id":94530,"date":"2024-09-23T11:24:15","date_gmt":"2024-09-23T10:24:15","guid":{"rendered":"https:\/\/motorpor.pt\/fiat-professional-apresenta-a-nova-e-ducato-cargo-box-transformada-in-house-na-iaa-transportation-2024-em-hanover\/"},"modified":"2024-09-23T11:24:15","modified_gmt":"2024-09-23T10:24:15","slug":"fiat-professional-apresenta-a-nova-e-ducato-cargo-box-transformada-in-house-na-iaa-transportation-2024-em-hanover","status":"publish","type":"post","link":"https:\/\/motorpor.pt\/fr\/fiat-professional-apresenta-a-nova-e-ducato-cargo-box-transformada-in-house-na-iaa-transportation-2024-em-hanover\/","title":{"rendered":"FIAT Professional apresenta a nova E-Ducato Cargo Box transformada \u201cin-house\u201d na IAA Transportation 2024 em Hanover"},"content":{"rendered":"<h5>O E-Ducato Cargo Box apresenta uma capacidade de carga excecional e um interior espa\u00e7oso, demonstrando a nova estrat\u00e9gia de convers\u00e3o e personaliza\u00e7\u00e3o.<\/h5>\n<p>Na IAA Transportation 2024, em Hanover, a maior feira europeia de ve\u00edculos comerciais e industriais, a FIAT Professional apresentou o E-Ducato Cargo Box, um furg\u00e3o de grandes dimens\u00f5es com uma capacidade de carga excecional e um interior extremamente espa\u00e7oso.<\/p>\n<p>&#8220;Com o projeto FIAT Professional CustomFit, e mantendo todo o processo de transforma\u00e7\u00e3o a n\u00edvel interno, a marca garante uma aten\u00e7\u00e3o meticulosa aos detalhes em todas as fases. Esta abordagem garante que cada ve\u00edculo satisfaz as necessidades \u00fanicas do cliente, assegurando que as empresas recebem um ve\u00edculo perfeitamente adaptado \u00e0s suas exig\u00eancias operacionais.&#8221;<\/p>\n<p><img fetchpriority=\"high\" decoding=\"async\" class=\"alignnone size-full wp-image-94529\" src=\"https:\/\/motorpor.pt\/wp-content\/uploads\/2024\/09\/FIATProfessionalatIAATransportation2024inHanover-scaled.jpeg\" alt=\"\" width=\"2560\" height=\"1920\" srcset=\"https:\/\/motorpor.pt\/wp-content\/uploads\/2024\/09\/FIATProfessionalatIAATransportation2024inHanover-scaled.jpeg 2560w, https:\/\/motorpor.pt\/wp-content\/uploads\/2024\/09\/FIATProfessionalatIAATransportation2024inHanover-300x225.jpeg 300w, https:\/\/motorpor.pt\/wp-content\/uploads\/2024\/09\/FIATProfessionalatIAATransportation2024inHanover-1024x768.jpeg 1024w, https:\/\/motorpor.pt\/wp-content\/uploads\/2024\/09\/FIATProfessionalatIAATransportation2024inHanover-768x576.jpeg 768w, https:\/\/motorpor.pt\/wp-content\/uploads\/2024\/09\/FIATProfessionalatIAATransportation2024inHanover-1536x1152.jpeg 1536w, https:\/\/motorpor.pt\/wp-content\/uploads\/2024\/09\/FIATProfessionalatIAATransportation2024inHanover-2048x1536.jpeg 2048w, https:\/\/motorpor.pt\/wp-content\/uploads\/2024\/09\/FIATProfessionalatIAATransportation2024inHanover-16x12.jpeg 16w, https:\/\/motorpor.pt\/wp-content\/uploads\/2024\/09\/FIATProfessionalatIAATransportation2024inHanover-200x150.jpeg 200w, https:\/\/motorpor.pt\/wp-content\/uploads\/2024\/09\/FIATProfessionalatIAATransportation2024inHanover-165x124.jpeg 165w\" sizes=\"(max-width: 2560px) 100vw, 2560px\" \/><\/p>\n<p>Em conjunto com a Cargo Box, dispon\u00edvel a partir de outubro de 2024, esta abordagem oferece uma gama vers\u00e1til de op\u00e7\u00f5es de convers\u00e3o adaptadas \u00e0s diversas necessidades de v\u00e1rios neg\u00f3cios:<\/p>\n<ul>\n<li>Drop Side, 1-Way Tipper (caixa basculante de 1 dire\u00e7\u00e3o);<\/li>\n<li>3-Way Tipper (caixa basculante de 3 dire\u00e7\u00f5es);<\/li>\n<li>Cabine Dupla (7 lugares).<\/li>\n<\/ul>\n<p>O E-Ducato Cargo Box apresentado no stand de Hanover oferece um impressionante volume de carga de 18,3 m\u00b3, complementado por um interior espa\u00e7oso com dimens\u00f5es de 4.230 mm de comprimento, 2.032 mm de largura e 2.150 mm de altura. Adicionalmente, para os clientes que necessitem de espa\u00e7o de carga adicional, estar\u00e1 tamb\u00e9m dispon\u00edvel na configura\u00e7\u00e3o L4, a qual expande o volume de carga at\u00e9 20,5 m\u00b3 com um comprimento interior de 4.500 mm e uma altura de 2.300 mm. Ambas as vers\u00f5es ser\u00e3o oferecidas com op\u00e7\u00f5es BEV e Diesel, apresentando configura\u00e7\u00f5es de 140 cv e 180 cv com transmiss\u00f5es manuais e autom\u00e1ticas, proporcionando a m\u00e1xima flexibilidade aos clientes.<\/p>\n<p>Conhe\u00e7a todas as <a href=\"https:\/\/motorpor.pt\/fr\/novos\/fiat\/\">viaturas Fiat dispon\u00edveis no nosso site.<\/a><\/p>","protected":false},"excerpt":{"rendered":"<p>O E-Ducato Cargo Box apresenta uma capacidade de carga excecional e um interior espa\u00e7oso, demonstrando a nova estrat\u00e9gia de convers\u00e3o e personaliza\u00e7\u00e3o. Na IAA Transportation 2024, em Hanover, a maior feira europeia de ve\u00edculos comerciais e industriais, a FIAT Professional apresentou o E-Ducato Cargo Box, um furg\u00e3o de grandes dimens\u00f5es com uma capacidade de carga [&hellip;]<\/p>\n","protected":false},"author":85,"featured_media":94528,"comment_status":"","ping_status":"open","sticky":false,"template":"","format":"standard","meta":{"_acf_changed":false,"footnotes":""},"categories":[2595,2594,2592,3090],"tags":[],"class_list":["post-94530","post","type-post","status-publish","format-standard","has-post-thumbnail","hentry","category-atualidade","category-destaques","category-noticias","category-noticias-fiat"],"acf":[],"yoast_head":"<!-- This site is optimized with the Yoast SEO plugin v27.5 - https:\/\/yoast.com\/product\/yoast-seo-wordpress\/ -->\n<title>FIAT Professional apresenta a nova E-Ducato Cargo Box transformada \u201cin-house\u201d na IAA Transportation 2024 em Hanover - Motorpor<\/title>\n<meta name=\"robots\" content=\"index, follow, max-snippet:-1, max-image-preview:large, max-video-preview:-1\" \/>\n<link rel=\"canonical\" href=\"https:\/\/motorpor.pt\/fr\/fiat-professional-apresenta-a-nova-e-ducato-cargo-box-transformada-in-house-na-iaa-transportation-2024-em-hanover\/\" \/>\n<meta property=\"og:locale\" content=\"fr_FR\" \/>\n<meta property=\"og:type\" content=\"article\" \/>\n<meta property=\"og:title\" content=\"FIAT Professional apresenta a nova E-Ducato Cargo Box transformada \u201cin-house\u201d na IAA Transportation 2024 em Hanover - Motorpor\" \/>\n<meta property=\"og:description\" content=\"O E-Ducato Cargo Box apresenta uma capacidade de carga excecional e um interior espa\u00e7oso, demonstrando a nova estrat\u00e9gia de convers\u00e3o e personaliza\u00e7\u00e3o. Na IAA Transportation 2024, em Hanover, a maior feira europeia de ve\u00edculos comerciais e industriais, a FIAT Professional apresentou o E-Ducato Cargo Box, um furg\u00e3o de grandes dimens\u00f5es com uma capacidade de carga [&hellip;]\" \/>\n<meta property=\"og:url\" content=\"https:\/\/motorpor.pt\/fr\/fiat-professional-apresenta-a-nova-e-ducato-cargo-box-transformada-in-house-na-iaa-transportation-2024-em-hanover\/\" \/>\n<meta property=\"og:site_name\" content=\"Motorpor\" \/>\n<meta property=\"article:published_time\" content=\"2024-09-23T10:24:15+00:00\" \/>\n<meta property=\"og:image\" content=\"https:\/\/motorpor.pt\/wp-content\/uploads\/2024\/09\/FIATProfessionalatIAATransportation2024inHanover-scaled.jpeg\" \/>\n<meta name=\"author\" content=\"mktmotorpor\" \/>\n<meta name=\"twitter:card\" content=\"summary_large_image\" \/>\n<meta name=\"twitter:label1\" content=\"\u00c9crit par\" \/>\n\t<meta name=\"twitter:data1\" content=\"mktmotorpor\" \/>\n\t<meta name=\"twitter:label2\" content=\"Dur\u00e9e de lecture estim\u00e9e\" \/>\n\t<meta name=\"twitter:data2\" content=\"2 minutes\" \/>\n<script type=\"application\/ld+json\" class=\"yoast-schema-graph\">{\"@context\":\"https:\\\/\\\/schema.org\",\"@graph\":[{\"@type\":\"Article\",\"@id\":\"https:\\\/\\\/motorpor.pt\\\/fiat-professional-apresenta-a-nova-e-ducato-cargo-box-transformada-in-house-na-iaa-transportation-2024-em-hanover\\\/#article\",\"isPartOf\":{\"@id\":\"https:\\\/\\\/motorpor.pt\\\/fiat-professional-apresenta-a-nova-e-ducato-cargo-box-transformada-in-house-na-iaa-transportation-2024-em-hanover\\\/\"},\"author\":{\"name\":\"mktmotorpor\",\"@id\":\"https:\\\/\\\/motorpor.pt\\\/#\\\/schema\\\/person\\\/b4bf07144e88efed7388a5af30522db7\"},\"headline\":\"FIAT Professional apresenta a nova E-Ducato Cargo Box transformada \u201cin-house\u201d na IAA Transportation 2024 em Hanover\",\"datePublished\":\"2024-09-23T10:24:15+00:00\",\"mainEntityOfPage\":{\"@id\":\"https:\\\/\\\/motorpor.pt\\\/fiat-professional-apresenta-a-nova-e-ducato-cargo-box-transformada-in-house-na-iaa-transportation-2024-em-hanover\\\/\"},\"wordCount\":319,\"publisher\":{\"@id\":\"https:\\\/\\\/motorpor.pt\\\/#organization\"},\"image\":{\"@id\":\"https:\\\/\\\/motorpor.pt\\\/fiat-professional-apresenta-a-nova-e-ducato-cargo-box-transformada-in-house-na-iaa-transportation-2024-em-hanover\\\/#primaryimage\"},\"thumbnailUrl\":\"https:\\\/\\\/motorpor.pt\\\/wp-content\\\/uploads\\\/2024\\\/09\\\/FIATProfessionalatIAATransportation2024inHanover-scaled-1.jpg\",\"articleSection\":[\"Atualidade\",\"Destaques\",\"Not\u00edcias\",\"Not\u00edcias Fiat\"],\"inLanguage\":\"fr-FR\"},{\"@type\":\"WebPage\",\"@id\":\"https:\\\/\\\/motorpor.pt\\\/fiat-professional-apresenta-a-nova-e-ducato-cargo-box-transformada-in-house-na-iaa-transportation-2024-em-hanover\\\/\",\"url\":\"https:\\\/\\\/motorpor.pt\\\/fiat-professional-apresenta-a-nova-e-ducato-cargo-box-transformada-in-house-na-iaa-transportation-2024-em-hanover\\\/\",\"name\":\"FIAT Professional apresenta a nova E-Ducato Cargo Box transformada \u201cin-house\u201d na IAA Transportation 2024 em Hanover - Motorpor\",\"isPartOf\":{\"@id\":\"https:\\\/\\\/motorpor.pt\\\/#website\"},\"primaryImageOfPage\":{\"@id\":\"https:\\\/\\\/motorpor.pt\\\/fiat-professional-apresenta-a-nova-e-ducato-cargo-box-transformada-in-house-na-iaa-transportation-2024-em-hanover\\\/#primaryimage\"},\"image\":{\"@id\":\"https:\\\/\\\/motorpor.pt\\\/fiat-professional-apresenta-a-nova-e-ducato-cargo-box-transformada-in-house-na-iaa-transportation-2024-em-hanover\\\/#primaryimage\"},\"thumbnailUrl\":\"https:\\\/\\\/motorpor.pt\\\/wp-content\\\/uploads\\\/2024\\\/09\\\/FIATProfessionalatIAATransportation2024inHanover-scaled-1.jpg\",\"datePublished\":\"2024-09-23T10:24:15+00:00\",\"breadcrumb\":{\"@id\":\"https:\\\/\\\/motorpor.pt\\\/fiat-professional-apresenta-a-nova-e-ducato-cargo-box-transformada-in-house-na-iaa-transportation-2024-em-hanover\\\/#breadcrumb\"},\"inLanguage\":\"fr-FR\",\"potentialAction\":[{\"@type\":\"ReadAction\",\"target\":[\"https:\\\/\\\/motorpor.pt\\\/fiat-professional-apresenta-a-nova-e-ducato-cargo-box-transformada-in-house-na-iaa-transportation-2024-em-hanover\\\/\"]}]},{\"@type\":\"ImageObject\",\"inLanguage\":\"fr-FR\",\"@id\":\"https:\\\/\\\/motorpor.pt\\\/fiat-professional-apresenta-a-nova-e-ducato-cargo-box-transformada-in-house-na-iaa-transportation-2024-em-hanover\\\/#primaryimage\",\"url\":\"https:\\\/\\\/motorpor.pt\\\/wp-content\\\/uploads\\\/2024\\\/09\\\/FIATProfessionalatIAATransportation2024inHanover-scaled-1.jpg\",\"contentUrl\":\"https:\\\/\\\/motorpor.pt\\\/wp-content\\\/uploads\\\/2024\\\/09\\\/FIATProfessionalatIAATransportation2024inHanover-scaled-1.jpg\",\"width\":2560,\"height\":1707},{\"@type\":\"BreadcrumbList\",\"@id\":\"https:\\\/\\\/motorpor.pt\\\/fiat-professional-apresenta-a-nova-e-ducato-cargo-box-transformada-in-house-na-iaa-transportation-2024-em-hanover\\\/#breadcrumb\",\"itemListElement\":[{\"@type\":\"ListItem\",\"position\":1,\"name\":\"In\u00edcio\",\"item\":\"https:\\\/\\\/motorpor.pt\\\/\"},{\"@type\":\"ListItem\",\"position\":2,\"name\":\"FIAT Professional apresenta a nova E-Ducato Cargo Box transformada \u201cin-house\u201d na IAA Transportation 2024 em Hanover\"}]},{\"@type\":\"WebSite\",\"@id\":\"https:\\\/\\\/motorpor.pt\\\/#website\",\"url\":\"https:\\\/\\\/motorpor.pt\\\/\",\"name\":\"Motorpor\",\"description\":\"Comercio de Autom\u00f3veis Multimarcas\",\"publisher\":{\"@id\":\"https:\\\/\\\/motorpor.pt\\\/#organization\"},\"potentialAction\":[{\"@type\":\"SearchAction\",\"target\":{\"@type\":\"EntryPoint\",\"urlTemplate\":\"https:\\\/\\\/motorpor.pt\\\/?s={search_term_string}\"},\"query-input\":{\"@type\":\"PropertyValueSpecification\",\"valueRequired\":true,\"valueName\":\"search_term_string\"}}],\"inLanguage\":\"fr-FR\"},{\"@type\":\"Organization\",\"@id\":\"https:\\\/\\\/motorpor.pt\\\/#organization\",\"name\":\"Motorpor\",\"alternateName\":\"Motorpor\",\"url\":\"https:\\\/\\\/motorpor.pt\\\/\",\"logo\":{\"@type\":\"ImageObject\",\"inLanguage\":\"fr-FR\",\"@id\":\"https:\\\/\\\/motorpor.pt\\\/#\\\/schema\\\/logo\\\/image\\\/\",\"url\":\"https:\\\/\\\/motorpor.pt\\\/wp-content\\\/uploads\\\/2024\\\/07\\\/Logo-Motorpor-Preto.svg\",\"contentUrl\":\"https:\\\/\\\/motorpor.pt\\\/wp-content\\\/uploads\\\/2024\\\/07\\\/Logo-Motorpor-Preto.svg\",\"width\":493,\"height\":93,\"caption\":\"Motorpor\"},\"image\":{\"@id\":\"https:\\\/\\\/motorpor.pt\\\/#\\\/schema\\\/logo\\\/image\\\/\"},\"sameAs\":[\"https:\\\/\\\/www.linkedin.com\\\/company\\\/grupo-motorpor\"]},{\"@type\":\"Person\",\"@id\":\"https:\\\/\\\/motorpor.pt\\\/#\\\/schema\\\/person\\\/b4bf07144e88efed7388a5af30522db7\",\"name\":\"mktmotorpor\",\"image\":{\"@type\":\"ImageObject\",\"inLanguage\":\"fr-FR\",\"@id\":\"https:\\\/\\\/secure.gravatar.com\\\/avatar\\\/8418b61b3175dbba0a8744cf0ee6bb5c7a9f6c67f1dbc4f41a62d7b9738259a2?s=96&d=mm&r=g\",\"url\":\"https:\\\/\\\/secure.gravatar.com\\\/avatar\\\/8418b61b3175dbba0a8744cf0ee6bb5c7a9f6c67f1dbc4f41a62d7b9738259a2?s=96&d=mm&r=g\",\"contentUrl\":\"https:\\\/\\\/secure.gravatar.com\\\/avatar\\\/8418b61b3175dbba0a8744cf0ee6bb5c7a9f6c67f1dbc4f41a62d7b9738259a2?s=96&d=mm&r=g\",\"caption\":\"mktmotorpor\"},\"url\":\"https:\\\/\\\/motorpor.pt\\\/fr\\\/user\\\/mktmotorpor\\\/\"}]}<\/script>\n<!-- \/ Yoast SEO plugin. -->","yoast_head_json":{"title":"FIAT Professional apresenta a nova E-Ducato Cargo Box transformada \u201cin-house\u201d na IAA Transportation 2024 em Hanover - Motorpor","robots":{"index":"index","follow":"follow","max-snippet":"max-snippet:-1","max-image-preview":"max-image-preview:large","max-video-preview":"max-video-preview:-1"},"canonical":"https:\/\/motorpor.pt\/fr\/fiat-professional-apresenta-a-nova-e-ducato-cargo-box-transformada-in-house-na-iaa-transportation-2024-em-hanover\/","og_locale":"fr_FR","og_type":"article","og_title":"FIAT Professional apresenta a nova E-Ducato Cargo Box transformada \u201cin-house\u201d na IAA Transportation 2024 em Hanover - Motorpor","og_description":"O E-Ducato Cargo Box apresenta uma capacidade de carga excecional e um interior espa\u00e7oso, demonstrando a nova estrat\u00e9gia de convers\u00e3o e personaliza\u00e7\u00e3o. Na IAA Transportation 2024, em Hanover, a maior feira europeia de ve\u00edculos comerciais e industriais, a FIAT Professional apresentou o E-Ducato Cargo Box, um furg\u00e3o de grandes dimens\u00f5es com uma capacidade de carga [&hellip;]","og_url":"https:\/\/motorpor.pt\/fr\/fiat-professional-apresenta-a-nova-e-ducato-cargo-box-transformada-in-house-na-iaa-transportation-2024-em-hanover\/","og_site_name":"Motorpor","article_published_time":"2024-09-23T10:24:15+00:00","og_image":[{"url":"https:\/\/motorpor.pt\/wp-content\/uploads\/2024\/09\/FIATProfessionalatIAATransportation2024inHanover-scaled.jpeg","type":"","width":"","height":""}],"author":"mktmotorpor","twitter_card":"summary_large_image","twitter_misc":{"\u00c9crit par":"mktmotorpor","Dur\u00e9e de lecture estim\u00e9e":"2 minutes"},"schema":{"@context":"https:\/\/schema.org","@graph":[{"@type":"Article","@id":"https:\/\/motorpor.pt\/fiat-professional-apresenta-a-nova-e-ducato-cargo-box-transformada-in-house-na-iaa-transportation-2024-em-hanover\/#article","isPartOf":{"@id":"https:\/\/motorpor.pt\/fiat-professional-apresenta-a-nova-e-ducato-cargo-box-transformada-in-house-na-iaa-transportation-2024-em-hanover\/"},"author":{"name":"mktmotorpor","@id":"https:\/\/motorpor.pt\/#\/schema\/person\/b4bf07144e88efed7388a5af30522db7"},"headline":"FIAT Professional apresenta a nova E-Ducato Cargo Box transformada \u201cin-house\u201d na IAA Transportation 2024 em Hanover","datePublished":"2024-09-23T10:24:15+00:00","mainEntityOfPage":{"@id":"https:\/\/motorpor.pt\/fiat-professional-apresenta-a-nova-e-ducato-cargo-box-transformada-in-house-na-iaa-transportation-2024-em-hanover\/"},"wordCount":319,"publisher":{"@id":"https:\/\/motorpor.pt\/#organization"},"image":{"@id":"https:\/\/motorpor.pt\/fiat-professional-apresenta-a-nova-e-ducato-cargo-box-transformada-in-house-na-iaa-transportation-2024-em-hanover\/#primaryimage"},"thumbnailUrl":"https:\/\/motorpor.pt\/wp-content\/uploads\/2024\/09\/FIATProfessionalatIAATransportation2024inHanover-scaled-1.jpg","articleSection":["Atualidade","Destaques","Not\u00edcias","Not\u00edcias Fiat"],"inLanguage":"fr-FR"},{"@type":"WebPage","@id":"https:\/\/motorpor.pt\/fiat-professional-apresenta-a-nova-e-ducato-cargo-box-transformada-in-house-na-iaa-transportation-2024-em-hanover\/","url":"https:\/\/motorpor.pt\/fiat-professional-apresenta-a-nova-e-ducato-cargo-box-transformada-in-house-na-iaa-transportation-2024-em-hanover\/","name":"FIAT Professional apresenta a nova E-Ducato Cargo Box transformada \u201cin-house\u201d na IAA Transportation 2024 em Hanover - Motorpor","isPartOf":{"@id":"https:\/\/motorpor.pt\/#website"},"primaryImageOfPage":{"@id":"https:\/\/motorpor.pt\/fiat-professional-apresenta-a-nova-e-ducato-cargo-box-transformada-in-house-na-iaa-transportation-2024-em-hanover\/#primaryimage"},"image":{"@id":"https:\/\/motorpor.pt\/fiat-professional-apresenta-a-nova-e-ducato-cargo-box-transformada-in-house-na-iaa-transportation-2024-em-hanover\/#primaryimage"},"thumbnailUrl":"https:\/\/motorpor.pt\/wp-content\/uploads\/2024\/09\/FIATProfessionalatIAATransportation2024inHanover-scaled-1.jpg","datePublished":"2024-09-23T10:24:15+00:00","breadcrumb":{"@id":"https:\/\/motorpor.pt\/fiat-professional-apresenta-a-nova-e-ducato-cargo-box-transformada-in-house-na-iaa-transportation-2024-em-hanover\/#breadcrumb"},"inLanguage":"fr-FR","potentialAction":[{"@type":"ReadAction","target":["https:\/\/motorpor.pt\/fiat-professional-apresenta-a-nova-e-ducato-cargo-box-transformada-in-house-na-iaa-transportation-2024-em-hanover\/"]}]},{"@type":"ImageObject","inLanguage":"fr-FR","@id":"https:\/\/motorpor.pt\/fiat-professional-apresenta-a-nova-e-ducato-cargo-box-transformada-in-house-na-iaa-transportation-2024-em-hanover\/#primaryimage","url":"https:\/\/motorpor.pt\/wp-content\/uploads\/2024\/09\/FIATProfessionalatIAATransportation2024inHanover-scaled-1.jpg","contentUrl":"https:\/\/motorpor.pt\/wp-content\/uploads\/2024\/09\/FIATProfessionalatIAATransportation2024inHanover-scaled-1.jpg","width":2560,"height":1707},{"@type":"BreadcrumbList","@id":"https:\/\/motorpor.pt\/fiat-professional-apresenta-a-nova-e-ducato-cargo-box-transformada-in-house-na-iaa-transportation-2024-em-hanover\/#breadcrumb","itemListElement":[{"@type":"ListItem","position":1,"name":"In\u00edcio","item":"https:\/\/motorpor.pt\/"},{"@type":"ListItem","position":2,"name":"FIAT Professional apresenta a nova E-Ducato Cargo Box transformada \u201cin-house\u201d na IAA Transportation 2024 em Hanover"}]},{"@type":"WebSite","@id":"https:\/\/motorpor.pt\/#website","url":"https:\/\/motorpor.pt\/","name":"motorpor","description":"Comercio de Autom\u00f3veis Multimarcas","publisher":{"@id":"https:\/\/motorpor.pt\/#organization"},"potentialAction":[{"@type":"SearchAction","target":{"@type":"EntryPoint","urlTemplate":"https:\/\/motorpor.pt\/?s={search_term_string}"},"query-input":{"@type":"PropertyValueSpecification","valueRequired":true,"valueName":"search_term_string"}}],"inLanguage":"fr-FR"},{"@type":"Organization","@id":"https:\/\/motorpor.pt\/#organization","name":"motorpor","alternateName":"Motorpor","url":"https:\/\/motorpor.pt\/","logo":{"@type":"ImageObject","inLanguage":"fr-FR","@id":"https:\/\/motorpor.pt\/#\/schema\/logo\/image\/","url":"https:\/\/motorpor.pt\/wp-content\/uploads\/2024\/07\/Logo-Motorpor-Preto.svg","contentUrl":"https:\/\/motorpor.pt\/wp-content\/uploads\/2024\/07\/Logo-Motorpor-Preto.svg","width":493,"height":93,"caption":"Motorpor"},"image":{"@id":"https:\/\/motorpor.pt\/#\/schema\/logo\/image\/"},"sameAs":["https:\/\/www.linkedin.com\/company\/grupo-motorpor"]},{"@type":"Person","@id":"https:\/\/motorpor.pt\/#\/schema\/person\/b4bf07144e88efed7388a5af30522db7","name":"mktmotorpor","image":{"@type":"ImageObject","inLanguage":"fr-FR","@id":"https:\/\/secure.gravatar.com\/avatar\/8418b61b3175dbba0a8744cf0ee6bb5c7a9f6c67f1dbc4f41a62d7b9738259a2?s=96&d=mm&r=g","url":"https:\/\/secure.gravatar.com\/avatar\/8418b61b3175dbba0a8744cf0ee6bb5c7a9f6c67f1dbc4f41a62d7b9738259a2?s=96&d=mm&r=g","contentUrl":"https:\/\/secure.gravatar.com\/avatar\/8418b61b3175dbba0a8744cf0ee6bb5c7a9f6c67f1dbc4f41a62d7b9738259a2?s=96&d=mm&r=g","caption":"mktmotorpor"},"url":"https:\/\/motorpor.pt\/fr\/user\/mktmotorpor\/"}]}},"_links":{"self":[{"href":"https:\/\/motorpor.pt\/fr\/wp-json\/wp\/v2\/posts\/94530","targetHints":{"allow":["GET"]}}],"collection":[{"href":"https:\/\/motorpor.pt\/fr\/wp-json\/wp\/v2\/posts"}],"about":[{"href":"https:\/\/motorpor.pt\/fr\/wp-json\/wp\/v2\/types\/post"}],"author":[{"embeddable":true,"href":"https:\/\/motorpor.pt\/fr\/wp-json\/wp\/v2\/users\/85"}],"replies":[{"embeddable":true,"href":"https:\/\/motorpor.pt\/fr\/wp-json\/wp\/v2\/comments?post=94530"}],"version-history":[{"count":0,"href":"https:\/\/motorpor.pt\/fr\/wp-json\/wp\/v2\/posts\/94530\/revisions"}],"wp:featuredmedia":[{"embeddable":true,"href":"https:\/\/motorpor.pt\/fr\/wp-json\/wp\/v2\/media\/94528"}],"wp:attachment":[{"href":"https:\/\/motorpor.pt\/fr\/wp-json\/wp\/v2\/media?parent=94530"}],"wp:term":[{"taxonomy":"category","embeddable":true,"href":"https:\/\/motorpor.pt\/fr\/wp-json\/wp\/v2\/categories?post=94530"},{"taxonomy":"post_tag","embeddable":true,"href":"https:\/\/motorpor.pt\/fr\/wp-json\/wp\/v2\/tags?post=94530"}],"curies":[{"name":"wp","href":"https:\/\/api.w.org\/{rel}","templated":true}]}}