{"id":95025,"date":"2024-10-03T14:21:46","date_gmt":"2024-10-03T13:21:46","guid":{"rendered":"https:\/\/motorpor.pt\/peugeot-e-408-o-novo-fastback-eletrico-com-157-kw-210-cv-e-bateria-de-582-kwh\/"},"modified":"2024-10-03T17:13:55","modified_gmt":"2024-10-03T16:13:55","slug":"peugeot-e-408-o-novo-fastback-eletrico-com-157-kw-210-cv-e-bateria-de-582-kwh","status":"publish","type":"post","link":"https:\/\/motorpor.pt\/fr\/peugeot-e-408-o-novo-fastback-eletrico-com-157-kw-210-cv-e-bateria-de-582-kwh\/","title":{"rendered":"PEUGEOT E-408: O NOVO FASTBACK EL\u00c9TRICO"},"content":{"rendered":"<h3><strong>A PEUGEOT expande a sua gama de ve\u00edculos el\u00e9tricos com o lan\u00e7amento do PEUGEOT E-408, a vers\u00e3o 100% el\u00e9trica do modelo 408, complementando a introdu\u00e7\u00e3o da vers\u00e3o h\u00edbrida plug-in em 2022.<\/strong><\/h3>\n<p>\u00a0<\/p>\n<h2><strong>Desempenho e Autonomia do E-408<\/strong><\/h2>\n<p>\u00a0<\/p>\n<p>O novo <strong>E-408<\/strong> combina a eleg\u00e2ncia da silhueta fastback com a efici\u00eancia de zero emiss\u00f5es. Equipado com um motor potente de <strong>157 kW (210 CV)<\/strong> e uma bateria de <strong>58,2 kWh<\/strong>, o ve\u00edculo oferece uma autonomia de at\u00e9 <strong>453 km<\/strong>. O carregamento \u00e9 simplificado por meio de um planeador de viagens integrado, proporcionando uma experi\u00eancia de condu\u00e7\u00e3o el\u00e9trica mais conveniente e agrad\u00e1vel.<\/p>\n<p>A <strong>PEUGEOT<\/strong> garante a tranquilidade dos seus clientes ao oferecer uma garantia de <strong>8 anos ou 160.000 km<\/strong> para o <strong>E-408<\/strong>, por meio do seu programa <strong>ALLURE CARE<\/strong>.<\/p>\n<p>As encomendas do <strong>PEUGEOT E-408<\/strong> come\u00e7am hoje, com as primeiras unidades chegando a Portugal em <strong>janeiro do pr\u00f3ximo ano<\/strong>.<\/p>\n<p>\u00a0<\/p>\n<p><a href=\"https:\/\/motorpor.pt\/wp-content\/uploads\/2024\/10\/PEUGEOT_E408_2405CV_200-1536x888-1.jpg\"><img fetchpriority=\"high\" decoding=\"async\" class=\"alignleft size-full wp-image-95033\" src=\"https:\/\/motorpor.pt\/wp-content\/uploads\/2024\/10\/PEUGEOT_E408_2405CV_200-1536x888-1.jpg\" alt=\"\" width=\"1536\" height=\"888\" srcset=\"https:\/\/motorpor.pt\/wp-content\/uploads\/2024\/10\/PEUGEOT_E408_2405CV_200-1536x888-1.jpg 1536w, https:\/\/motorpor.pt\/wp-content\/uploads\/2024\/10\/PEUGEOT_E408_2405CV_200-1536x888-1-300x173.jpg 300w, https:\/\/motorpor.pt\/wp-content\/uploads\/2024\/10\/PEUGEOT_E408_2405CV_200-1536x888-1-1024x592.jpg 1024w, https:\/\/motorpor.pt\/wp-content\/uploads\/2024\/10\/PEUGEOT_E408_2405CV_200-1536x888-1-768x444.jpg 768w, https:\/\/motorpor.pt\/wp-content\/uploads\/2024\/10\/PEUGEOT_E408_2405CV_200-1536x888-1-18x10.jpg 18w, https:\/\/motorpor.pt\/wp-content\/uploads\/2024\/10\/PEUGEOT_E408_2405CV_200-1536x888-1-200x116.jpg 200w, https:\/\/motorpor.pt\/wp-content\/uploads\/2024\/10\/PEUGEOT_E408_2405CV_200-1536x888-1-165x95.jpg 165w\" sizes=\"(max-width: 1536px) 100vw, 1536px\" \/><\/a><\/p>\n<h2><\/h2>\n<h2><\/h2>\n<h2><\/h2>\n<h2><strong><\/p>\n<p><\/strong><\/h2>\n<h2><strong>Design e Inova\u00e7\u00e3o<\/strong><\/h2>\n<p>\u00a0<\/p>\n<p>O design fastback inovador do <strong>E-408<\/strong> oferece uma proposta \u00fanica no mercado, unindo estilo e funcionalidade. A silhueta destaca-se pela postura felina, linhas din\u00e2micas e sofistica\u00e7\u00e3o nos detalhes.<\/p>\n<p>Este modelo apresenta uma plataforma <strong>multienerg\u00e9tica E-EMP2<\/strong>, permitindo a eletrifica\u00e7\u00e3o total sem comprometer o conforto interior ou a din\u00e2mica de condu\u00e7\u00e3o. A experi\u00eancia de condu\u00e7\u00e3o 100% el\u00e9trica \u00e9 real\u00e7ada pelo <strong>PEUGEOT i-Cockpit\u00ae<\/strong>, que proporciona uma intera\u00e7\u00e3o intuitiva.<\/p>\n<p>Com 13 modelos de passageiros e comerciais ligeiros, a <strong>PEUGEOT<\/strong> \u00e9 o fabricante com a gama de ve\u00edculos el\u00e9tricos mais extensa no mercado europeu.<\/p>\n<p>\u00a0<\/p>\n<div id='gallery-1' class='gallery galleryid-95025 gallery-columns-3 gallery-size-full'><figure class='gallery-item'>\n\t\t\t<div class='gallery-icon landscape'>\n\t\t\t\t<a href='https:\/\/motorpor.pt\/fr\/peugeot-e-408-840-4\/'><img decoding=\"async\" width=\"840\" height=\"473\" src=\"https:\/\/motorpor.pt\/wp-content\/uploads\/2024\/10\/PEUGEOT-E-408-840-4.jpg\" class=\"attachment-full size-full\" alt=\"\" srcset=\"https:\/\/motorpor.pt\/wp-content\/uploads\/2024\/10\/PEUGEOT-E-408-840-4.jpg 840w, https:\/\/motorpor.pt\/wp-content\/uploads\/2024\/10\/PEUGEOT-E-408-840-4-300x169.jpg 300w, https:\/\/motorpor.pt\/wp-content\/uploads\/2024\/10\/PEUGEOT-E-408-840-4-768x432.jpg 768w, https:\/\/motorpor.pt\/wp-content\/uploads\/2024\/10\/PEUGEOT-E-408-840-4-18x10.jpg 18w, https:\/\/motorpor.pt\/wp-content\/uploads\/2024\/10\/PEUGEOT-E-408-840-4-200x113.jpg 200w, https:\/\/motorpor.pt\/wp-content\/uploads\/2024\/10\/PEUGEOT-E-408-840-4-167x93.jpg 167w, https:\/\/motorpor.pt\/wp-content\/uploads\/2024\/10\/PEUGEOT-E-408-840-4-165x93.jpg 165w\" sizes=\"(max-width: 840px) 100vw, 840px\" \/><\/a>\n\t\t\t<\/div><\/figure><figure class='gallery-item'>\n\t\t\t<div class='gallery-icon landscape'>\n\t\t\t\t<a href='https:\/\/motorpor.pt\/fr\/peugeot-e-408-2025-014-20241002183807-1600x1066\/'><img decoding=\"async\" width=\"1600\" height=\"1066\" src=\"https:\/\/motorpor.pt\/wp-content\/uploads\/2024\/10\/peugeot-e-408-2025-014-20241002183807-1600x1066-1.jpg\" class=\"attachment-full size-full\" alt=\"\" srcset=\"https:\/\/motorpor.pt\/wp-content\/uploads\/2024\/10\/peugeot-e-408-2025-014-20241002183807-1600x1066-1.jpg 1600w, https:\/\/motorpor.pt\/wp-content\/uploads\/2024\/10\/peugeot-e-408-2025-014-20241002183807-1600x1066-1-300x200.jpg 300w, https:\/\/motorpor.pt\/wp-content\/uploads\/2024\/10\/peugeot-e-408-2025-014-20241002183807-1600x1066-1-1024x682.jpg 1024w, https:\/\/motorpor.pt\/wp-content\/uploads\/2024\/10\/peugeot-e-408-2025-014-20241002183807-1600x1066-1-768x512.jpg 768w, https:\/\/motorpor.pt\/wp-content\/uploads\/2024\/10\/peugeot-e-408-2025-014-20241002183807-1600x1066-1-1536x1023.jpg 1536w, https:\/\/motorpor.pt\/wp-content\/uploads\/2024\/10\/peugeot-e-408-2025-014-20241002183807-1600x1066-1-18x12.jpg 18w, https:\/\/motorpor.pt\/wp-content\/uploads\/2024\/10\/peugeot-e-408-2025-014-20241002183807-1600x1066-1-200x133.jpg 200w, https:\/\/motorpor.pt\/wp-content\/uploads\/2024\/10\/peugeot-e-408-2025-014-20241002183807-1600x1066-1-165x110.jpg 165w\" sizes=\"(max-width: 1600px) 100vw, 1600px\" \/><\/a>\n\t\t\t<\/div><\/figure><figure class='gallery-item'>\n\t\t\t<div class='gallery-icon landscape'>\n\t\t\t\t<a href='https:\/\/motorpor.pt\/fr\/peugeot_e408_2405cv_130\/'><img loading=\"lazy\" decoding=\"async\" width=\"1800\" height=\"1035\" src=\"https:\/\/motorpor.pt\/wp-content\/uploads\/2024\/10\/PEUGEOT_E408_2405CV_130.jpg\" class=\"attachment-full size-full\" alt=\"\" srcset=\"https:\/\/motorpor.pt\/wp-content\/uploads\/2024\/10\/PEUGEOT_E408_2405CV_130.jpg 1800w, https:\/\/motorpor.pt\/wp-content\/uploads\/2024\/10\/PEUGEOT_E408_2405CV_130-300x173.jpg 300w, https:\/\/motorpor.pt\/wp-content\/uploads\/2024\/10\/PEUGEOT_E408_2405CV_130-1024x589.jpg 1024w, https:\/\/motorpor.pt\/wp-content\/uploads\/2024\/10\/PEUGEOT_E408_2405CV_130-768x442.jpg 768w, https:\/\/motorpor.pt\/wp-content\/uploads\/2024\/10\/PEUGEOT_E408_2405CV_130-1536x883.jpg 1536w, https:\/\/motorpor.pt\/wp-content\/uploads\/2024\/10\/PEUGEOT_E408_2405CV_130-18x10.jpg 18w, https:\/\/motorpor.pt\/wp-content\/uploads\/2024\/10\/PEUGEOT_E408_2405CV_130-200x115.jpg 200w, https:\/\/motorpor.pt\/wp-content\/uploads\/2024\/10\/PEUGEOT_E408_2405CV_130-165x95.jpg 165w\" sizes=\"(max-width: 1800px) 100vw, 1800px\" \/><\/a>\n\t\t\t<\/div><\/figure>\n\t\t<\/div>\n\n<h2><\/h2>\n<h2><strong>Conectividade e seguran\u00e7a<\/strong><\/h2>\n<p>\u00a0<\/p>\n<p>Equipado com um <strong>motor el\u00e9trico de 210 cv<\/strong> e 345 Nm, o <strong>E-408<\/strong> combina pot\u00eancia e prazer de condu\u00e7\u00e3o. O sistema P<strong>EUGEOT i-Connect\u00ae Advanced<\/strong> oferece navega\u00e7\u00e3o TomTom e atualiza\u00e7\u00f5es &#8220;over the air&#8221;. A fun\u00e7\u00e3o de &#8220;planeador de viagem&#8221; otimiza rotas, e a aplica\u00e7\u00e3o <strong>e-Routes<\/strong> ajuda a encontrar pontos de carregamento. Os <strong>i-toggles<\/strong> personaliz\u00e1veis permitem acesso r\u00e1pido a configura\u00e7\u00f5es e fun\u00e7\u00f5es, enquanto o comando de voz \u201cOK PEUGEOT\u201d integra a<strong> intelig\u00eancia artificial ChatGPT<\/strong> para assist\u00eancia durante a condu\u00e7\u00e3o.<\/p>\n<p>Com uma aerodin\u00e2mica aprimorada e uma bateria de 58,2 kWh, o E-408 tem uma autonomia de at\u00e9 <strong>453 km<\/strong>. A travagem regenerativa e os modos de condu\u00e7\u00e3o (Normal, Sport e ECO) proporcionam flexibilidade e efici\u00eancia. O<strong> E-408<\/strong> est\u00e1 equipado com tecnologias avan\u00e7adas de assist\u00eancia ao condutor, como controlo de velocidade de cruzeiro adaptativo e travagem autom\u00e1tica de emerg\u00eancia.<\/p>\n<p>\u00a0<\/p>\n<div id='gallery-2' class='gallery galleryid-95025 gallery-columns-3 gallery-size-full'><figure class='gallery-item'>\n\t\t\t<div class='gallery-icon landscape'>\n\t\t\t\t<a href='https:\/\/motorpor.pt\/wp-content\/uploads\/2024\/10\/PEUGEOT_E408_2405CV_300.jpg'><img loading=\"lazy\" decoding=\"async\" width=\"1800\" height=\"1200\" src=\"https:\/\/motorpor.pt\/wp-content\/uploads\/2024\/10\/PEUGEOT_E408_2405CV_300.jpg\" class=\"attachment-full size-full\" alt=\"\" srcset=\"https:\/\/motorpor.pt\/wp-content\/uploads\/2024\/10\/PEUGEOT_E408_2405CV_300.jpg 1800w, https:\/\/motorpor.pt\/wp-content\/uploads\/2024\/10\/PEUGEOT_E408_2405CV_300-300x200.jpg 300w, https:\/\/motorpor.pt\/wp-content\/uploads\/2024\/10\/PEUGEOT_E408_2405CV_300-1024x683.jpg 1024w, https:\/\/motorpor.pt\/wp-content\/uploads\/2024\/10\/PEUGEOT_E408_2405CV_300-768x512.jpg 768w, https:\/\/motorpor.pt\/wp-content\/uploads\/2024\/10\/PEUGEOT_E408_2405CV_300-1536x1024.jpg 1536w, https:\/\/motorpor.pt\/wp-content\/uploads\/2024\/10\/PEUGEOT_E408_2405CV_300-18x12.jpg 18w, https:\/\/motorpor.pt\/wp-content\/uploads\/2024\/10\/PEUGEOT_E408_2405CV_300-200x133.jpg 200w, https:\/\/motorpor.pt\/wp-content\/uploads\/2024\/10\/PEUGEOT_E408_2405CV_300-165x110.jpg 165w\" sizes=\"(max-width: 1800px) 100vw, 1800px\" \/><\/a>\n\t\t\t<\/div><\/figure><figure class='gallery-item'>\n\t\t\t<div class='gallery-icon landscape'>\n\t\t\t\t<a href='https:\/\/motorpor.pt\/wp-content\/uploads\/2024\/10\/peugeot-e-408-2025-012-20241002183807-1600x1067-1.jpg'><img loading=\"lazy\" decoding=\"async\" width=\"1600\" height=\"1067\" src=\"https:\/\/motorpor.pt\/wp-content\/uploads\/2024\/10\/peugeot-e-408-2025-012-20241002183807-1600x1067-1.jpg\" class=\"attachment-full size-full\" alt=\"\" srcset=\"https:\/\/motorpor.pt\/wp-content\/uploads\/2024\/10\/peugeot-e-408-2025-012-20241002183807-1600x1067-1.jpg 1600w, https:\/\/motorpor.pt\/wp-content\/uploads\/2024\/10\/peugeot-e-408-2025-012-20241002183807-1600x1067-1-300x200.jpg 300w, https:\/\/motorpor.pt\/wp-content\/uploads\/2024\/10\/peugeot-e-408-2025-012-20241002183807-1600x1067-1-1024x683.jpg 1024w, https:\/\/motorpor.pt\/wp-content\/uploads\/2024\/10\/peugeot-e-408-2025-012-20241002183807-1600x1067-1-768x512.jpg 768w, https:\/\/motorpor.pt\/wp-content\/uploads\/2024\/10\/peugeot-e-408-2025-012-20241002183807-1600x1067-1-1536x1024.jpg 1536w, https:\/\/motorpor.pt\/wp-content\/uploads\/2024\/10\/peugeot-e-408-2025-012-20241002183807-1600x1067-1-18x12.jpg 18w, https:\/\/motorpor.pt\/wp-content\/uploads\/2024\/10\/peugeot-e-408-2025-012-20241002183807-1600x1067-1-200x133.jpg 200w, https:\/\/motorpor.pt\/wp-content\/uploads\/2024\/10\/peugeot-e-408-2025-012-20241002183807-1600x1067-1-165x110.jpg 165w\" sizes=\"(max-width: 1600px) 100vw, 1600px\" \/><\/a>\n\t\t\t<\/div><\/figure><figure class='gallery-item'>\n\t\t\t<div class='gallery-icon landscape'>\n\t\t\t\t<a href='https:\/\/motorpor.pt\/wp-content\/uploads\/2024\/10\/peugeot-e-408-2025-011-20241002183806-1600x1067-1.jpg'><img loading=\"lazy\" decoding=\"async\" width=\"1600\" height=\"1067\" src=\"https:\/\/motorpor.pt\/wp-content\/uploads\/2024\/10\/peugeot-e-408-2025-011-20241002183806-1600x1067-1.jpg\" class=\"attachment-full size-full\" alt=\"\" srcset=\"https:\/\/motorpor.pt\/wp-content\/uploads\/2024\/10\/peugeot-e-408-2025-011-20241002183806-1600x1067-1.jpg 1600w, https:\/\/motorpor.pt\/wp-content\/uploads\/2024\/10\/peugeot-e-408-2025-011-20241002183806-1600x1067-1-300x200.jpg 300w, https:\/\/motorpor.pt\/wp-content\/uploads\/2024\/10\/peugeot-e-408-2025-011-20241002183806-1600x1067-1-1024x683.jpg 1024w, https:\/\/motorpor.pt\/wp-content\/uploads\/2024\/10\/peugeot-e-408-2025-011-20241002183806-1600x1067-1-768x512.jpg 768w, https:\/\/motorpor.pt\/wp-content\/uploads\/2024\/10\/peugeot-e-408-2025-011-20241002183806-1600x1067-1-1536x1024.jpg 1536w, https:\/\/motorpor.pt\/wp-content\/uploads\/2024\/10\/peugeot-e-408-2025-011-20241002183806-1600x1067-1-18x12.jpg 18w, https:\/\/motorpor.pt\/wp-content\/uploads\/2024\/10\/peugeot-e-408-2025-011-20241002183806-1600x1067-1-200x133.jpg 200w, https:\/\/motorpor.pt\/wp-content\/uploads\/2024\/10\/peugeot-e-408-2025-011-20241002183806-1600x1067-1-165x110.jpg 165w\" sizes=\"(max-width: 1600px) 100vw, 1600px\" \/><\/a>\n\t\t\t<\/div><\/figure>\n\t\t<\/div>\n\n<h2><\/h2>\n<h2><strong>Dimens\u00f5es e Interior Aconchegante<\/strong><\/h2>\n<p>\u00a0<\/p>\n<p>Com dimens\u00f5es de <strong>4,69 m de comprimento<\/strong> e <strong>1,85 m de largura<\/strong>, o <strong>E-408<\/strong> oferece um interior espa\u00e7oso e confort\u00e1vel, mesmo com uma altura de apenas <strong>1,49 m<\/strong>, o que melhora a aerodin\u00e2mica.<\/p>\n<p>O interior do E-408 \u00e9 projetado para conforto, com<strong> ilumina\u00e7\u00e3o LED personaliz\u00e1vel e materiais de alta qualidade<\/strong>. Os bancos s\u00e3o ergonomicamente projetados e podem incluir massagens. O espa\u00e7o traseiro \u00e9 generoso, com 183 mm de espa\u00e7o para as pernas. A bagageira oferece 471 dm\u00b3 e pode ser expandida para 1.545 dm\u00b3 com os bancos rebatidos.<\/p>\n<h2><a href=\"https:\/\/motorpor.pt\/wp-content\/uploads\/2024\/10\/Showroom_408_D_Emotion_2.jpg\"><img loading=\"lazy\" decoding=\"async\" class=\"alignleft size-full wp-image-95013\" src=\"https:\/\/motorpor.pt\/wp-content\/uploads\/2024\/10\/Showroom_408_D_Emotion_2.jpg\" alt=\"\" width=\"1920\" height=\"1084\" srcset=\"https:\/\/motorpor.pt\/wp-content\/uploads\/2024\/10\/Showroom_408_D_Emotion_2.jpg 1920w, https:\/\/motorpor.pt\/wp-content\/uploads\/2024\/10\/Showroom_408_D_Emotion_2-300x169.jpg 300w, https:\/\/motorpor.pt\/wp-content\/uploads\/2024\/10\/Showroom_408_D_Emotion_2-1024x578.jpg 1024w, https:\/\/motorpor.pt\/wp-content\/uploads\/2024\/10\/Showroom_408_D_Emotion_2-768x434.jpg 768w, https:\/\/motorpor.pt\/wp-content\/uploads\/2024\/10\/Showroom_408_D_Emotion_2-1536x867.jpg 1536w, https:\/\/motorpor.pt\/wp-content\/uploads\/2024\/10\/Showroom_408_D_Emotion_2-18x10.jpg 18w, https:\/\/motorpor.pt\/wp-content\/uploads\/2024\/10\/Showroom_408_D_Emotion_2-200x113.jpg 200w, https:\/\/motorpor.pt\/wp-content\/uploads\/2024\/10\/Showroom_408_D_Emotion_2-167x93.jpg 167w, https:\/\/motorpor.pt\/wp-content\/uploads\/2024\/10\/Showroom_408_D_Emotion_2-165x93.jpg 165w\" sizes=\"(max-width: 1920px) 100vw, 1920px\" \/><\/a><\/h2>\n<h2><\/h2>\n<h2><\/h2>\n<h2><\/h2>\n<h2><strong><br \/>\nVers\u00f5es e Pre\u00e7os<\/strong><\/h2>\n<p>\u00a0<\/p>\n<p>Dispon\u00edvel nas vers\u00f5es<strong> Allure e GT<\/strong>, o E-408 <strong>Allure<\/strong> inicia a partir de <strong>45.395\u20ac<\/strong>, enquanto o<strong> GT<\/strong> come\u00e7a em <strong>48.205\u20ac<\/strong>. Os pre\u00e7os promocionais v\u00e1lidos at\u00e9 novembro s\u00e3o de 43.395\u20ac e 45.205\u20ac, respectivamente.<\/p>","protected":false},"excerpt":{"rendered":"<p>A PEUGEOT expande a sua gama de ve\u00edculos el\u00e9tricos com o lan\u00e7amento do PEUGEOT E-408, a vers\u00e3o 100% el\u00e9trica do modelo 408, complementando a introdu\u00e7\u00e3o da vers\u00e3o h\u00edbrida plug-in em 2022. \u00a0 Desempenho e Autonomia do E-408 \u00a0 O novo E-408 combina a eleg\u00e2ncia da silhueta fastback com a efici\u00eancia de zero emiss\u00f5es. Equipado com [&hellip;]<\/p>\n","protected":false},"author":85,"featured_media":95031,"comment_status":"closed","ping_status":"open","sticky":false,"template":"","format":"standard","meta":{"_acf_changed":false,"footnotes":""},"categories":[2595,2592,3087],"tags":[],"class_list":["post-95025","post","type-post","status-publish","format-standard","has-post-thumbnail","hentry","category-atualidade","category-noticias","category-noticias-citroen"],"acf":[],"yoast_head":"<!-- This site is optimized with the Yoast SEO plugin v27.5 - https:\/\/yoast.com\/product\/yoast-seo-wordpress\/ -->\n<title>PEUGEOT E-408: O NOVO FASTBACK EL\u00c9TRICO - Motorpor<\/title>\n<meta name=\"robots\" content=\"index, follow, max-snippet:-1, max-image-preview:large, max-video-preview:-1\" \/>\n<link rel=\"canonical\" href=\"https:\/\/motorpor.pt\/fr\/peugeot-e-408-o-novo-fastback-eletrico-com-157-kw-210-cv-e-bateria-de-582-kwh\/\" \/>\n<meta property=\"og:locale\" content=\"fr_FR\" \/>\n<meta property=\"og:type\" content=\"article\" \/>\n<meta property=\"og:title\" content=\"PEUGEOT E-408: O NOVO FASTBACK EL\u00c9TRICO - Motorpor\" \/>\n<meta property=\"og:description\" content=\"A PEUGEOT expande a sua gama de ve\u00edculos el\u00e9tricos com o lan\u00e7amento do PEUGEOT E-408, a vers\u00e3o 100% el\u00e9trica do modelo 408, complementando a introdu\u00e7\u00e3o da vers\u00e3o h\u00edbrida plug-in em 2022. \u00a0 Desempenho e Autonomia do E-408 \u00a0 O novo E-408 combina a eleg\u00e2ncia da silhueta fastback com a efici\u00eancia de zero emiss\u00f5es. Equipado com [&hellip;]\" \/>\n<meta property=\"og:url\" content=\"https:\/\/motorpor.pt\/fr\/peugeot-e-408-o-novo-fastback-eletrico-com-157-kw-210-cv-e-bateria-de-582-kwh\/\" \/>\n<meta property=\"og:site_name\" content=\"Motorpor\" \/>\n<meta property=\"article:published_time\" content=\"2024-10-03T13:21:46+00:00\" \/>\n<meta property=\"article:modified_time\" content=\"2024-10-03T16:13:55+00:00\" \/>\n<meta property=\"og:image\" content=\"https:\/\/motorpor.pt\/wp-content\/uploads\/2024\/10\/PEUGEOT_E408_2405CV_150-1.jpg\" \/>\n\t<meta property=\"og:image:width\" content=\"1800\" \/>\n\t<meta property=\"og:image:height\" content=\"1190\" \/>\n\t<meta property=\"og:image:type\" content=\"image\/jpeg\" \/>\n<meta name=\"author\" content=\"mktmotorpor\" \/>\n<meta name=\"twitter:card\" content=\"summary_large_image\" \/>\n<meta name=\"twitter:label1\" content=\"\u00c9crit par\" \/>\n\t<meta name=\"twitter:data1\" content=\"mktmotorpor\" \/>\n\t<meta name=\"twitter:label2\" content=\"Dur\u00e9e de lecture estim\u00e9e\" \/>\n\t<meta name=\"twitter:data2\" content=\"3 minutes\" \/>\n<script type=\"application\/ld+json\" class=\"yoast-schema-graph\">{\"@context\":\"https:\\\/\\\/schema.org\",\"@graph\":[{\"@type\":\"Article\",\"@id\":\"https:\\\/\\\/motorpor.pt\\\/peugeot-e-408-o-novo-fastback-eletrico-com-157-kw-210-cv-e-bateria-de-582-kwh\\\/#article\",\"isPartOf\":{\"@id\":\"https:\\\/\\\/motorpor.pt\\\/peugeot-e-408-o-novo-fastback-eletrico-com-157-kw-210-cv-e-bateria-de-582-kwh\\\/\"},\"author\":{\"name\":\"mktmotorpor\",\"@id\":\"https:\\\/\\\/motorpor.pt\\\/#\\\/schema\\\/person\\\/b4bf07144e88efed7388a5af30522db7\"},\"headline\":\"PEUGEOT E-408: O NOVO FASTBACK EL\u00c9TRICO\",\"datePublished\":\"2024-10-03T13:21:46+00:00\",\"dateModified\":\"2024-10-03T16:13:55+00:00\",\"mainEntityOfPage\":{\"@id\":\"https:\\\/\\\/motorpor.pt\\\/peugeot-e-408-o-novo-fastback-eletrico-com-157-kw-210-cv-e-bateria-de-582-kwh\\\/\"},\"wordCount\":561,\"publisher\":{\"@id\":\"https:\\\/\\\/motorpor.pt\\\/#organization\"},\"image\":{\"@id\":\"https:\\\/\\\/motorpor.pt\\\/peugeot-e-408-o-novo-fastback-eletrico-com-157-kw-210-cv-e-bateria-de-582-kwh\\\/#primaryimage\"},\"thumbnailUrl\":\"https:\\\/\\\/motorpor.pt\\\/wp-content\\\/uploads\\\/2024\\\/10\\\/PEUGEOT_E408_2405CV_150-1.jpg\",\"articleSection\":[\"Atualidade\",\"Not\u00edcias\",\"Not\u00edcias Citro\u00ebn\"],\"inLanguage\":\"fr-FR\"},{\"@type\":\"WebPage\",\"@id\":\"https:\\\/\\\/motorpor.pt\\\/peugeot-e-408-o-novo-fastback-eletrico-com-157-kw-210-cv-e-bateria-de-582-kwh\\\/\",\"url\":\"https:\\\/\\\/motorpor.pt\\\/peugeot-e-408-o-novo-fastback-eletrico-com-157-kw-210-cv-e-bateria-de-582-kwh\\\/\",\"name\":\"PEUGEOT E-408: O NOVO FASTBACK EL\u00c9TRICO - Motorpor\",\"isPartOf\":{\"@id\":\"https:\\\/\\\/motorpor.pt\\\/#website\"},\"primaryImageOfPage\":{\"@id\":\"https:\\\/\\\/motorpor.pt\\\/peugeot-e-408-o-novo-fastback-eletrico-com-157-kw-210-cv-e-bateria-de-582-kwh\\\/#primaryimage\"},\"image\":{\"@id\":\"https:\\\/\\\/motorpor.pt\\\/peugeot-e-408-o-novo-fastback-eletrico-com-157-kw-210-cv-e-bateria-de-582-kwh\\\/#primaryimage\"},\"thumbnailUrl\":\"https:\\\/\\\/motorpor.pt\\\/wp-content\\\/uploads\\\/2024\\\/10\\\/PEUGEOT_E408_2405CV_150-1.jpg\",\"datePublished\":\"2024-10-03T13:21:46+00:00\",\"dateModified\":\"2024-10-03T16:13:55+00:00\",\"breadcrumb\":{\"@id\":\"https:\\\/\\\/motorpor.pt\\\/peugeot-e-408-o-novo-fastback-eletrico-com-157-kw-210-cv-e-bateria-de-582-kwh\\\/#breadcrumb\"},\"inLanguage\":\"fr-FR\",\"potentialAction\":[{\"@type\":\"ReadAction\",\"target\":[\"https:\\\/\\\/motorpor.pt\\\/peugeot-e-408-o-novo-fastback-eletrico-com-157-kw-210-cv-e-bateria-de-582-kwh\\\/\"]}]},{\"@type\":\"ImageObject\",\"inLanguage\":\"fr-FR\",\"@id\":\"https:\\\/\\\/motorpor.pt\\\/peugeot-e-408-o-novo-fastback-eletrico-com-157-kw-210-cv-e-bateria-de-582-kwh\\\/#primaryimage\",\"url\":\"https:\\\/\\\/motorpor.pt\\\/wp-content\\\/uploads\\\/2024\\\/10\\\/PEUGEOT_E408_2405CV_150-1.jpg\",\"contentUrl\":\"https:\\\/\\\/motorpor.pt\\\/wp-content\\\/uploads\\\/2024\\\/10\\\/PEUGEOT_E408_2405CV_150-1.jpg\",\"width\":1800,\"height\":1190},{\"@type\":\"BreadcrumbList\",\"@id\":\"https:\\\/\\\/motorpor.pt\\\/peugeot-e-408-o-novo-fastback-eletrico-com-157-kw-210-cv-e-bateria-de-582-kwh\\\/#breadcrumb\",\"itemListElement\":[{\"@type\":\"ListItem\",\"position\":1,\"name\":\"In\u00edcio\",\"item\":\"https:\\\/\\\/motorpor.pt\\\/\"},{\"@type\":\"ListItem\",\"position\":2,\"name\":\"PEUGEOT E-408: O NOVO FASTBACK EL\u00c9TRICO\"}]},{\"@type\":\"WebSite\",\"@id\":\"https:\\\/\\\/motorpor.pt\\\/#website\",\"url\":\"https:\\\/\\\/motorpor.pt\\\/\",\"name\":\"Motorpor\",\"description\":\"Comercio de Autom\u00f3veis Multimarcas\",\"publisher\":{\"@id\":\"https:\\\/\\\/motorpor.pt\\\/#organization\"},\"potentialAction\":[{\"@type\":\"SearchAction\",\"target\":{\"@type\":\"EntryPoint\",\"urlTemplate\":\"https:\\\/\\\/motorpor.pt\\\/?s={search_term_string}\"},\"query-input\":{\"@type\":\"PropertyValueSpecification\",\"valueRequired\":true,\"valueName\":\"search_term_string\"}}],\"inLanguage\":\"fr-FR\"},{\"@type\":\"Organization\",\"@id\":\"https:\\\/\\\/motorpor.pt\\\/#organization\",\"name\":\"Motorpor\",\"alternateName\":\"Motorpor\",\"url\":\"https:\\\/\\\/motorpor.pt\\\/\",\"logo\":{\"@type\":\"ImageObject\",\"inLanguage\":\"fr-FR\",\"@id\":\"https:\\\/\\\/motorpor.pt\\\/#\\\/schema\\\/logo\\\/image\\\/\",\"url\":\"https:\\\/\\\/motorpor.pt\\\/wp-content\\\/uploads\\\/2024\\\/07\\\/Logo-Motorpor-Preto.svg\",\"contentUrl\":\"https:\\\/\\\/motorpor.pt\\\/wp-content\\\/uploads\\\/2024\\\/07\\\/Logo-Motorpor-Preto.svg\",\"width\":493,\"height\":93,\"caption\":\"Motorpor\"},\"image\":{\"@id\":\"https:\\\/\\\/motorpor.pt\\\/#\\\/schema\\\/logo\\\/image\\\/\"},\"sameAs\":[\"https:\\\/\\\/www.linkedin.com\\\/company\\\/grupo-motorpor\"]},{\"@type\":\"Person\",\"@id\":\"https:\\\/\\\/motorpor.pt\\\/#\\\/schema\\\/person\\\/b4bf07144e88efed7388a5af30522db7\",\"name\":\"mktmotorpor\",\"image\":{\"@type\":\"ImageObject\",\"inLanguage\":\"fr-FR\",\"@id\":\"https:\\\/\\\/secure.gravatar.com\\\/avatar\\\/8418b61b3175dbba0a8744cf0ee6bb5c7a9f6c67f1dbc4f41a62d7b9738259a2?s=96&d=mm&r=g\",\"url\":\"https:\\\/\\\/secure.gravatar.com\\\/avatar\\\/8418b61b3175dbba0a8744cf0ee6bb5c7a9f6c67f1dbc4f41a62d7b9738259a2?s=96&d=mm&r=g\",\"contentUrl\":\"https:\\\/\\\/secure.gravatar.com\\\/avatar\\\/8418b61b3175dbba0a8744cf0ee6bb5c7a9f6c67f1dbc4f41a62d7b9738259a2?s=96&d=mm&r=g\",\"caption\":\"mktmotorpor\"},\"url\":\"https:\\\/\\\/motorpor.pt\\\/fr\\\/user\\\/mktmotorpor\\\/\"}]}<\/script>\n<!-- \/ Yoast SEO plugin. -->","yoast_head_json":{"title":"PEUGEOT E-408: O NOVO FASTBACK EL\u00c9TRICO - Motorpor","robots":{"index":"index","follow":"follow","max-snippet":"max-snippet:-1","max-image-preview":"max-image-preview:large","max-video-preview":"max-video-preview:-1"},"canonical":"https:\/\/motorpor.pt\/fr\/peugeot-e-408-o-novo-fastback-eletrico-com-157-kw-210-cv-e-bateria-de-582-kwh\/","og_locale":"fr_FR","og_type":"article","og_title":"PEUGEOT E-408: O NOVO FASTBACK EL\u00c9TRICO - Motorpor","og_description":"A PEUGEOT expande a sua gama de ve\u00edculos el\u00e9tricos com o lan\u00e7amento do PEUGEOT E-408, a vers\u00e3o 100% el\u00e9trica do modelo 408, complementando a introdu\u00e7\u00e3o da vers\u00e3o h\u00edbrida plug-in em 2022. \u00a0 Desempenho e Autonomia do E-408 \u00a0 O novo E-408 combina a eleg\u00e2ncia da silhueta fastback com a efici\u00eancia de zero emiss\u00f5es. Equipado com [&hellip;]","og_url":"https:\/\/motorpor.pt\/fr\/peugeot-e-408-o-novo-fastback-eletrico-com-157-kw-210-cv-e-bateria-de-582-kwh\/","og_site_name":"Motorpor","article_published_time":"2024-10-03T13:21:46+00:00","article_modified_time":"2024-10-03T16:13:55+00:00","og_image":[{"width":1800,"height":1190,"url":"https:\/\/motorpor.pt\/wp-content\/uploads\/2024\/10\/PEUGEOT_E408_2405CV_150-1.jpg","type":"image\/jpeg"}],"author":"mktmotorpor","twitter_card":"summary_large_image","twitter_misc":{"\u00c9crit par":"mktmotorpor","Dur\u00e9e de lecture estim\u00e9e":"3 minutes"},"schema":{"@context":"https:\/\/schema.org","@graph":[{"@type":"Article","@id":"https:\/\/motorpor.pt\/peugeot-e-408-o-novo-fastback-eletrico-com-157-kw-210-cv-e-bateria-de-582-kwh\/#article","isPartOf":{"@id":"https:\/\/motorpor.pt\/peugeot-e-408-o-novo-fastback-eletrico-com-157-kw-210-cv-e-bateria-de-582-kwh\/"},"author":{"name":"mktmotorpor","@id":"https:\/\/motorpor.pt\/#\/schema\/person\/b4bf07144e88efed7388a5af30522db7"},"headline":"PEUGEOT E-408: O NOVO FASTBACK EL\u00c9TRICO","datePublished":"2024-10-03T13:21:46+00:00","dateModified":"2024-10-03T16:13:55+00:00","mainEntityOfPage":{"@id":"https:\/\/motorpor.pt\/peugeot-e-408-o-novo-fastback-eletrico-com-157-kw-210-cv-e-bateria-de-582-kwh\/"},"wordCount":561,"publisher":{"@id":"https:\/\/motorpor.pt\/#organization"},"image":{"@id":"https:\/\/motorpor.pt\/peugeot-e-408-o-novo-fastback-eletrico-com-157-kw-210-cv-e-bateria-de-582-kwh\/#primaryimage"},"thumbnailUrl":"https:\/\/motorpor.pt\/wp-content\/uploads\/2024\/10\/PEUGEOT_E408_2405CV_150-1.jpg","articleSection":["Atualidade","Not\u00edcias","Not\u00edcias Citro\u00ebn"],"inLanguage":"fr-FR"},{"@type":"WebPage","@id":"https:\/\/motorpor.pt\/peugeot-e-408-o-novo-fastback-eletrico-com-157-kw-210-cv-e-bateria-de-582-kwh\/","url":"https:\/\/motorpor.pt\/peugeot-e-408-o-novo-fastback-eletrico-com-157-kw-210-cv-e-bateria-de-582-kwh\/","name":"PEUGEOT E-408: O NOVO FASTBACK EL\u00c9TRICO - Motorpor","isPartOf":{"@id":"https:\/\/motorpor.pt\/#website"},"primaryImageOfPage":{"@id":"https:\/\/motorpor.pt\/peugeot-e-408-o-novo-fastback-eletrico-com-157-kw-210-cv-e-bateria-de-582-kwh\/#primaryimage"},"image":{"@id":"https:\/\/motorpor.pt\/peugeot-e-408-o-novo-fastback-eletrico-com-157-kw-210-cv-e-bateria-de-582-kwh\/#primaryimage"},"thumbnailUrl":"https:\/\/motorpor.pt\/wp-content\/uploads\/2024\/10\/PEUGEOT_E408_2405CV_150-1.jpg","datePublished":"2024-10-03T13:21:46+00:00","dateModified":"2024-10-03T16:13:55+00:00","breadcrumb":{"@id":"https:\/\/motorpor.pt\/peugeot-e-408-o-novo-fastback-eletrico-com-157-kw-210-cv-e-bateria-de-582-kwh\/#breadcrumb"},"inLanguage":"fr-FR","potentialAction":[{"@type":"ReadAction","target":["https:\/\/motorpor.pt\/peugeot-e-408-o-novo-fastback-eletrico-com-157-kw-210-cv-e-bateria-de-582-kwh\/"]}]},{"@type":"ImageObject","inLanguage":"fr-FR","@id":"https:\/\/motorpor.pt\/peugeot-e-408-o-novo-fastback-eletrico-com-157-kw-210-cv-e-bateria-de-582-kwh\/#primaryimage","url":"https:\/\/motorpor.pt\/wp-content\/uploads\/2024\/10\/PEUGEOT_E408_2405CV_150-1.jpg","contentUrl":"https:\/\/motorpor.pt\/wp-content\/uploads\/2024\/10\/PEUGEOT_E408_2405CV_150-1.jpg","width":1800,"height":1190},{"@type":"BreadcrumbList","@id":"https:\/\/motorpor.pt\/peugeot-e-408-o-novo-fastback-eletrico-com-157-kw-210-cv-e-bateria-de-582-kwh\/#breadcrumb","itemListElement":[{"@type":"ListItem","position":1,"name":"In\u00edcio","item":"https:\/\/motorpor.pt\/"},{"@type":"ListItem","position":2,"name":"PEUGEOT E-408: O NOVO FASTBACK EL\u00c9TRICO"}]},{"@type":"WebSite","@id":"https:\/\/motorpor.pt\/#website","url":"https:\/\/motorpor.pt\/","name":"motorpor","description":"Comercio de Autom\u00f3veis Multimarcas","publisher":{"@id":"https:\/\/motorpor.pt\/#organization"},"potentialAction":[{"@type":"SearchAction","target":{"@type":"EntryPoint","urlTemplate":"https:\/\/motorpor.pt\/?s={search_term_string}"},"query-input":{"@type":"PropertyValueSpecification","valueRequired":true,"valueName":"search_term_string"}}],"inLanguage":"fr-FR"},{"@type":"Organization","@id":"https:\/\/motorpor.pt\/#organization","name":"motorpor","alternateName":"Motorpor","url":"https:\/\/motorpor.pt\/","logo":{"@type":"ImageObject","inLanguage":"fr-FR","@id":"https:\/\/motorpor.pt\/#\/schema\/logo\/image\/","url":"https:\/\/motorpor.pt\/wp-content\/uploads\/2024\/07\/Logo-Motorpor-Preto.svg","contentUrl":"https:\/\/motorpor.pt\/wp-content\/uploads\/2024\/07\/Logo-Motorpor-Preto.svg","width":493,"height":93,"caption":"Motorpor"},"image":{"@id":"https:\/\/motorpor.pt\/#\/schema\/logo\/image\/"},"sameAs":["https:\/\/www.linkedin.com\/company\/grupo-motorpor"]},{"@type":"Person","@id":"https:\/\/motorpor.pt\/#\/schema\/person\/b4bf07144e88efed7388a5af30522db7","name":"mktmotorpor","image":{"@type":"ImageObject","inLanguage":"fr-FR","@id":"https:\/\/secure.gravatar.com\/avatar\/8418b61b3175dbba0a8744cf0ee6bb5c7a9f6c67f1dbc4f41a62d7b9738259a2?s=96&d=mm&r=g","url":"https:\/\/secure.gravatar.com\/avatar\/8418b61b3175dbba0a8744cf0ee6bb5c7a9f6c67f1dbc4f41a62d7b9738259a2?s=96&d=mm&r=g","contentUrl":"https:\/\/secure.gravatar.com\/avatar\/8418b61b3175dbba0a8744cf0ee6bb5c7a9f6c67f1dbc4f41a62d7b9738259a2?s=96&d=mm&r=g","caption":"mktmotorpor"},"url":"https:\/\/motorpor.pt\/fr\/user\/mktmotorpor\/"}]}},"_links":{"self":[{"href":"https:\/\/motorpor.pt\/fr\/wp-json\/wp\/v2\/posts\/95025","targetHints":{"allow":["GET"]}}],"collection":[{"href":"https:\/\/motorpor.pt\/fr\/wp-json\/wp\/v2\/posts"}],"about":[{"href":"https:\/\/motorpor.pt\/fr\/wp-json\/wp\/v2\/types\/post"}],"author":[{"embeddable":true,"href":"https:\/\/motorpor.pt\/fr\/wp-json\/wp\/v2\/users\/85"}],"replies":[{"embeddable":true,"href":"https:\/\/motorpor.pt\/fr\/wp-json\/wp\/v2\/comments?post=95025"}],"version-history":[{"count":5,"href":"https:\/\/motorpor.pt\/fr\/wp-json\/wp\/v2\/posts\/95025\/revisions"}],"predecessor-version":[{"id":95047,"href":"https:\/\/motorpor.pt\/fr\/wp-json\/wp\/v2\/posts\/95025\/revisions\/95047"}],"wp:featuredmedia":[{"embeddable":true,"href":"https:\/\/motorpor.pt\/fr\/wp-json\/wp\/v2\/media\/95031"}],"wp:attachment":[{"href":"https:\/\/motorpor.pt\/fr\/wp-json\/wp\/v2\/media?parent=95025"}],"wp:term":[{"taxonomy":"category","embeddable":true,"href":"https:\/\/motorpor.pt\/fr\/wp-json\/wp\/v2\/categories?post=95025"},{"taxonomy":"post_tag","embeddable":true,"href":"https:\/\/motorpor.pt\/fr\/wp-json\/wp\/v2\/tags?post=95025"}],"curies":[{"name":"wp","href":"https:\/\/api.w.org\/{rel}","templated":true}]}}