{"id":98069,"date":"2024-10-21T11:34:57","date_gmt":"2024-10-21T10:34:57","guid":{"rendered":"https:\/\/motorpor.pt\/?p=98069"},"modified":"2024-10-21T11:45:59","modified_gmt":"2024-10-21T10:45:59","slug":"workshop-electric-tour-evora-22-de-outubro","status":"publish","type":"post","link":"https:\/\/motorpor.pt\/fr\/workshop-electric-tour-evora-22-de-outubro\/","title":{"rendered":"Workshop Electric Tour \u00c9vora | 22 de outubro"},"content":{"rendered":"<h6><strong>Numa parceria entre a Peugeot e a World Shopper, a Equipa do &#8220;Viver El\u00e9trico&#8221; vai visitar o concession\u00e1rio Motorpor em \u00c9vora no dia 22 de outubro.<\/strong><\/h6>\n<h6><strong>Temos todo o gosto em convid\u00e1-lo para um Workshop pr\u00e1tico com o objetivo de esclarecer algumas d\u00favidas sobre a Mobilidade El\u00e9trica. <\/strong><strong>Ser\u00e1 que afinal, demora assim tanto viajar em 100% el\u00e9trico?<\/strong><\/h6>\n<ul>\n<li><strong>Data: 22 de outubro<\/strong><\/li>\n<li><strong>Hora: 17h-19h<\/strong><\/li>\n<li><strong>Localiza\u00e7\u00e3o: Instala\u00e7\u00f5es Motorpor Peugeot \u00c9vora<\/strong><\/li>\n<\/ul>\n<h6><strong>Planeamento de WorkShop:<\/strong><\/h6>\n<ul>\n<li><strong>e-Talk: Sess\u00e3o interativa sobre mobilidade el\u00e9trica, conduzida pela equipa do Viver El\u00e9trico.<\/strong><\/li>\n<li><strong>Test-Drives na gama 100% el\u00e9trica PEUGEOT<\/strong><\/li>\n<\/ul>\n<h6><strong>Est\u00e1 pronto para a mudan\u00e7a? Esperamos por si!<\/strong><\/h6>","protected":false},"excerpt":{"rendered":"<p>Numa parceria entre a Peugeot e a World Shopper, a Equipa do &#8220;Viver El\u00e9trico&#8221; vai visitar o concession\u00e1rio Motorpor em \u00c9vora no dia 22 de outubro. Temos todo o gosto em convid\u00e1-lo para um Workshop pr\u00e1tico com o objetivo de esclarecer algumas d\u00favidas sobre a Mobilidade El\u00e9trica. Ser\u00e1 que afinal, demora assim tanto viajar em [&hellip;]<\/p>\n","protected":false},"author":85,"featured_media":98165,"comment_status":"closed","ping_status":"open","sticky":false,"template":"","format":"standard","meta":{"_acf_changed":false,"footnotes":""},"categories":[2595,2592,3094],"tags":[],"class_list":["post-98069","post","type-post","status-publish","format-standard","has-post-thumbnail","hentry","category-atualidade","category-noticias","category-noticias-peugeot"],"acf":[],"yoast_head":"<!-- This site is optimized with the Yoast SEO plugin v27.5 - https:\/\/yoast.com\/product\/yoast-seo-wordpress\/ -->\n<title>Workshop Electric Tour \u00c9vora | 22 de outubro - Motorpor<\/title>\n<meta name=\"robots\" content=\"index, follow, max-snippet:-1, max-image-preview:large, max-video-preview:-1\" \/>\n<link rel=\"canonical\" href=\"https:\/\/motorpor.pt\/fr\/workshop-electric-tour-evora-22-de-outubro\/\" \/>\n<meta property=\"og:locale\" content=\"fr_FR\" \/>\n<meta property=\"og:type\" content=\"article\" \/>\n<meta property=\"og:title\" content=\"Workshop Electric Tour \u00c9vora | 22 de outubro - Motorpor\" \/>\n<meta property=\"og:description\" content=\"Numa parceria entre a Peugeot e a World Shopper, a Equipa do &#8220;Viver El\u00e9trico&#8221; vai visitar o concession\u00e1rio Motorpor em \u00c9vora no dia 22 de outubro. Temos todo o gosto em convid\u00e1-lo para um Workshop pr\u00e1tico com o objetivo de esclarecer algumas d\u00favidas sobre a Mobilidade El\u00e9trica. Ser\u00e1 que afinal, demora assim tanto viajar em [&hellip;]\" \/>\n<meta property=\"og:url\" content=\"https:\/\/motorpor.pt\/fr\/workshop-electric-tour-evora-22-de-outubro\/\" \/>\n<meta property=\"og:site_name\" content=\"Motorpor\" \/>\n<meta property=\"article:published_time\" content=\"2024-10-21T10:34:57+00:00\" \/>\n<meta property=\"article:modified_time\" content=\"2024-10-21T10:45:59+00:00\" \/>\n<meta property=\"og:image\" content=\"https:\/\/motorpor.pt\/wp-content\/uploads\/2024\/10\/Banner_WorkShop-Eletric-Tour_Prancheta-1_Prancheta-1-scaled-1.jpg\" \/>\n\t<meta property=\"og:image:width\" content=\"2560\" \/>\n\t<meta property=\"og:image:height\" content=\"1415\" \/>\n\t<meta property=\"og:image:type\" content=\"image\/jpeg\" \/>\n<meta name=\"author\" content=\"mktmotorpor\" \/>\n<meta name=\"twitter:card\" content=\"summary_large_image\" \/>\n<meta name=\"twitter:label1\" content=\"\u00c9crit par\" \/>\n\t<meta name=\"twitter:data1\" content=\"mktmotorpor\" \/>\n\t<meta name=\"twitter:label2\" content=\"Dur\u00e9e de lecture estim\u00e9e\" \/>\n\t<meta name=\"twitter:data2\" content=\"1 minute\" \/>\n<script type=\"application\/ld+json\" class=\"yoast-schema-graph\">{\"@context\":\"https:\\\/\\\/schema.org\",\"@graph\":[{\"@type\":\"Article\",\"@id\":\"https:\\\/\\\/motorpor.pt\\\/workshop-electric-tour-evora-22-de-outubro\\\/#article\",\"isPartOf\":{\"@id\":\"https:\\\/\\\/motorpor.pt\\\/workshop-electric-tour-evora-22-de-outubro\\\/\"},\"author\":{\"name\":\"mktmotorpor\",\"@id\":\"https:\\\/\\\/motorpor.pt\\\/#\\\/schema\\\/person\\\/b4bf07144e88efed7388a5af30522db7\"},\"headline\":\"Workshop Electric Tour \u00c9vora | 22 de outubro\",\"datePublished\":\"2024-10-21T10:34:57+00:00\",\"dateModified\":\"2024-10-21T10:45:59+00:00\",\"mainEntityOfPage\":{\"@id\":\"https:\\\/\\\/motorpor.pt\\\/workshop-electric-tour-evora-22-de-outubro\\\/\"},\"wordCount\":114,\"publisher\":{\"@id\":\"https:\\\/\\\/motorpor.pt\\\/#organization\"},\"image\":{\"@id\":\"https:\\\/\\\/motorpor.pt\\\/workshop-electric-tour-evora-22-de-outubro\\\/#primaryimage\"},\"thumbnailUrl\":\"https:\\\/\\\/motorpor.pt\\\/wp-content\\\/uploads\\\/2024\\\/10\\\/Banner_WorkShop-Eletric-Tour_Prancheta-1_Prancheta-1-scaled-1.jpg\",\"articleSection\":[\"Atualidade\",\"Not\u00edcias\",\"Not\u00edcias Peugeot\"],\"inLanguage\":\"fr-FR\"},{\"@type\":\"WebPage\",\"@id\":\"https:\\\/\\\/motorpor.pt\\\/workshop-electric-tour-evora-22-de-outubro\\\/\",\"url\":\"https:\\\/\\\/motorpor.pt\\\/workshop-electric-tour-evora-22-de-outubro\\\/\",\"name\":\"Workshop Electric Tour \u00c9vora | 22 de outubro - Motorpor\",\"isPartOf\":{\"@id\":\"https:\\\/\\\/motorpor.pt\\\/#website\"},\"primaryImageOfPage\":{\"@id\":\"https:\\\/\\\/motorpor.pt\\\/workshop-electric-tour-evora-22-de-outubro\\\/#primaryimage\"},\"image\":{\"@id\":\"https:\\\/\\\/motorpor.pt\\\/workshop-electric-tour-evora-22-de-outubro\\\/#primaryimage\"},\"thumbnailUrl\":\"https:\\\/\\\/motorpor.pt\\\/wp-content\\\/uploads\\\/2024\\\/10\\\/Banner_WorkShop-Eletric-Tour_Prancheta-1_Prancheta-1-scaled-1.jpg\",\"datePublished\":\"2024-10-21T10:34:57+00:00\",\"dateModified\":\"2024-10-21T10:45:59+00:00\",\"breadcrumb\":{\"@id\":\"https:\\\/\\\/motorpor.pt\\\/workshop-electric-tour-evora-22-de-outubro\\\/#breadcrumb\"},\"inLanguage\":\"fr-FR\",\"potentialAction\":[{\"@type\":\"ReadAction\",\"target\":[\"https:\\\/\\\/motorpor.pt\\\/workshop-electric-tour-evora-22-de-outubro\\\/\"]}]},{\"@type\":\"ImageObject\",\"inLanguage\":\"fr-FR\",\"@id\":\"https:\\\/\\\/motorpor.pt\\\/workshop-electric-tour-evora-22-de-outubro\\\/#primaryimage\",\"url\":\"https:\\\/\\\/motorpor.pt\\\/wp-content\\\/uploads\\\/2024\\\/10\\\/Banner_WorkShop-Eletric-Tour_Prancheta-1_Prancheta-1-scaled-1.jpg\",\"contentUrl\":\"https:\\\/\\\/motorpor.pt\\\/wp-content\\\/uploads\\\/2024\\\/10\\\/Banner_WorkShop-Eletric-Tour_Prancheta-1_Prancheta-1-scaled-1.jpg\",\"width\":2560,\"height\":1415},{\"@type\":\"BreadcrumbList\",\"@id\":\"https:\\\/\\\/motorpor.pt\\\/workshop-electric-tour-evora-22-de-outubro\\\/#breadcrumb\",\"itemListElement\":[{\"@type\":\"ListItem\",\"position\":1,\"name\":\"In\u00edcio\",\"item\":\"https:\\\/\\\/motorpor.pt\\\/\"},{\"@type\":\"ListItem\",\"position\":2,\"name\":\"Workshop Electric Tour \u00c9vora | 22 de outubro\"}]},{\"@type\":\"WebSite\",\"@id\":\"https:\\\/\\\/motorpor.pt\\\/#website\",\"url\":\"https:\\\/\\\/motorpor.pt\\\/\",\"name\":\"Motorpor\",\"description\":\"Comercio de Autom\u00f3veis Multimarcas\",\"publisher\":{\"@id\":\"https:\\\/\\\/motorpor.pt\\\/#organization\"},\"potentialAction\":[{\"@type\":\"SearchAction\",\"target\":{\"@type\":\"EntryPoint\",\"urlTemplate\":\"https:\\\/\\\/motorpor.pt\\\/?s={search_term_string}\"},\"query-input\":{\"@type\":\"PropertyValueSpecification\",\"valueRequired\":true,\"valueName\":\"search_term_string\"}}],\"inLanguage\":\"fr-FR\"},{\"@type\":\"Organization\",\"@id\":\"https:\\\/\\\/motorpor.pt\\\/#organization\",\"name\":\"Motorpor\",\"alternateName\":\"Motorpor\",\"url\":\"https:\\\/\\\/motorpor.pt\\\/\",\"logo\":{\"@type\":\"ImageObject\",\"inLanguage\":\"fr-FR\",\"@id\":\"https:\\\/\\\/motorpor.pt\\\/#\\\/schema\\\/logo\\\/image\\\/\",\"url\":\"https:\\\/\\\/motorpor.pt\\\/wp-content\\\/uploads\\\/2024\\\/07\\\/Logo-Motorpor-Preto.svg\",\"contentUrl\":\"https:\\\/\\\/motorpor.pt\\\/wp-content\\\/uploads\\\/2024\\\/07\\\/Logo-Motorpor-Preto.svg\",\"width\":493,\"height\":93,\"caption\":\"Motorpor\"},\"image\":{\"@id\":\"https:\\\/\\\/motorpor.pt\\\/#\\\/schema\\\/logo\\\/image\\\/\"},\"sameAs\":[\"https:\\\/\\\/www.linkedin.com\\\/company\\\/grupo-motorpor\"]},{\"@type\":\"Person\",\"@id\":\"https:\\\/\\\/motorpor.pt\\\/#\\\/schema\\\/person\\\/b4bf07144e88efed7388a5af30522db7\",\"name\":\"mktmotorpor\",\"image\":{\"@type\":\"ImageObject\",\"inLanguage\":\"fr-FR\",\"@id\":\"https:\\\/\\\/secure.gravatar.com\\\/avatar\\\/8418b61b3175dbba0a8744cf0ee6bb5c7a9f6c67f1dbc4f41a62d7b9738259a2?s=96&d=mm&r=g\",\"url\":\"https:\\\/\\\/secure.gravatar.com\\\/avatar\\\/8418b61b3175dbba0a8744cf0ee6bb5c7a9f6c67f1dbc4f41a62d7b9738259a2?s=96&d=mm&r=g\",\"contentUrl\":\"https:\\\/\\\/secure.gravatar.com\\\/avatar\\\/8418b61b3175dbba0a8744cf0ee6bb5c7a9f6c67f1dbc4f41a62d7b9738259a2?s=96&d=mm&r=g\",\"caption\":\"mktmotorpor\"},\"url\":\"https:\\\/\\\/motorpor.pt\\\/fr\\\/user\\\/mktmotorpor\\\/\"}]}<\/script>\n<!-- \/ Yoast SEO plugin. -->","yoast_head_json":{"title":"Workshop Electric Tour \u00c9vora | 22 de outubro - Motorpor","robots":{"index":"index","follow":"follow","max-snippet":"max-snippet:-1","max-image-preview":"max-image-preview:large","max-video-preview":"max-video-preview:-1"},"canonical":"https:\/\/motorpor.pt\/fr\/workshop-electric-tour-evora-22-de-outubro\/","og_locale":"fr_FR","og_type":"article","og_title":"Workshop Electric Tour \u00c9vora | 22 de outubro - Motorpor","og_description":"Numa parceria entre a Peugeot e a World Shopper, a Equipa do &#8220;Viver El\u00e9trico&#8221; vai visitar o concession\u00e1rio Motorpor em \u00c9vora no dia 22 de outubro. Temos todo o gosto em convid\u00e1-lo para um Workshop pr\u00e1tico com o objetivo de esclarecer algumas d\u00favidas sobre a Mobilidade El\u00e9trica. Ser\u00e1 que afinal, demora assim tanto viajar em [&hellip;]","og_url":"https:\/\/motorpor.pt\/fr\/workshop-electric-tour-evora-22-de-outubro\/","og_site_name":"Motorpor","article_published_time":"2024-10-21T10:34:57+00:00","article_modified_time":"2024-10-21T10:45:59+00:00","og_image":[{"width":2560,"height":1415,"url":"https:\/\/motorpor.pt\/wp-content\/uploads\/2024\/10\/Banner_WorkShop-Eletric-Tour_Prancheta-1_Prancheta-1-scaled-1.jpg","type":"image\/jpeg"}],"author":"mktmotorpor","twitter_card":"summary_large_image","twitter_misc":{"\u00c9crit par":"mktmotorpor","Dur\u00e9e de lecture estim\u00e9e":"1 minute"},"schema":{"@context":"https:\/\/schema.org","@graph":[{"@type":"Article","@id":"https:\/\/motorpor.pt\/workshop-electric-tour-evora-22-de-outubro\/#article","isPartOf":{"@id":"https:\/\/motorpor.pt\/workshop-electric-tour-evora-22-de-outubro\/"},"author":{"name":"mktmotorpor","@id":"https:\/\/motorpor.pt\/#\/schema\/person\/b4bf07144e88efed7388a5af30522db7"},"headline":"Workshop Electric Tour \u00c9vora | 22 de outubro","datePublished":"2024-10-21T10:34:57+00:00","dateModified":"2024-10-21T10:45:59+00:00","mainEntityOfPage":{"@id":"https:\/\/motorpor.pt\/workshop-electric-tour-evora-22-de-outubro\/"},"wordCount":114,"publisher":{"@id":"https:\/\/motorpor.pt\/#organization"},"image":{"@id":"https:\/\/motorpor.pt\/workshop-electric-tour-evora-22-de-outubro\/#primaryimage"},"thumbnailUrl":"https:\/\/motorpor.pt\/wp-content\/uploads\/2024\/10\/Banner_WorkShop-Eletric-Tour_Prancheta-1_Prancheta-1-scaled-1.jpg","articleSection":["Atualidade","Not\u00edcias","Not\u00edcias Peugeot"],"inLanguage":"fr-FR"},{"@type":"WebPage","@id":"https:\/\/motorpor.pt\/workshop-electric-tour-evora-22-de-outubro\/","url":"https:\/\/motorpor.pt\/workshop-electric-tour-evora-22-de-outubro\/","name":"Workshop Electric Tour \u00c9vora | 22 de outubro - Motorpor","isPartOf":{"@id":"https:\/\/motorpor.pt\/#website"},"primaryImageOfPage":{"@id":"https:\/\/motorpor.pt\/workshop-electric-tour-evora-22-de-outubro\/#primaryimage"},"image":{"@id":"https:\/\/motorpor.pt\/workshop-electric-tour-evora-22-de-outubro\/#primaryimage"},"thumbnailUrl":"https:\/\/motorpor.pt\/wp-content\/uploads\/2024\/10\/Banner_WorkShop-Eletric-Tour_Prancheta-1_Prancheta-1-scaled-1.jpg","datePublished":"2024-10-21T10:34:57+00:00","dateModified":"2024-10-21T10:45:59+00:00","breadcrumb":{"@id":"https:\/\/motorpor.pt\/workshop-electric-tour-evora-22-de-outubro\/#breadcrumb"},"inLanguage":"fr-FR","potentialAction":[{"@type":"ReadAction","target":["https:\/\/motorpor.pt\/workshop-electric-tour-evora-22-de-outubro\/"]}]},{"@type":"ImageObject","inLanguage":"fr-FR","@id":"https:\/\/motorpor.pt\/workshop-electric-tour-evora-22-de-outubro\/#primaryimage","url":"https:\/\/motorpor.pt\/wp-content\/uploads\/2024\/10\/Banner_WorkShop-Eletric-Tour_Prancheta-1_Prancheta-1-scaled-1.jpg","contentUrl":"https:\/\/motorpor.pt\/wp-content\/uploads\/2024\/10\/Banner_WorkShop-Eletric-Tour_Prancheta-1_Prancheta-1-scaled-1.jpg","width":2560,"height":1415},{"@type":"BreadcrumbList","@id":"https:\/\/motorpor.pt\/workshop-electric-tour-evora-22-de-outubro\/#breadcrumb","itemListElement":[{"@type":"ListItem","position":1,"name":"In\u00edcio","item":"https:\/\/motorpor.pt\/"},{"@type":"ListItem","position":2,"name":"Workshop Electric Tour \u00c9vora | 22 de outubro"}]},{"@type":"WebSite","@id":"https:\/\/motorpor.pt\/#website","url":"https:\/\/motorpor.pt\/","name":"motorpor","description":"Comercio de Autom\u00f3veis Multimarcas","publisher":{"@id":"https:\/\/motorpor.pt\/#organization"},"potentialAction":[{"@type":"SearchAction","target":{"@type":"EntryPoint","urlTemplate":"https:\/\/motorpor.pt\/?s={search_term_string}"},"query-input":{"@type":"PropertyValueSpecification","valueRequired":true,"valueName":"search_term_string"}}],"inLanguage":"fr-FR"},{"@type":"Organization","@id":"https:\/\/motorpor.pt\/#organization","name":"motorpor","alternateName":"Motorpor","url":"https:\/\/motorpor.pt\/","logo":{"@type":"ImageObject","inLanguage":"fr-FR","@id":"https:\/\/motorpor.pt\/#\/schema\/logo\/image\/","url":"https:\/\/motorpor.pt\/wp-content\/uploads\/2024\/07\/Logo-Motorpor-Preto.svg","contentUrl":"https:\/\/motorpor.pt\/wp-content\/uploads\/2024\/07\/Logo-Motorpor-Preto.svg","width":493,"height":93,"caption":"Motorpor"},"image":{"@id":"https:\/\/motorpor.pt\/#\/schema\/logo\/image\/"},"sameAs":["https:\/\/www.linkedin.com\/company\/grupo-motorpor"]},{"@type":"Person","@id":"https:\/\/motorpor.pt\/#\/schema\/person\/b4bf07144e88efed7388a5af30522db7","name":"mktmotorpor","image":{"@type":"ImageObject","inLanguage":"fr-FR","@id":"https:\/\/secure.gravatar.com\/avatar\/8418b61b3175dbba0a8744cf0ee6bb5c7a9f6c67f1dbc4f41a62d7b9738259a2?s=96&d=mm&r=g","url":"https:\/\/secure.gravatar.com\/avatar\/8418b61b3175dbba0a8744cf0ee6bb5c7a9f6c67f1dbc4f41a62d7b9738259a2?s=96&d=mm&r=g","contentUrl":"https:\/\/secure.gravatar.com\/avatar\/8418b61b3175dbba0a8744cf0ee6bb5c7a9f6c67f1dbc4f41a62d7b9738259a2?s=96&d=mm&r=g","caption":"mktmotorpor"},"url":"https:\/\/motorpor.pt\/fr\/user\/mktmotorpor\/"}]}},"_links":{"self":[{"href":"https:\/\/motorpor.pt\/fr\/wp-json\/wp\/v2\/posts\/98069","targetHints":{"allow":["GET"]}}],"collection":[{"href":"https:\/\/motorpor.pt\/fr\/wp-json\/wp\/v2\/posts"}],"about":[{"href":"https:\/\/motorpor.pt\/fr\/wp-json\/wp\/v2\/types\/post"}],"author":[{"embeddable":true,"href":"https:\/\/motorpor.pt\/fr\/wp-json\/wp\/v2\/users\/85"}],"replies":[{"embeddable":true,"href":"https:\/\/motorpor.pt\/fr\/wp-json\/wp\/v2\/comments?post=98069"}],"version-history":[{"count":13,"href":"https:\/\/motorpor.pt\/fr\/wp-json\/wp\/v2\/posts\/98069\/revisions"}],"predecessor-version":[{"id":98178,"href":"https:\/\/motorpor.pt\/fr\/wp-json\/wp\/v2\/posts\/98069\/revisions\/98178"}],"wp:featuredmedia":[{"embeddable":true,"href":"https:\/\/motorpor.pt\/fr\/wp-json\/wp\/v2\/media\/98165"}],"wp:attachment":[{"href":"https:\/\/motorpor.pt\/fr\/wp-json\/wp\/v2\/media?parent=98069"}],"wp:term":[{"taxonomy":"category","embeddable":true,"href":"https:\/\/motorpor.pt\/fr\/wp-json\/wp\/v2\/categories?post=98069"},{"taxonomy":"post_tag","embeddable":true,"href":"https:\/\/motorpor.pt\/fr\/wp-json\/wp\/v2\/tags?post=98069"}],"curies":[{"name":"wp","href":"https:\/\/api.w.org\/{rel}","templated":true}]}}